{"id":55394,"date":"2012-01-01T13:30:17","date_gmt":"2012-01-01T12:30:17","guid":{"rendered":"http:\/\/www.visit-ulcinj.com\/blog\/?p=55394"},"modified":"2012-01-01T14:32:47","modified_gmt":"2012-01-01T13:32:47","slug":"yjet-in-out-te-estrades","status":"publish","type":"post","link":"https:\/\/www.visit-ulcinj.com\/blog\/2012\/01\/01\/yjet-in-out-te-estrades\/","title":{"rendered":"Yjet IN &#038; OUT t\u00eb estrad\u00ebs"},"content":{"rendered":"<p><a href=\"http:\/\/www.visit-ulcinj.com\/blog\/wp-content\/uploads\/2012\/01\/dafina-zeqiri.jpg\"><img loading=\"lazy\" class=\"alignleft  wp-image-55395\" title=\"dafina zeqiri\" src=\"http:\/\/www.visit-ulcinj.com\/blog\/wp-content\/uploads\/2012\/01\/dafina-zeqiri.jpg\" alt=\"\" width=\"340\" height=\"460\" \/><\/a>P\u00ebr fat t\u00eb mir\u00eb m\u00eb shum\u00eb num\u00ebrojm\u00eb ngritje se sa r\u00ebnie t\u00eb k\u00ebng\u00ebtar\u00ebve tan\u00eb t\u00eb njohur t\u00eb estrad\u00ebs. Jan\u00eb disa nga k\u00ebng\u00ebtar\u00ebt e rinj\u00eb q\u00eb arrit\u00ebn mjaft\u00eb shum\u00eb sukses me projektet e tyre muzikore dhe nj\u00ebra nd\u00ebr to \u00ebsht\u00eb Dafina Zeqiri e cila gjat\u00eb k\u00ebtij viti solli n\u00eb treg disa k\u00ebng\u00eb dhe videoklipe t\u00eb cilat u b\u00ebn\u00eb hite.<\/p>\n<p>E sukseshme n\u00eb k\u00ebt\u00eb vit ishte edhe k\u00ebng\u00ebtarja nga Maqedonia Adelina Tahiri e cila p\u00ebrve\u00e7 projekteve t\u00eb reja q\u00eb solli tek adhuruesit e saj, p\u00ebr her\u00eb t\u00eb par\u00eb performoi n\u00eb festivalin \u201cK\u00ebnga Magjike\u201d, ku arriti t\u00eb shp\u00ebrblehet me \u00e7mimin \u201cMagjia e par\u00eb\u201d. Nj\u00eb ngritje mjaft\u00eb t\u00eb madhe n\u00eb vitin 2011 pati edhe reperi i njohur Mc Kresha, i cili me shum\u00eb bashk\u00ebpunime realizoi shum\u00eb hite t\u00eb cilat ende vazhdojn\u00eb t\u00eb p\u00eblqehen n\u00eb publik.<\/p>\n<p>Konsiderohet se Mc Kresha \u00ebsht\u00eb nj\u00ebri nd\u00ebr k\u00ebng\u00ebtar\u00ebt e rrall\u00eb t\u00eb estrad\u00ebs son\u00eb q\u00eb vitin 2011 e kaloi me bashk\u00ebpunime t\u00eb nj\u00ebpasnj\u00ebshme q\u00eb pati me k\u00ebng\u00ebtar\u00ebt tan\u00eb. Dhe ajo q\u00eb \u00ebsht\u00eb e r\u00ebnd\u00ebsishme p\u00ebr k\u00ebt\u00eb k\u00ebng\u00ebtar\u00eb, \u00ebsht\u00eb fakti se \u00e7do duet i tij b\u00ebri buj\u00eb n\u00eb tregun muzikor.<\/p>\n<p>E suksesshme gjat\u00eb k\u00ebtij viti u tregua edhe k\u00ebng\u00ebtarja e re Dafina Rexhepi e cila si duket ka fat n\u00eb bashk\u00ebpunime. Ajo realizoi disa duete me Genc Prelvukajn, grupin Kaos etj, t\u00eb cilat k\u00ebng\u00eb e ngrit\u00ebn personalitetin e saj. Edhe k\u00ebng\u00ebtarja e re dhe t\u00ebrheq\u00ebse Adelina Berisha, ishte n\u00eb top-form\u00eb gjat\u00eb k\u00ebtij viti, ku ajo nuk pushoi s\u00eb lansuari k\u00ebng\u00eb t\u00eb cilat soll\u00ebn mjaft\u00eb sukses n\u00eb publik.<\/p>\n<p>Ndon\u00ebse edhe performanca e saj seksi n\u00eb secilin videoklip asaj i solli mjaft\u00eb shum\u00eb adhurues, sidomos t\u00eb gjinis\u00eb mashkullore. Djaloshi q\u00eb theu rekordet n\u00eb klikimet e tij n\u00eb internet duke grumbullar me mij\u00ebra fansa \u00ebsht\u00eb reperi nga Shqip\u00ebria Noizy, i cili 2011-t\u00ebn po e sh\u00ebnon me mjaft\u00eb suksese.<\/p>\n<p>\u00c7do k\u00ebng\u00eb q\u00eb solli n\u00eb treg u p\u00eblqye nga publiku dhe vazhdojn\u00eb t\u00eb jen\u00eb ende hite. Sken\u00ebs muzikore i\u2019u shtua edhe nj\u00eb tjet\u00ebr k\u00ebng\u00ebtare e re dhe mjaft\u00eb e talentuar, e cila p\u00ebrve\u00e7 z\u00ebrit ka edhe nj\u00eb stil josh\u00ebs dhe ajo \u00ebsht\u00eb Irva Stefa e cila nuk preferon q\u00eb karrier\u00ebn e saj muzikore ta nd\u00ebrtoj n\u00eb krah\u00eb t\u00eb motr\u00ebs s\u00eb saj Rovena Stefa.<\/p>\n<p>Ajo tani s\u00eb shpejti do t\u00eb lansoj albumin e par\u00eb t\u00eb saj n\u00eb t\u00eb cilin \u00ebsht\u00eb duke punuar me mjaft\u00eb p\u00ebrkushtim. K\u00ebrsh\u00ebri tek shikuesit ka zgjuar edhe k\u00ebng\u00ebtarja e re Arxhentina Ramosaj e cila karrier\u00ebn e saj e nisi me shum\u00eb mbar\u00ebsi. N\u00eb fakt jan\u00eb edhe kusherirat e saj Beatrix Ramosaj dhe Anxhelina Had\u00ebrgjonaj t\u00eb cilat pretendojn\u00eb t\u00eb nd\u00ebrtojn\u00eb nj\u00eb karrier\u00eb t\u00eb madhe muzikore. Lista e ngritjeve n\u00eb sken\u00eb e k\u00ebng\u00ebtar\u00ebve tan\u00eb \u00ebsht\u00eb mjaft\u00eb e gjer\u00eb, mbase ne ua soll\u00ebm vet\u00ebm disa prej tyre.<\/p>\n<p>&nbsp;<\/p>\n<p><strong>Yjet q\u00eb ishin \u2018out\u2019<\/strong><\/p>\n<p>&nbsp;<\/p>\n<p>Por ky vit p\u00ebr disa k\u00ebng\u00ebtar\u00eb ishte i d\u00ebshtuar. Dikur ishin yje dhe punonin pa ndal\u00eb, nd\u00ebrsa tani si duket po ia b\u00ebjn\u00eb vetes pushim. Mbase disa edhe mund t\u00eb jen\u00eb lodhur nga puna e b\u00ebr\u00eb vite me radh\u00eb. K\u00ebng\u00ebtarja q\u00eb vazhdon t\u2019i mungoj\u00eb sken\u00ebs muzikore p\u00ebr disa vjet me radh\u00eb \u00ebsht\u00eb Aida Baraku, e cila si duket tani po u kushton m\u00eb shum\u00eb r\u00ebnd\u00ebsi t\u00eb tjer\u00ebve.<\/p>\n<p>Ajo vazhdon t\u00eb jet\u00eb tekstshkruesja m\u00eb e k\u00ebrkuar e tregut muzikor, ku nj\u00eb pjes\u00eb e madhe e k\u00ebng\u00ebtar\u00ebve tan\u00eb k\u00ebng\u00ebt e tyre i kan\u00eb nga Aida. Po ashtu edhe bashk\u00ebshorti i saj Armend Rexhepagiqi \u00ebsht\u00eb n\u00eb situat\u00eb t\u00eb nj\u00ebjt\u00eb sikurse Aida, pasi edhe ai m\u00eb shum\u00eb \u00ebsht\u00eb duke punuar si producent se sa t\u00eb paraqitet si k\u00ebng\u00ebtar\u00eb.<\/p>\n<p>R\u00ebnie thuajse n\u00eb \u00e7do vit po b\u00ebn\u00eb edhe grupi i njohur \u2018Hana Band\u2019 q\u00eb si duket nuk po u shkon\u00eb mbar\u00eb me vokalist\u00ebt. Suksesin m\u00eb t\u00eb madh ata e kan\u00eb pasur vet\u00ebm me vokalisten Kaltrina Selimi me t\u00eb cil\u00ebn realizuan disa hite. Por me largimin e saj bendi, vet\u00ebm sa mori teposht\u00ebzen dhe nuk pati fat me asnj\u00eb vokalist.<\/p>\n<p>Nuk u pa gjat\u00eb k\u00ebtij viti edhe k\u00ebng\u00ebtarja Violet\u00eb Kukaj Retkoceri, e cila ka deklaruar se angazhimet rreth familjes dhe puna n\u00eb Ansamblin\u00eb e Valleve dhe K\u00ebng\u00ebve \u201cShota\u201d kan\u00eb ndikuar q\u00eb ajo t\u00eb mos lansoj\u00eb ndonj\u00eb projekt t\u00eb ri muzikor. Ndon\u00ebse ajo shpalos p\u00ebr \u201cZ\u00ebri\u201d-n se n\u00eb vitin 2012 do t\u00eb realizoj nj\u00eb album q\u00eb do t\u00eb sh\u00ebnoj edhe kthimin e saj n\u00eb sken\u00eb.<\/p>\n<p>Edhe k\u00ebng\u00ebtarja Mirsa K\u00ebr\u00e7eli gjat\u00eb nj\u00eb viti nuk arriti t\u00eb lansoj ndonj\u00eb projekt t\u00eb ri muzikor. Si shkak i mos prezenc\u00ebs n\u00eb sken\u00eb thuhet t\u00eb jet\u00eb angazhimi rreth fejes\u00ebs dhe kryerja e disa pun\u00ebve private q\u00eb nuk kan\u00eb t\u00eb b\u00ebjn\u00eb me k\u00ebng\u00ebn. Mir\u00ebpo ajo tani ka nisur p\u00ebrgatitjet p\u00ebr projektet e reja dhe n\u00eb fillim t\u00eb vitit 2012 adhuruesit do t\u00eb ken\u00eb rastin t\u2019i shijojn\u00eb k\u00ebng\u00ebt e saj.<\/p>\n<p><strong>Z\u00ebri<br \/>\n<!--YouTube Error: bad URL entered--><br \/>\n<\/strong><\/p>\n","protected":false},"excerpt":{"rendered":"<p>P\u00ebr fat t\u00eb mir\u00eb m\u00eb shum\u00eb num\u00ebrojm\u00eb ngritje se sa r\u00ebnie t\u00eb k\u00ebng\u00ebtar\u00ebve tan\u00eb t\u00eb njohur t\u00eb estrad\u00ebs. Jan\u00eb disa nga k\u00ebng\u00ebtar\u00ebt e rinj\u00eb q\u00eb arrit\u00ebn mjaft\u00eb shum\u00eb sukses me projektet e tyre muzikore dhe nj\u00ebra nd\u00ebr to \u00ebsht\u00eb Dafina Zeqiri e cila gjat\u00eb k\u00ebtij viti solli n\u00eb treg disa k\u00ebng\u00eb dhe videoklipe t\u00eb cilat [&hellip;]<\/p>\n","protected":false},"author":1,"featured_media":0,"comment_status":"open","ping_status":"closed","sticky":false,"template":"","format":"standard","meta":{"spay_email":"","jetpack_publicize_message":"","jetpack_is_tweetstorm":false,"jetpack_publicize_feature_enabled":true},"categories":[1],"tags":[4926],"jetpack_publicize_connections":[],"yoast_head":"<!-- This site is optimized with the Yoast SEO plugin v19.1 - https:\/\/yoast.com\/wordpress\/plugins\/seo\/ -->\n<title>Yjet IN &amp; OUT t\u00eb estrad\u00ebs - Lajme nga Ulqini<\/title>\n<meta name=\"description\" content=\"P\u00ebr fat t\u00eb mir\u00eb m\u00eb shum\u00eb num\u00ebrojm\u00eb ngritje se sa r\u00ebnie t\u00eb k\u00ebng\u00ebtar\u00ebve tan\u00eb t\u00eb njohur t\u00eb estrad\u00ebs. Jan\u00eb disa nga k\u00ebng\u00ebtar\u00ebt e rinj\u00eb q\u00eb arrit\u00ebn mjaft\u00eb shum\u00eb\" \/>\n<meta name=\"robots\" content=\"index, follow, max-snippet:-1, max-image-preview:large, max-video-preview:-1\" \/>\n<link rel=\"canonical\" href=\"https:\/\/www.visit-ulcinj.com\/blog\/2012\/01\/01\/yjet-in-out-te-estrades\/\" \/>\n<meta property=\"og:locale\" content=\"en_US\" \/>\n<meta property=\"og:type\" content=\"article\" \/>\n<meta property=\"og:title\" content=\"Yjet IN &amp; OUT t\u00eb estrad\u00ebs - Lajme nga Ulqini\" \/>\n<meta property=\"og:description\" content=\"P\u00ebr fat t\u00eb mir\u00eb m\u00eb shum\u00eb num\u00ebrojm\u00eb ngritje se sa r\u00ebnie t\u00eb k\u00ebng\u00ebtar\u00ebve tan\u00eb t\u00eb njohur t\u00eb estrad\u00ebs. Jan\u00eb disa nga k\u00ebng\u00ebtar\u00ebt e rinj\u00eb q\u00eb arrit\u00ebn mjaft\u00eb shum\u00eb\" \/>\n<meta property=\"og:url\" content=\"https:\/\/www.visit-ulcinj.com\/blog\/2012\/01\/01\/yjet-in-out-te-estrades\/\" \/>\n<meta property=\"og:site_name\" content=\"Lajme nga Ulqini\" \/>\n<meta property=\"article:published_time\" content=\"2012-01-01T12:30:17+00:00\" \/>\n<meta property=\"article:modified_time\" content=\"2012-01-01T13:32:47+00:00\" \/>\n<meta property=\"og:image\" content=\"http:\/\/www.visit-ulcinj.com\/blog\/wp-content\/uploads\/2012\/01\/dafina-zeqiri.jpg\" \/>\n<meta name=\"twitter:label1\" content=\"Written by\" \/>\n\t<meta name=\"twitter:data1\" content=\"ulqini\" \/>\n\t<meta name=\"twitter:label2\" content=\"Est. reading time\" \/>\n\t<meta name=\"twitter:data2\" content=\"5 minutes\" \/>\n<script type=\"application\/ld+json\" class=\"yoast-schema-graph\">{\"@context\":\"https:\/\/schema.org\",\"@graph\":[{\"@type\":\"WebSite\",\"@id\":\"https:\/\/www.visit-ulcinj.com\/blog\/#website\",\"url\":\"https:\/\/www.visit-ulcinj.com\/blog\/\",\"name\":\"Lajme nga Ulqini\",\"description\":\"Lajme,Vijesti,Ulqini,Ulqin,Crna Gora,Mali i Zi\",\"potentialAction\":[{\"@type\":\"SearchAction\",\"target\":{\"@type\":\"EntryPoint\",\"urlTemplate\":\"https:\/\/www.visit-ulcinj.com\/blog\/?s={search_term_string}\"},\"query-input\":\"required name=search_term_string\"}],\"inLanguage\":\"en-US\"},{\"@type\":\"ImageObject\",\"inLanguage\":\"en-US\",\"@id\":\"https:\/\/www.visit-ulcinj.com\/blog\/2012\/01\/01\/yjet-in-out-te-estrades\/#primaryimage\",\"url\":\"https:\/\/www.visit-ulcinj.com\/blog\/wp-content\/uploads\/2012\/01\/Dafina-Zeqiri.jpg\",\"contentUrl\":\"https:\/\/www.visit-ulcinj.com\/blog\/wp-content\/uploads\/2012\/01\/Dafina-Zeqiri.jpg\",\"width\":\"480\",\"height\":\"720\"},{\"@type\":\"WebPage\",\"@id\":\"https:\/\/www.visit-ulcinj.com\/blog\/2012\/01\/01\/yjet-in-out-te-estrades\/#webpage\",\"url\":\"https:\/\/www.visit-ulcinj.com\/blog\/2012\/01\/01\/yjet-in-out-te-estrades\/\",\"name\":\"Yjet IN & OUT t\u00eb estrad\u00ebs - Lajme nga Ulqini\",\"isPartOf\":{\"@id\":\"https:\/\/www.visit-ulcinj.com\/blog\/#website\"},\"primaryImageOfPage\":{\"@id\":\"https:\/\/www.visit-ulcinj.com\/blog\/2012\/01\/01\/yjet-in-out-te-estrades\/#primaryimage\"},\"datePublished\":\"2012-01-01T12:30:17+00:00\",\"dateModified\":\"2012-01-01T13:32:47+00:00\",\"author\":{\"@id\":\"https:\/\/www.visit-ulcinj.com\/blog\/#\/schema\/person\/dcab619c614d3038751c63bc2aadc06d\"},\"description\":\"P\u00ebr fat t\u00eb mir\u00eb m\u00eb shum\u00eb num\u00ebrojm\u00eb ngritje se sa r\u00ebnie t\u00eb k\u00ebng\u00ebtar\u00ebve tan\u00eb t\u00eb njohur t\u00eb estrad\u00ebs. Jan\u00eb disa nga k\u00ebng\u00ebtar\u00ebt e rinj\u00eb q\u00eb arrit\u00ebn mjaft\u00eb shum\u00eb\",\"breadcrumb\":{\"@id\":\"https:\/\/www.visit-ulcinj.com\/blog\/2012\/01\/01\/yjet-in-out-te-estrades\/#breadcrumb\"},\"inLanguage\":\"en-US\",\"potentialAction\":[{\"@type\":\"ReadAction\",\"target\":[\"https:\/\/www.visit-ulcinj.com\/blog\/2012\/01\/01\/yjet-in-out-te-estrades\/\"]}]},{\"@type\":\"BreadcrumbList\",\"@id\":\"https:\/\/www.visit-ulcinj.com\/blog\/2012\/01\/01\/yjet-in-out-te-estrades\/#breadcrumb\",\"itemListElement\":[{\"@type\":\"ListItem\",\"position\":1,\"name\":\"Yjet IN &#038; OUT t\u00eb estrad\u00ebs\"}]},{\"@type\":\"Person\",\"@id\":\"https:\/\/www.visit-ulcinj.com\/blog\/#\/schema\/person\/dcab619c614d3038751c63bc2aadc06d\",\"name\":\"ulqini\",\"sameAs\":[\"http:\/\/www.visit-ulcinj.com\"],\"url\":\"https:\/\/www.visit-ulcinj.com\/blog\/author\/admin\/\"}]}<\/script>\n<!-- \/ Yoast SEO plugin. -->","yoast_head_json":{"title":"Yjet IN & OUT t\u00eb estrad\u00ebs - Lajme nga Ulqini","description":"P\u00ebr fat t\u00eb mir\u00eb m\u00eb shum\u00eb num\u00ebrojm\u00eb ngritje se sa r\u00ebnie t\u00eb k\u00ebng\u00ebtar\u00ebve tan\u00eb t\u00eb njohur t\u00eb estrad\u00ebs. Jan\u00eb disa nga k\u00ebng\u00ebtar\u00ebt e rinj\u00eb q\u00eb arrit\u00ebn mjaft\u00eb shum\u00eb","robots":{"index":"index","follow":"follow","max-snippet":"max-snippet:-1","max-image-preview":"max-image-preview:large","max-video-preview":"max-video-preview:-1"},"canonical":"https:\/\/www.visit-ulcinj.com\/blog\/2012\/01\/01\/yjet-in-out-te-estrades\/","og_locale":"en_US","og_type":"article","og_title":"Yjet IN & OUT t\u00eb estrad\u00ebs - Lajme nga Ulqini","og_description":"P\u00ebr fat t\u00eb mir\u00eb m\u00eb shum\u00eb num\u00ebrojm\u00eb ngritje se sa r\u00ebnie t\u00eb k\u00ebng\u00ebtar\u00ebve tan\u00eb t\u00eb njohur t\u00eb estrad\u00ebs. Jan\u00eb disa nga k\u00ebng\u00ebtar\u00ebt e rinj\u00eb q\u00eb arrit\u00ebn mjaft\u00eb shum\u00eb","og_url":"https:\/\/www.visit-ulcinj.com\/blog\/2012\/01\/01\/yjet-in-out-te-estrades\/","og_site_name":"Lajme nga Ulqini","article_published_time":"2012-01-01T12:30:17+00:00","article_modified_time":"2012-01-01T13:32:47+00:00","og_image":[{"url":"http:\/\/www.visit-ulcinj.com\/blog\/wp-content\/uploads\/2012\/01\/dafina-zeqiri.jpg"}],"twitter_misc":{"Written by":"ulqini","Est. reading time":"5 minutes"},"schema":{"@context":"https:\/\/schema.org","@graph":[{"@type":"WebSite","@id":"https:\/\/www.visit-ulcinj.com\/blog\/#website","url":"https:\/\/www.visit-ulcinj.com\/blog\/","name":"Lajme nga Ulqini","description":"Lajme,Vijesti,Ulqini,Ulqin,Crna Gora,Mali i Zi","potentialAction":[{"@type":"SearchAction","target":{"@type":"EntryPoint","urlTemplate":"https:\/\/www.visit-ulcinj.com\/blog\/?s={search_term_string}"},"query-input":"required name=search_term_string"}],"inLanguage":"en-US"},{"@type":"ImageObject","inLanguage":"en-US","@id":"https:\/\/www.visit-ulcinj.com\/blog\/2012\/01\/01\/yjet-in-out-te-estrades\/#primaryimage","url":"https:\/\/www.visit-ulcinj.com\/blog\/wp-content\/uploads\/2012\/01\/Dafina-Zeqiri.jpg","contentUrl":"https:\/\/www.visit-ulcinj.com\/blog\/wp-content\/uploads\/2012\/01\/Dafina-Zeqiri.jpg","width":"480","height":"720"},{"@type":"WebPage","@id":"https:\/\/www.visit-ulcinj.com\/blog\/2012\/01\/01\/yjet-in-out-te-estrades\/#webpage","url":"https:\/\/www.visit-ulcinj.com\/blog\/2012\/01\/01\/yjet-in-out-te-estrades\/","name":"Yjet IN & OUT t\u00eb estrad\u00ebs - Lajme nga Ulqini","isPartOf":{"@id":"https:\/\/www.visit-ulcinj.com\/blog\/#website"},"primaryImageOfPage":{"@id":"https:\/\/www.visit-ulcinj.com\/blog\/2012\/01\/01\/yjet-in-out-te-estrades\/#primaryimage"},"datePublished":"2012-01-01T12:30:17+00:00","dateModified":"2012-01-01T13:32:47+00:00","author":{"@id":"https:\/\/www.visit-ulcinj.com\/blog\/#\/schema\/person\/dcab619c614d3038751c63bc2aadc06d"},"description":"P\u00ebr fat t\u00eb mir\u00eb m\u00eb shum\u00eb num\u00ebrojm\u00eb ngritje se sa r\u00ebnie t\u00eb k\u00ebng\u00ebtar\u00ebve tan\u00eb t\u00eb njohur t\u00eb estrad\u00ebs. Jan\u00eb disa nga k\u00ebng\u00ebtar\u00ebt e rinj\u00eb q\u00eb arrit\u00ebn mjaft\u00eb shum\u00eb","breadcrumb":{"@id":"https:\/\/www.visit-ulcinj.com\/blog\/2012\/01\/01\/yjet-in-out-te-estrades\/#breadcrumb"},"inLanguage":"en-US","potentialAction":[{"@type":"ReadAction","target":["https:\/\/www.visit-ulcinj.com\/blog\/2012\/01\/01\/yjet-in-out-te-estrades\/"]}]},{"@type":"BreadcrumbList","@id":"https:\/\/www.visit-ulcinj.com\/blog\/2012\/01\/01\/yjet-in-out-te-estrades\/#breadcrumb","itemListElement":[{"@type":"ListItem","position":1,"name":"Yjet IN &#038; OUT t\u00eb estrad\u00ebs"}]},{"@type":"Person","@id":"https:\/\/www.visit-ulcinj.com\/blog\/#\/schema\/person\/dcab619c614d3038751c63bc2aadc06d","name":"ulqini","sameAs":["http:\/\/www.visit-ulcinj.com"],"url":"https:\/\/www.visit-ulcinj.com\/blog\/author\/admin\/"}]}},"jetpack_featured_media_url":"","jetpack_sharing_enabled":true,"jetpack_shortlink":"https:\/\/wp.me\/pe6lTn-eps","_links":{"self":[{"href":"https:\/\/www.visit-ulcinj.com\/blog\/wp-json\/wp\/v2\/posts\/55394"}],"collection":[{"href":"https:\/\/www.visit-ulcinj.com\/blog\/wp-json\/wp\/v2\/posts"}],"about":[{"href":"https:\/\/www.visit-ulcinj.com\/blog\/wp-json\/wp\/v2\/types\/post"}],"author":[{"embeddable":true,"href":"https:\/\/www.visit-ulcinj.com\/blog\/wp-json\/wp\/v2\/users\/1"}],"replies":[{"embeddable":true,"href":"https:\/\/www.visit-ulcinj.com\/blog\/wp-json\/wp\/v2\/comments?post=55394"}],"version-history":[{"count":3,"href":"https:\/\/www.visit-ulcinj.com\/blog\/wp-json\/wp\/v2\/posts\/55394\/revisions"}],"predecessor-version":[{"id":55406,"href":"https:\/\/www.visit-ulcinj.com\/blog\/wp-json\/wp\/v2\/posts\/55394\/revisions\/55406"}],"wp:attachment":[{"href":"https:\/\/www.visit-ulcinj.com\/blog\/wp-json\/wp\/v2\/media?parent=55394"}],"wp:term":[{"taxonomy":"category","embeddable":true,"href":"https:\/\/www.visit-ulcinj.com\/blog\/wp-json\/wp\/v2\/categories?post=55394"},{"taxonomy":"post_tag","embeddable":true,"href":"https:\/\/www.visit-ulcinj.com\/blog\/wp-json\/wp\/v2\/tags?post=55394"}],"curies":[{"name":"wp","href":"https:\/\/api.w.org\/{rel}","templated":true}]}}