{"id":55402,"date":"2012-01-01T14:26:05","date_gmt":"2012-01-01T13:26:05","guid":{"rendered":"http:\/\/www.visit-ulcinj.com\/blog\/?p=55402"},"modified":"2012-01-01T14:26:05","modified_gmt":"2012-01-01T13:26:05","slug":"dafina-e-genta-ndezin-grande-kabarene","status":"publish","type":"post","link":"https:\/\/www.visit-ulcinj.com\/blog\/2012\/01\/01\/dafina-e-genta-ndezin-grande-kabarene\/","title":{"rendered":"Dafina e Genta ndezin \u201cGrande Kabaren\u00eb\u201d"},"content":{"rendered":"<p><strong><a href=\"http:\/\/www.visit-ulcinj.com\/blog\/wp-content\/uploads\/2012\/01\/Genta-dhe-Dafina-ne-Grande-Kabaren.jpg\"><img loading=\"lazy\" class=\"alignleft  wp-image-55403\" title=\"Genta dhe Dafina ne Grande Kabaren\" src=\"http:\/\/www.visit-ulcinj.com\/blog\/wp-content\/uploads\/2012\/01\/Genta-dhe-Dafina-ne-Grande-Kabaren.jpg\" alt=\"\" width=\"508\" height=\"317\" \/><\/a>Dy k\u00ebng\u00ebtaret m\u00eb \u201cN\u00eb\u201d p\u00ebr momentin,Dafina Zeqiri e Genta Ismajli kan\u00eb realizuar nj\u00eb duet s\u00eb bashku. Ato mbr\u00ebm\u00eb performuan n\u00eb \u201cGrande Kabaren\u00eb\u201d e RTV21 k\u00ebng\u00ebn \u201cHidhet P\u00ebrdridhet\u201d .<\/strong><\/p>\n<p>Nga veshja ishin gati se t\u00eb njejta, Genta nj\u00eb fustan t\u00eb shkurt\u00eb ngjyr\u00eb blu e Dafina ngjyr\u00eb ari.<\/p>\n<p>Gjat\u00eb performimit u pa af\u00ebrsi e madhe nd\u00ebrmjet dy k\u00ebng\u00ebtareve,ato gjithashtu pasi q\u00eb mbaroi \u201cHidhet P\u00ebrdridhet\u201d i dhan\u00eb p\u00ebrqafim nj\u00ebra tjetr\u00ebs.<\/p>\n<p><strong>Editorial.mk<br \/>\n<!--YouTube Error: bad URL entered--><br \/>\n<\/strong><\/p>\n","protected":false},"excerpt":{"rendered":"<p>Dy k\u00ebng\u00ebtaret m\u00eb \u201cN\u00eb\u201d p\u00ebr momentin,Dafina Zeqiri e Genta Ismajli kan\u00eb realizuar nj\u00eb duet s\u00eb bashku. Ato mbr\u00ebm\u00eb performuan n\u00eb \u201cGrande Kabaren\u00eb\u201d e RTV21 k\u00ebng\u00ebn \u201cHidhet P\u00ebrdridhet\u201d . Nga veshja ishin gati se t\u00eb njejta, Genta nj\u00eb fustan t\u00eb shkurt\u00eb ngjyr\u00eb blu e Dafina ngjyr\u00eb ari. Gjat\u00eb performimit u pa af\u00ebrsi e madhe nd\u00ebrmjet dy [&hellip;]<\/p>\n","protected":false},"author":1,"featured_media":0,"comment_status":"closed","ping_status":"closed","sticky":false,"template":"","format":"standard","meta":{"spay_email":"","jetpack_publicize_message":"","jetpack_is_tweetstorm":false,"jetpack_publicize_feature_enabled":true},"categories":[1],"tags":[4926,5316,19773],"jetpack_publicize_connections":[],"yoast_head":"<!-- This site is optimized with the Yoast SEO plugin v19.1 - https:\/\/yoast.com\/wordpress\/plugins\/seo\/ -->\n<title>Dafina e Genta ndezin \u201cGrande Kabaren\u00eb\u201d - Lajme nga Ulqini<\/title>\n<meta name=\"description\" content=\"Dy k\u00ebng\u00ebtaret m\u00eb \u201cN\u00eb\u201d p\u00ebr momentin,Dafina Zeqiri e Genta Ismajli kan\u00eb realizuar nj\u00eb duet s\u00eb bashku. Ato mbr\u00ebm\u00eb performuan n\u00eb \u201cGrande Kabaren\u00eb\u201d e RTV21\" \/>\n<meta name=\"robots\" content=\"index, follow, max-snippet:-1, max-image-preview:large, max-video-preview:-1\" \/>\n<link rel=\"canonical\" href=\"https:\/\/www.visit-ulcinj.com\/blog\/2012\/01\/01\/dafina-e-genta-ndezin-grande-kabarene\/\" \/>\n<meta property=\"og:locale\" content=\"en_US\" \/>\n<meta property=\"og:type\" content=\"article\" \/>\n<meta property=\"og:title\" content=\"Dafina e Genta ndezin \u201cGrande Kabaren\u00eb\u201d - Lajme nga Ulqini\" \/>\n<meta property=\"og:description\" content=\"Dy k\u00ebng\u00ebtaret m\u00eb \u201cN\u00eb\u201d p\u00ebr momentin,Dafina Zeqiri e Genta Ismajli kan\u00eb realizuar nj\u00eb duet s\u00eb bashku. Ato mbr\u00ebm\u00eb performuan n\u00eb \u201cGrande Kabaren\u00eb\u201d e RTV21\" \/>\n<meta property=\"og:url\" content=\"https:\/\/www.visit-ulcinj.com\/blog\/2012\/01\/01\/dafina-e-genta-ndezin-grande-kabarene\/\" \/>\n<meta property=\"og:site_name\" content=\"Lajme nga Ulqini\" \/>\n<meta property=\"article:published_time\" content=\"2012-01-01T13:26:05+00:00\" \/>\n<meta property=\"og:image\" content=\"http:\/\/www.visit-ulcinj.com\/blog\/wp-content\/uploads\/2012\/01\/Genta-dhe-Dafina-ne-Grande-Kabaren.jpg\" \/>\n<meta name=\"twitter:label1\" content=\"Written by\" \/>\n\t<meta name=\"twitter:data1\" content=\"ulqini\" \/>\n<script type=\"application\/ld+json\" class=\"yoast-schema-graph\">{\"@context\":\"https:\/\/schema.org\",\"@graph\":[{\"@type\":\"WebSite\",\"@id\":\"https:\/\/www.visit-ulcinj.com\/blog\/#website\",\"url\":\"https:\/\/www.visit-ulcinj.com\/blog\/\",\"name\":\"Lajme nga Ulqini\",\"description\":\"Lajme,Vijesti,Ulqini,Ulqin,Crna Gora,Mali i Zi\",\"potentialAction\":[{\"@type\":\"SearchAction\",\"target\":{\"@type\":\"EntryPoint\",\"urlTemplate\":\"https:\/\/www.visit-ulcinj.com\/blog\/?s={search_term_string}\"},\"query-input\":\"required name=search_term_string\"}],\"inLanguage\":\"en-US\"},{\"@type\":\"ImageObject\",\"inLanguage\":\"en-US\",\"@id\":\"https:\/\/www.visit-ulcinj.com\/blog\/2012\/01\/01\/dafina-e-genta-ndezin-grande-kabarene\/#primaryimage\",\"url\":\"http:\/\/www.visit-ulcinj.com\/blog\/wp-content\/uploads\/2012\/01\/Genta-dhe-Dafina-ne-Grande-Kabaren.jpg\",\"contentUrl\":\"http:\/\/www.visit-ulcinj.com\/blog\/wp-content\/uploads\/2012\/01\/Genta-dhe-Dafina-ne-Grande-Kabaren.jpg\"},{\"@type\":\"WebPage\",\"@id\":\"https:\/\/www.visit-ulcinj.com\/blog\/2012\/01\/01\/dafina-e-genta-ndezin-grande-kabarene\/#webpage\",\"url\":\"https:\/\/www.visit-ulcinj.com\/blog\/2012\/01\/01\/dafina-e-genta-ndezin-grande-kabarene\/\",\"name\":\"Dafina e Genta ndezin \u201cGrande Kabaren\u00eb\u201d - Lajme nga Ulqini\",\"isPartOf\":{\"@id\":\"https:\/\/www.visit-ulcinj.com\/blog\/#website\"},\"primaryImageOfPage\":{\"@id\":\"https:\/\/www.visit-ulcinj.com\/blog\/2012\/01\/01\/dafina-e-genta-ndezin-grande-kabarene\/#primaryimage\"},\"datePublished\":\"2012-01-01T13:26:05+00:00\",\"dateModified\":\"2012-01-01T13:26:05+00:00\",\"author\":{\"@id\":\"https:\/\/www.visit-ulcinj.com\/blog\/#\/schema\/person\/dcab619c614d3038751c63bc2aadc06d\"},\"description\":\"Dy k\u00ebng\u00ebtaret m\u00eb \u201cN\u00eb\u201d p\u00ebr momentin,Dafina Zeqiri e Genta Ismajli kan\u00eb realizuar nj\u00eb duet s\u00eb bashku. Ato mbr\u00ebm\u00eb performuan n\u00eb \u201cGrande Kabaren\u00eb\u201d e RTV21\",\"breadcrumb\":{\"@id\":\"https:\/\/www.visit-ulcinj.com\/blog\/2012\/01\/01\/dafina-e-genta-ndezin-grande-kabarene\/#breadcrumb\"},\"inLanguage\":\"en-US\",\"potentialAction\":[{\"@type\":\"ReadAction\",\"target\":[\"https:\/\/www.visit-ulcinj.com\/blog\/2012\/01\/01\/dafina-e-genta-ndezin-grande-kabarene\/\"]}]},{\"@type\":\"BreadcrumbList\",\"@id\":\"https:\/\/www.visit-ulcinj.com\/blog\/2012\/01\/01\/dafina-e-genta-ndezin-grande-kabarene\/#breadcrumb\",\"itemListElement\":[{\"@type\":\"ListItem\",\"position\":1,\"name\":\"Dafina e Genta ndezin \u201cGrande Kabaren\u00eb\u201d\"}]},{\"@type\":\"Person\",\"@id\":\"https:\/\/www.visit-ulcinj.com\/blog\/#\/schema\/person\/dcab619c614d3038751c63bc2aadc06d\",\"name\":\"ulqini\",\"sameAs\":[\"http:\/\/www.visit-ulcinj.com\"],\"url\":\"https:\/\/www.visit-ulcinj.com\/blog\/author\/admin\/\"}]}<\/script>\n<!-- \/ Yoast SEO plugin. -->","yoast_head_json":{"title":"Dafina e Genta ndezin \u201cGrande Kabaren\u00eb\u201d - Lajme nga Ulqini","description":"Dy k\u00ebng\u00ebtaret m\u00eb \u201cN\u00eb\u201d p\u00ebr momentin,Dafina Zeqiri e Genta Ismajli kan\u00eb realizuar nj\u00eb duet s\u00eb bashku. Ato mbr\u00ebm\u00eb performuan n\u00eb \u201cGrande Kabaren\u00eb\u201d e RTV21","robots":{"index":"index","follow":"follow","max-snippet":"max-snippet:-1","max-image-preview":"max-image-preview:large","max-video-preview":"max-video-preview:-1"},"canonical":"https:\/\/www.visit-ulcinj.com\/blog\/2012\/01\/01\/dafina-e-genta-ndezin-grande-kabarene\/","og_locale":"en_US","og_type":"article","og_title":"Dafina e Genta ndezin \u201cGrande Kabaren\u00eb\u201d - Lajme nga Ulqini","og_description":"Dy k\u00ebng\u00ebtaret m\u00eb \u201cN\u00eb\u201d p\u00ebr momentin,Dafina Zeqiri e Genta Ismajli kan\u00eb realizuar nj\u00eb duet s\u00eb bashku. Ato mbr\u00ebm\u00eb performuan n\u00eb \u201cGrande Kabaren\u00eb\u201d e RTV21","og_url":"https:\/\/www.visit-ulcinj.com\/blog\/2012\/01\/01\/dafina-e-genta-ndezin-grande-kabarene\/","og_site_name":"Lajme nga Ulqini","article_published_time":"2012-01-01T13:26:05+00:00","og_image":[{"url":"http:\/\/www.visit-ulcinj.com\/blog\/wp-content\/uploads\/2012\/01\/Genta-dhe-Dafina-ne-Grande-Kabaren.jpg"}],"twitter_misc":{"Written by":"ulqini"},"schema":{"@context":"https:\/\/schema.org","@graph":[{"@type":"WebSite","@id":"https:\/\/www.visit-ulcinj.com\/blog\/#website","url":"https:\/\/www.visit-ulcinj.com\/blog\/","name":"Lajme nga Ulqini","description":"Lajme,Vijesti,Ulqini,Ulqin,Crna Gora,Mali i Zi","potentialAction":[{"@type":"SearchAction","target":{"@type":"EntryPoint","urlTemplate":"https:\/\/www.visit-ulcinj.com\/blog\/?s={search_term_string}"},"query-input":"required name=search_term_string"}],"inLanguage":"en-US"},{"@type":"ImageObject","inLanguage":"en-US","@id":"https:\/\/www.visit-ulcinj.com\/blog\/2012\/01\/01\/dafina-e-genta-ndezin-grande-kabarene\/#primaryimage","url":"http:\/\/www.visit-ulcinj.com\/blog\/wp-content\/uploads\/2012\/01\/Genta-dhe-Dafina-ne-Grande-Kabaren.jpg","contentUrl":"http:\/\/www.visit-ulcinj.com\/blog\/wp-content\/uploads\/2012\/01\/Genta-dhe-Dafina-ne-Grande-Kabaren.jpg"},{"@type":"WebPage","@id":"https:\/\/www.visit-ulcinj.com\/blog\/2012\/01\/01\/dafina-e-genta-ndezin-grande-kabarene\/#webpage","url":"https:\/\/www.visit-ulcinj.com\/blog\/2012\/01\/01\/dafina-e-genta-ndezin-grande-kabarene\/","name":"Dafina e Genta ndezin \u201cGrande Kabaren\u00eb\u201d - Lajme nga Ulqini","isPartOf":{"@id":"https:\/\/www.visit-ulcinj.com\/blog\/#website"},"primaryImageOfPage":{"@id":"https:\/\/www.visit-ulcinj.com\/blog\/2012\/01\/01\/dafina-e-genta-ndezin-grande-kabarene\/#primaryimage"},"datePublished":"2012-01-01T13:26:05+00:00","dateModified":"2012-01-01T13:26:05+00:00","author":{"@id":"https:\/\/www.visit-ulcinj.com\/blog\/#\/schema\/person\/dcab619c614d3038751c63bc2aadc06d"},"description":"Dy k\u00ebng\u00ebtaret m\u00eb \u201cN\u00eb\u201d p\u00ebr momentin,Dafina Zeqiri e Genta Ismajli kan\u00eb realizuar nj\u00eb duet s\u00eb bashku. Ato mbr\u00ebm\u00eb performuan n\u00eb \u201cGrande Kabaren\u00eb\u201d e RTV21","breadcrumb":{"@id":"https:\/\/www.visit-ulcinj.com\/blog\/2012\/01\/01\/dafina-e-genta-ndezin-grande-kabarene\/#breadcrumb"},"inLanguage":"en-US","potentialAction":[{"@type":"ReadAction","target":["https:\/\/www.visit-ulcinj.com\/blog\/2012\/01\/01\/dafina-e-genta-ndezin-grande-kabarene\/"]}]},{"@type":"BreadcrumbList","@id":"https:\/\/www.visit-ulcinj.com\/blog\/2012\/01\/01\/dafina-e-genta-ndezin-grande-kabarene\/#breadcrumb","itemListElement":[{"@type":"ListItem","position":1,"name":"Dafina e Genta ndezin \u201cGrande Kabaren\u00eb\u201d"}]},{"@type":"Person","@id":"https:\/\/www.visit-ulcinj.com\/blog\/#\/schema\/person\/dcab619c614d3038751c63bc2aadc06d","name":"ulqini","sameAs":["http:\/\/www.visit-ulcinj.com"],"url":"https:\/\/www.visit-ulcinj.com\/blog\/author\/admin\/"}]}},"jetpack_featured_media_url":"","jetpack_sharing_enabled":true,"jetpack_shortlink":"https:\/\/wp.me\/pe6lTn-epA","_links":{"self":[{"href":"https:\/\/www.visit-ulcinj.com\/blog\/wp-json\/wp\/v2\/posts\/55402"}],"collection":[{"href":"https:\/\/www.visit-ulcinj.com\/blog\/wp-json\/wp\/v2\/posts"}],"about":[{"href":"https:\/\/www.visit-ulcinj.com\/blog\/wp-json\/wp\/v2\/types\/post"}],"author":[{"embeddable":true,"href":"https:\/\/www.visit-ulcinj.com\/blog\/wp-json\/wp\/v2\/users\/1"}],"replies":[{"embeddable":true,"href":"https:\/\/www.visit-ulcinj.com\/blog\/wp-json\/wp\/v2\/comments?post=55402"}],"version-history":[{"count":1,"href":"https:\/\/www.visit-ulcinj.com\/blog\/wp-json\/wp\/v2\/posts\/55402\/revisions"}],"predecessor-version":[{"id":55404,"href":"https:\/\/www.visit-ulcinj.com\/blog\/wp-json\/wp\/v2\/posts\/55402\/revisions\/55404"}],"wp:attachment":[{"href":"https:\/\/www.visit-ulcinj.com\/blog\/wp-json\/wp\/v2\/media?parent=55402"}],"wp:term":[{"taxonomy":"category","embeddable":true,"href":"https:\/\/www.visit-ulcinj.com\/blog\/wp-json\/wp\/v2\/categories?post=55402"},{"taxonomy":"post_tag","embeddable":true,"href":"https:\/\/www.visit-ulcinj.com\/blog\/wp-json\/wp\/v2\/tags?post=55402"}],"curies":[{"name":"wp","href":"https:\/\/api.w.org\/{rel}","templated":true}]}}