{"id":55411,"date":"2012-01-01T18:42:50","date_gmt":"2012-01-01T17:42:50","guid":{"rendered":"http:\/\/www.visit-ulcinj.com\/blog\/?p=55411"},"modified":"2012-01-01T18:42:50","modified_gmt":"2012-01-01T17:42:50","slug":"javnost-ogorcena-zbog-manipulacija-solane-ulcinja","status":"publish","type":"post","link":"https:\/\/www.visit-ulcinj.com\/blog\/2012\/01\/01\/javnost-ogorcena-zbog-manipulacija-solane-ulcinja\/","title":{"rendered":"Javnost ogor\u010dena zbog manipulacija Solane  Ulcinja"},"content":{"rendered":"<p><a href=\"http:\/\/www.visit-ulcinj.com\/blog\/?attachment_id=55412\" rel=\"attachment wp-att-55412\"><img loading=\"lazy\" class=\"alignleft  wp-image-55412\" title=\"Ulcinjska-solana_MANS\" src=\"http:\/\/www.visit-ulcinj.com\/blog\/wp-content\/uploads\/2012\/01\/Ulcinjska-solana_MANS.jpg\" alt=\"\" width=\"508\" height=\"400\" \/><\/a>Dug Solane \u201eBajo Sekuli\u0107\u201d, kojom upravlja Eurofond, vlasni\u0161tvo Veselina Barovi\u0107a, iznosi vi\u0161e miliona eura, ali jo\u0161 nije ta\u010dno utvr\u0111en i nema veze sa prodajom imovine procijenjene na 257,8 miliona eura, kazao je \u201eDanu\u201d Milorad Ikovi\u0107, koji je ste\u010dajni upravnik te kompanije od 2005. godine.<br \/>\n\u2013 Ne prodaje se Solana kao pravno lice ve\u0107 samo imovina. U toku su sudski sporovi i dok se oni ne zavr\u0161e dug se ne mo\u017ee utvrditi \u2013 istakao je Ikovi\u0107 i dodao da je najve\u0107i povjerilac dr\u017eava, a da ih ima jo\u0161 vi\u0161e od 100 u zemlji i inostranstvu.<br \/>\nTako se ni nakon \u0161est godina od uvo\u0111enja ste\u010daja ne zna koliki je dug Solane, iako se pominje suma od 3,5 do \u010detiri miliona eura. Za procjenu vrijednosti imovine, koja treba da se proda kako bi pokrila dug, trebalo je znatno manje vremena.<br \/>\nCjelokupan scenario imao je poput dobrog pozori\u0161nog komada, uvod razradu, zaplet i nakon objave da se prodaje imovina 16. januara \u010deka se rasplet. Pri\u010da po\u010dinje 2003. godine, kada je Barovi\u0107 kupio kontrolni paket akcija za 800.000 eura. Ima i onih koji se zala\u017eu za obrt ili peripetiju \u2013 NVO i opozicija tra\u017ee da parlament i Vlada vrate Solanu u dr\u017eavni posjed i promijene Prostorni plan, kojim je 15 miliona kvadrata zemlji\u0161ta prenamijenjeno u gra\u0111evinsko.<br \/>\nBarovi\u0107, kao njegove kolege u tranzicionim zemljama, posluje po uzorku koji podrazumijeva vezu u vrhu vlasti i Privrednom sudu. Insajderi navode da je princip jednostavan: preduze\u0107e privatizuje\u0161, obave\u017ee\u0161 se na investiranje, ne ula\u017ee\u0161, uvede\u0161 ste\u010daj, oslobodi\u0161 se radnika, podigne\u0161 kredit, zalo\u017ei\u0161 imovinu, uzme\u0161 pare i \u2013 ostavi\u0161 nekretnine banci, ili prije toga uvede\u0161 ste\u010daj i prodaje\u0161 zemlji\u0161te poznatom kupcu. Potreban je samo po\u010detni kapital, uglavnom od poslova sa zabranjenom robom, a ostatak je na strpljenju i vezi.<br \/>\nOvakav scenario upravo kraju privodi Barovi\u0107. Nakon preuzimanja Solane slijedila je faza grandioznih obe\u0107anja, a potom 2005. uvo\u0111enje ste\u010daja na njegov zahtjev zbog duga od 13 hiljada eura, prenamjena prostora 2008. i rast cijena kvadrata sa 30 centi na 100 eura, da bi nakon gra\u0111evinskog buma svih 1.468 hektara bilo procijenjeno na 258,7 miliona. U me\u0111uvremenu Barovi\u0107 odbija da u Solanu investira 100 hiljada eura i gubi licencu na proizvodnju soli, da bi Vlada utvrdila krajem decembra da je to ura\u0111eno namjerno, ali bez ikakvih predlo\u017eenih mjera da se naum sprije\u010di. Nakon gubitka licence, za 16. januar su istovremeno Barovi\u0107 i Ikovi\u0107 zakazali skup\u0161tinu akcionara, koja treba da raspravlja o zadu\u017eivanju Solane i prodaju kompletne imovine.<br \/>\nReagovao je civilni sektor, tako da je parlament prihvatio zahtjev MANS-a da razmatra promjenu Prostornog plan u dijelu za Solanu i zemlji\u0161te ponovo prenamijeni u poljoprivredno. Predlog MANS-a je u\u0161ao u parlamentarnu proceduru, zahvaljuju\u0107i podr\u0161ci opozicije i Bo\u0161nja\u010dke stranke iz vladaju\u0107e koalicije. Ostatak vladaju\u0107e koalicija zate\u017ee. Predlo\u017eeno je da se na podru\u010dje ulcinjske solane vrati raniji re\u017eim, koji je predvi\u0111ao da bude za\u0161ti\u0107eno kao spomenik prirode. MANS je ocijenio da je zabrinjavaju\u0107a nezainteresovanost DPS-a i SDP-a za inicijativu kojom se \u017eeli za\u0161tititi javni interes i jo\u0161 jednom su ih pozvali da ovaj predlog prepoznaju kao priliku da isprave ono \u0161to su uradili 2008. godine.<br \/>\nSad ve\u0107 biv\u0161i poslanik Zarija Franovi\u0107 izjavio je \u201eDanu\u201d da treba na\u0107i rje\u0161enje koje \u0107e biti u interesu dr\u017eave.<br \/>\n\u2013 Ministarstvo odr\u017eivog razvoja treba da predlo\u017ei rje\u0161enje po pitanju Prostornog plana, koji je nakon Ustava najzna\u010dajniji dokument za dr\u017eavu. Potrebno je valorizovati taj dio, jer je jako bitan za floru i faunu \u2013 kazao je Franovi\u0107.<br \/>\nRadojica \u017divkovi\u0107 (Nova) smatra da je \u201esve \u0161to se desilo sa Solanom prava slika privatizacije u Crnoj Gori&#8221;.<br \/>\n\u2013 To nije bila vau\u010derska privatizacija, ve\u0107 vau\u010derska plja\u010dka, \u010dije \u0107emo posledice dugo osje\u0107ati \u2013 poru\u010dio je \u017divkovi\u0107.<br \/>\nVeselin Baki\u0107 (SNP) istakao je da sve \u0161to se de\u0161avalo nakon \u0161to je Barovi\u0107 kupio akcije Solane nije legalno.<br \/>\n\u2013 Od ste\u010daja pa do prodaje ni\u0161ta nije ura\u0111eno u skladu sa propisima. Nije dobro za dr\u017eavu da se proda imovina i da pare odu u ruke jednog \u010dovjeka. Ako se dr\u017eava ne obra\u010duna sa ovim, ko \u0107e. Ulcinjani ne mogu \u2013 kazao je Baki\u0107.<br \/>\nNeboj\u0161a Medojevi\u0107 (PzP) je pitao premijera Igora Luk\u0161i\u0107a (DPS) ko je, imenom i prezimenom, na Solanu uknji\u017eio javno dobro koje prije Barovi\u0107a nije bilo u knjigama preduze\u0107a. Li\u010dno sam, odgovorio je premijer, potpisao dokument kojim se oduzima koncesija Solani, a na lokalnom nivou je potrebno provjeriti da li je i kako do\u0161lo do preknji\u017ebe. Iako od predsjednika parlamenta Ranka Krivokapi\u0107a (SDP) zavisi kad \u0107e inicijativa MANS-a sti\u0107i na dnevni red parlamenta, jer je prodaja zakazana za 16. januar, nijedan poslanik SDP-a o tome nije htio da pri\u010da za \u201eDan\u201d.<br \/>\nDra\u0161ko MILA\u010cI\u0106<\/p>\n<p><strong> \u010cudovi\u0161ni scenario<\/strong><\/p>\n<p>Nacionalni savjet Albanaca u Crnoj Gori (NSA u CG) saop\u0161tio je da sa posebnom pa\u017enjom prati najavu prodaje ulcinjske solane, kojom se, kako se navodi, \u201eponovo poku\u0161ava nauditi \u010ditavoj ekonomiji i prirodnim resursima ove op\u0161tine, kao i devastirati i otu\u0111iti neprocjenjiva imovina ulcinjske solane, koja je simbol te op\u0161tine, ali i \u0161ire regije\u201d. Izra\u017eavaju\u0107i o\u0161tro protivljenje pripremljenom scenariju, NSA podsje\u0107a da je ve\u0107 vi\u0161e od 70 godina Solana bila izvor \u017eivota i egzistencije mnogih ulcinjskih familija, kao \u0161to su to bile i druge firme, sistematski razorene u poslednjih 20 godina.<br \/>\n\u2013 Solana je danas, nakon dobro pripremljenog plana, po\u010dev\u0161i od kupovine preduze\u0107a od 15 miliona kvadrata na berzi po apsurdnoj cijeni od 800 hiljada eura, uvo\u0111enja ste\u010daja, otpu\u0161tanja radnika, gomilanja dugova, ciljanog izostajanja investicija u proizvodnju soli, itd, prakti\u010dno pred kolapsom. Ako tome dodamo i prenamjenu u Prostornom planu od industrijskog zemlji\u0161ta i Spomenika prirode u gradsko-gra\u0111evinsko i prostor za gradnju turisti\u010dkih kapaciteta, onda je jasno da \u0107e Solana kao ekonomsko, socijalno, kulturolo\u0161ko i ekolo\u0161ko bogatstvo op\u0161tine Ulcinj prestati da postoji \u2013 navodi se u saop\u0161tenju.<br \/>\nU NSA CG smatraju da se to de\u0161ava samo iz jednog razloga: da bi se odre\u0111eni klanovi i osobe koji su u vezi sa dr\u017eavnim organima bogatili do nevi\u0111enih razmjera.<br \/>\n\u2013 Uzimaju\u0107i u obzir \u0161tetu koju \u010dine op\u0161tini i gra\u0111anima Ulcinja, kao i zbog drugih \u0161tetnih posledica sa elementima diskriminacije u budu\u0107nosti, pozivamo Vladu i druge institucije da \u0161to prije donesu odluku o obustavi prodaje Solane. Smatramo da to preduze\u0107e treba o\u010duvati kao solanu i oazu biodiverziteta. U suprotnom, zaklju\u010di\u0107emo da se sve ove mjere preduzimaju sa ciljem promjene etni\u010dke strukture u op\u0161tini Ulcinj, u kojoj Albanci \u010dine vi\u0161e od 70 odsto populacije \u2013 zaklju\u010duje s u saop\u0161tenju. M.K.<\/p>\n<p><strong>Sekuli\u0107 utje\u0161io Cungua<\/strong><\/p>\n<p>Gradona\u010delnik Ulcinja Nazif Cungu izjavio je \u201eDanu\u201d da je prije nekoliko dana lokalna samouprava od Ministarstva turizma i odr\u017eivog razvoja, kojem je na \u010delu Predrag Sekuli\u0107, dobila nacrt prostorno-urabanisti\u010dkog plana za Ulcinj, u kome se ne predvi\u0111a prenamjena prostora na kome je Solana.<br \/>\n\u2013 Po tom planu predvi\u0111a se da Solana ima isti tretman kao dosad, odnosno da bude podru\u010dje za proizvodnju soli. S obzirom na to da to radi pomenuto ministarstvo, nemamo razloga da sumnjamo da se planira gradnja ili ne\u0161to drugo. To je predlog stru\u010dnjaka i mi ga u potunosti podr\u017eavamo. I ranije smo saop\u0161tavali da \u017eelimo da Solana nastavi proizvodnju, a vjerujemo da ho\u0107e \u2013 kazao je Cungu.<br \/>\n<strong>M.K<\/strong><\/p>\n<p><strong>Istorijat<\/strong><\/p>\n<p>2003. Barovi\u0107 kupio akcijski udio za 800.000 eura<br \/>\n2005. Uveo ste\u010daj zbog duga od 13 hiljada eura i prisvojio 15 miliona zemlji\u0161ta<br \/>\n2008. Prostornim planom zemlji\u0161te Solane preimenovano iz industrujske u gra\u0111evinsku zonu \u010dime je kvadrat sa 30 centi sko\u010dio na 100 eura<br \/>\n2011. vlada u avgustu prihvatila predlog Ministartsva finansija da produ\u017ei koncesiju<br \/>\n2011. 1. decembra Vlada usvojila dokument da je Barovi\u0107 namjerno izgubio koncesiju<br \/>\n2011. 17. decembra raspisan oglas za prodaju imovine Solane po po\u010detnoj cijeni od 257,8 miliona<br \/>\n2012. 16. januara javna prodaja imovine<br \/>\n2012. 16. januara Skup\u0161tina akcionara na kojoj se razmatra zalaganje imovine ako se dobije strani kredit<\/p>\n<p><strong>\u25cf ANKETA \u25cf<\/strong><\/p>\n<p><strong>Ulcinjani ne daju Solanu<\/strong><\/p>\n<p>Zoran Ivankovi\u0107: \u2013 Dokle \u0107e biti bitniji ne\u010diji d\u017eepovi od radnika i njihovih porodica, a da ne ka\u017eem da je tu interes i grada i dr\u017eave. Da ne spominjem ekologiju i sve \u0161to ide uz to. Solana je vje\u010diti rudnik zlata za sve, po mnogim pitanjima. Grijeh je uni\u0161titi to za sva vremena, zarad par ljudi i njihovih privatnih ekonomskih interesa.<\/p>\n<p>Aslan Zeneli: \u2013 Solana treba da ostane to \u0161to je bila skoro jedan vijek, fabrika kvalitene morske soli i stani\u0161te za ptice sa namjerom da se razvija i dalje u smislu dalje valorizacije, kao turisti\u010dka ponuda za posmatranje ptica. Ako gra\u0111ani Ulcinja dozvole da se izvr\u0161i prenamjena zemlji\u0161ta i da bude prodata za gradnju, onda ne treba da nas bude uop\u0161te me\u0111u \u017eivima.<\/p>\n<p>Branka Nikolaidis: \u2013 \u0160to se ti\u010de Solane, mislim da je \u017ealosno da onako propada i nikako je ne treba dati za izgradnju hotela. Dr\u017eava treba da je preuzme i investira kako bi se nastavila proizvodnja soli. Trebalo bi neko da se ba\u0161 potrudi da se malo vi\u0161e valorizuju ta prirodna stani\u0161ta ptica, a mislim da ima vi\u0161e nego dovoljno prostora za izgradnju hotela. Za to je dovoljna 15 kilometara duga\u010dka Velika pla\u017ea.<\/p>\n<p>Ibrahim Berja\u0161i: \u2013 Solana za Ulcinjane je srce, hljeb i \u017eivot.. Ako nam otmu taj dio op\u0161tine, onda nema ni nas. Solanu po svaku cijenu treba vratiti Ulcinjanima. Ona je za nas ponos i kultura, \u017eitarica&#8230; Ona je sjajno je blistala 75 godina i apelujem na odgovorne da nam barem Solanu ne diraju kao \u0161to su radili sa elitnim hotelima.<\/p>\n<p><a href=\"http:\/\/www.dan.co.me\/?nivo=3&amp;rubrika=Ekonomija&amp;datum=2011-12-31&amp;clanak=313919\" target=\"_blank\"><strong> M.K.<\/strong><br \/>\n<strong> Izvor: DAN<\/p>\n<p><\/strong><\/a><strong>[flv width=&#8221;508&#8243; height=&#8221;360&#8243;]http:\/\/solana-ulcinj.com\/VTS_01_1.flv[\/flv]<\/strong><a href=\"http:\/\/www.dan.co.me\/?nivo=3&amp;rubrika=Ekonomija&amp;datum=2011-12-31&amp;clanak=313919\" target=\"_blank\"><strong><br \/>\n<\/strong><\/a><\/p>\n","protected":false},"excerpt":{"rendered":"<p>Dug Solane \u201eBajo Sekuli\u0107\u201d, kojom upravlja Eurofond, vlasni\u0161tvo Veselina Barovi\u0107a, iznosi vi\u0161e miliona eura, ali jo\u0161 nije ta\u010dno utvr\u0111en i nema veze sa prodajom imovine procijenjene na 257,8 miliona eura, kazao je \u201eDanu\u201d Milorad Ikovi\u0107, koji je ste\u010dajni upravnik te kompanije od 2005. godine. \u2013 Ne prodaje se Solana kao pravno lice ve\u0107 samo imovina. [&hellip;]<\/p>\n","protected":false},"author":1,"featured_media":0,"comment_status":"open","ping_status":"closed","sticky":false,"template":"","format":"standard","meta":{"spay_email":"","jetpack_publicize_message":"","jetpack_is_tweetstorm":false,"jetpack_publicize_feature_enabled":true},"categories":[8337],"tags":[118,264,19,1968],"jetpack_publicize_connections":[],"yoast_head":"<!-- This site is optimized with the Yoast SEO plugin v19.1 - https:\/\/yoast.com\/wordpress\/plugins\/seo\/ -->\n<title>Javnost ogor\u010dena zbog manipulacija Solane Ulcinja - Lajme nga Ulqini<\/title>\n<meta name=\"description\" content=\"Dug Solane \u201eBajo Sekuli\u0107\u201d, kojom upravlja Eurofond, vlasni\u0161tvo Veselina Barovi\u0107a, iznosi vi\u0161e miliona eura, ali jo\u0161 nije ta\u010dno utvr\u0111en i nema veze sa\" \/>\n<meta name=\"robots\" content=\"index, follow, max-snippet:-1, max-image-preview:large, max-video-preview:-1\" \/>\n<link rel=\"canonical\" href=\"https:\/\/www.visit-ulcinj.com\/blog\/2012\/01\/01\/javnost-ogorcena-zbog-manipulacija-solane-ulcinja\/\" \/>\n<meta property=\"og:locale\" content=\"en_US\" \/>\n<meta property=\"og:type\" content=\"article\" \/>\n<meta property=\"og:title\" content=\"Javnost ogor\u010dena zbog manipulacija Solane Ulcinja - Lajme nga Ulqini\" \/>\n<meta property=\"og:description\" content=\"Dug Solane \u201eBajo Sekuli\u0107\u201d, kojom upravlja Eurofond, vlasni\u0161tvo Veselina Barovi\u0107a, iznosi vi\u0161e miliona eura, ali jo\u0161 nije ta\u010dno utvr\u0111en i nema veze sa\" \/>\n<meta property=\"og:url\" content=\"https:\/\/www.visit-ulcinj.com\/blog\/2012\/01\/01\/javnost-ogorcena-zbog-manipulacija-solane-ulcinja\/\" \/>\n<meta property=\"og:site_name\" content=\"Lajme nga Ulqini\" \/>\n<meta property=\"article:published_time\" content=\"2012-01-01T17:42:50+00:00\" \/>\n<meta property=\"og:image\" content=\"http:\/\/www.visit-ulcinj.com\/blog\/wp-content\/uploads\/2012\/01\/Ulcinjska-solana_MANS.jpg\" \/>\n<meta name=\"twitter:label1\" content=\"Written by\" \/>\n\t<meta name=\"twitter:data1\" content=\"ulqini\" \/>\n\t<meta name=\"twitter:label2\" content=\"Est. reading time\" \/>\n\t<meta name=\"twitter:data2\" content=\"8 minutes\" \/>\n<script type=\"application\/ld+json\" class=\"yoast-schema-graph\">{\"@context\":\"https:\/\/schema.org\",\"@graph\":[{\"@type\":\"WebSite\",\"@id\":\"https:\/\/www.visit-ulcinj.com\/blog\/#website\",\"url\":\"https:\/\/www.visit-ulcinj.com\/blog\/\",\"name\":\"Lajme nga Ulqini\",\"description\":\"Lajme,Vijesti,Ulqini,Ulqin,Crna Gora,Mali i Zi\",\"potentialAction\":[{\"@type\":\"SearchAction\",\"target\":{\"@type\":\"EntryPoint\",\"urlTemplate\":\"https:\/\/www.visit-ulcinj.com\/blog\/?s={search_term_string}\"},\"query-input\":\"required name=search_term_string\"}],\"inLanguage\":\"en-US\"},{\"@type\":\"ImageObject\",\"inLanguage\":\"en-US\",\"@id\":\"https:\/\/www.visit-ulcinj.com\/blog\/2012\/01\/01\/javnost-ogorcena-zbog-manipulacija-solane-ulcinja\/#primaryimage\",\"url\":\"https:\/\/www.visit-ulcinj.com\/blog\/wp-content\/uploads\/2012\/01\/Ulcinjska-solana_MANS.jpg\",\"contentUrl\":\"https:\/\/www.visit-ulcinj.com\/blog\/wp-content\/uploads\/2012\/01\/Ulcinjska-solana_MANS.jpg\",\"width\":\"1064\",\"height\":\"633\"},{\"@type\":\"WebPage\",\"@id\":\"https:\/\/www.visit-ulcinj.com\/blog\/2012\/01\/01\/javnost-ogorcena-zbog-manipulacija-solane-ulcinja\/#webpage\",\"url\":\"https:\/\/www.visit-ulcinj.com\/blog\/2012\/01\/01\/javnost-ogorcena-zbog-manipulacija-solane-ulcinja\/\",\"name\":\"Javnost ogor\u010dena zbog manipulacija Solane Ulcinja - Lajme nga Ulqini\",\"isPartOf\":{\"@id\":\"https:\/\/www.visit-ulcinj.com\/blog\/#website\"},\"primaryImageOfPage\":{\"@id\":\"https:\/\/www.visit-ulcinj.com\/blog\/2012\/01\/01\/javnost-ogorcena-zbog-manipulacija-solane-ulcinja\/#primaryimage\"},\"datePublished\":\"2012-01-01T17:42:50+00:00\",\"dateModified\":\"2012-01-01T17:42:50+00:00\",\"author\":{\"@id\":\"https:\/\/www.visit-ulcinj.com\/blog\/#\/schema\/person\/dcab619c614d3038751c63bc2aadc06d\"},\"description\":\"Dug Solane \u201eBajo Sekuli\u0107\u201d, kojom upravlja Eurofond, vlasni\u0161tvo Veselina Barovi\u0107a, iznosi vi\u0161e miliona eura, ali jo\u0161 nije ta\u010dno utvr\u0111en i nema veze sa\",\"breadcrumb\":{\"@id\":\"https:\/\/www.visit-ulcinj.com\/blog\/2012\/01\/01\/javnost-ogorcena-zbog-manipulacija-solane-ulcinja\/#breadcrumb\"},\"inLanguage\":\"en-US\",\"potentialAction\":[{\"@type\":\"ReadAction\",\"target\":[\"https:\/\/www.visit-ulcinj.com\/blog\/2012\/01\/01\/javnost-ogorcena-zbog-manipulacija-solane-ulcinja\/\"]}]},{\"@type\":\"BreadcrumbList\",\"@id\":\"https:\/\/www.visit-ulcinj.com\/blog\/2012\/01\/01\/javnost-ogorcena-zbog-manipulacija-solane-ulcinja\/#breadcrumb\",\"itemListElement\":[{\"@type\":\"ListItem\",\"position\":1,\"name\":\"Javnost ogor\u010dena zbog manipulacija Solane Ulcinja\"}]},{\"@type\":\"Person\",\"@id\":\"https:\/\/www.visit-ulcinj.com\/blog\/#\/schema\/person\/dcab619c614d3038751c63bc2aadc06d\",\"name\":\"ulqini\",\"sameAs\":[\"http:\/\/www.visit-ulcinj.com\"],\"url\":\"https:\/\/www.visit-ulcinj.com\/blog\/author\/admin\/\"}]}<\/script>\n<!-- \/ Yoast SEO plugin. -->","yoast_head_json":{"title":"Javnost ogor\u010dena zbog manipulacija Solane Ulcinja - Lajme nga Ulqini","description":"Dug Solane \u201eBajo Sekuli\u0107\u201d, kojom upravlja Eurofond, vlasni\u0161tvo Veselina Barovi\u0107a, iznosi vi\u0161e miliona eura, ali jo\u0161 nije ta\u010dno utvr\u0111en i nema veze sa","robots":{"index":"index","follow":"follow","max-snippet":"max-snippet:-1","max-image-preview":"max-image-preview:large","max-video-preview":"max-video-preview:-1"},"canonical":"https:\/\/www.visit-ulcinj.com\/blog\/2012\/01\/01\/javnost-ogorcena-zbog-manipulacija-solane-ulcinja\/","og_locale":"en_US","og_type":"article","og_title":"Javnost ogor\u010dena zbog manipulacija Solane Ulcinja - Lajme nga Ulqini","og_description":"Dug Solane \u201eBajo Sekuli\u0107\u201d, kojom upravlja Eurofond, vlasni\u0161tvo Veselina Barovi\u0107a, iznosi vi\u0161e miliona eura, ali jo\u0161 nije ta\u010dno utvr\u0111en i nema veze sa","og_url":"https:\/\/www.visit-ulcinj.com\/blog\/2012\/01\/01\/javnost-ogorcena-zbog-manipulacija-solane-ulcinja\/","og_site_name":"Lajme nga Ulqini","article_published_time":"2012-01-01T17:42:50+00:00","og_image":[{"url":"http:\/\/www.visit-ulcinj.com\/blog\/wp-content\/uploads\/2012\/01\/Ulcinjska-solana_MANS.jpg"}],"twitter_misc":{"Written by":"ulqini","Est. reading time":"8 minutes"},"schema":{"@context":"https:\/\/schema.org","@graph":[{"@type":"WebSite","@id":"https:\/\/www.visit-ulcinj.com\/blog\/#website","url":"https:\/\/www.visit-ulcinj.com\/blog\/","name":"Lajme nga Ulqini","description":"Lajme,Vijesti,Ulqini,Ulqin,Crna Gora,Mali i Zi","potentialAction":[{"@type":"SearchAction","target":{"@type":"EntryPoint","urlTemplate":"https:\/\/www.visit-ulcinj.com\/blog\/?s={search_term_string}"},"query-input":"required name=search_term_string"}],"inLanguage":"en-US"},{"@type":"ImageObject","inLanguage":"en-US","@id":"https:\/\/www.visit-ulcinj.com\/blog\/2012\/01\/01\/javnost-ogorcena-zbog-manipulacija-solane-ulcinja\/#primaryimage","url":"https:\/\/www.visit-ulcinj.com\/blog\/wp-content\/uploads\/2012\/01\/Ulcinjska-solana_MANS.jpg","contentUrl":"https:\/\/www.visit-ulcinj.com\/blog\/wp-content\/uploads\/2012\/01\/Ulcinjska-solana_MANS.jpg","width":"1064","height":"633"},{"@type":"WebPage","@id":"https:\/\/www.visit-ulcinj.com\/blog\/2012\/01\/01\/javnost-ogorcena-zbog-manipulacija-solane-ulcinja\/#webpage","url":"https:\/\/www.visit-ulcinj.com\/blog\/2012\/01\/01\/javnost-ogorcena-zbog-manipulacija-solane-ulcinja\/","name":"Javnost ogor\u010dena zbog manipulacija Solane Ulcinja - Lajme nga Ulqini","isPartOf":{"@id":"https:\/\/www.visit-ulcinj.com\/blog\/#website"},"primaryImageOfPage":{"@id":"https:\/\/www.visit-ulcinj.com\/blog\/2012\/01\/01\/javnost-ogorcena-zbog-manipulacija-solane-ulcinja\/#primaryimage"},"datePublished":"2012-01-01T17:42:50+00:00","dateModified":"2012-01-01T17:42:50+00:00","author":{"@id":"https:\/\/www.visit-ulcinj.com\/blog\/#\/schema\/person\/dcab619c614d3038751c63bc2aadc06d"},"description":"Dug Solane \u201eBajo Sekuli\u0107\u201d, kojom upravlja Eurofond, vlasni\u0161tvo Veselina Barovi\u0107a, iznosi vi\u0161e miliona eura, ali jo\u0161 nije ta\u010dno utvr\u0111en i nema veze sa","breadcrumb":{"@id":"https:\/\/www.visit-ulcinj.com\/blog\/2012\/01\/01\/javnost-ogorcena-zbog-manipulacija-solane-ulcinja\/#breadcrumb"},"inLanguage":"en-US","potentialAction":[{"@type":"ReadAction","target":["https:\/\/www.visit-ulcinj.com\/blog\/2012\/01\/01\/javnost-ogorcena-zbog-manipulacija-solane-ulcinja\/"]}]},{"@type":"BreadcrumbList","@id":"https:\/\/www.visit-ulcinj.com\/blog\/2012\/01\/01\/javnost-ogorcena-zbog-manipulacija-solane-ulcinja\/#breadcrumb","itemListElement":[{"@type":"ListItem","position":1,"name":"Javnost ogor\u010dena zbog manipulacija Solane Ulcinja"}]},{"@type":"Person","@id":"https:\/\/www.visit-ulcinj.com\/blog\/#\/schema\/person\/dcab619c614d3038751c63bc2aadc06d","name":"ulqini","sameAs":["http:\/\/www.visit-ulcinj.com"],"url":"https:\/\/www.visit-ulcinj.com\/blog\/author\/admin\/"}]}},"jetpack_featured_media_url":"","jetpack_sharing_enabled":true,"jetpack_shortlink":"https:\/\/wp.me\/pe6lTn-epJ","_links":{"self":[{"href":"https:\/\/www.visit-ulcinj.com\/blog\/wp-json\/wp\/v2\/posts\/55411"}],"collection":[{"href":"https:\/\/www.visit-ulcinj.com\/blog\/wp-json\/wp\/v2\/posts"}],"about":[{"href":"https:\/\/www.visit-ulcinj.com\/blog\/wp-json\/wp\/v2\/types\/post"}],"author":[{"embeddable":true,"href":"https:\/\/www.visit-ulcinj.com\/blog\/wp-json\/wp\/v2\/users\/1"}],"replies":[{"embeddable":true,"href":"https:\/\/www.visit-ulcinj.com\/blog\/wp-json\/wp\/v2\/comments?post=55411"}],"version-history":[{"count":1,"href":"https:\/\/www.visit-ulcinj.com\/blog\/wp-json\/wp\/v2\/posts\/55411\/revisions"}],"predecessor-version":[{"id":55413,"href":"https:\/\/www.visit-ulcinj.com\/blog\/wp-json\/wp\/v2\/posts\/55411\/revisions\/55413"}],"wp:attachment":[{"href":"https:\/\/www.visit-ulcinj.com\/blog\/wp-json\/wp\/v2\/media?parent=55411"}],"wp:term":[{"taxonomy":"category","embeddable":true,"href":"https:\/\/www.visit-ulcinj.com\/blog\/wp-json\/wp\/v2\/categories?post=55411"},{"taxonomy":"post_tag","embeddable":true,"href":"https:\/\/www.visit-ulcinj.com\/blog\/wp-json\/wp\/v2\/tags?post=55411"}],"curies":[{"name":"wp","href":"https:\/\/api.w.org\/{rel}","templated":true}]}}