{"id":55420,"date":"2012-01-02T21:24:05","date_gmt":"2012-01-02T20:24:05","guid":{"rendered":"http:\/\/www.visit-ulcinj.com\/blog\/?p=55420"},"modified":"2012-01-03T19:40:07","modified_gmt":"2012-01-03T18:40:07","slug":"mesazhi-i-urimit-ne-video-te-kryetarit-cungu-per-vitin-e-ri-2012","status":"publish","type":"post","link":"https:\/\/www.visit-ulcinj.com\/blog\/2012\/01\/02\/mesazhi-i-urimit-ne-video-te-kryetarit-cungu-per-vitin-e-ri-2012\/","title":{"rendered":"Mesazhi i urimit n\u00eb Video t\u00eb kryetarit Cungu p\u00ebr Vitin e Ri 2012"},"content":{"rendered":"<p><strong><a href=\"http:\/\/www.visit-ulcinj.com\/blog\/?attachment_id=55421\" rel=\"attachment wp-att-55421\"><img loading=\"lazy\" class=\"alignleft size-full wp-image-55421\" title=\"Nazif-Cungu_kryetar-i-komunes-se-Ulqinit_gezuar vitin e ri 2012\" src=\"http:\/\/www.visit-ulcinj.com\/blog\/wp-content\/uploads\/2012\/01\/Nazif-Cungu_kryetar-i-komunes-se-Ulqinit_gezuar-vitin-e-ri-2012.jpg\" alt=\"\" width=\"508\" height=\"383\" srcset=\"https:\/\/www.visit-ulcinj.com\/blog\/wp-content\/uploads\/2012\/01\/Nazif-Cungu_kryetar-i-komunes-se-Ulqinit_gezuar-vitin-e-ri-2012.jpg 508w, https:\/\/www.visit-ulcinj.com\/blog\/wp-content\/uploads\/2012\/01\/Nazif-Cungu_kryetar-i-komunes-se-Ulqinit_gezuar-vitin-e-ri-2012-300x226.jpg 300w\" sizes=\"(max-width: 508px) 100vw, 508px\" \/><\/a>T\u00eb dashur bashk\u00ebqytetar\u00eb t\u00eb Ulqinit<\/strong><\/p>\n<p>Kryetari i komun\u00ebs s\u00eb Ulqinit z.Nazif Cungu n\u00eb nj\u00eb video mesazh u drejtohet qytetareve duke iu uruar vitin t\u00eb cilin sapo kemi shkelur.<br \/>\n\u00cbsht\u00eb \u00e7asti kur me urimet tona m\u00eb t\u00eb p\u00ebrzem\u00ebrta u drejtohemi plot dashuri dhe shpres\u00eb nj\u00ebri-tjetrit!<br \/>\nViti 2012 do t\u00eb jet\u00eb nj\u00eb vit ku ne do t\u00eb tejkalojm\u00eb shume sfida, shum\u00eb probleme dhe jam i bindur thell\u00eb se bashk\u00ebpunimi komun\u00eb, qytetar, sektori i biznesit dhe institucionet tjera do t\u00eb njoh\u00eb avancime m\u00eb t\u00eb larta, por \u00a0gjithashtu do jet\u00eb edhe nj\u00eb vit shprese poashtu e madhe.<br \/>\nViti 2012 ishte nj\u00eb gur themeltar p\u00ebr t\u00eb nd\u00ebrtuar nj\u00eb Ulqin me imazh t\u00eb ri, ashtu si\u00e7 e d\u00ebshirojm\u00eb t\u00eb gjith\u00eb , Viti 2012 \u00ebsht\u00eb vit q\u00eb na obligon t\u00eb promovojm\u00eb sa m\u00eb shum\u00eb vlerat tona njer\u00ebzore&#8221;, thuhet nd\u00ebr t\u00eb tjerave n\u00eb mesazhin e kryetarit Nazif Cungut.<\/p>\n<p>T\u00eb nderuar bashk\u00ebqytetar\u00eb,<\/p>\n<p>N\u00eb emrin tim personal dhe n\u00eb em\u00ebr t\u00eb Komun\u00ebs s\u00eb Ulqinit, Ju uroj Vitin e Ri me d\u00ebshirat m\u00eb t\u00eb mira q\u00eb 2012-ta t\u2019ju sjell\u00eb plot g\u00ebzime, sh\u00ebndet, mbar\u00ebsi dhe suksese p\u00ebr ju, familjet tuaja dhe t\u00eb gjith\u00eb njer\u00ebzit e vullnetit t\u00eb mir\u00eb.<\/p>\n<!--YouTube Error: bad URL entered-->\n","protected":false},"excerpt":{"rendered":"<p>T\u00eb dashur bashk\u00ebqytetar\u00eb t\u00eb Ulqinit Kryetari i komun\u00ebs s\u00eb Ulqinit z.Nazif Cungu n\u00eb nj\u00eb video mesazh u drejtohet qytetareve duke iu uruar vitin t\u00eb cilin sapo kemi shkelur. \u00cbsht\u00eb \u00e7asti kur me urimet tona m\u00eb t\u00eb p\u00ebrzem\u00ebrta u drejtohemi plot dashuri dhe shpres\u00eb nj\u00ebri-tjetrit! Viti 2012 do t\u00eb jet\u00eb nj\u00eb vit ku ne do t\u00eb [&hellip;]<\/p>\n","protected":false},"author":1,"featured_media":0,"comment_status":"open","ping_status":"closed","sticky":false,"template":"","format":"standard","meta":{"spay_email":"","jetpack_publicize_message":"","jetpack_is_tweetstorm":false,"jetpack_publicize_feature_enabled":true},"categories":[6950,6],"tags":[19754,229,19776],"jetpack_publicize_connections":[],"yoast_head":"<!-- This site is optimized with the Yoast SEO plugin v19.1 - https:\/\/yoast.com\/wordpress\/plugins\/seo\/ -->\n<title>Mesazhi i urimit n\u00eb Video t\u00eb kryetarit Cungu p\u00ebr Vitin e Ri 2012 - Lajme nga Ulqini<\/title>\n<meta name=\"description\" content=\"T\u00eb dashur bashk\u00ebqytetar\u00eb t\u00eb Ulqinit Kryetari i komun\u00ebs s\u00eb Ulqinit z.Nazif Cungu n\u00eb nj\u00eb video mesazh u drejtohet qytetareve duke iu uruar vitin t\u00eb cilin\" \/>\n<meta name=\"robots\" content=\"index, follow, max-snippet:-1, max-image-preview:large, max-video-preview:-1\" \/>\n<link rel=\"canonical\" href=\"https:\/\/www.visit-ulcinj.com\/blog\/2012\/01\/02\/mesazhi-i-urimit-ne-video-te-kryetarit-cungu-per-vitin-e-ri-2012\/\" \/>\n<meta property=\"og:locale\" content=\"en_US\" \/>\n<meta property=\"og:type\" content=\"article\" \/>\n<meta property=\"og:title\" content=\"Mesazhi i urimit n\u00eb Video t\u00eb kryetarit Cungu p\u00ebr Vitin e Ri 2012 - Lajme nga Ulqini\" \/>\n<meta property=\"og:description\" content=\"T\u00eb dashur bashk\u00ebqytetar\u00eb t\u00eb Ulqinit Kryetari i komun\u00ebs s\u00eb Ulqinit z.Nazif Cungu n\u00eb nj\u00eb video mesazh u drejtohet qytetareve duke iu uruar vitin t\u00eb cilin\" \/>\n<meta property=\"og:url\" content=\"https:\/\/www.visit-ulcinj.com\/blog\/2012\/01\/02\/mesazhi-i-urimit-ne-video-te-kryetarit-cungu-per-vitin-e-ri-2012\/\" \/>\n<meta property=\"og:site_name\" content=\"Lajme nga Ulqini\" \/>\n<meta property=\"article:published_time\" content=\"2012-01-02T20:24:05+00:00\" \/>\n<meta property=\"article:modified_time\" content=\"2012-01-03T18:40:07+00:00\" \/>\n<meta property=\"og:image\" content=\"http:\/\/www.visit-ulcinj.com\/blog\/wp-content\/uploads\/2012\/01\/Nazif-Cungu_kryetar-i-komunes-se-Ulqinit_gezuar-vitin-e-ri-2012.jpg\" \/>\n<meta name=\"twitter:label1\" content=\"Written by\" \/>\n\t<meta name=\"twitter:data1\" content=\"ulqini\" \/>\n\t<meta name=\"twitter:label2\" content=\"Est. reading time\" \/>\n\t<meta name=\"twitter:data2\" content=\"1 minute\" \/>\n<script type=\"application\/ld+json\" class=\"yoast-schema-graph\">{\"@context\":\"https:\/\/schema.org\",\"@graph\":[{\"@type\":\"WebSite\",\"@id\":\"https:\/\/www.visit-ulcinj.com\/blog\/#website\",\"url\":\"https:\/\/www.visit-ulcinj.com\/blog\/\",\"name\":\"Lajme nga Ulqini\",\"description\":\"Lajme,Vijesti,Ulqini,Ulqin,Crna Gora,Mali i Zi\",\"potentialAction\":[{\"@type\":\"SearchAction\",\"target\":{\"@type\":\"EntryPoint\",\"urlTemplate\":\"https:\/\/www.visit-ulcinj.com\/blog\/?s={search_term_string}\"},\"query-input\":\"required name=search_term_string\"}],\"inLanguage\":\"en-US\"},{\"@type\":\"ImageObject\",\"inLanguage\":\"en-US\",\"@id\":\"https:\/\/www.visit-ulcinj.com\/blog\/2012\/01\/02\/mesazhi-i-urimit-ne-video-te-kryetarit-cungu-per-vitin-e-ri-2012\/#primaryimage\",\"url\":\"https:\/\/www.visit-ulcinj.com\/blog\/wp-content\/uploads\/2012\/01\/Nazif-Cungu_kryetar-i-komunes-se-Ulqinit_gezuar-vitin-e-ri-2012.jpg\",\"contentUrl\":\"https:\/\/www.visit-ulcinj.com\/blog\/wp-content\/uploads\/2012\/01\/Nazif-Cungu_kryetar-i-komunes-se-Ulqinit_gezuar-vitin-e-ri-2012.jpg\",\"width\":\"508\",\"height\":\"383\"},{\"@type\":\"WebPage\",\"@id\":\"https:\/\/www.visit-ulcinj.com\/blog\/2012\/01\/02\/mesazhi-i-urimit-ne-video-te-kryetarit-cungu-per-vitin-e-ri-2012\/#webpage\",\"url\":\"https:\/\/www.visit-ulcinj.com\/blog\/2012\/01\/02\/mesazhi-i-urimit-ne-video-te-kryetarit-cungu-per-vitin-e-ri-2012\/\",\"name\":\"Mesazhi i urimit n\u00eb Video t\u00eb kryetarit Cungu p\u00ebr Vitin e Ri 2012 - Lajme nga Ulqini\",\"isPartOf\":{\"@id\":\"https:\/\/www.visit-ulcinj.com\/blog\/#website\"},\"primaryImageOfPage\":{\"@id\":\"https:\/\/www.visit-ulcinj.com\/blog\/2012\/01\/02\/mesazhi-i-urimit-ne-video-te-kryetarit-cungu-per-vitin-e-ri-2012\/#primaryimage\"},\"datePublished\":\"2012-01-02T20:24:05+00:00\",\"dateModified\":\"2012-01-03T18:40:07+00:00\",\"author\":{\"@id\":\"https:\/\/www.visit-ulcinj.com\/blog\/#\/schema\/person\/dcab619c614d3038751c63bc2aadc06d\"},\"description\":\"T\u00eb dashur bashk\u00ebqytetar\u00eb t\u00eb Ulqinit Kryetari i komun\u00ebs s\u00eb Ulqinit z.Nazif Cungu n\u00eb nj\u00eb video mesazh u drejtohet qytetareve duke iu uruar vitin t\u00eb cilin\",\"breadcrumb\":{\"@id\":\"https:\/\/www.visit-ulcinj.com\/blog\/2012\/01\/02\/mesazhi-i-urimit-ne-video-te-kryetarit-cungu-per-vitin-e-ri-2012\/#breadcrumb\"},\"inLanguage\":\"en-US\",\"potentialAction\":[{\"@type\":\"ReadAction\",\"target\":[\"https:\/\/www.visit-ulcinj.com\/blog\/2012\/01\/02\/mesazhi-i-urimit-ne-video-te-kryetarit-cungu-per-vitin-e-ri-2012\/\"]}]},{\"@type\":\"BreadcrumbList\",\"@id\":\"https:\/\/www.visit-ulcinj.com\/blog\/2012\/01\/02\/mesazhi-i-urimit-ne-video-te-kryetarit-cungu-per-vitin-e-ri-2012\/#breadcrumb\",\"itemListElement\":[{\"@type\":\"ListItem\",\"position\":1,\"name\":\"Mesazhi i urimit n\u00eb Video t\u00eb kryetarit Cungu p\u00ebr Vitin e Ri 2012\"}]},{\"@type\":\"Person\",\"@id\":\"https:\/\/www.visit-ulcinj.com\/blog\/#\/schema\/person\/dcab619c614d3038751c63bc2aadc06d\",\"name\":\"ulqini\",\"sameAs\":[\"http:\/\/www.visit-ulcinj.com\"],\"url\":\"https:\/\/www.visit-ulcinj.com\/blog\/author\/admin\/\"}]}<\/script>\n<!-- \/ Yoast SEO plugin. -->","yoast_head_json":{"title":"Mesazhi i urimit n\u00eb Video t\u00eb kryetarit Cungu p\u00ebr Vitin e Ri 2012 - Lajme nga Ulqini","description":"T\u00eb dashur bashk\u00ebqytetar\u00eb t\u00eb Ulqinit Kryetari i komun\u00ebs s\u00eb Ulqinit z.Nazif Cungu n\u00eb nj\u00eb video mesazh u drejtohet qytetareve duke iu uruar vitin t\u00eb cilin","robots":{"index":"index","follow":"follow","max-snippet":"max-snippet:-1","max-image-preview":"max-image-preview:large","max-video-preview":"max-video-preview:-1"},"canonical":"https:\/\/www.visit-ulcinj.com\/blog\/2012\/01\/02\/mesazhi-i-urimit-ne-video-te-kryetarit-cungu-per-vitin-e-ri-2012\/","og_locale":"en_US","og_type":"article","og_title":"Mesazhi i urimit n\u00eb Video t\u00eb kryetarit Cungu p\u00ebr Vitin e Ri 2012 - Lajme nga Ulqini","og_description":"T\u00eb dashur bashk\u00ebqytetar\u00eb t\u00eb Ulqinit Kryetari i komun\u00ebs s\u00eb Ulqinit z.Nazif Cungu n\u00eb nj\u00eb video mesazh u drejtohet qytetareve duke iu uruar vitin t\u00eb cilin","og_url":"https:\/\/www.visit-ulcinj.com\/blog\/2012\/01\/02\/mesazhi-i-urimit-ne-video-te-kryetarit-cungu-per-vitin-e-ri-2012\/","og_site_name":"Lajme nga Ulqini","article_published_time":"2012-01-02T20:24:05+00:00","article_modified_time":"2012-01-03T18:40:07+00:00","og_image":[{"url":"http:\/\/www.visit-ulcinj.com\/blog\/wp-content\/uploads\/2012\/01\/Nazif-Cungu_kryetar-i-komunes-se-Ulqinit_gezuar-vitin-e-ri-2012.jpg"}],"twitter_misc":{"Written by":"ulqini","Est. reading time":"1 minute"},"schema":{"@context":"https:\/\/schema.org","@graph":[{"@type":"WebSite","@id":"https:\/\/www.visit-ulcinj.com\/blog\/#website","url":"https:\/\/www.visit-ulcinj.com\/blog\/","name":"Lajme nga Ulqini","description":"Lajme,Vijesti,Ulqini,Ulqin,Crna Gora,Mali i Zi","potentialAction":[{"@type":"SearchAction","target":{"@type":"EntryPoint","urlTemplate":"https:\/\/www.visit-ulcinj.com\/blog\/?s={search_term_string}"},"query-input":"required name=search_term_string"}],"inLanguage":"en-US"},{"@type":"ImageObject","inLanguage":"en-US","@id":"https:\/\/www.visit-ulcinj.com\/blog\/2012\/01\/02\/mesazhi-i-urimit-ne-video-te-kryetarit-cungu-per-vitin-e-ri-2012\/#primaryimage","url":"https:\/\/www.visit-ulcinj.com\/blog\/wp-content\/uploads\/2012\/01\/Nazif-Cungu_kryetar-i-komunes-se-Ulqinit_gezuar-vitin-e-ri-2012.jpg","contentUrl":"https:\/\/www.visit-ulcinj.com\/blog\/wp-content\/uploads\/2012\/01\/Nazif-Cungu_kryetar-i-komunes-se-Ulqinit_gezuar-vitin-e-ri-2012.jpg","width":"508","height":"383"},{"@type":"WebPage","@id":"https:\/\/www.visit-ulcinj.com\/blog\/2012\/01\/02\/mesazhi-i-urimit-ne-video-te-kryetarit-cungu-per-vitin-e-ri-2012\/#webpage","url":"https:\/\/www.visit-ulcinj.com\/blog\/2012\/01\/02\/mesazhi-i-urimit-ne-video-te-kryetarit-cungu-per-vitin-e-ri-2012\/","name":"Mesazhi i urimit n\u00eb Video t\u00eb kryetarit Cungu p\u00ebr Vitin e Ri 2012 - Lajme nga Ulqini","isPartOf":{"@id":"https:\/\/www.visit-ulcinj.com\/blog\/#website"},"primaryImageOfPage":{"@id":"https:\/\/www.visit-ulcinj.com\/blog\/2012\/01\/02\/mesazhi-i-urimit-ne-video-te-kryetarit-cungu-per-vitin-e-ri-2012\/#primaryimage"},"datePublished":"2012-01-02T20:24:05+00:00","dateModified":"2012-01-03T18:40:07+00:00","author":{"@id":"https:\/\/www.visit-ulcinj.com\/blog\/#\/schema\/person\/dcab619c614d3038751c63bc2aadc06d"},"description":"T\u00eb dashur bashk\u00ebqytetar\u00eb t\u00eb Ulqinit Kryetari i komun\u00ebs s\u00eb Ulqinit z.Nazif Cungu n\u00eb nj\u00eb video mesazh u drejtohet qytetareve duke iu uruar vitin t\u00eb cilin","breadcrumb":{"@id":"https:\/\/www.visit-ulcinj.com\/blog\/2012\/01\/02\/mesazhi-i-urimit-ne-video-te-kryetarit-cungu-per-vitin-e-ri-2012\/#breadcrumb"},"inLanguage":"en-US","potentialAction":[{"@type":"ReadAction","target":["https:\/\/www.visit-ulcinj.com\/blog\/2012\/01\/02\/mesazhi-i-urimit-ne-video-te-kryetarit-cungu-per-vitin-e-ri-2012\/"]}]},{"@type":"BreadcrumbList","@id":"https:\/\/www.visit-ulcinj.com\/blog\/2012\/01\/02\/mesazhi-i-urimit-ne-video-te-kryetarit-cungu-per-vitin-e-ri-2012\/#breadcrumb","itemListElement":[{"@type":"ListItem","position":1,"name":"Mesazhi i urimit n\u00eb Video t\u00eb kryetarit Cungu p\u00ebr Vitin e Ri 2012"}]},{"@type":"Person","@id":"https:\/\/www.visit-ulcinj.com\/blog\/#\/schema\/person\/dcab619c614d3038751c63bc2aadc06d","name":"ulqini","sameAs":["http:\/\/www.visit-ulcinj.com"],"url":"https:\/\/www.visit-ulcinj.com\/blog\/author\/admin\/"}]}},"jetpack_featured_media_url":"","jetpack_sharing_enabled":true,"jetpack_shortlink":"https:\/\/wp.me\/pe6lTn-epS","_links":{"self":[{"href":"https:\/\/www.visit-ulcinj.com\/blog\/wp-json\/wp\/v2\/posts\/55420"}],"collection":[{"href":"https:\/\/www.visit-ulcinj.com\/blog\/wp-json\/wp\/v2\/posts"}],"about":[{"href":"https:\/\/www.visit-ulcinj.com\/blog\/wp-json\/wp\/v2\/types\/post"}],"author":[{"embeddable":true,"href":"https:\/\/www.visit-ulcinj.com\/blog\/wp-json\/wp\/v2\/users\/1"}],"replies":[{"embeddable":true,"href":"https:\/\/www.visit-ulcinj.com\/blog\/wp-json\/wp\/v2\/comments?post=55420"}],"version-history":[{"count":2,"href":"https:\/\/www.visit-ulcinj.com\/blog\/wp-json\/wp\/v2\/posts\/55420\/revisions"}],"predecessor-version":[{"id":55445,"href":"https:\/\/www.visit-ulcinj.com\/blog\/wp-json\/wp\/v2\/posts\/55420\/revisions\/55445"}],"wp:attachment":[{"href":"https:\/\/www.visit-ulcinj.com\/blog\/wp-json\/wp\/v2\/media?parent=55420"}],"wp:term":[{"taxonomy":"category","embeddable":true,"href":"https:\/\/www.visit-ulcinj.com\/blog\/wp-json\/wp\/v2\/categories?post=55420"},{"taxonomy":"post_tag","embeddable":true,"href":"https:\/\/www.visit-ulcinj.com\/blog\/wp-json\/wp\/v2\/tags?post=55420"}],"curies":[{"name":"wp","href":"https:\/\/api.w.org\/{rel}","templated":true}]}}