{"id":55432,"date":"2012-01-03T13:08:15","date_gmt":"2012-01-03T12:08:15","guid":{"rendered":"http:\/\/www.visit-ulcinj.com\/blog\/?p=55432"},"modified":"2012-01-06T09:48:18","modified_gmt":"2012-01-06T08:48:18","slug":"in-memoriam-dr-beni-nje-jete-humanisti-e-shuar-para-kohe","status":"publish","type":"post","link":"https:\/\/www.visit-ulcinj.com\/blog\/2012\/01\/03\/in-memoriam-dr-beni-nje-jete-humanisti-e-shuar-para-kohe\/","title":{"rendered":"IN MEMORIAM: Dr Beni, nj\u00eb jet\u00eb humanisti e shuar para kohe"},"content":{"rendered":"<p><a href=\"http:\/\/www.visit-ulcinj.com\/blog\/wp-content\/uploads\/2012\/01\/dr-arben-kurti-ulqin.jpg\"><img loading=\"lazy\" class=\"alignleft size-full wp-image-55433\" title=\"dr arben kurti ulqin\" src=\"http:\/\/www.visit-ulcinj.com\/blog\/wp-content\/uploads\/2012\/01\/dr-arben-kurti-ulqin.jpg\" alt=\"\" width=\"301\" height=\"376\" srcset=\"https:\/\/www.visit-ulcinj.com\/blog\/wp-content\/uploads\/2012\/01\/dr-arben-kurti-ulqin.jpg 301w, https:\/\/www.visit-ulcinj.com\/blog\/wp-content\/uploads\/2012\/01\/dr-arben-kurti-ulqin-240x300.jpg 240w\" sizes=\"(max-width: 301px) 100vw, 301px\" \/><\/a>Dashuria p\u00ebr jet\u00ebn dhe f\u00ebmij\u00ebt, sinqeriteti dhe m\u00ebnyra e ve\u00e7ant\u00eb e komunikimit dhe humanizmi e b\u00ebn\u00eb Dr. Arbenin nj\u00eb figur\u00eb t\u00eb dashur\u00a0 e t\u00eb respektuar tek f\u00ebmij\u00ebt dhe prind\u00ebrit e tyre. Autoriteti i tij bind\u00ebs, profili\u00a0 human dhe shpirt\u00ebrisht i pasur, filozofia e tij e jet\u00ebs, kultura e gj\u00ebr\u00eb, personaliteti i tij imponues, duke ushtruar nj\u00eb p\u00ebrshtypje t\u00eb thell\u00eb hap\u00ebn nj\u00eb brazd\u00eb gjurm\u00ebl\u00ebn\u00ebse ndikimi n\u00eb nd\u00ebrgjegjen e t\u00eb gjith\u00eb koleg\u00ebve q\u00eb e njoh\u00ebn\u00a0 dhe me t\u00eb cil\u00ebt punoi.<\/p>\n<p><strong>Shkruar nga Gjek\u00eb\u00a0 Gjonaj <\/strong><\/p>\n<p><strong>Dhimbje e lot <\/strong><br \/>\nDit\u00eb\u00a0 e kobshme ishte\u00a0 3 janari i vitit 2009 p\u00ebr familjen\u00a0 e Abdullah Kurtit, me prejardhje nga Sukubina n\u00eb An\u00eb t\u00eb Malit\u00a0 e cila jeton\u00a0 n\u00eb Ulqin. N\u00eb mosh\u00ebn 29 vje\u00e7are,\u00a0 u shua para kohe jeta e djalit t\u00eb tyre, Dr. Arbenit. Lajm rr\u00ebnqeth\u00ebs, por edhe mjaft prek\u00ebs p\u00ebr t\u00eb gjith\u00eb. U nda p\u00ebrgjithmon\u00eb nga jeta n\u00eb lulen e rinis\u00eb f\u00ebmija dhe g\u00ebzimi i par\u00eb i familjes Kurti. Kjo ndodhi\u00a0\u00a0 n\u00eb koh\u00ebn kur\u00a0 babai Abdullahi e n\u00ebna\u00a0 Meleqe, me profesion\u00a0 arsimtar\u00eb,\u00a0 motra\u00a0 Ardita,\u00a0 profesoresh\u00eb e gjuh\u00ebs angleze dhe v\u00ebllai Florini, stomatolog,\u00a0 prisnin\u00a0 q\u00eb Dr. Arbeni\u00a0 t\u00eb martohej, t\u00eb krijoj\u00eb familje, t\u00eb shijoj\u00eb dashurin\u00eb prind\u00ebrore dhe t\u00eb k\u00ebnaqeshin bashk\u00ebrisht m\u00eb f\u00ebmij\u00ebt e tij, ashtu si\u00e7\u00a0\u00a0 k\u00ebnaqej\u00a0\u00a0 djali dhe v\u00ebllai\u00a0 i tyre tashm\u00eb i ndjer\u00eb me pacient\u00ebt e vegj\u00ebl pa dallim se t\u00eb kujt ishin dhe nga ishin. Por fati i hidhur\u00a0\u00a0 deshi q\u00eb p\u00ebr nj\u00eb \u00e7ast lot\u00ebt e g\u00ebzimit t\u00eb k\u00ebsaj familje\u00a0 t\u00eb shnd\u00ebrrohen n\u00eb lot pik\u00ebllimi.<\/p>\n<p><strong>Kush ishte Dr. Arben Kurti? <\/strong><br \/>\nLindi m\u00eb\u00a0 2 korrik 1979 n\u00eb Tivar. Shkoll\u00ebn fillore dhe t\u00eb mesme e kreu n\u00eb Ulqin me sukses shembullor. P\u00ebr\u00a0 Dr. Arbenin\u00a0 shkolla e mesme\u00a0 nuk ishte mjaft. Ai deshi talentin e tij ta rrumbullak\u00ebsoi me nj\u00eb shkollim sip\u00ebror. Zgjodhi\u00a0 Universitetin e Tiran\u00ebs,\u00a0 ku me sukses t\u00eb lart\u00eb, n\u00eb vitin 2003, i p\u00ebrfundoi studimet\u00a0 pran\u00eb Fakultetit t\u00eb Mjek\u00ebsis\u00eb, dega Mjek\u00ebsi e P\u00ebrgjithshme. N\u00eb Sht\u00ebpin\u00eb\u00a0 e Sh\u00ebndetit n\u00eb Ulqin vjen\u00a0 menj\u00ebher\u00eb pas diplomimit dhe fillon pun\u00ebn n\u00eb praktik\u00ebn e obliguar gjasht\u00ebmujore, kurse pjes\u00ebn tjet\u00ebr t\u00eb stazhit mjek\u00ebsor e mbaron n\u00eb Spitalin Rajonal t\u00eb Tivarit, ku dhe merr vendimin si pun\u00ebtor i p\u00ebrhersh\u00ebm.Gjat\u00eb pun\u00ebs s\u00eb tij n\u00eb k\u00ebt\u00eb spital v\u00ebrehet nga udh\u00ebheq\u00ebsia si\u00a0 mjek me\u00a0 kualitete t\u00eb ve\u00e7anta dhe i ndahet specializimi\u00a0 i Pediatris\u00eb. Vazhdon pun\u00ebn n\u00eb repartin p\u00ebr s\u00ebmundjet\u00a0 e f\u00ebmij\u00ebve n\u00eb Tivar n\u00ebn\u00a0 mentoritetin e Dr.Rexhep Spuzh\u00ebs. Q\u00ebllimi i tij madhor ishte q\u00eb n\u00eb k\u00ebt\u00eb m\u00ebnyr\u00eb t\u00eb jet\u00eb ur\u00eb\u00a0 lidh\u00ebse nd\u00ebrmjet\u00a0 pacient\u00ebve dhe\u00a0 institucioneve sh\u00ebndet\u00ebsore t\u00eb Tivarit dhe Ulqinit. Ka sh\u00ebrbyer edhe n\u00eb Qendr\u00ebn Klinike t\u00eb Podgoric\u00ebs dhe t\u00eb Beogradit. Nd\u00ebrroi jet\u00eb n\u00eb sht\u00ebpin\u00eb e tij n\u00eb Ulqin n\u00eb vitin e fundit t\u00eb specializimit t\u00eb tij n\u00eb Beograd. Dr. Arben\u00a0 Kurti ishte dhe mbetet p\u00ebr\u00a0 familjen time nj\u00eb figur\u00eb me vler\u00eb si njeri n\u00eb radh\u00eb t\u00eb par\u00eb e pastaj si mjek. Dua\u00a0 ta fal\u00ebnderoj me gjith\u00eb zem\u00ebr doktor\u00a0 Benin me k\u00ebt\u00eb shkrim p\u00ebrkujtimor p\u00ebr kujdesin q\u00eb i\u00a0 ka dhuruar djalit ton\u00eb t\u00eb vet\u00ebm Rajmondit, n\u00eb koh\u00ebn kur kurohej n\u00eb spitalin e Tivarit. Rrinte me or\u00eb t\u00eb t\u00ebra\u00a0 i shqet\u00ebsuar pran\u00eb djalit ton\u00eb dhe p\u00ebrmes telefonit na jepte informacione t\u00eb nj\u00ebpasnj\u00ebshme p\u00ebr sh\u00ebndetin e tij,\u00a0 duke u b\u00ebr\u00eb n\u00eb k\u00ebt\u00eb m\u00ebnyr\u00eb miku yn\u00eb familjar. Mjeku i ri i apasionuar mbi t\u00eb gjitha ishte\u00a0 nj\u00eb person q\u00eb g\u00ebzonte admirimin dhe dashurin\u00eb jo vet\u00ebm t\u00eb familjes sime\u00a0 por t\u00eb gjith\u00eb pacient\u00ebve t\u00eb tij. Krahas p\u00ebrkujdesjes s\u00eb sinqert\u00eb p\u00ebr sh\u00ebndetin e pacient\u00ebve ( f\u00ebmij\u00ebve)\u00a0 gjente koh\u00eb t\u00eb bisedonte me ta. Dashuria p\u00ebr jet\u00ebn dhe f\u00ebmij\u00ebt, sinqeriteti dhe m\u00ebnyra e ve\u00e7ant\u00eb e komunikimit e b\u00ebn\u00eb Dr. Arbenin nj\u00eb nga figurat m\u00eb t\u00eb dashura e t\u00eb respektuara t\u00eb f\u00ebmij\u00ebve dhe t\u00eb prind\u00ebrve t\u00eb tyre. Ishte mjaft fleksib\u00ebl, person q\u00eb hyri padiktuesh\u00ebm n\u00eb zemra njer\u00ebzish dhe krijoi shoq\u00ebri. Ishte njeri goj\u00ebmb\u00ebl, i thjesht\u00eb, gazmor dhe nj\u00eb mjek\u00a0 i shk\u00eblqyer. Puna dhe vet\u00ebm puna ishte frym\u00ebzimi kryesor i jet\u00ebs s\u00eb tij. P\u00ebrkushtimi ndaj pun\u00ebs, pasioni i rrall\u00eb p\u00ebr profesionin dhe dashuria e madhe p\u00ebr f\u00ebmij\u00ebt\u00a0 e b\u00ebn\u00eb at\u00eb nj\u00eb mjek t\u00eb dashur e t\u00eb preferuar. Nga duart e tij u vizituan dhe u kuruan\u00a0 me qindra pacient\u00eb \u2013 f\u00ebmij\u00eb t\u00eb grupmoshave t\u00eb ndryshme. Dhe pothuajse t\u00eb gjith\u00ebve u dha m\u00eb shum\u00eb jet\u00eb, m\u00eb shum\u00eb gaz e\u00a0 buz\u00ebqeshje. Spikati sidomos ne lidhjet qe krijonte\u00a0 me\u00a0 f\u00ebmij\u00ebt dhe n\u00eb q\u00ebndrimin pa kurr\u00ebfar\u00eb distance q\u00eb mbante me koleg\u00ebt, me infermier\u00ebt, madje edhe me sanitar\u00ebt.<\/p>\n<p><strong>Dr. Arbeni n\u00eb\u00a0 kujtimet e koleg\u00ebve <\/strong><br \/>\nZemra e madhe e k\u00ebtij\u00a0 mjeku t\u00eb ri\u00a0 t\u00ebrhoqi admirimin e t\u00eb\u00a0 gjith\u00eb atyre q\u00eb e njoh\u00ebn. Autoriteti i tij bind\u00ebs, profili\u00a0 human dhe shpirt\u00ebrisht i pasur, filozofia e tij e jet\u00ebs, kultura e gjer\u00eb, personaliteti i tij imponues, duke ushtruar nj\u00eb p\u00ebrshtypje t\u00eb thell\u00eb hap\u00ebn nj\u00eb brazd\u00eb gjurm\u00ebl\u00ebn\u00ebse ndikimi n\u00eb nd\u00ebrgjegjen e t\u00eb gjith\u00eb koleg\u00ebve q\u00eb e njoh\u00ebn\u00a0 dhe me t\u00eb cil\u00ebt punoi. N\u00eb mbledhjen p\u00ebrkujtimore t\u00eb organizuar\u00a0 nga Spitali i Tivarit dhe Sht\u00ebpia e Sh\u00ebndetit n\u00eb Ulqin, m\u00eb 3 janar 2009 , Dr. Rexhep Spuzha , n\u00eb mes tjerash\u00a0 tha:\u00a0 \u201d Dr.Beni ka pasur dashuri t\u00eb madhe\u00a0 p\u00ebr pediatrin\u00eb. F\u00ebmij\u00ebt e kan\u00eb dashur shum\u00eb. Kur\u00a0 ishte n\u00eb mesin e tyre, ata\u00a0 gjithmon\u00eb e prisnin me\u00a0 buz\u00ebqeshje\u201d. Edhe drejtori i Spitalit t\u00eb Tivarit Dr. Zoran S\u00ebrzentiq gjat\u00eb fjalimit, n\u00eb mes tjerash, u shpreh: \u201dDr. Beni ka qen\u00eb nj\u00eb kuad\u00ebr me perspektiv\u00eb t\u00eb madhe. Un\u00eb n\u00eb Benin\u00a0 kam par\u00eb\u00a0 kryeshefin e ardhsh\u00ebm t\u00eb pediatris\u00eb n\u00eb spitalin ton\u00eb\u201d. Nd\u00ebrsa drejtori i Sht\u00ebpis\u00eb s\u00eb Sh\u00ebndetit n\u00eb Ulqin, Prim. Dr. Gani Karamanaga, nd\u00ebr t\u00eb tjera theksoi : \u201cT\u00eb b\u00ebhesh mjek nuk \u00ebsht\u00eb aspak e leht\u00eb, shkollimi \u00ebsht\u00eb i v\u00ebshtir\u00eb dhe i gjat\u00eb. Familja e prof. Abdullah Kurtit me mund\u00ebsi materiale t\u00eb kufizuara, ka b\u00ebr\u00eb shum\u00eb p\u00ebr shkollimin dhe edukimin e\u00a0 f\u00ebmij\u00ebve t\u00eb tyre. Humbja e Dr. Arben Abdullah Kurtit, \u00ebsht\u00eb e paz\u00ebvend\u00ebsueshme p\u00ebr sh\u00ebndet\u00ebsin\u00eb e rajonit\u00a0 Tivar-Ulqin, nj\u00eb dhembje e madhe, jo vet\u00ebm p\u00ebr familjen e tij, por edhe p\u00ebr t\u00eb gjith\u00eb popullat\u00ebn ton\u00eb\u201d.<\/p>\n<p><strong>Besimtar i devotsh\u00ebm<\/strong><br \/>\nDr. Arben Kurti krahas pun\u00ebs si mjek shquhet edhe si besimtar i devotsh\u00ebm. N\u00eb\u00a0 mosh\u00ebn 24- vje\u00e7are kreu nj\u00eb prej obligimeve fetare-Haxhin . Mori pjes\u00eb n\u00eb realizimin e librit \u201dUdh\u00ebtim i shkurt\u00ebr n\u00ebp\u00ebr qenien njer\u00ebzore\u201d me tem\u00ebn: \u201dKumtes\u00eb\u00a0 mbi disa \u00e7\u00ebshtje t\u00eb p\u00ebrkufizimit t\u00eb embrionit n\u00eb Kur`an\u201d, botuar n\u00eb Tiran\u00eb n\u00eb prill t\u00eb vitit 2003.Promovimi i k\u00ebtij libri u b\u00eb edhe n\u00eb Ulqin, n\u00eb sall\u00ebn e madhe t\u00eb Kuvendit Komunal,\u00a0 n\u00eb simpoziumin mjek\u00ebsor me t\u00eb nj\u00ebjtin titull, ku mor\u00ebn pjes\u00eb, prij\u00ebs fetar, mjek\u00eb, specialist\u00eb nga Ulqini, Shkodra dhe Tirana si dhe qytetar\u00eb t\u00eb shumt\u00eb t\u00eb Ulqinit, q\u00eb u organizua nga Bashk\u00ebsia Islame e Ulqinit dhe Shoqata Mjeko-Sociale \u201cHorizontet e dijes\u201d nga Tirana. Kjo e fundit u themelua\u00a0 me iniciativ\u00ebn e Dr. Arben Kurtit, me q\u00ebllim bashkimin e student\u00ebve nga t\u00eb gjitha trojet shqiptare q\u00eb studionin n\u00eb Tiran\u00eb.<\/p>\n<p><strong>Lamtumira e fundit<\/strong><br \/>\nM\u00eb\u00a0 4 janar 2009\u00a0 Ulqini u nda nga nj\u00eb intelektual fisnik, nga nj\u00eb mjek i ri me shum\u00eb perspektiv\u00eb. N\u00eb sht\u00ebpin\u00eb e Abdullah Kurtit heshtje e r\u00ebnd\u00eb. P\u00ebrmallim ky q\u00eb t\u00eb djeg n\u00eb shpirt, q\u00eb ta z\u00eb frym\u00ebn dhe t\u00eb b\u00ebn t\u00eb pyes\u00ebsh: Si q\u00ebndrojn\u00eb prind\u00ebrit e ngrat\u00eb? Por n\u00eb raste t\u00eb v\u00ebshtira verifikohen burrat. Turma njer\u00ebzish\u00a0 at\u00eb dit\u00eb vaji e mall\u00ebngjimi\u00a0 ua shtrijn\u00eb dor\u00ebn e ngush\u00ebllimit familjar\u00ebve. Prind\u00ebrit e Dr. Arbenit mundohen t\u00eb b\u00ebjn\u00eb gajret, nd\u00ebrsa n\u00eb fytyrat e v\u00ebllait dhe motr\u00ebs v\u00ebrehen lot\u00ebt e pik\u00ebllimit e t\u00eb dhimbjes. E kuptoj dhimbjen e tyre, nga q\u00eb edhe un\u00eb b\u00ebj\u00eb pjes\u00eb n\u00eb grupin e atyre prind\u00ebrve q\u00eb p\u00ebrcoll\u00ebn n\u00eb amshim f\u00ebmiun e vet t\u00eb par\u00eb. Le t\u00eb prehet n\u00eb paqe shpirti i mjekut e humanistit t\u00eb ri Arben Kurti. I paharruar qoft\u00eb emri i tij. E paharruar qoft\u00eb vepra e tij prej\u00a0 intelektuali.<\/p>\n<!--YouTube Error: bad URL entered-->\n<p>&nbsp;<\/p>\n","protected":false},"excerpt":{"rendered":"<p>Dashuria p\u00ebr jet\u00ebn dhe f\u00ebmij\u00ebt, sinqeriteti dhe m\u00ebnyra e ve\u00e7ant\u00eb e komunikimit dhe humanizmi e b\u00ebn\u00eb Dr. Arbenin nj\u00eb figur\u00eb t\u00eb dashur\u00a0 e t\u00eb respektuar tek f\u00ebmij\u00ebt dhe prind\u00ebrit e tyre. Autoriteti i tij bind\u00ebs, profili\u00a0 human dhe shpirt\u00ebrisht i pasur, filozofia e tij e jet\u00ebs, kultura e gj\u00ebr\u00eb, personaliteti i tij imponues, duke ushtruar [&hellip;]<\/p>\n","protected":false},"author":1,"featured_media":0,"comment_status":"open","ping_status":"closed","sticky":false,"template":"","format":"standard","meta":{"spay_email":"","jetpack_publicize_message":"","jetpack_is_tweetstorm":false,"jetpack_publicize_feature_enabled":true},"categories":[8],"tags":[14351,17828,17834,18370,17811,14352,17831,18362,15136,14353,17808,17401,14354,12340,14355,17840,17839,18363,19585,17835,17814,17810,17816,14356,17071,17807,3730,3516,5929,14652,3511,15139,17837,17827,10203,14358,222,17802,17812,17803,17820,17825,17817,17805,22011,305,19584,17823,17832,19586,14359,3506,17818,3499,214,17680,14360,14361,16210,17402,14362,19541,14363,18371,194,19501,3507,17800,498,3717,3500,1762,4625,115,14364,22008,17799,3327,15140,17841,17826,15213,18236,13230,3512,17806,729,11648,18289,17838,95,19583,17813,19587,17804,14365,15141,17836,14366,79,17073,18369,1653,1909,17815,14367,17801,18360,19543,17822,14368,14369,19542,17824,14370,18291,10472,2083,3231,14371,41,3617,15143,14372,14373,14374,17844,17821,18372,17830,17077,2800,18295,14375,17833,17829,899,200,18,17819,17809,14376],"jetpack_publicize_connections":[],"yoast_head":"<!-- This site is optimized with the Yoast SEO plugin v19.1 - https:\/\/yoast.com\/wordpress\/plugins\/seo\/ -->\n<title>IN MEMORIAM: Dr Beni, nj\u00eb jet\u00eb humanisti e shuar para kohe - Lajme nga Ulqini<\/title>\n<meta name=\"description\" content=\"Dashuria p\u00ebr jet\u00ebn dhe f\u00ebmij\u00ebt, sinqeriteti dhe m\u00ebnyra e ve\u00e7ant\u00eb e komunikimit dhe humanizmi e b\u00ebn\u00eb Dr. Arbenin nj\u00eb figur\u00eb t\u00eb dashur\u00a0 e t\u00eb respektuar tek\" \/>\n<meta name=\"robots\" content=\"index, follow, max-snippet:-1, max-image-preview:large, max-video-preview:-1\" \/>\n<link rel=\"canonical\" href=\"https:\/\/www.visit-ulcinj.com\/blog\/2012\/01\/03\/in-memoriam-dr-beni-nje-jete-humanisti-e-shuar-para-kohe\/\" \/>\n<meta property=\"og:locale\" content=\"en_US\" \/>\n<meta property=\"og:type\" content=\"article\" \/>\n<meta property=\"og:title\" content=\"IN MEMORIAM: Dr Beni, nj\u00eb jet\u00eb humanisti e shuar para kohe - Lajme nga Ulqini\" \/>\n<meta property=\"og:description\" content=\"Dashuria p\u00ebr jet\u00ebn dhe f\u00ebmij\u00ebt, sinqeriteti dhe m\u00ebnyra e ve\u00e7ant\u00eb e komunikimit dhe humanizmi e b\u00ebn\u00eb Dr. Arbenin nj\u00eb figur\u00eb t\u00eb dashur\u00a0 e t\u00eb respektuar tek\" \/>\n<meta property=\"og:url\" content=\"https:\/\/www.visit-ulcinj.com\/blog\/2012\/01\/03\/in-memoriam-dr-beni-nje-jete-humanisti-e-shuar-para-kohe\/\" \/>\n<meta property=\"og:site_name\" content=\"Lajme nga Ulqini\" \/>\n<meta property=\"article:published_time\" content=\"2012-01-03T12:08:15+00:00\" \/>\n<meta property=\"article:modified_time\" content=\"2012-01-06T08:48:18+00:00\" \/>\n<meta property=\"og:image\" content=\"http:\/\/www.visit-ulcinj.com\/blog\/wp-content\/uploads\/2012\/01\/dr-arben-kurti-ulqin.jpg\" \/>\n<meta name=\"twitter:label1\" content=\"Written by\" \/>\n\t<meta name=\"twitter:data1\" content=\"ulqini\" \/>\n\t<meta name=\"twitter:label2\" content=\"Est. reading time\" \/>\n\t<meta name=\"twitter:data2\" content=\"8 minutes\" \/>\n<script type=\"application\/ld+json\" class=\"yoast-schema-graph\">{\"@context\":\"https:\/\/schema.org\",\"@graph\":[{\"@type\":\"WebSite\",\"@id\":\"https:\/\/www.visit-ulcinj.com\/blog\/#website\",\"url\":\"https:\/\/www.visit-ulcinj.com\/blog\/\",\"name\":\"Lajme nga Ulqini\",\"description\":\"Lajme,Vijesti,Ulqini,Ulqin,Crna Gora,Mali i Zi\",\"potentialAction\":[{\"@type\":\"SearchAction\",\"target\":{\"@type\":\"EntryPoint\",\"urlTemplate\":\"https:\/\/www.visit-ulcinj.com\/blog\/?s={search_term_string}\"},\"query-input\":\"required name=search_term_string\"}],\"inLanguage\":\"en-US\"},{\"@type\":\"ImageObject\",\"inLanguage\":\"en-US\",\"@id\":\"https:\/\/www.visit-ulcinj.com\/blog\/2012\/01\/03\/in-memoriam-dr-beni-nje-jete-humanisti-e-shuar-para-kohe\/#primaryimage\",\"url\":\"https:\/\/www.visit-ulcinj.com\/blog\/wp-content\/uploads\/2012\/01\/dr-arben-kurti-ulqin.jpg\",\"contentUrl\":\"https:\/\/www.visit-ulcinj.com\/blog\/wp-content\/uploads\/2012\/01\/dr-arben-kurti-ulqin.jpg\",\"width\":\"301\",\"height\":\"376\"},{\"@type\":\"WebPage\",\"@id\":\"https:\/\/www.visit-ulcinj.com\/blog\/2012\/01\/03\/in-memoriam-dr-beni-nje-jete-humanisti-e-shuar-para-kohe\/#webpage\",\"url\":\"https:\/\/www.visit-ulcinj.com\/blog\/2012\/01\/03\/in-memoriam-dr-beni-nje-jete-humanisti-e-shuar-para-kohe\/\",\"name\":\"IN MEMORIAM: Dr Beni, nj\u00eb jet\u00eb humanisti e shuar para kohe - Lajme nga Ulqini\",\"isPartOf\":{\"@id\":\"https:\/\/www.visit-ulcinj.com\/blog\/#website\"},\"primaryImageOfPage\":{\"@id\":\"https:\/\/www.visit-ulcinj.com\/blog\/2012\/01\/03\/in-memoriam-dr-beni-nje-jete-humanisti-e-shuar-para-kohe\/#primaryimage\"},\"datePublished\":\"2012-01-03T12:08:15+00:00\",\"dateModified\":\"2012-01-06T08:48:18+00:00\",\"author\":{\"@id\":\"https:\/\/www.visit-ulcinj.com\/blog\/#\/schema\/person\/dcab619c614d3038751c63bc2aadc06d\"},\"description\":\"Dashuria p\u00ebr jet\u00ebn dhe f\u00ebmij\u00ebt, sinqeriteti dhe m\u00ebnyra e ve\u00e7ant\u00eb e komunikimit dhe humanizmi e b\u00ebn\u00eb Dr. Arbenin nj\u00eb figur\u00eb t\u00eb dashur\u00a0 e t\u00eb respektuar tek\",\"breadcrumb\":{\"@id\":\"https:\/\/www.visit-ulcinj.com\/blog\/2012\/01\/03\/in-memoriam-dr-beni-nje-jete-humanisti-e-shuar-para-kohe\/#breadcrumb\"},\"inLanguage\":\"en-US\",\"potentialAction\":[{\"@type\":\"ReadAction\",\"target\":[\"https:\/\/www.visit-ulcinj.com\/blog\/2012\/01\/03\/in-memoriam-dr-beni-nje-jete-humanisti-e-shuar-para-kohe\/\"]}]},{\"@type\":\"BreadcrumbList\",\"@id\":\"https:\/\/www.visit-ulcinj.com\/blog\/2012\/01\/03\/in-memoriam-dr-beni-nje-jete-humanisti-e-shuar-para-kohe\/#breadcrumb\",\"itemListElement\":[{\"@type\":\"ListItem\",\"position\":1,\"name\":\"IN MEMORIAM: Dr Beni, nj\u00eb jet\u00eb humanisti e shuar para kohe\"}]},{\"@type\":\"Person\",\"@id\":\"https:\/\/www.visit-ulcinj.com\/blog\/#\/schema\/person\/dcab619c614d3038751c63bc2aadc06d\",\"name\":\"ulqini\",\"sameAs\":[\"http:\/\/www.visit-ulcinj.com\"],\"url\":\"https:\/\/www.visit-ulcinj.com\/blog\/author\/admin\/\"}]}<\/script>\n<!-- \/ Yoast SEO plugin. -->","yoast_head_json":{"title":"IN MEMORIAM: Dr Beni, nj\u00eb jet\u00eb humanisti e shuar para kohe - Lajme nga Ulqini","description":"Dashuria p\u00ebr jet\u00ebn dhe f\u00ebmij\u00ebt, sinqeriteti dhe m\u00ebnyra e ve\u00e7ant\u00eb e komunikimit dhe humanizmi e b\u00ebn\u00eb Dr. Arbenin nj\u00eb figur\u00eb t\u00eb dashur\u00a0 e t\u00eb respektuar tek","robots":{"index":"index","follow":"follow","max-snippet":"max-snippet:-1","max-image-preview":"max-image-preview:large","max-video-preview":"max-video-preview:-1"},"canonical":"https:\/\/www.visit-ulcinj.com\/blog\/2012\/01\/03\/in-memoriam-dr-beni-nje-jete-humanisti-e-shuar-para-kohe\/","og_locale":"en_US","og_type":"article","og_title":"IN MEMORIAM: Dr Beni, nj\u00eb jet\u00eb humanisti e shuar para kohe - Lajme nga Ulqini","og_description":"Dashuria p\u00ebr jet\u00ebn dhe f\u00ebmij\u00ebt, sinqeriteti dhe m\u00ebnyra e ve\u00e7ant\u00eb e komunikimit dhe humanizmi e b\u00ebn\u00eb Dr. Arbenin nj\u00eb figur\u00eb t\u00eb dashur\u00a0 e t\u00eb respektuar tek","og_url":"https:\/\/www.visit-ulcinj.com\/blog\/2012\/01\/03\/in-memoriam-dr-beni-nje-jete-humanisti-e-shuar-para-kohe\/","og_site_name":"Lajme nga Ulqini","article_published_time":"2012-01-03T12:08:15+00:00","article_modified_time":"2012-01-06T08:48:18+00:00","og_image":[{"url":"http:\/\/www.visit-ulcinj.com\/blog\/wp-content\/uploads\/2012\/01\/dr-arben-kurti-ulqin.jpg"}],"twitter_misc":{"Written by":"ulqini","Est. reading time":"8 minutes"},"schema":{"@context":"https:\/\/schema.org","@graph":[{"@type":"WebSite","@id":"https:\/\/www.visit-ulcinj.com\/blog\/#website","url":"https:\/\/www.visit-ulcinj.com\/blog\/","name":"Lajme nga Ulqini","description":"Lajme,Vijesti,Ulqini,Ulqin,Crna Gora,Mali i Zi","potentialAction":[{"@type":"SearchAction","target":{"@type":"EntryPoint","urlTemplate":"https:\/\/www.visit-ulcinj.com\/blog\/?s={search_term_string}"},"query-input":"required name=search_term_string"}],"inLanguage":"en-US"},{"@type":"ImageObject","inLanguage":"en-US","@id":"https:\/\/www.visit-ulcinj.com\/blog\/2012\/01\/03\/in-memoriam-dr-beni-nje-jete-humanisti-e-shuar-para-kohe\/#primaryimage","url":"https:\/\/www.visit-ulcinj.com\/blog\/wp-content\/uploads\/2012\/01\/dr-arben-kurti-ulqin.jpg","contentUrl":"https:\/\/www.visit-ulcinj.com\/blog\/wp-content\/uploads\/2012\/01\/dr-arben-kurti-ulqin.jpg","width":"301","height":"376"},{"@type":"WebPage","@id":"https:\/\/www.visit-ulcinj.com\/blog\/2012\/01\/03\/in-memoriam-dr-beni-nje-jete-humanisti-e-shuar-para-kohe\/#webpage","url":"https:\/\/www.visit-ulcinj.com\/blog\/2012\/01\/03\/in-memoriam-dr-beni-nje-jete-humanisti-e-shuar-para-kohe\/","name":"IN MEMORIAM: Dr Beni, nj\u00eb jet\u00eb humanisti e shuar para kohe - Lajme nga Ulqini","isPartOf":{"@id":"https:\/\/www.visit-ulcinj.com\/blog\/#website"},"primaryImageOfPage":{"@id":"https:\/\/www.visit-ulcinj.com\/blog\/2012\/01\/03\/in-memoriam-dr-beni-nje-jete-humanisti-e-shuar-para-kohe\/#primaryimage"},"datePublished":"2012-01-03T12:08:15+00:00","dateModified":"2012-01-06T08:48:18+00:00","author":{"@id":"https:\/\/www.visit-ulcinj.com\/blog\/#\/schema\/person\/dcab619c614d3038751c63bc2aadc06d"},"description":"Dashuria p\u00ebr jet\u00ebn dhe f\u00ebmij\u00ebt, sinqeriteti dhe m\u00ebnyra e ve\u00e7ant\u00eb e komunikimit dhe humanizmi e b\u00ebn\u00eb Dr. Arbenin nj\u00eb figur\u00eb t\u00eb dashur\u00a0 e t\u00eb respektuar tek","breadcrumb":{"@id":"https:\/\/www.visit-ulcinj.com\/blog\/2012\/01\/03\/in-memoriam-dr-beni-nje-jete-humanisti-e-shuar-para-kohe\/#breadcrumb"},"inLanguage":"en-US","potentialAction":[{"@type":"ReadAction","target":["https:\/\/www.visit-ulcinj.com\/blog\/2012\/01\/03\/in-memoriam-dr-beni-nje-jete-humanisti-e-shuar-para-kohe\/"]}]},{"@type":"BreadcrumbList","@id":"https:\/\/www.visit-ulcinj.com\/blog\/2012\/01\/03\/in-memoriam-dr-beni-nje-jete-humanisti-e-shuar-para-kohe\/#breadcrumb","itemListElement":[{"@type":"ListItem","position":1,"name":"IN MEMORIAM: Dr Beni, nj\u00eb jet\u00eb humanisti e shuar para kohe"}]},{"@type":"Person","@id":"https:\/\/www.visit-ulcinj.com\/blog\/#\/schema\/person\/dcab619c614d3038751c63bc2aadc06d","name":"ulqini","sameAs":["http:\/\/www.visit-ulcinj.com"],"url":"https:\/\/www.visit-ulcinj.com\/blog\/author\/admin\/"}]}},"jetpack_featured_media_url":"","jetpack_sharing_enabled":true,"jetpack_shortlink":"https:\/\/wp.me\/pe6lTn-eq4","_links":{"self":[{"href":"https:\/\/www.visit-ulcinj.com\/blog\/wp-json\/wp\/v2\/posts\/55432"}],"collection":[{"href":"https:\/\/www.visit-ulcinj.com\/blog\/wp-json\/wp\/v2\/posts"}],"about":[{"href":"https:\/\/www.visit-ulcinj.com\/blog\/wp-json\/wp\/v2\/types\/post"}],"author":[{"embeddable":true,"href":"https:\/\/www.visit-ulcinj.com\/blog\/wp-json\/wp\/v2\/users\/1"}],"replies":[{"embeddable":true,"href":"https:\/\/www.visit-ulcinj.com\/blog\/wp-json\/wp\/v2\/comments?post=55432"}],"version-history":[{"count":6,"href":"https:\/\/www.visit-ulcinj.com\/blog\/wp-json\/wp\/v2\/posts\/55432\/revisions"}],"predecessor-version":[{"id":55459,"href":"https:\/\/www.visit-ulcinj.com\/blog\/wp-json\/wp\/v2\/posts\/55432\/revisions\/55459"}],"wp:attachment":[{"href":"https:\/\/www.visit-ulcinj.com\/blog\/wp-json\/wp\/v2\/media?parent=55432"}],"wp:term":[{"taxonomy":"category","embeddable":true,"href":"https:\/\/www.visit-ulcinj.com\/blog\/wp-json\/wp\/v2\/categories?post=55432"},{"taxonomy":"post_tag","embeddable":true,"href":"https:\/\/www.visit-ulcinj.com\/blog\/wp-json\/wp\/v2\/tags?post=55432"}],"curies":[{"name":"wp","href":"https:\/\/api.w.org\/{rel}","templated":true}]}}