{"id":55438,"date":"2012-01-03T19:10:06","date_gmt":"2012-01-03T18:10:06","guid":{"rendered":"http:\/\/www.visit-ulcinj.com\/blog\/?p=55438"},"modified":"2012-01-03T19:10:06","modified_gmt":"2012-01-03T18:10:06","slug":"dps-u-ne-smeta-sto-je-gzim-pod-istragom","status":"publish","type":"post","link":"https:\/\/www.visit-ulcinj.com\/blog\/2012\/01\/03\/dps-u-ne-smeta-sto-je-gzim-pod-istragom\/","title":{"rendered":"DPS-u ne smeta \u0161to je Gzim pod istragom"},"content":{"rendered":"<p><a href=\"http:\/\/www.visit-ulcinj.com\/blog\/wp-content\/uploads\/2012\/01\/Gzim-Hajdinaga-ministar-ljudskih-i-manjinskih-prava.jpg\"><img loading=\"lazy\" class=\"alignleft size-full wp-image-55440\" title=\"Gzim Hajdinaga ministar ljudskih i manjinskih prava\" src=\"http:\/\/www.visit-ulcinj.com\/blog\/wp-content\/uploads\/2012\/01\/Gzim-Hajdinaga-ministar-ljudskih-i-manjinskih-prava.jpg\" alt=\"\" width=\"337\" height=\"419\" srcset=\"https:\/\/www.visit-ulcinj.com\/blog\/wp-content\/uploads\/2012\/01\/Gzim-Hajdinaga-ministar-ljudskih-i-manjinskih-prava.jpg 337w, https:\/\/www.visit-ulcinj.com\/blog\/wp-content\/uploads\/2012\/01\/Gzim-Hajdinaga-ministar-ljudskih-i-manjinskih-prava-241x300.jpg 241w\" sizes=\"(max-width: 337px) 100vw, 337px\" \/><\/a>Krivi\u010dna prijava protiv Gzima Hajdinage zbog sumnje da je kao gradona\u010delnik Ulcinja pribavio korist brojnim investitorima, uklju\u010duju\u0107i i kontroverznog biznismena Nasera Keljmendija, o\u010dito nije problem da mu DPS da podr\u0161ku za izbor na funkciju ministra za ljudska i manjinska prava.<br \/>\nPortparol DPS-a Rajko Kova\u010devi\u0107 ka\u017ee da \u0107e ako Vlada predlo\u017ei Hajdinagu za ministra ljudskih i manjinskih prava, ta partija podr\u017eati takvu odluku.<br \/>\n\u2013 Bitno je da premijer koji sastavlja Vladu uputi takav predlog parlamentarnoj ve\u0107ini, uz o\u010dekivanje da \u0107e ve\u0107ina to podr\u017eati \u2013 naglasio je Kova\u010devi\u0107.<br \/>\nOdgovaraju\u0107i na pitanje da li DUA treba da preispita odluku o kandidaturi Hajdinage za ministra, Kova\u010devi\u0107 je rekao da \u201esvako treba da radi svoj posao\u201d.<br \/>\n\u2013 Sumnje koje se odnose na to da je Hjadinaga zloupotrebio dr\u017eavni polo\u017eaj obavezuju dr\u017eavne organe da obave svoj posao. Milim da je Hajdinaga to isto poru\u010dio \u2013 naveo je Kova\u010devi\u0107.<br \/>\nPoslanik albanske partije FORCA Genci Nimanbegu ka\u017ee da predlog da Hajdinaga bude kandidat Demokratske unije Albanaca (DUA) za ministra svjedo\u010di u kakvoj se bezizlaznoj situaciji nalazi ta stranka. Nimanbegu smatra da se DUA od najve\u0107e partije u bira\u010dkom tijelu Albanaca sunovratila zahvaljuju\u0107i karijerizmu, nepotizmu i politi\u010dkoj korupciji.<br \/>\nPodsjetimo, DUA je kandidovala biv\u0161eg predsjednika op\u0161tine Ulcinj Gzima Hajdinagu za ministra ljudskih i manjinskih prava, uprkos tome \u0161to se on sumnji\u010di za zloupotrebu slu\u017ebenog polo\u017eaja. Crnogorska policija podnijela je nedavno krivi\u010dnu prijavu protiv Hajdinage zbog sumnje da je kao gradona\u010delnik Ulcinja pribavio korist brojnim investitorima.<br \/>\nGenci Nimanbegu kazao je u izjavi za \u201eDan\u201d da je prijava protiv Hajdinage vrlo ozbiljna, jer, kako ka\u017ee, dolazi od dr\u017eavnih organa.<br \/>\n\u2013 Hajdinaga je politi\u010dar kojem je naj\u010dasnije da podnese ostavku na sve politi\u010dke funkcije i da se vrati ugostiteljstvu, kojim se ranije bavio. Krivi\u010dna prijava protiv njega nije prijava neke NVO, ve\u0107 prijava dr\u017eavnih organa. Crna Gora je du\u017ena da ja\u010da vladavinu prava kao dokaz ozbiljnog u\u010de\u0161\u0107a u evroatlantskim integracijama \u2013 poru\u010dio je Nimanbegu.<br \/>\nOn je istakao da se DUA zbog nesposobnosti njenih \u010delnika pretvorila u demago\u0161ku partiju kafanskih politi\u010dara.<br \/>\n\u2013 To je partija koja se zbog nedostatka politi\u010dkih ideja i sposobnosti njenih \u010delnika pretvorila u demago\u0161ku partiju kafanskih politi\u010dara koji su se radi o\u010duvanja pozicija kockali sa sudbinom albanske zajednice u Crnoj Gori \u2013 naveo je Nimanbegu.<br \/>\nPrema dogovoru unutar vladaju\u0107e koalicije, Demokratskoj uniji Albanaca pripada mjesto ministra ljudskih i manjinskih prava, a Gzim Hajdinaga bi na toj funkciji trebalo da zamijeni Ferhata Dino\u0161u, koji je imenovan za ambasadora u Tirani.<\/p>\n<p><a href=\"http:\/\/www.dan.co.me\/?nivo=3&amp;rubrika=Politika&amp;clanak=314009&amp;datum=2012-01-03\" target=\"_blank\"><strong>Mi.K.\u2013Bo.M.<br \/>\nIzvor: DAN<\/strong><\/a><\/p>\n","protected":false},"excerpt":{"rendered":"<p>Krivi\u010dna prijava protiv Gzima Hajdinage zbog sumnje da je kao gradona\u010delnik Ulcinja pribavio korist brojnim investitorima, uklju\u010duju\u0107i i kontroverznog biznismena Nasera Keljmendija, o\u010dito nije problem da mu DPS da podr\u0161ku za izbor na funkciju ministra za ljudska i manjinska prava. Portparol DPS-a Rajko Kova\u010devi\u0107 ka\u017ee da \u0107e ako Vlada predlo\u017ei Hajdinagu za ministra ljudskih i [&hellip;]<\/p>\n","protected":false},"author":1,"featured_media":0,"comment_status":"open","ping_status":"closed","sticky":false,"template":"","format":"standard","meta":{"spay_email":"","jetpack_publicize_message":"","jetpack_is_tweetstorm":false,"jetpack_publicize_feature_enabled":true},"categories":[8337],"tags":[140,10234,19],"jetpack_publicize_connections":[],"yoast_head":"<!-- This site is optimized with the Yoast SEO plugin v19.1 - https:\/\/yoast.com\/wordpress\/plugins\/seo\/ -->\n<title>DPS-u ne smeta \u0161to je Gzim pod istragom - Lajme nga Ulqini<\/title>\n<meta name=\"description\" content=\"Krivi\u010dna prijava protiv Gzima Hajdinage zbog sumnje da je kao gradona\u010delnik Ulcinja pribavio korist brojnim investitorima, uklju\u010duju\u0107i i kontroverznog\" \/>\n<meta name=\"robots\" content=\"index, follow, max-snippet:-1, max-image-preview:large, max-video-preview:-1\" \/>\n<link rel=\"canonical\" href=\"https:\/\/www.visit-ulcinj.com\/blog\/2012\/01\/03\/dps-u-ne-smeta-sto-je-gzim-pod-istragom\/\" \/>\n<meta property=\"og:locale\" content=\"en_US\" \/>\n<meta property=\"og:type\" content=\"article\" \/>\n<meta property=\"og:title\" content=\"DPS-u ne smeta \u0161to je Gzim pod istragom - Lajme nga Ulqini\" \/>\n<meta property=\"og:description\" content=\"Krivi\u010dna prijava protiv Gzima Hajdinage zbog sumnje da je kao gradona\u010delnik Ulcinja pribavio korist brojnim investitorima, uklju\u010duju\u0107i i kontroverznog\" \/>\n<meta property=\"og:url\" content=\"https:\/\/www.visit-ulcinj.com\/blog\/2012\/01\/03\/dps-u-ne-smeta-sto-je-gzim-pod-istragom\/\" \/>\n<meta property=\"og:site_name\" content=\"Lajme nga Ulqini\" \/>\n<meta property=\"article:published_time\" content=\"2012-01-03T18:10:06+00:00\" \/>\n<meta property=\"og:image\" content=\"http:\/\/www.visit-ulcinj.com\/blog\/wp-content\/uploads\/2012\/01\/Gzim-Hajdinaga-ministar-ljudskih-i-manjinskih-prava.jpg\" \/>\n<meta name=\"twitter:label1\" content=\"Written by\" \/>\n\t<meta name=\"twitter:data1\" content=\"ulqini\" \/>\n\t<meta name=\"twitter:label2\" content=\"Est. reading time\" \/>\n\t<meta name=\"twitter:data2\" content=\"2 minutes\" \/>\n<script type=\"application\/ld+json\" class=\"yoast-schema-graph\">{\"@context\":\"https:\/\/schema.org\",\"@graph\":[{\"@type\":\"WebSite\",\"@id\":\"https:\/\/www.visit-ulcinj.com\/blog\/#website\",\"url\":\"https:\/\/www.visit-ulcinj.com\/blog\/\",\"name\":\"Lajme nga Ulqini\",\"description\":\"Lajme,Vijesti,Ulqini,Ulqin,Crna Gora,Mali i Zi\",\"potentialAction\":[{\"@type\":\"SearchAction\",\"target\":{\"@type\":\"EntryPoint\",\"urlTemplate\":\"https:\/\/www.visit-ulcinj.com\/blog\/?s={search_term_string}\"},\"query-input\":\"required name=search_term_string\"}],\"inLanguage\":\"en-US\"},{\"@type\":\"ImageObject\",\"inLanguage\":\"en-US\",\"@id\":\"https:\/\/www.visit-ulcinj.com\/blog\/2012\/01\/03\/dps-u-ne-smeta-sto-je-gzim-pod-istragom\/#primaryimage\",\"url\":\"https:\/\/www.visit-ulcinj.com\/blog\/wp-content\/uploads\/2012\/01\/Gzim-Hajdinaga-ministar-ljudskih-i-manjinskih-prava.jpg\",\"contentUrl\":\"https:\/\/www.visit-ulcinj.com\/blog\/wp-content\/uploads\/2012\/01\/Gzim-Hajdinaga-ministar-ljudskih-i-manjinskih-prava.jpg\",\"width\":\"337\",\"height\":\"419\"},{\"@type\":\"WebPage\",\"@id\":\"https:\/\/www.visit-ulcinj.com\/blog\/2012\/01\/03\/dps-u-ne-smeta-sto-je-gzim-pod-istragom\/#webpage\",\"url\":\"https:\/\/www.visit-ulcinj.com\/blog\/2012\/01\/03\/dps-u-ne-smeta-sto-je-gzim-pod-istragom\/\",\"name\":\"DPS-u ne smeta \u0161to je Gzim pod istragom - Lajme nga Ulqini\",\"isPartOf\":{\"@id\":\"https:\/\/www.visit-ulcinj.com\/blog\/#website\"},\"primaryImageOfPage\":{\"@id\":\"https:\/\/www.visit-ulcinj.com\/blog\/2012\/01\/03\/dps-u-ne-smeta-sto-je-gzim-pod-istragom\/#primaryimage\"},\"datePublished\":\"2012-01-03T18:10:06+00:00\",\"dateModified\":\"2012-01-03T18:10:06+00:00\",\"author\":{\"@id\":\"https:\/\/www.visit-ulcinj.com\/blog\/#\/schema\/person\/dcab619c614d3038751c63bc2aadc06d\"},\"description\":\"Krivi\u010dna prijava protiv Gzima Hajdinage zbog sumnje da je kao gradona\u010delnik Ulcinja pribavio korist brojnim investitorima, uklju\u010duju\u0107i i kontroverznog\",\"breadcrumb\":{\"@id\":\"https:\/\/www.visit-ulcinj.com\/blog\/2012\/01\/03\/dps-u-ne-smeta-sto-je-gzim-pod-istragom\/#breadcrumb\"},\"inLanguage\":\"en-US\",\"potentialAction\":[{\"@type\":\"ReadAction\",\"target\":[\"https:\/\/www.visit-ulcinj.com\/blog\/2012\/01\/03\/dps-u-ne-smeta-sto-je-gzim-pod-istragom\/\"]}]},{\"@type\":\"BreadcrumbList\",\"@id\":\"https:\/\/www.visit-ulcinj.com\/blog\/2012\/01\/03\/dps-u-ne-smeta-sto-je-gzim-pod-istragom\/#breadcrumb\",\"itemListElement\":[{\"@type\":\"ListItem\",\"position\":1,\"name\":\"DPS-u ne smeta \u0161to je Gzim pod istragom\"}]},{\"@type\":\"Person\",\"@id\":\"https:\/\/www.visit-ulcinj.com\/blog\/#\/schema\/person\/dcab619c614d3038751c63bc2aadc06d\",\"name\":\"ulqini\",\"sameAs\":[\"http:\/\/www.visit-ulcinj.com\"],\"url\":\"https:\/\/www.visit-ulcinj.com\/blog\/author\/admin\/\"}]}<\/script>\n<!-- \/ Yoast SEO plugin. -->","yoast_head_json":{"title":"DPS-u ne smeta \u0161to je Gzim pod istragom - Lajme nga Ulqini","description":"Krivi\u010dna prijava protiv Gzima Hajdinage zbog sumnje da je kao gradona\u010delnik Ulcinja pribavio korist brojnim investitorima, uklju\u010duju\u0107i i kontroverznog","robots":{"index":"index","follow":"follow","max-snippet":"max-snippet:-1","max-image-preview":"max-image-preview:large","max-video-preview":"max-video-preview:-1"},"canonical":"https:\/\/www.visit-ulcinj.com\/blog\/2012\/01\/03\/dps-u-ne-smeta-sto-je-gzim-pod-istragom\/","og_locale":"en_US","og_type":"article","og_title":"DPS-u ne smeta \u0161to je Gzim pod istragom - Lajme nga Ulqini","og_description":"Krivi\u010dna prijava protiv Gzima Hajdinage zbog sumnje da je kao gradona\u010delnik Ulcinja pribavio korist brojnim investitorima, uklju\u010duju\u0107i i kontroverznog","og_url":"https:\/\/www.visit-ulcinj.com\/blog\/2012\/01\/03\/dps-u-ne-smeta-sto-je-gzim-pod-istragom\/","og_site_name":"Lajme nga Ulqini","article_published_time":"2012-01-03T18:10:06+00:00","og_image":[{"url":"http:\/\/www.visit-ulcinj.com\/blog\/wp-content\/uploads\/2012\/01\/Gzim-Hajdinaga-ministar-ljudskih-i-manjinskih-prava.jpg"}],"twitter_misc":{"Written by":"ulqini","Est. reading time":"2 minutes"},"schema":{"@context":"https:\/\/schema.org","@graph":[{"@type":"WebSite","@id":"https:\/\/www.visit-ulcinj.com\/blog\/#website","url":"https:\/\/www.visit-ulcinj.com\/blog\/","name":"Lajme nga Ulqini","description":"Lajme,Vijesti,Ulqini,Ulqin,Crna Gora,Mali i Zi","potentialAction":[{"@type":"SearchAction","target":{"@type":"EntryPoint","urlTemplate":"https:\/\/www.visit-ulcinj.com\/blog\/?s={search_term_string}"},"query-input":"required name=search_term_string"}],"inLanguage":"en-US"},{"@type":"ImageObject","inLanguage":"en-US","@id":"https:\/\/www.visit-ulcinj.com\/blog\/2012\/01\/03\/dps-u-ne-smeta-sto-je-gzim-pod-istragom\/#primaryimage","url":"https:\/\/www.visit-ulcinj.com\/blog\/wp-content\/uploads\/2012\/01\/Gzim-Hajdinaga-ministar-ljudskih-i-manjinskih-prava.jpg","contentUrl":"https:\/\/www.visit-ulcinj.com\/blog\/wp-content\/uploads\/2012\/01\/Gzim-Hajdinaga-ministar-ljudskih-i-manjinskih-prava.jpg","width":"337","height":"419"},{"@type":"WebPage","@id":"https:\/\/www.visit-ulcinj.com\/blog\/2012\/01\/03\/dps-u-ne-smeta-sto-je-gzim-pod-istragom\/#webpage","url":"https:\/\/www.visit-ulcinj.com\/blog\/2012\/01\/03\/dps-u-ne-smeta-sto-je-gzim-pod-istragom\/","name":"DPS-u ne smeta \u0161to je Gzim pod istragom - Lajme nga Ulqini","isPartOf":{"@id":"https:\/\/www.visit-ulcinj.com\/blog\/#website"},"primaryImageOfPage":{"@id":"https:\/\/www.visit-ulcinj.com\/blog\/2012\/01\/03\/dps-u-ne-smeta-sto-je-gzim-pod-istragom\/#primaryimage"},"datePublished":"2012-01-03T18:10:06+00:00","dateModified":"2012-01-03T18:10:06+00:00","author":{"@id":"https:\/\/www.visit-ulcinj.com\/blog\/#\/schema\/person\/dcab619c614d3038751c63bc2aadc06d"},"description":"Krivi\u010dna prijava protiv Gzima Hajdinage zbog sumnje da je kao gradona\u010delnik Ulcinja pribavio korist brojnim investitorima, uklju\u010duju\u0107i i kontroverznog","breadcrumb":{"@id":"https:\/\/www.visit-ulcinj.com\/blog\/2012\/01\/03\/dps-u-ne-smeta-sto-je-gzim-pod-istragom\/#breadcrumb"},"inLanguage":"en-US","potentialAction":[{"@type":"ReadAction","target":["https:\/\/www.visit-ulcinj.com\/blog\/2012\/01\/03\/dps-u-ne-smeta-sto-je-gzim-pod-istragom\/"]}]},{"@type":"BreadcrumbList","@id":"https:\/\/www.visit-ulcinj.com\/blog\/2012\/01\/03\/dps-u-ne-smeta-sto-je-gzim-pod-istragom\/#breadcrumb","itemListElement":[{"@type":"ListItem","position":1,"name":"DPS-u ne smeta \u0161to je Gzim pod istragom"}]},{"@type":"Person","@id":"https:\/\/www.visit-ulcinj.com\/blog\/#\/schema\/person\/dcab619c614d3038751c63bc2aadc06d","name":"ulqini","sameAs":["http:\/\/www.visit-ulcinj.com"],"url":"https:\/\/www.visit-ulcinj.com\/blog\/author\/admin\/"}]}},"jetpack_featured_media_url":"","jetpack_sharing_enabled":true,"jetpack_shortlink":"https:\/\/wp.me\/pe6lTn-eqa","_links":{"self":[{"href":"https:\/\/www.visit-ulcinj.com\/blog\/wp-json\/wp\/v2\/posts\/55438"}],"collection":[{"href":"https:\/\/www.visit-ulcinj.com\/blog\/wp-json\/wp\/v2\/posts"}],"about":[{"href":"https:\/\/www.visit-ulcinj.com\/blog\/wp-json\/wp\/v2\/types\/post"}],"author":[{"embeddable":true,"href":"https:\/\/www.visit-ulcinj.com\/blog\/wp-json\/wp\/v2\/users\/1"}],"replies":[{"embeddable":true,"href":"https:\/\/www.visit-ulcinj.com\/blog\/wp-json\/wp\/v2\/comments?post=55438"}],"version-history":[{"count":1,"href":"https:\/\/www.visit-ulcinj.com\/blog\/wp-json\/wp\/v2\/posts\/55438\/revisions"}],"predecessor-version":[{"id":55441,"href":"https:\/\/www.visit-ulcinj.com\/blog\/wp-json\/wp\/v2\/posts\/55438\/revisions\/55441"}],"wp:attachment":[{"href":"https:\/\/www.visit-ulcinj.com\/blog\/wp-json\/wp\/v2\/media?parent=55438"}],"wp:term":[{"taxonomy":"category","embeddable":true,"href":"https:\/\/www.visit-ulcinj.com\/blog\/wp-json\/wp\/v2\/categories?post=55438"},{"taxonomy":"post_tag","embeddable":true,"href":"https:\/\/www.visit-ulcinj.com\/blog\/wp-json\/wp\/v2\/tags?post=55438"}],"curies":[{"name":"wp","href":"https:\/\/api.w.org\/{rel}","templated":true}]}}