{"id":55442,"date":"2012-01-03T19:39:31","date_gmt":"2012-01-03T18:39:31","guid":{"rendered":"http:\/\/www.visit-ulcinj.com\/blog\/?p=55442"},"modified":"2012-01-03T19:39:31","modified_gmt":"2012-01-03T18:39:31","slug":"genci-nimanbegu-hajdinaga-ti-kthehet-hotelerise","status":"publish","type":"post","link":"https:\/\/www.visit-ulcinj.com\/blog\/2012\/01\/03\/genci-nimanbegu-hajdinaga-ti-kthehet-hotelerise\/","title":{"rendered":"Genci Nimanbegu: Hajdinaga ti kthehet hoteleris\u00eb"},"content":{"rendered":"<p><a href=\"http:\/\/www.visit-ulcinj.com\/blog\/wp-content\/uploads\/2012\/01\/Genci-Nimanbegu-kunder-Gezim-Hajdinages.jpg\"><img loading=\"lazy\" class=\"alignleft  wp-image-55443\" title=\"Genci-Nimanbegu kunder Gezim Hajdinages\" src=\"http:\/\/www.visit-ulcinj.com\/blog\/wp-content\/uploads\/2012\/01\/Genci-Nimanbegu-kunder-Gezim-Hajdinages.jpg\" alt=\"\" width=\"508\" height=\"345\" \/><\/a>Deputeti i Forc\u00ebs n\u00eb parlamentin e Malit t\u00eb Zi Genci Nimanbegu i pyetur n\u00eb lidhje me kall\u00ebzimin penal kund\u00ebr Hajdinag\u00ebs deklaroi se \u00e7\u00ebshtja \u00ebsht\u00eb mjaft serioze, pasi, si\u00e7 thot\u00eb ai, vjen nga organet shtetrore.<\/p>\n<p>\u201cP\u00ebr Hajdinag\u00ebn politikisht do t\u00eb ishte m\u00eb e ndershme q\u00eb t\u00eb jap dor\u00ebheqje nga t\u00eb gjitha funksionet politike dhe ti kthehet hoteleris\u00eb, m\u00eb t\u00eb cil\u00ebn \u00ebsht\u00eb marr\u00eb m\u00eb p\u00ebrpara. Kall\u00ebzimi penal ndaj tij nuk vjen nga ndonje OJQ por nga organet shtetrore. Mali i Zi \u00ebsht\u00eb i detyruar t\u00eb forcoj\u00eb sundimin e ligjit si tregues serioziteti p\u00ebr t\u00eb qen\u00eb pjes\u00eb e integrimeve euroatlantike\u201d, ka th\u00ebn\u00eb Nimanbegu, shkruan Dan.<\/p>\n<p>Ai poashtu ka th\u00ebn\u00eb se se UDSH p\u00ebr shkak t\u00eb paaft\u00ebsis\u00eb s\u00eb udh\u00ebheq\u00ebsve t\u00eb saj \u00ebsht\u00eb sh\u00ebndrruar n\u00eb nj\u00eb parti demagog\u00ebsh t\u00eb politikan\u00ebve t\u00eb kafeterive. <strong>\/Ulqini Online\/<\/strong><\/p>\n","protected":false},"excerpt":{"rendered":"<p>Deputeti i Forc\u00ebs n\u00eb parlamentin e Malit t\u00eb Zi Genci Nimanbegu i pyetur n\u00eb lidhje me kall\u00ebzimin penal kund\u00ebr Hajdinag\u00ebs deklaroi se \u00e7\u00ebshtja \u00ebsht\u00eb mjaft serioze, pasi, si\u00e7 thot\u00eb ai, vjen nga organet shtetrore. \u201cP\u00ebr Hajdinag\u00ebn politikisht do t\u00eb ishte m\u00eb e ndershme q\u00eb t\u00eb jap dor\u00ebheqje nga t\u00eb gjitha funksionet politike dhe ti kthehet [&hellip;]<\/p>\n","protected":false},"author":1,"featured_media":0,"comment_status":"open","ping_status":"closed","sticky":false,"template":"","format":"standard","meta":{"spay_email":"","jetpack_publicize_message":"","jetpack_is_tweetstorm":false,"jetpack_publicize_feature_enabled":true},"categories":[6],"tags":[1073,222,200,18],"jetpack_publicize_connections":[],"yoast_head":"<!-- This site is optimized with the Yoast SEO plugin v19.1 - https:\/\/yoast.com\/wordpress\/plugins\/seo\/ -->\n<title>Genci Nimanbegu: Hajdinaga ti kthehet hoteleris\u00eb - Lajme nga Ulqini<\/title>\n<meta name=\"description\" content=\"Deputeti i Forc\u00ebs n\u00eb parlamentin e Malit t\u00eb Zi Genci Nimanbegu i pyetur n\u00eb lidhje me kall\u00ebzimin penal kund\u00ebr Hajdinag\u00ebs deklaroi se \u00e7\u00ebshtja \u00ebsht\u00eb mjaft\" \/>\n<meta name=\"robots\" content=\"index, follow, max-snippet:-1, max-image-preview:large, max-video-preview:-1\" \/>\n<link rel=\"canonical\" href=\"https:\/\/www.visit-ulcinj.com\/blog\/2012\/01\/03\/genci-nimanbegu-hajdinaga-ti-kthehet-hotelerise\/\" \/>\n<meta property=\"og:locale\" content=\"en_US\" \/>\n<meta property=\"og:type\" content=\"article\" \/>\n<meta property=\"og:title\" content=\"Genci Nimanbegu: Hajdinaga ti kthehet hoteleris\u00eb - Lajme nga Ulqini\" \/>\n<meta property=\"og:description\" content=\"Deputeti i Forc\u00ebs n\u00eb parlamentin e Malit t\u00eb Zi Genci Nimanbegu i pyetur n\u00eb lidhje me kall\u00ebzimin penal kund\u00ebr Hajdinag\u00ebs deklaroi se \u00e7\u00ebshtja \u00ebsht\u00eb mjaft\" \/>\n<meta property=\"og:url\" content=\"https:\/\/www.visit-ulcinj.com\/blog\/2012\/01\/03\/genci-nimanbegu-hajdinaga-ti-kthehet-hotelerise\/\" \/>\n<meta property=\"og:site_name\" content=\"Lajme nga Ulqini\" \/>\n<meta property=\"article:published_time\" content=\"2012-01-03T18:39:31+00:00\" \/>\n<meta property=\"og:image\" content=\"http:\/\/www.visit-ulcinj.com\/blog\/wp-content\/uploads\/2012\/01\/Genci-Nimanbegu-kunder-Gezim-Hajdinages.jpg\" \/>\n<meta name=\"twitter:label1\" content=\"Written by\" \/>\n\t<meta name=\"twitter:data1\" content=\"ulqini\" \/>\n\t<meta name=\"twitter:label2\" content=\"Est. reading time\" \/>\n\t<meta name=\"twitter:data2\" content=\"1 minute\" \/>\n<script type=\"application\/ld+json\" class=\"yoast-schema-graph\">{\"@context\":\"https:\/\/schema.org\",\"@graph\":[{\"@type\":\"WebSite\",\"@id\":\"https:\/\/www.visit-ulcinj.com\/blog\/#website\",\"url\":\"https:\/\/www.visit-ulcinj.com\/blog\/\",\"name\":\"Lajme nga Ulqini\",\"description\":\"Lajme,Vijesti,Ulqini,Ulqin,Crna Gora,Mali i Zi\",\"potentialAction\":[{\"@type\":\"SearchAction\",\"target\":{\"@type\":\"EntryPoint\",\"urlTemplate\":\"https:\/\/www.visit-ulcinj.com\/blog\/?s={search_term_string}\"},\"query-input\":\"required name=search_term_string\"}],\"inLanguage\":\"en-US\"},{\"@type\":\"ImageObject\",\"inLanguage\":\"en-US\",\"@id\":\"https:\/\/www.visit-ulcinj.com\/blog\/2012\/01\/03\/genci-nimanbegu-hajdinaga-ti-kthehet-hotelerise\/#primaryimage\",\"url\":\"https:\/\/www.visit-ulcinj.com\/blog\/wp-content\/uploads\/2012\/01\/Genci-Nimanbegu-kunder-Gezim-Hajdinages.jpg\",\"contentUrl\":\"https:\/\/www.visit-ulcinj.com\/blog\/wp-content\/uploads\/2012\/01\/Genci-Nimanbegu-kunder-Gezim-Hajdinages.jpg\",\"width\":\"582\",\"height\":\"345\"},{\"@type\":\"WebPage\",\"@id\":\"https:\/\/www.visit-ulcinj.com\/blog\/2012\/01\/03\/genci-nimanbegu-hajdinaga-ti-kthehet-hotelerise\/#webpage\",\"url\":\"https:\/\/www.visit-ulcinj.com\/blog\/2012\/01\/03\/genci-nimanbegu-hajdinaga-ti-kthehet-hotelerise\/\",\"name\":\"Genci Nimanbegu: Hajdinaga ti kthehet hoteleris\u00eb - Lajme nga Ulqini\",\"isPartOf\":{\"@id\":\"https:\/\/www.visit-ulcinj.com\/blog\/#website\"},\"primaryImageOfPage\":{\"@id\":\"https:\/\/www.visit-ulcinj.com\/blog\/2012\/01\/03\/genci-nimanbegu-hajdinaga-ti-kthehet-hotelerise\/#primaryimage\"},\"datePublished\":\"2012-01-03T18:39:31+00:00\",\"dateModified\":\"2012-01-03T18:39:31+00:00\",\"author\":{\"@id\":\"https:\/\/www.visit-ulcinj.com\/blog\/#\/schema\/person\/dcab619c614d3038751c63bc2aadc06d\"},\"description\":\"Deputeti i Forc\u00ebs n\u00eb parlamentin e Malit t\u00eb Zi Genci Nimanbegu i pyetur n\u00eb lidhje me kall\u00ebzimin penal kund\u00ebr Hajdinag\u00ebs deklaroi se \u00e7\u00ebshtja \u00ebsht\u00eb mjaft\",\"breadcrumb\":{\"@id\":\"https:\/\/www.visit-ulcinj.com\/blog\/2012\/01\/03\/genci-nimanbegu-hajdinaga-ti-kthehet-hotelerise\/#breadcrumb\"},\"inLanguage\":\"en-US\",\"potentialAction\":[{\"@type\":\"ReadAction\",\"target\":[\"https:\/\/www.visit-ulcinj.com\/blog\/2012\/01\/03\/genci-nimanbegu-hajdinaga-ti-kthehet-hotelerise\/\"]}]},{\"@type\":\"BreadcrumbList\",\"@id\":\"https:\/\/www.visit-ulcinj.com\/blog\/2012\/01\/03\/genci-nimanbegu-hajdinaga-ti-kthehet-hotelerise\/#breadcrumb\",\"itemListElement\":[{\"@type\":\"ListItem\",\"position\":1,\"name\":\"Genci Nimanbegu: Hajdinaga ti kthehet hoteleris\u00eb\"}]},{\"@type\":\"Person\",\"@id\":\"https:\/\/www.visit-ulcinj.com\/blog\/#\/schema\/person\/dcab619c614d3038751c63bc2aadc06d\",\"name\":\"ulqini\",\"sameAs\":[\"http:\/\/www.visit-ulcinj.com\"],\"url\":\"https:\/\/www.visit-ulcinj.com\/blog\/author\/admin\/\"}]}<\/script>\n<!-- \/ Yoast SEO plugin. -->","yoast_head_json":{"title":"Genci Nimanbegu: Hajdinaga ti kthehet hoteleris\u00eb - Lajme nga Ulqini","description":"Deputeti i Forc\u00ebs n\u00eb parlamentin e Malit t\u00eb Zi Genci Nimanbegu i pyetur n\u00eb lidhje me kall\u00ebzimin penal kund\u00ebr Hajdinag\u00ebs deklaroi se \u00e7\u00ebshtja \u00ebsht\u00eb mjaft","robots":{"index":"index","follow":"follow","max-snippet":"max-snippet:-1","max-image-preview":"max-image-preview:large","max-video-preview":"max-video-preview:-1"},"canonical":"https:\/\/www.visit-ulcinj.com\/blog\/2012\/01\/03\/genci-nimanbegu-hajdinaga-ti-kthehet-hotelerise\/","og_locale":"en_US","og_type":"article","og_title":"Genci Nimanbegu: Hajdinaga ti kthehet hoteleris\u00eb - Lajme nga Ulqini","og_description":"Deputeti i Forc\u00ebs n\u00eb parlamentin e Malit t\u00eb Zi Genci Nimanbegu i pyetur n\u00eb lidhje me kall\u00ebzimin penal kund\u00ebr Hajdinag\u00ebs deklaroi se \u00e7\u00ebshtja \u00ebsht\u00eb mjaft","og_url":"https:\/\/www.visit-ulcinj.com\/blog\/2012\/01\/03\/genci-nimanbegu-hajdinaga-ti-kthehet-hotelerise\/","og_site_name":"Lajme nga Ulqini","article_published_time":"2012-01-03T18:39:31+00:00","og_image":[{"url":"http:\/\/www.visit-ulcinj.com\/blog\/wp-content\/uploads\/2012\/01\/Genci-Nimanbegu-kunder-Gezim-Hajdinages.jpg"}],"twitter_misc":{"Written by":"ulqini","Est. reading time":"1 minute"},"schema":{"@context":"https:\/\/schema.org","@graph":[{"@type":"WebSite","@id":"https:\/\/www.visit-ulcinj.com\/blog\/#website","url":"https:\/\/www.visit-ulcinj.com\/blog\/","name":"Lajme nga Ulqini","description":"Lajme,Vijesti,Ulqini,Ulqin,Crna Gora,Mali i Zi","potentialAction":[{"@type":"SearchAction","target":{"@type":"EntryPoint","urlTemplate":"https:\/\/www.visit-ulcinj.com\/blog\/?s={search_term_string}"},"query-input":"required name=search_term_string"}],"inLanguage":"en-US"},{"@type":"ImageObject","inLanguage":"en-US","@id":"https:\/\/www.visit-ulcinj.com\/blog\/2012\/01\/03\/genci-nimanbegu-hajdinaga-ti-kthehet-hotelerise\/#primaryimage","url":"https:\/\/www.visit-ulcinj.com\/blog\/wp-content\/uploads\/2012\/01\/Genci-Nimanbegu-kunder-Gezim-Hajdinages.jpg","contentUrl":"https:\/\/www.visit-ulcinj.com\/blog\/wp-content\/uploads\/2012\/01\/Genci-Nimanbegu-kunder-Gezim-Hajdinages.jpg","width":"582","height":"345"},{"@type":"WebPage","@id":"https:\/\/www.visit-ulcinj.com\/blog\/2012\/01\/03\/genci-nimanbegu-hajdinaga-ti-kthehet-hotelerise\/#webpage","url":"https:\/\/www.visit-ulcinj.com\/blog\/2012\/01\/03\/genci-nimanbegu-hajdinaga-ti-kthehet-hotelerise\/","name":"Genci Nimanbegu: Hajdinaga ti kthehet hoteleris\u00eb - Lajme nga Ulqini","isPartOf":{"@id":"https:\/\/www.visit-ulcinj.com\/blog\/#website"},"primaryImageOfPage":{"@id":"https:\/\/www.visit-ulcinj.com\/blog\/2012\/01\/03\/genci-nimanbegu-hajdinaga-ti-kthehet-hotelerise\/#primaryimage"},"datePublished":"2012-01-03T18:39:31+00:00","dateModified":"2012-01-03T18:39:31+00:00","author":{"@id":"https:\/\/www.visit-ulcinj.com\/blog\/#\/schema\/person\/dcab619c614d3038751c63bc2aadc06d"},"description":"Deputeti i Forc\u00ebs n\u00eb parlamentin e Malit t\u00eb Zi Genci Nimanbegu i pyetur n\u00eb lidhje me kall\u00ebzimin penal kund\u00ebr Hajdinag\u00ebs deklaroi se \u00e7\u00ebshtja \u00ebsht\u00eb mjaft","breadcrumb":{"@id":"https:\/\/www.visit-ulcinj.com\/blog\/2012\/01\/03\/genci-nimanbegu-hajdinaga-ti-kthehet-hotelerise\/#breadcrumb"},"inLanguage":"en-US","potentialAction":[{"@type":"ReadAction","target":["https:\/\/www.visit-ulcinj.com\/blog\/2012\/01\/03\/genci-nimanbegu-hajdinaga-ti-kthehet-hotelerise\/"]}]},{"@type":"BreadcrumbList","@id":"https:\/\/www.visit-ulcinj.com\/blog\/2012\/01\/03\/genci-nimanbegu-hajdinaga-ti-kthehet-hotelerise\/#breadcrumb","itemListElement":[{"@type":"ListItem","position":1,"name":"Genci Nimanbegu: Hajdinaga ti kthehet hoteleris\u00eb"}]},{"@type":"Person","@id":"https:\/\/www.visit-ulcinj.com\/blog\/#\/schema\/person\/dcab619c614d3038751c63bc2aadc06d","name":"ulqini","sameAs":["http:\/\/www.visit-ulcinj.com"],"url":"https:\/\/www.visit-ulcinj.com\/blog\/author\/admin\/"}]}},"jetpack_featured_media_url":"","jetpack_sharing_enabled":true,"jetpack_shortlink":"https:\/\/wp.me\/pe6lTn-eqe","_links":{"self":[{"href":"https:\/\/www.visit-ulcinj.com\/blog\/wp-json\/wp\/v2\/posts\/55442"}],"collection":[{"href":"https:\/\/www.visit-ulcinj.com\/blog\/wp-json\/wp\/v2\/posts"}],"about":[{"href":"https:\/\/www.visit-ulcinj.com\/blog\/wp-json\/wp\/v2\/types\/post"}],"author":[{"embeddable":true,"href":"https:\/\/www.visit-ulcinj.com\/blog\/wp-json\/wp\/v2\/users\/1"}],"replies":[{"embeddable":true,"href":"https:\/\/www.visit-ulcinj.com\/blog\/wp-json\/wp\/v2\/comments?post=55442"}],"version-history":[{"count":1,"href":"https:\/\/www.visit-ulcinj.com\/blog\/wp-json\/wp\/v2\/posts\/55442\/revisions"}],"predecessor-version":[{"id":55444,"href":"https:\/\/www.visit-ulcinj.com\/blog\/wp-json\/wp\/v2\/posts\/55442\/revisions\/55444"}],"wp:attachment":[{"href":"https:\/\/www.visit-ulcinj.com\/blog\/wp-json\/wp\/v2\/media?parent=55442"}],"wp:term":[{"taxonomy":"category","embeddable":true,"href":"https:\/\/www.visit-ulcinj.com\/blog\/wp-json\/wp\/v2\/categories?post=55442"},{"taxonomy":"post_tag","embeddable":true,"href":"https:\/\/www.visit-ulcinj.com\/blog\/wp-json\/wp\/v2\/tags?post=55442"}],"curies":[{"name":"wp","href":"https:\/\/api.w.org\/{rel}","templated":true}]}}