{"id":55447,"date":"2012-01-03T20:08:29","date_gmt":"2012-01-03T19:08:29","guid":{"rendered":"http:\/\/www.visit-ulcinj.com\/blog\/?p=55447"},"modified":"2012-01-03T21:43:55","modified_gmt":"2012-01-03T20:43:55","slug":"dritan-abazoviq-vendimi-i-psd-lene-gjurme","status":"publish","type":"post","link":"https:\/\/www.visit-ulcinj.com\/blog\/2012\/01\/03\/dritan-abazoviq-vendimi-i-psd-lene-gjurme\/","title":{"rendered":"Dritan Abazoviq: Vendimi i PSD len\u00eb gjurm\u00eb"},"content":{"rendered":"<p><strong><a href=\"http:\/\/www.visit-ulcinj.com\/blog\/wp-content\/uploads\/2012\/01\/DRITAN-ABAZOVIQ-ULQIN.jpg\"><img loading=\"lazy\" class=\"alignleft  wp-image-55448\" title=\"DRITAN ABAZOVIQ ULQIN\" src=\"http:\/\/www.visit-ulcinj.com\/blog\/wp-content\/uploads\/2012\/01\/DRITAN-ABAZOVIQ-ULQIN.jpg\" alt=\"\" width=\"340\" height=\"300\" \/><\/a>Dritan Abazoviq- P\u00ebrfaq\u00ebsuesit e shqiptar\u00ebve n\u00eb Parlamentin malazez\u00eb duhet t\u00eb hartojn\u00eb platform\u00eb t\u00eb p\u00ebrbashk\u00ebt<\/strong><\/p>\n<p>P\u00ebrfaq\u00ebsuesit e shqiptar\u00ebve n\u00eb Parlamentin malazez\u00eb duhet t\u00eb hartojn\u00eb platform\u00eb t\u00eb p\u00ebrbashk\u00ebt dhe k\u00ebshtu t\u00eb jen\u00eb unanim n\u00eb k\u00ebrkimin e zgjidhjeve p\u00ebr problemet e shumta t\u00eb k\u00ebsaj popullate , konsideron politikologu Dritan Abazoviq.<\/p>\n<p>Ai , duke komentuar aktivitet e deputet\u00ebve t\u00eb cil\u00ebt p\u00ebrfaq\u00ebsojn\u00eb shqiptar\u00ebt n\u00eb parlament theksoi se puna e tyre ishte e pritur dhe ndoshta nuk \u00ebsht\u00eb reale t\u00eb pritet di\u00e7ka m\u00eb tep\u00ebr. Ai megjithat\u00eb theksoi se e k\u00ebnaq fakti se partit\u00eb shqiptare kan\u00eb arritur t\u00eb formojn\u00eb klubin e deputet\u00ebve.<\/p>\n<p><strong>TVCG<\/p>\n<p>Shqiptaret duhet t\u00eb ken\u00eb nj\u00eb platform\u00eb t\u00eb p\u00ebrbashk\u00ebt<br \/>\n<\/strong><\/p>\n<p>Politikologu nga Ulqini Dritan Abazoviq mendon se p\u00ebrfaq\u00ebsuesit e shqiptar\u00ebve n\u00eb parlamentin malazez duhet t\u00eb krijoj\u00eb nj\u00eb platform\u00eb t\u00eb p\u00ebrbashk\u00ebt dhe k\u00ebshtu t\u00eb jet\u00eb unike n\u00eb k\u00ebrkimin e zgjidhjeve p\u00ebr problemet e shumta t\u00eb popullsis\u00eb shqiptare n\u00eb Mal t\u00eb Zi.<\/p>\n<p>Abazoviq, n\u00eb nj\u00eb deklarat\u00eb dh\u00ebn\u00eb agjensionit MINA poashtu shton se \u00ebsht\u00eb e padrejt\u00eb q\u00eb deputeteve shqiptar\u00eb n\u00eb parlmentin e Malit t\u00eb Zi akoma nuk iu \u00ebsht\u00eb mund\u00ebsuar me rregullore q\u00eb opinionit ti drejtohen n\u00eb gjuh\u00ebn amtare.<br \/>\n&#8220;Kushtetuta thot\u00eb se gjuha shqipe \u00ebsht\u00eb n\u00eb p\u00ebrdorim zyrtar n\u00eb Mal t\u00eb Zi, dhe \u00ebsht\u00eb krejt\u00ebsisht e palogjikshme q\u00eb nj\u00eb dispozit\u00eb e till\u00eb nuk mund t\u00eb p\u00ebrdoret n\u00eb institucionin kryesor t\u00eb shtetit, si\u00e7 \u00ebsht\u00eb parlamenti,&#8221; shprehet Abazoviq.<\/p>\n<p>Ai, duke komentuar aktivitetetin e deputeteve shqiptar\u00eb n\u00eb parlamentin malazias, tha se puna e tyre \u00ebsht\u00eb n\u00eb suazat e t\u00eb pritshmes dhe se \u00ebsht\u00eb joreale t\u00eb pritet di\u00e7ka m\u00eb shum\u00eb. <strong>\/Ulqini Online\/<\/strong><\/p>\n<p><strong><br \/>\n<\/strong><\/p>\n","protected":false},"excerpt":{"rendered":"<p>Dritan Abazoviq- P\u00ebrfaq\u00ebsuesit e shqiptar\u00ebve n\u00eb Parlamentin malazez\u00eb duhet t\u00eb hartojn\u00eb platform\u00eb t\u00eb p\u00ebrbashk\u00ebt P\u00ebrfaq\u00ebsuesit e shqiptar\u00ebve n\u00eb Parlamentin malazez\u00eb duhet t\u00eb hartojn\u00eb platform\u00eb t\u00eb p\u00ebrbashk\u00ebt dhe k\u00ebshtu t\u00eb jen\u00eb unanim n\u00eb k\u00ebrkimin e zgjidhjeve p\u00ebr problemet e shumta t\u00eb k\u00ebsaj popullate , konsideron politikologu Dritan Abazoviq. Ai , duke komentuar aktivitet e deputet\u00ebve t\u00eb [&hellip;]<\/p>\n","protected":false},"author":1,"featured_media":0,"comment_status":"open","ping_status":"closed","sticky":false,"template":"","format":"standard","meta":{"spay_email":"","jetpack_publicize_message":"","jetpack_is_tweetstorm":false,"jetpack_publicize_feature_enabled":true},"categories":[11],"tags":[13706,200,18],"jetpack_publicize_connections":[],"yoast_head":"<!-- This site is optimized with the Yoast SEO plugin v19.1 - https:\/\/yoast.com\/wordpress\/plugins\/seo\/ -->\n<title>Dritan Abazoviq: Vendimi i PSD len\u00eb gjurm\u00eb - Lajme nga Ulqini<\/title>\n<meta name=\"description\" content=\"Dritan Abazoviq- P\u00ebrfaq\u00ebsuesit e shqiptar\u00ebve n\u00eb Parlamentin malazez\u00eb duhet t\u00eb hartojn\u00eb platform\u00eb t\u00eb p\u00ebrbashk\u00ebt P\u00ebrfaq\u00ebsuesit e shqiptar\u00ebve n\u00eb Parlamentin\" \/>\n<meta name=\"robots\" content=\"index, follow, max-snippet:-1, max-image-preview:large, max-video-preview:-1\" \/>\n<link rel=\"canonical\" href=\"https:\/\/www.visit-ulcinj.com\/blog\/2012\/01\/03\/dritan-abazoviq-vendimi-i-psd-lene-gjurme\/\" \/>\n<meta property=\"og:locale\" content=\"en_US\" \/>\n<meta property=\"og:type\" content=\"article\" \/>\n<meta property=\"og:title\" content=\"Dritan Abazoviq: Vendimi i PSD len\u00eb gjurm\u00eb - Lajme nga Ulqini\" \/>\n<meta property=\"og:description\" content=\"Dritan Abazoviq- P\u00ebrfaq\u00ebsuesit e shqiptar\u00ebve n\u00eb Parlamentin malazez\u00eb duhet t\u00eb hartojn\u00eb platform\u00eb t\u00eb p\u00ebrbashk\u00ebt P\u00ebrfaq\u00ebsuesit e shqiptar\u00ebve n\u00eb Parlamentin\" \/>\n<meta property=\"og:url\" content=\"https:\/\/www.visit-ulcinj.com\/blog\/2012\/01\/03\/dritan-abazoviq-vendimi-i-psd-lene-gjurme\/\" \/>\n<meta property=\"og:site_name\" content=\"Lajme nga Ulqini\" \/>\n<meta property=\"article:published_time\" content=\"2012-01-03T19:08:29+00:00\" \/>\n<meta property=\"article:modified_time\" content=\"2012-01-03T20:43:55+00:00\" \/>\n<meta property=\"og:image\" content=\"http:\/\/www.visit-ulcinj.com\/blog\/wp-content\/uploads\/2012\/01\/DRITAN-ABAZOVIQ-ULQIN.jpg\" \/>\n<meta name=\"twitter:label1\" content=\"Written by\" \/>\n\t<meta name=\"twitter:data1\" content=\"ulqini\" \/>\n\t<meta name=\"twitter:label2\" content=\"Est. reading time\" \/>\n\t<meta name=\"twitter:data2\" content=\"1 minute\" \/>\n<script type=\"application\/ld+json\" class=\"yoast-schema-graph\">{\"@context\":\"https:\/\/schema.org\",\"@graph\":[{\"@type\":\"WebSite\",\"@id\":\"https:\/\/www.visit-ulcinj.com\/blog\/#website\",\"url\":\"https:\/\/www.visit-ulcinj.com\/blog\/\",\"name\":\"Lajme nga Ulqini\",\"description\":\"Lajme,Vijesti,Ulqini,Ulqin,Crna Gora,Mali i Zi\",\"potentialAction\":[{\"@type\":\"SearchAction\",\"target\":{\"@type\":\"EntryPoint\",\"urlTemplate\":\"https:\/\/www.visit-ulcinj.com\/blog\/?s={search_term_string}\"},\"query-input\":\"required name=search_term_string\"}],\"inLanguage\":\"en-US\"},{\"@type\":\"ImageObject\",\"inLanguage\":\"en-US\",\"@id\":\"https:\/\/www.visit-ulcinj.com\/blog\/2012\/01\/03\/dritan-abazoviq-vendimi-i-psd-lene-gjurme\/#primaryimage\",\"url\":\"https:\/\/www.visit-ulcinj.com\/blog\/wp-content\/uploads\/2012\/01\/DRITAN-ABAZOVIQ-ULQIN.jpg\",\"contentUrl\":\"https:\/\/www.visit-ulcinj.com\/blog\/wp-content\/uploads\/2012\/01\/DRITAN-ABAZOVIQ-ULQIN.jpg\",\"width\":\"426\",\"height\":\"356\"},{\"@type\":\"WebPage\",\"@id\":\"https:\/\/www.visit-ulcinj.com\/blog\/2012\/01\/03\/dritan-abazoviq-vendimi-i-psd-lene-gjurme\/#webpage\",\"url\":\"https:\/\/www.visit-ulcinj.com\/blog\/2012\/01\/03\/dritan-abazoviq-vendimi-i-psd-lene-gjurme\/\",\"name\":\"Dritan Abazoviq: Vendimi i PSD len\u00eb gjurm\u00eb - Lajme nga Ulqini\",\"isPartOf\":{\"@id\":\"https:\/\/www.visit-ulcinj.com\/blog\/#website\"},\"primaryImageOfPage\":{\"@id\":\"https:\/\/www.visit-ulcinj.com\/blog\/2012\/01\/03\/dritan-abazoviq-vendimi-i-psd-lene-gjurme\/#primaryimage\"},\"datePublished\":\"2012-01-03T19:08:29+00:00\",\"dateModified\":\"2012-01-03T20:43:55+00:00\",\"author\":{\"@id\":\"https:\/\/www.visit-ulcinj.com\/blog\/#\/schema\/person\/dcab619c614d3038751c63bc2aadc06d\"},\"description\":\"Dritan Abazoviq- P\u00ebrfaq\u00ebsuesit e shqiptar\u00ebve n\u00eb Parlamentin malazez\u00eb duhet t\u00eb hartojn\u00eb platform\u00eb t\u00eb p\u00ebrbashk\u00ebt P\u00ebrfaq\u00ebsuesit e shqiptar\u00ebve n\u00eb Parlamentin\",\"breadcrumb\":{\"@id\":\"https:\/\/www.visit-ulcinj.com\/blog\/2012\/01\/03\/dritan-abazoviq-vendimi-i-psd-lene-gjurme\/#breadcrumb\"},\"inLanguage\":\"en-US\",\"potentialAction\":[{\"@type\":\"ReadAction\",\"target\":[\"https:\/\/www.visit-ulcinj.com\/blog\/2012\/01\/03\/dritan-abazoviq-vendimi-i-psd-lene-gjurme\/\"]}]},{\"@type\":\"BreadcrumbList\",\"@id\":\"https:\/\/www.visit-ulcinj.com\/blog\/2012\/01\/03\/dritan-abazoviq-vendimi-i-psd-lene-gjurme\/#breadcrumb\",\"itemListElement\":[{\"@type\":\"ListItem\",\"position\":1,\"name\":\"Dritan Abazoviq: Vendimi i PSD len\u00eb gjurm\u00eb\"}]},{\"@type\":\"Person\",\"@id\":\"https:\/\/www.visit-ulcinj.com\/blog\/#\/schema\/person\/dcab619c614d3038751c63bc2aadc06d\",\"name\":\"ulqini\",\"sameAs\":[\"http:\/\/www.visit-ulcinj.com\"],\"url\":\"https:\/\/www.visit-ulcinj.com\/blog\/author\/admin\/\"}]}<\/script>\n<!-- \/ Yoast SEO plugin. -->","yoast_head_json":{"title":"Dritan Abazoviq: Vendimi i PSD len\u00eb gjurm\u00eb - Lajme nga Ulqini","description":"Dritan Abazoviq- P\u00ebrfaq\u00ebsuesit e shqiptar\u00ebve n\u00eb Parlamentin malazez\u00eb duhet t\u00eb hartojn\u00eb platform\u00eb t\u00eb p\u00ebrbashk\u00ebt P\u00ebrfaq\u00ebsuesit e shqiptar\u00ebve n\u00eb Parlamentin","robots":{"index":"index","follow":"follow","max-snippet":"max-snippet:-1","max-image-preview":"max-image-preview:large","max-video-preview":"max-video-preview:-1"},"canonical":"https:\/\/www.visit-ulcinj.com\/blog\/2012\/01\/03\/dritan-abazoviq-vendimi-i-psd-lene-gjurme\/","og_locale":"en_US","og_type":"article","og_title":"Dritan Abazoviq: Vendimi i PSD len\u00eb gjurm\u00eb - Lajme nga Ulqini","og_description":"Dritan Abazoviq- P\u00ebrfaq\u00ebsuesit e shqiptar\u00ebve n\u00eb Parlamentin malazez\u00eb duhet t\u00eb hartojn\u00eb platform\u00eb t\u00eb p\u00ebrbashk\u00ebt P\u00ebrfaq\u00ebsuesit e shqiptar\u00ebve n\u00eb Parlamentin","og_url":"https:\/\/www.visit-ulcinj.com\/blog\/2012\/01\/03\/dritan-abazoviq-vendimi-i-psd-lene-gjurme\/","og_site_name":"Lajme nga Ulqini","article_published_time":"2012-01-03T19:08:29+00:00","article_modified_time":"2012-01-03T20:43:55+00:00","og_image":[{"url":"http:\/\/www.visit-ulcinj.com\/blog\/wp-content\/uploads\/2012\/01\/DRITAN-ABAZOVIQ-ULQIN.jpg"}],"twitter_misc":{"Written by":"ulqini","Est. reading time":"1 minute"},"schema":{"@context":"https:\/\/schema.org","@graph":[{"@type":"WebSite","@id":"https:\/\/www.visit-ulcinj.com\/blog\/#website","url":"https:\/\/www.visit-ulcinj.com\/blog\/","name":"Lajme nga Ulqini","description":"Lajme,Vijesti,Ulqini,Ulqin,Crna Gora,Mali i Zi","potentialAction":[{"@type":"SearchAction","target":{"@type":"EntryPoint","urlTemplate":"https:\/\/www.visit-ulcinj.com\/blog\/?s={search_term_string}"},"query-input":"required name=search_term_string"}],"inLanguage":"en-US"},{"@type":"ImageObject","inLanguage":"en-US","@id":"https:\/\/www.visit-ulcinj.com\/blog\/2012\/01\/03\/dritan-abazoviq-vendimi-i-psd-lene-gjurme\/#primaryimage","url":"https:\/\/www.visit-ulcinj.com\/blog\/wp-content\/uploads\/2012\/01\/DRITAN-ABAZOVIQ-ULQIN.jpg","contentUrl":"https:\/\/www.visit-ulcinj.com\/blog\/wp-content\/uploads\/2012\/01\/DRITAN-ABAZOVIQ-ULQIN.jpg","width":"426","height":"356"},{"@type":"WebPage","@id":"https:\/\/www.visit-ulcinj.com\/blog\/2012\/01\/03\/dritan-abazoviq-vendimi-i-psd-lene-gjurme\/#webpage","url":"https:\/\/www.visit-ulcinj.com\/blog\/2012\/01\/03\/dritan-abazoviq-vendimi-i-psd-lene-gjurme\/","name":"Dritan Abazoviq: Vendimi i PSD len\u00eb gjurm\u00eb - Lajme nga Ulqini","isPartOf":{"@id":"https:\/\/www.visit-ulcinj.com\/blog\/#website"},"primaryImageOfPage":{"@id":"https:\/\/www.visit-ulcinj.com\/blog\/2012\/01\/03\/dritan-abazoviq-vendimi-i-psd-lene-gjurme\/#primaryimage"},"datePublished":"2012-01-03T19:08:29+00:00","dateModified":"2012-01-03T20:43:55+00:00","author":{"@id":"https:\/\/www.visit-ulcinj.com\/blog\/#\/schema\/person\/dcab619c614d3038751c63bc2aadc06d"},"description":"Dritan Abazoviq- P\u00ebrfaq\u00ebsuesit e shqiptar\u00ebve n\u00eb Parlamentin malazez\u00eb duhet t\u00eb hartojn\u00eb platform\u00eb t\u00eb p\u00ebrbashk\u00ebt P\u00ebrfaq\u00ebsuesit e shqiptar\u00ebve n\u00eb Parlamentin","breadcrumb":{"@id":"https:\/\/www.visit-ulcinj.com\/blog\/2012\/01\/03\/dritan-abazoviq-vendimi-i-psd-lene-gjurme\/#breadcrumb"},"inLanguage":"en-US","potentialAction":[{"@type":"ReadAction","target":["https:\/\/www.visit-ulcinj.com\/blog\/2012\/01\/03\/dritan-abazoviq-vendimi-i-psd-lene-gjurme\/"]}]},{"@type":"BreadcrumbList","@id":"https:\/\/www.visit-ulcinj.com\/blog\/2012\/01\/03\/dritan-abazoviq-vendimi-i-psd-lene-gjurme\/#breadcrumb","itemListElement":[{"@type":"ListItem","position":1,"name":"Dritan Abazoviq: Vendimi i PSD len\u00eb gjurm\u00eb"}]},{"@type":"Person","@id":"https:\/\/www.visit-ulcinj.com\/blog\/#\/schema\/person\/dcab619c614d3038751c63bc2aadc06d","name":"ulqini","sameAs":["http:\/\/www.visit-ulcinj.com"],"url":"https:\/\/www.visit-ulcinj.com\/blog\/author\/admin\/"}]}},"jetpack_featured_media_url":"","jetpack_sharing_enabled":true,"jetpack_shortlink":"https:\/\/wp.me\/pe6lTn-eqj","_links":{"self":[{"href":"https:\/\/www.visit-ulcinj.com\/blog\/wp-json\/wp\/v2\/posts\/55447"}],"collection":[{"href":"https:\/\/www.visit-ulcinj.com\/blog\/wp-json\/wp\/v2\/posts"}],"about":[{"href":"https:\/\/www.visit-ulcinj.com\/blog\/wp-json\/wp\/v2\/types\/post"}],"author":[{"embeddable":true,"href":"https:\/\/www.visit-ulcinj.com\/blog\/wp-json\/wp\/v2\/users\/1"}],"replies":[{"embeddable":true,"href":"https:\/\/www.visit-ulcinj.com\/blog\/wp-json\/wp\/v2\/comments?post=55447"}],"version-history":[{"count":3,"href":"https:\/\/www.visit-ulcinj.com\/blog\/wp-json\/wp\/v2\/posts\/55447\/revisions"}],"predecessor-version":[{"id":55468,"href":"https:\/\/www.visit-ulcinj.com\/blog\/wp-json\/wp\/v2\/posts\/55447\/revisions\/55468"}],"wp:attachment":[{"href":"https:\/\/www.visit-ulcinj.com\/blog\/wp-json\/wp\/v2\/media?parent=55447"}],"wp:term":[{"taxonomy":"category","embeddable":true,"href":"https:\/\/www.visit-ulcinj.com\/blog\/wp-json\/wp\/v2\/categories?post=55447"},{"taxonomy":"post_tag","embeddable":true,"href":"https:\/\/www.visit-ulcinj.com\/blog\/wp-json\/wp\/v2\/tags?post=55447"}],"curies":[{"name":"wp","href":"https:\/\/api.w.org\/{rel}","templated":true}]}}