{"id":55452,"date":"2012-01-03T20:23:50","date_gmt":"2012-01-03T19:23:50","guid":{"rendered":"http:\/\/www.visit-ulcinj.com\/blog\/?p=55452"},"modified":"2012-01-03T20:24:45","modified_gmt":"2012-01-03T19:24:45","slug":"abazovic-albanskim-poslanicima-dozvoliti-da-govore-maternjim","status":"publish","type":"post","link":"https:\/\/www.visit-ulcinj.com\/blog\/2012\/01\/03\/abazovic-albanskim-poslanicima-dozvoliti-da-govore-maternjim\/","title":{"rendered":"Abazovi\u0107: Albanskim poslanicima dozvoliti da govore maternjim"},"content":{"rendered":"<p><strong><a href=\"http:\/\/www.visit-ulcinj.com\/blog\/?attachment_id=55453\" rel=\"attachment wp-att-55453\"><img loading=\"lazy\" class=\"alignleft  wp-image-55453\" title=\"Dritan Abazovic_ulcinj\" src=\"http:\/\/www.visit-ulcinj.com\/blog\/wp-content\/uploads\/2012\/01\/Dritan-Abazovic_ulcinj.jpg\" alt=\"\" width=\"340\" height=\"290\" \/><\/a>Prava Albanaca<br \/>\n\u201eUstav je konstatovao da je albanski jezik u slu\u017ebenoj upotrebi u Crnoj Gori&#8221;<\/strong><br \/>\nPredstavnici Albanaca u crnogorskom parlamentu trebalo bi da stvore zajedni\u010dku platformu i na taj na\u010din budu jedinstveni u tra\u017eenju rje\u0161enja za nagomilane probleme te populacije, smatra politikolog Dritan Abazovi\u0107.<\/p>\n<p>On je, komentari\u0161u\u0107i aktivnosti poslanika koji predstavljaju Albance u parlamentu, kazao da je njihov rad o\u010dekivan i da bi mo\u017eda bilo nerealno o\u010dekivati ne\u0161to vi\u0161e.<\/p>\n<p>\u201cDrago mi je da su uspjeli da oforme klub albanskih poslanika, do kojeg su stigli nakon neshvatljivo dugo vremena. Nehomogenost je ne\u0161to \u0161to mo\u017eda mo\u017eemo povezati sa mentalitetom albanskih politi\u010dara, koji se iskazuje kroz brojne primjere\u201c, rekao je Abazovi\u0107 agenciji MINA.<\/p>\n<p>On smatra da je nekorektno \u0161to predstavnicima Albanaca u parlmentu Poslovnikom jo\u0161 nije omogu\u0107eno da se obrate javnosti na maternjem jeziku.<\/p>\n<p>\u201eUstav je konstatovao da je albanski jezik u slu\u017ebenoj upotrebi u Crnoj Gori, a potpuno je nelogi\u010dno da se takva odredba ne mo\u017ee iskoristiti u krovnoj instituciji dr\u017eave, kakav je parlament\u201c, dodao je Abazovi\u0107.<\/p>\n<p>Prema rije\u010dima Abazovi\u0107a, polo\u017eaj Albanaca je sli\u010dan kao i pozicija svih ostalih manjinskih naroda u Crnoj Gori.<\/p>\n<p>\u201eIako specifi\u010dna po svojoj kulturi, tradiciji i naro\u010dito jeziku, albanska nacionalna zajednica ima razloga da bude aktivnija u tra\u017eenju pobolj\u0161anja svog polo\u017eaja u Crnoj Gori. Prije svega radi se o zanemarivanju ekonomskih prava, u smislu da su podru\u010dja gdje dominatno \u017eive Albanci prili\u010dno nerazvijana\u201c, pojasnio je on.<\/p>\n<p><a href=\"http:\/\/www.vijesti.me\/vijesti\/abazovic-albanskim-poslanicima-dozvoliti-da-govore-maternjim-clanak-54507\" target=\"_blank\"><strong>MINA<br \/>\nVIJESTI<\/strong><\/a><\/p>\n","protected":false},"excerpt":{"rendered":"<p>Prava Albanaca \u201eUstav je konstatovao da je albanski jezik u slu\u017ebenoj upotrebi u Crnoj Gori&#8221; Predstavnici Albanaca u crnogorskom parlamentu trebalo bi da stvore zajedni\u010dku platformu i na taj na\u010din budu jedinstveni u tra\u017eenju rje\u0161enja za nagomilane probleme te populacije, smatra politikolog Dritan Abazovi\u0107. On je, komentari\u0161u\u0107i aktivnosti poslanika koji predstavljaju Albance u parlamentu, kazao [&hellip;]<\/p>\n","protected":false},"author":1,"featured_media":0,"comment_status":"open","ping_status":"closed","sticky":false,"template":"","format":"standard","meta":{"spay_email":"","jetpack_publicize_message":"","jetpack_is_tweetstorm":false,"jetpack_publicize_feature_enabled":true},"categories":[8337],"tags":[13706,19],"jetpack_publicize_connections":[],"yoast_head":"<!-- This site is optimized with the Yoast SEO plugin v19.1 - https:\/\/yoast.com\/wordpress\/plugins\/seo\/ -->\n<title>Abazovi\u0107: Albanskim poslanicima dozvoliti da govore maternjim - Lajme nga Ulqini<\/title>\n<meta name=\"description\" content=\"Prava Albanaca \u201eUstav je konstatovao da je albanski jezik u slu\u017ebenoj upotrebi u Crnoj Gori&quot; Predstavnici Albanaca u crnogorskom parlamentu trebalo bi da\" \/>\n<meta name=\"robots\" content=\"index, follow, max-snippet:-1, max-image-preview:large, max-video-preview:-1\" \/>\n<link rel=\"canonical\" href=\"https:\/\/www.visit-ulcinj.com\/blog\/2012\/01\/03\/abazovic-albanskim-poslanicima-dozvoliti-da-govore-maternjim\/\" \/>\n<meta property=\"og:locale\" content=\"en_US\" \/>\n<meta property=\"og:type\" content=\"article\" \/>\n<meta property=\"og:title\" content=\"Abazovi\u0107: Albanskim poslanicima dozvoliti da govore maternjim - Lajme nga Ulqini\" \/>\n<meta property=\"og:description\" content=\"Prava Albanaca \u201eUstav je konstatovao da je albanski jezik u slu\u017ebenoj upotrebi u Crnoj Gori&quot; Predstavnici Albanaca u crnogorskom parlamentu trebalo bi da\" \/>\n<meta property=\"og:url\" content=\"https:\/\/www.visit-ulcinj.com\/blog\/2012\/01\/03\/abazovic-albanskim-poslanicima-dozvoliti-da-govore-maternjim\/\" \/>\n<meta property=\"og:site_name\" content=\"Lajme nga Ulqini\" \/>\n<meta property=\"article:published_time\" content=\"2012-01-03T19:23:50+00:00\" \/>\n<meta property=\"article:modified_time\" content=\"2012-01-03T19:24:45+00:00\" \/>\n<meta property=\"og:image\" content=\"http:\/\/www.visit-ulcinj.com\/blog\/wp-content\/uploads\/2012\/01\/Dritan-Abazovic_ulcinj.jpg\" \/>\n<meta name=\"twitter:label1\" content=\"Written by\" \/>\n\t<meta name=\"twitter:data1\" content=\"ulqini\" \/>\n\t<meta name=\"twitter:label2\" content=\"Est. reading time\" \/>\n\t<meta name=\"twitter:data2\" content=\"1 minute\" \/>\n<script type=\"application\/ld+json\" class=\"yoast-schema-graph\">{\"@context\":\"https:\/\/schema.org\",\"@graph\":[{\"@type\":\"WebSite\",\"@id\":\"https:\/\/www.visit-ulcinj.com\/blog\/#website\",\"url\":\"https:\/\/www.visit-ulcinj.com\/blog\/\",\"name\":\"Lajme nga Ulqini\",\"description\":\"Lajme,Vijesti,Ulqini,Ulqin,Crna Gora,Mali i Zi\",\"potentialAction\":[{\"@type\":\"SearchAction\",\"target\":{\"@type\":\"EntryPoint\",\"urlTemplate\":\"https:\/\/www.visit-ulcinj.com\/blog\/?s={search_term_string}\"},\"query-input\":\"required name=search_term_string\"}],\"inLanguage\":\"en-US\"},{\"@type\":\"ImageObject\",\"inLanguage\":\"en-US\",\"@id\":\"https:\/\/www.visit-ulcinj.com\/blog\/2012\/01\/03\/abazovic-albanskim-poslanicima-dozvoliti-da-govore-maternjim\/#primaryimage\",\"url\":\"https:\/\/www.visit-ulcinj.com\/blog\/wp-content\/uploads\/2012\/01\/Dritan-Abazovic_ulcinj.jpg\",\"contentUrl\":\"https:\/\/www.visit-ulcinj.com\/blog\/wp-content\/uploads\/2012\/01\/Dritan-Abazovic_ulcinj.jpg\",\"width\":\"368\",\"height\":\"294\"},{\"@type\":\"WebPage\",\"@id\":\"https:\/\/www.visit-ulcinj.com\/blog\/2012\/01\/03\/abazovic-albanskim-poslanicima-dozvoliti-da-govore-maternjim\/#webpage\",\"url\":\"https:\/\/www.visit-ulcinj.com\/blog\/2012\/01\/03\/abazovic-albanskim-poslanicima-dozvoliti-da-govore-maternjim\/\",\"name\":\"Abazovi\u0107: Albanskim poslanicima dozvoliti da govore maternjim - Lajme nga Ulqini\",\"isPartOf\":{\"@id\":\"https:\/\/www.visit-ulcinj.com\/blog\/#website\"},\"primaryImageOfPage\":{\"@id\":\"https:\/\/www.visit-ulcinj.com\/blog\/2012\/01\/03\/abazovic-albanskim-poslanicima-dozvoliti-da-govore-maternjim\/#primaryimage\"},\"datePublished\":\"2012-01-03T19:23:50+00:00\",\"dateModified\":\"2012-01-03T19:24:45+00:00\",\"author\":{\"@id\":\"https:\/\/www.visit-ulcinj.com\/blog\/#\/schema\/person\/dcab619c614d3038751c63bc2aadc06d\"},\"description\":\"Prava Albanaca \u201eUstav je konstatovao da je albanski jezik u slu\u017ebenoj upotrebi u Crnoj Gori\\\" Predstavnici Albanaca u crnogorskom parlamentu trebalo bi da\",\"breadcrumb\":{\"@id\":\"https:\/\/www.visit-ulcinj.com\/blog\/2012\/01\/03\/abazovic-albanskim-poslanicima-dozvoliti-da-govore-maternjim\/#breadcrumb\"},\"inLanguage\":\"en-US\",\"potentialAction\":[{\"@type\":\"ReadAction\",\"target\":[\"https:\/\/www.visit-ulcinj.com\/blog\/2012\/01\/03\/abazovic-albanskim-poslanicima-dozvoliti-da-govore-maternjim\/\"]}]},{\"@type\":\"BreadcrumbList\",\"@id\":\"https:\/\/www.visit-ulcinj.com\/blog\/2012\/01\/03\/abazovic-albanskim-poslanicima-dozvoliti-da-govore-maternjim\/#breadcrumb\",\"itemListElement\":[{\"@type\":\"ListItem\",\"position\":1,\"name\":\"Abazovi\u0107: Albanskim poslanicima dozvoliti da govore maternjim\"}]},{\"@type\":\"Person\",\"@id\":\"https:\/\/www.visit-ulcinj.com\/blog\/#\/schema\/person\/dcab619c614d3038751c63bc2aadc06d\",\"name\":\"ulqini\",\"sameAs\":[\"http:\/\/www.visit-ulcinj.com\"],\"url\":\"https:\/\/www.visit-ulcinj.com\/blog\/author\/admin\/\"}]}<\/script>\n<!-- \/ Yoast SEO plugin. -->","yoast_head_json":{"title":"Abazovi\u0107: Albanskim poslanicima dozvoliti da govore maternjim - Lajme nga Ulqini","description":"Prava Albanaca \u201eUstav je konstatovao da je albanski jezik u slu\u017ebenoj upotrebi u Crnoj Gori\" Predstavnici Albanaca u crnogorskom parlamentu trebalo bi da","robots":{"index":"index","follow":"follow","max-snippet":"max-snippet:-1","max-image-preview":"max-image-preview:large","max-video-preview":"max-video-preview:-1"},"canonical":"https:\/\/www.visit-ulcinj.com\/blog\/2012\/01\/03\/abazovic-albanskim-poslanicima-dozvoliti-da-govore-maternjim\/","og_locale":"en_US","og_type":"article","og_title":"Abazovi\u0107: Albanskim poslanicima dozvoliti da govore maternjim - Lajme nga Ulqini","og_description":"Prava Albanaca \u201eUstav je konstatovao da je albanski jezik u slu\u017ebenoj upotrebi u Crnoj Gori\" Predstavnici Albanaca u crnogorskom parlamentu trebalo bi da","og_url":"https:\/\/www.visit-ulcinj.com\/blog\/2012\/01\/03\/abazovic-albanskim-poslanicima-dozvoliti-da-govore-maternjim\/","og_site_name":"Lajme nga Ulqini","article_published_time":"2012-01-03T19:23:50+00:00","article_modified_time":"2012-01-03T19:24:45+00:00","og_image":[{"url":"http:\/\/www.visit-ulcinj.com\/blog\/wp-content\/uploads\/2012\/01\/Dritan-Abazovic_ulcinj.jpg"}],"twitter_misc":{"Written by":"ulqini","Est. reading time":"1 minute"},"schema":{"@context":"https:\/\/schema.org","@graph":[{"@type":"WebSite","@id":"https:\/\/www.visit-ulcinj.com\/blog\/#website","url":"https:\/\/www.visit-ulcinj.com\/blog\/","name":"Lajme nga Ulqini","description":"Lajme,Vijesti,Ulqini,Ulqin,Crna Gora,Mali i Zi","potentialAction":[{"@type":"SearchAction","target":{"@type":"EntryPoint","urlTemplate":"https:\/\/www.visit-ulcinj.com\/blog\/?s={search_term_string}"},"query-input":"required name=search_term_string"}],"inLanguage":"en-US"},{"@type":"ImageObject","inLanguage":"en-US","@id":"https:\/\/www.visit-ulcinj.com\/blog\/2012\/01\/03\/abazovic-albanskim-poslanicima-dozvoliti-da-govore-maternjim\/#primaryimage","url":"https:\/\/www.visit-ulcinj.com\/blog\/wp-content\/uploads\/2012\/01\/Dritan-Abazovic_ulcinj.jpg","contentUrl":"https:\/\/www.visit-ulcinj.com\/blog\/wp-content\/uploads\/2012\/01\/Dritan-Abazovic_ulcinj.jpg","width":"368","height":"294"},{"@type":"WebPage","@id":"https:\/\/www.visit-ulcinj.com\/blog\/2012\/01\/03\/abazovic-albanskim-poslanicima-dozvoliti-da-govore-maternjim\/#webpage","url":"https:\/\/www.visit-ulcinj.com\/blog\/2012\/01\/03\/abazovic-albanskim-poslanicima-dozvoliti-da-govore-maternjim\/","name":"Abazovi\u0107: Albanskim poslanicima dozvoliti da govore maternjim - Lajme nga Ulqini","isPartOf":{"@id":"https:\/\/www.visit-ulcinj.com\/blog\/#website"},"primaryImageOfPage":{"@id":"https:\/\/www.visit-ulcinj.com\/blog\/2012\/01\/03\/abazovic-albanskim-poslanicima-dozvoliti-da-govore-maternjim\/#primaryimage"},"datePublished":"2012-01-03T19:23:50+00:00","dateModified":"2012-01-03T19:24:45+00:00","author":{"@id":"https:\/\/www.visit-ulcinj.com\/blog\/#\/schema\/person\/dcab619c614d3038751c63bc2aadc06d"},"description":"Prava Albanaca \u201eUstav je konstatovao da je albanski jezik u slu\u017ebenoj upotrebi u Crnoj Gori\" Predstavnici Albanaca u crnogorskom parlamentu trebalo bi da","breadcrumb":{"@id":"https:\/\/www.visit-ulcinj.com\/blog\/2012\/01\/03\/abazovic-albanskim-poslanicima-dozvoliti-da-govore-maternjim\/#breadcrumb"},"inLanguage":"en-US","potentialAction":[{"@type":"ReadAction","target":["https:\/\/www.visit-ulcinj.com\/blog\/2012\/01\/03\/abazovic-albanskim-poslanicima-dozvoliti-da-govore-maternjim\/"]}]},{"@type":"BreadcrumbList","@id":"https:\/\/www.visit-ulcinj.com\/blog\/2012\/01\/03\/abazovic-albanskim-poslanicima-dozvoliti-da-govore-maternjim\/#breadcrumb","itemListElement":[{"@type":"ListItem","position":1,"name":"Abazovi\u0107: Albanskim poslanicima dozvoliti da govore maternjim"}]},{"@type":"Person","@id":"https:\/\/www.visit-ulcinj.com\/blog\/#\/schema\/person\/dcab619c614d3038751c63bc2aadc06d","name":"ulqini","sameAs":["http:\/\/www.visit-ulcinj.com"],"url":"https:\/\/www.visit-ulcinj.com\/blog\/author\/admin\/"}]}},"jetpack_featured_media_url":"","jetpack_sharing_enabled":true,"jetpack_shortlink":"https:\/\/wp.me\/pe6lTn-eqo","_links":{"self":[{"href":"https:\/\/www.visit-ulcinj.com\/blog\/wp-json\/wp\/v2\/posts\/55452"}],"collection":[{"href":"https:\/\/www.visit-ulcinj.com\/blog\/wp-json\/wp\/v2\/posts"}],"about":[{"href":"https:\/\/www.visit-ulcinj.com\/blog\/wp-json\/wp\/v2\/types\/post"}],"author":[{"embeddable":true,"href":"https:\/\/www.visit-ulcinj.com\/blog\/wp-json\/wp\/v2\/users\/1"}],"replies":[{"embeddable":true,"href":"https:\/\/www.visit-ulcinj.com\/blog\/wp-json\/wp\/v2\/comments?post=55452"}],"version-history":[{"count":2,"href":"https:\/\/www.visit-ulcinj.com\/blog\/wp-json\/wp\/v2\/posts\/55452\/revisions"}],"predecessor-version":[{"id":55455,"href":"https:\/\/www.visit-ulcinj.com\/blog\/wp-json\/wp\/v2\/posts\/55452\/revisions\/55455"}],"wp:attachment":[{"href":"https:\/\/www.visit-ulcinj.com\/blog\/wp-json\/wp\/v2\/media?parent=55452"}],"wp:term":[{"taxonomy":"category","embeddable":true,"href":"https:\/\/www.visit-ulcinj.com\/blog\/wp-json\/wp\/v2\/categories?post=55452"},{"taxonomy":"post_tag","embeddable":true,"href":"https:\/\/www.visit-ulcinj.com\/blog\/wp-json\/wp\/v2\/tags?post=55452"}],"curies":[{"name":"wp","href":"https:\/\/api.w.org\/{rel}","templated":true}]}}