{"id":55479,"date":"2012-01-04T14:03:38","date_gmt":"2012-01-04T13:03:38","guid":{"rendered":"http:\/\/www.visit-ulcinj.com\/blog\/?p=55479"},"modified":"2012-01-04T14:03:38","modified_gmt":"2012-01-04T13:03:38","slug":"beatrix-ramosaj-bashkepunim-me-anxhelinen-dhe-argjentinen","status":"publish","type":"post","link":"https:\/\/www.visit-ulcinj.com\/blog\/2012\/01\/04\/beatrix-ramosaj-bashkepunim-me-anxhelinen-dhe-argjentinen\/","title":{"rendered":"Beatrix Ramosaj bashk\u00ebpunim me Anxhelin\u00ebn dhe Argjentin\u00ebn"},"content":{"rendered":"<p><a href=\"http:\/\/www.visit-ulcinj.com\/blog\/?attachment_id=55480\" rel=\"attachment wp-att-55480\"><img loading=\"lazy\" class=\"alignleft  wp-image-55480\" title=\"Beatrix Ramosaj me Anxhelin\u00ebn dhe Argjentin\u00ebn\" src=\"http:\/\/www.visit-ulcinj.com\/blog\/wp-content\/uploads\/2012\/01\/Beatrix-Ramosaj-me-Anxhelin\u00ebn-dhe-Argjentin\u00ebn.jpg\" alt=\"\" width=\"508\" height=\"380\" \/><\/a>Beatrix Ramosaj rr\u00ebfen p\u00ebr klipin e ri, nj\u00eb bashk\u00ebpunim me kush\u00ebrirat e saj, detaje t\u00eb tjera rreth produksionit dhe planet e ardhme p\u00ebr nj\u00eb koncert\u2026p\u00ebrs\u00ebri tresh. Megjithat\u00eb bukuroshja e fisit Ramosaj ka ndar\u00eb edhe shum\u00eb detaje t\u00eb tjera n\u00eb k\u00ebt\u00eb prag festash\u2026<\/p>\n<p><strong>Qarkullon n\u00eb form\u00eb thashethemi lajmi p\u00ebr nj\u00eb bashk\u00ebpunim mes tre kush\u00ebrirash. Do t\u00eb publikosh v\u00ebrtet nj\u00eb k\u00ebng\u00eb me Anxhelin\u00ebn dhe Argjentin\u00ebn?<\/strong><br \/>\nPo \u00ebsht\u00eb e v\u00ebrtet\u00eb q\u00eb s\u00eb shpejti ne t\u00eb treja do t\u00eb dalim me nj\u00eb k\u00ebng\u00eb t\u00eb re. Prej koh\u00ebsh kishim qejf ta realizonim nj\u00eb projekt t\u00eb till\u00eb dhe m\u00eb n\u00eb fund erdhi koha. K\u00ebnga \u00ebsht\u00eb produksion i Nesti Duk\u00ebs, i cili ka b\u00ebr\u00eb muzik\u00ebn dhe tekstin. \u00cbsht\u00eb nj\u00eb k\u00ebng\u00eb RnB por megjith\u00ebse do t\u00eb jemi t\u00eb treja, secila do t\u00eb ket\u00eb mund\u00ebsin\u00eb t\u00eb shfaq\u00eb karakterin e vet.<br \/>\n<strong>Secila do t\u00eb jet\u00eb n\u00eb karakterin e vet? \u00c7do t\u00eb thot\u00eb kjo?<\/strong><br \/>\nKjo do t\u00eb thot\u00eb q\u00eb njer\u00ebzit do t\u00eb na shohin ndryshe ku secila do t\u00eb tregoj\u00eb menyr\u00ebn e vet t\u00eb t\u00eb k\u00ebnduarit.<br \/>\n<strong>Ku dalloni nga nj\u00ebra-tjetra? E kam fjal\u00ebn p\u00ebrsa i takon ndryshimeve profesionale e q\u00eb kan\u00eb lidhje me muzik\u00ebn?<\/strong><br \/>\nFillimisht dua t\u00eb t\u00eb tregoj si ndryshojm\u00eb nga ana e karakterit e pastaj t\u00eb t\u00eb shpjegoj edhe ndryshimet p\u00ebrsa i takon muzik\u00ebs. Argjentina \u00ebsht\u00eb kush\u00ebrira m\u00eb e ndrojtur nga ne t\u00eb tria, Anxhelina \u00ebsht\u00eb padiskutim m\u00eb shkath\u00ebta, kurse un\u00eb jam nj\u00eb miks mes t\u00eb dyjave. Jam e qet\u00eb si Argjentina dhe ndonj\u00ebher\u00eb b\u00ebhem shpejt gjaknxeht\u00eb si Anxhelina. P\u00ebrsa i takon ndryshimeve q\u00eb na dallojn\u00eb n\u00eb muzik\u00eb e q\u00eb duket edhe n\u00eb p\u00ebrzgjedhjen e materialeve jan\u00eb: Argjentina preferon m\u00eb shum\u00eb muzik\u00ebn e qet\u00eb dhe baladat dhe e gjen m\u00eb shum\u00eb veten te baladat. Anxhelina preferon m\u00eb shum\u00eb RnB. Kurse un\u00eb i p\u00eblqej t\u00eb gjitha rrymat muzikore pa p\u00ebrjashtim. P\u00eblqej muzik\u00ebn RnB, pop, baladat dhe po kaq shum\u00eb e gjej veten edhe te muzika klasike. Madje mund t\u00eb them q\u00eb muzika klasike \u00ebsht\u00eb pjes\u00eb e imja dhe nuk rri dot pa d\u00ebgjuar muzik\u00eb klasike.<br \/>\nKjo po q\u00eb \u00ebsht\u00eb di\u00e7ka interesante\u2026<br \/>\n<strong>Nuk ka asgj\u00eb p\u00ebr t\u2019u \u00e7uditur. Un\u00eb vazhdoj shkoll\u00ebn p\u00ebr kanto ku studioj muzik\u00eb klasike. Domosdo q\u00eb e adhuroj muzik\u00ebn klasike. Kam k\u00ebnduar muzik\u00eb klasike.<\/strong><br \/>\n<strong>Kur ka ndodhur kjo?<\/strong><br \/>\nPara nj\u00eb viti \u201cLiceu artistik\u201d ku un\u00eb studioj dhe \u201cAkademia e Arteve\u201d organizuan nj\u00eb aktivitet n\u00eb \u201cTeatrin e Operas dhe Baletit\u201d me pjes\u00eb t\u00eb muzik\u00ebs klasike. Un\u00eb k\u00ebndova serenat\u00ebn e Shubertit.<br \/>\n<strong>M\u00eb thuaj disa pjes\u00eb nga muzika klasike q\u00eb i ke t\u00eb preferuara.<\/strong><br \/>\nJan\u00eb kaq shum\u00eb sa nuk di nga t\u2019ia nis. P\u00eblqej shum\u00eb Serentat e Shubertit, disa pjes\u00eb t\u00eb Vivaldit, veprat e Bethoven jan\u00eb t\u00eb shk\u00eblqyera\u2026<br \/>\n<strong>Ti rikthehemi edhe nj\u00ebher\u00eb treshes s\u00eb kush\u00ebrirave. E keni v\u00ebn\u00eb re q\u00eb njer\u00ebzit ju marrin si \u201cpaket\u00eb\u201d dhe jo individualisht. P\u00ebrshembull dilni treshe n\u00ebp\u00ebr kopertina revistash, jepni intervista treshe. Kjo gj\u00eb zakonisht ndodh me dy motra ose nj\u00eb \u00e7ift t\u00eb njohur. Bashk\u00eb me tezen tuaj, Alb\u00ebrie Had\u00ebrgjonaj m\u00eb kujtoni pak familjen m\u00eb t\u00eb famshme t\u00eb show biz-it n\u00eb Amerik\u00eb \u201cKardashian\u00ebt\u201d\u2026<\/strong><br \/>\n\u00cbsht\u00eb e v\u00ebrtet\u00eb. N\u00eb fakt, ne jemi treshja e vetme e kush\u00ebrirave k\u00ebng\u00ebtare dhe p\u00ebrve\u00e7se jemi shum\u00eb t\u00eb talentuara jemi edhe shum\u00eb t\u00eb lidhura me nj\u00ebra-tjetr\u00ebn. Kjo lidhja jon\u00eb mesa duket vler\u00ebsohet n\u00eb show biz. Por nga ana tjet\u00ebr edhe ne kemi dashur q\u00eb nj\u00eb gj\u00eb e till\u00eb t\u00eb ndodh\u00eb. Kur jemi bashk\u00eb ne ndihemi shum\u00eb t\u00eb forta. P\u00ebrve\u00e7 bashk\u00ebpunimee t\u00eb tilla si\u00e7 jan\u00eb k\u00ebng\u00ebt, klipet apo edhe intervistat, ndoshta n\u00eb t\u00eb ardhmen do t\u00eb japim koncerte bashk\u00eb. Pse jo, meq\u00eb jemi kush\u00ebrira \u00e7\u2019t\u00eb keqe ka t\u00eb k\u00ebndojm\u00eb me nj\u00ebra-tjetr\u00ebn. P\u00ebr t\u00eb krijuar k\u00ebt\u00eb lloj uniteti mes nesh ka ndikuar edhe tezja, Alb\u00ebrija e cila na rri gjithmon\u00eb af\u00ebr. M\u00eb tep\u00ebr ka qen\u00eb ideja e tezes p\u00ebr t\u00eb krijuar k\u00ebt\u00eb treshe pastaj edhe ne na p\u00eblqeu dhe m\u00eb n\u00eb fund kjo \u00ebnd\u00ebrr p\u00ebr t\u00eb k\u00ebnduar s\u00eb bashku u b\u00eb realitet.<br \/>\n<strong>Beatrix ke vet\u00ebm nj\u00eb vit karrier\u00eb dhe mund t\u00eb thuhet q\u00eb suksesi yt ka ecur me hapa galopant\u00eb. A ishe e p\u00ebrgatitur p\u00ebr k\u00ebt\u00eb sukses, je trembur ndonj\u00ebher\u00eb sepse gj\u00ebrat po t\u00eb vinin shum\u00eb shpejt?<\/strong><br \/>\nNuk jam trembur asnj\u00ebher\u00eb. Un\u00eb q\u00eb her\u00ebn e par\u00eb q\u00eb kam dal\u00eb n\u00eb sken\u00eb ndihesha sikur kisha qen\u00eb dhe her\u00eb t\u00eb tjera. Sa her\u00eb dal n\u00eb sk\u00ebn\u00eb e b\u00ebj me pasion, e adhuroj pun\u00ebn q\u00eb b\u00ebj, e adhuroj sken\u00ebn dhe publiku \u00ebsht\u00eb i ndjesh\u00ebm ndaj k\u00ebsaj gj\u00ebje. P\u00ebr k\u00ebt\u00eb arsye ndoshta kam pasur edhe nj\u00eb sukses t\u00eb shpejt\u00eb. Megjithat\u00eb, un\u00eb nuk dua t\u00eb ngutem dhe nuk dehem nga suksesi. Jam n\u00eb k\u00ebmb\u00eb n\u00eb tok\u00eb. Dua t\u00eb eci ngadal\u00eb dhe kur t\u00eb arrij n\u00eb maj\u00eb do t\u00eb mundohem t\u00eb q\u00ebndroj aty lart dhe besoj kjo do t\u00eb jet\u00eb sfida m\u00eb e madhe. \u00cbsht\u00eb e v\u00ebrtet\u00eb q\u00eb kam vet\u00ebm nj\u00eb vit n\u00eb sken\u00eb. Zyrtarisht e kuror\u00ebzova vitin e par\u00eb me pjes\u00ebmarrjen time t\u00eb dyt\u00eb n\u00eb edicionin e sivjetsh\u00ebm t\u00eb \u201cK\u00ebnga magjike\u201d ku p\u00ebr fat t\u00eb keq k\u00ebnga ime nuk hyri n\u00eb finale.<br \/>\n<strong>U m\u00ebrzite p\u00ebr k\u00ebt\u00eb gj\u00eb?<\/strong><br \/>\nSigurisht! Kush nuk do t\u00eb m\u00ebrzitej. Mua k\u00ebnga ime m\u00eb p\u00eblqeu shum\u00eb, por pak a shum\u00eb e parandieja q\u00eb nuk do t\u00eb hyja n\u00eb finale. Dihet si shkoi puna e votimit t\u00eb k\u00ebng\u00ebve, por nga ana tjet\u00ebr kishte shum\u00eb prurje t\u00eb mira k\u00ebng\u00ebsh dhe shum\u00eb k\u00ebng\u00ebtar\u00eb me em\u00ebr ndaj eleminimi nuk m\u00eb erdhi i papritur.<br \/>\n<strong>Cil\u00ebn k\u00ebng\u00eb p\u00eblqeve m\u00eb shum\u00eb?<\/strong><br \/>\nK\u00ebng\u00ebn e tezes time e p\u00eblqeva shum\u00eb. Ndoshta, ngaq\u00eb e kisha d\u00ebgjuar shum\u00eb shpesh e m\u00eb ishte rrahur veshi dhe p\u00ebr k\u00ebt\u00eb arsye m\u00eb vinte natyrsh\u00ebm ta p\u00eblqeja m\u00eb shum\u00eb se t\u00eb tjerat. K\u00ebng\u00eb t\u00eb tjera q\u00eb m\u00eb p\u00eblqyen ishin ajo e Big Bast\u00ebs dhe Angelos, ve\u00e7an\u00ebrisht k\u00ebnga fituese e Redon Makashit. Mund t\u00eb them q\u00eb \u00ebsht\u00eb hera e par\u00eb n\u00eb jet\u00ebn time q\u00eb bie plot\u00ebsisht dakort me \u00e7mimin e par\u00eb q\u00eb jepet n\u00eb nj\u00eb festival.<br \/>\n<strong>Ti ke bashk\u00ebpunuar edhe her\u00eb t\u00eb tjera me Big Bast\u00ebn, do t\u00eb kesh ndonj\u00eb bashk\u00ebpunim t\u00eb ri me t\u00eb?<\/strong><br \/>\nPo. Sa shpejt p\u00ebrhapen lajmet (qesh). Kam vet\u00ebm nj\u00eb jav\u00eb q\u00eb kam marr\u00eb nj\u00eb k\u00ebng\u00eb t\u00eb tij. Para pak koh\u00ebsh isha n\u00eb studion e tij ku mes disa propozimeve un\u00eb zgjodha k\u00ebt\u00eb k\u00ebng\u00eb me t\u00eb cil\u00ebn po punoj e q\u00eb do ta publikoj edhe me klip. Besoj klipi do t\u00eb jet\u00eb gati n\u00eb dit\u00ebt e para t\u00eb janarit t\u00eb vitit tjet\u00ebr.<br \/>\n<strong>Big Basta dhe Stine jan\u00eb producent\u00eb t\u00eb cil\u00ebt b\u00ebjn\u00eb muzik\u00eb rrep dhe RnB. Pse ke zgjdhur t\u00eb bashk\u00ebpunosh vet\u00ebm me kompozitor\u00eb q\u00eb l\u00ebvrojn\u00eb k\u00ebt\u00eb zhan\u00ebr muzikor?<\/strong><br \/>\nKam bashk\u00ebpunuar q\u00eb n\u00eb fillim me ta dhe jam shum\u00eb e k\u00ebnaqur nga t\u00eb dy. Kan\u00eb nj\u00eb p\u00ebrgjegj\u00ebsi t\u00eb madhe n\u00eb pun\u00eb dhe \u00ebsht\u00eb e leht\u00eb t\u00eb punosh me ta. Bigu ka punuar shum\u00eb mir\u00eb s\u00eb fundmi dhe ka sjell\u00eb materiale q\u00eb mua m\u00eb kan\u00eb p\u00eblqyer shum\u00eb. Pastaj un\u00eb jam lan\u00e7uar me muzik\u00ebn RnB dhe ndihem rehat n\u00eb k\u00ebt\u00eb rrym\u00eb, por kjo nuk do t\u00eb thot\u00eb q\u00eb do t\u00eb k\u00ebndoj vet\u00ebm RnB. Do t\u00eb m\u00eb shihni edhe n\u00eb rock balad\u00eb, ndoshta edhe n\u00eb rock pse jo. (Qesh)<br \/>\n<strong>P\u00ebr momentin cila \u00ebsht\u00eb k\u00ebng\u00ebtarja jote shqiptare e preferuar?<\/strong><br \/>\nRita ora.<br \/>\n<strong>Pak m\u00eb shqiptare nuk gjeje?<\/strong><br \/>\nP\u00ebr momentin m\u00eb p\u00eblqen Elvana Gjata.<br \/>\n<a href=\"http:\/\/www.visit-ulcinj.com\/blog\/?attachment_id=55481\" rel=\"attachment wp-att-55481\"><img loading=\"lazy\" class=\"alignleft  wp-image-55481\" title=\"Beatrix Ramosaj me Anxhelin\u00ebn dhe Argjentin\u00ebn.1\" src=\"http:\/\/www.visit-ulcinj.com\/blog\/wp-content\/uploads\/2012\/01\/Beatrix-Ramosaj-me-Anxhelin\u00ebn-dhe-Argjentin\u00ebn.1.jpg\" alt=\"\" width=\"508\" height=\"300\" \/><\/a><\/p>\n<p><strong>E ndjen konkurrenc\u00ebn mes k\u00ebng\u00ebtareve t\u00eb reja?<\/strong><br \/>\nSigurisht sepse jan\u00eb shtuar k\u00ebng\u00ebtaret e reja, por konkurrenca \u00ebsht\u00eb e mir\u00eb sepse rrit cil\u00ebsin\u00eb.<br \/>\n<strong>Ti sa t\u00eb aft\u00eb e ndjen veten brenda k\u00ebsaj konkurrence?<\/strong><br \/>\nBesoj se p\u00ebr nj\u00eb vit un\u00eb kam ecur shum\u00eb mir\u00eb duke u krahasur me disa k\u00ebng\u00ebtare t\u00eb tjera. Por, si k\u00ebng\u00ebtare e re q\u00eb jam dua t\u00eb jap edhe m\u00eb shum\u00eb.<br \/>\n<strong>Edhe koncertet t\u00eb jan\u00eb shtuar dhe besoj se ky \u00ebsht\u00eb nj\u00eb nga treguesit e progresit n\u00eb karrier\u00ebn e nj\u00eb k\u00ebng\u00ebtareje t\u00eb re?<\/strong><br \/>\nPo, kam qen\u00eb shum\u00eb aktive n\u00ebp\u00ebr koncerte. Un\u00eb k\u00ebndoj live dhe kjo \u00ebsht\u00eb nj\u00eb arsye m\u00eb shum\u00eb q\u00eb m\u00eb ftojn\u00eb gjithnj\u00eb e m\u00eb shum\u00eb n\u00ebp\u00ebr koncrte brenda dhe jasht\u00eb Shqip\u00ebris\u00eb, ve\u00e7an\u00ebrisht n\u00eb Kosov\u00eb.<br \/>\n<strong>Po pagesat jan\u00eb rritur?<\/strong><br \/>\nNormalisht q\u00eb jan\u00eb rritur dhe paguhem shum\u00eb mir\u00eb p\u00ebr nj\u00eb artiste t\u00eb re. P\u00ebr m\u00eb tep\u00ebr theksoj un\u00eb jam nj\u00eb k\u00ebng\u00ebtare q\u00eb k\u00ebndoj live dhe jo me play back. Kudo ku shkoj, k\u00ebndoj live.<\/p>\n<p><strong>Ina Hoxha Bluetooth<br \/>\n<!--YouTube Error: bad URL entered--><br \/>\n<\/strong><\/p>\n","protected":false},"excerpt":{"rendered":"<p>Beatrix Ramosaj rr\u00ebfen p\u00ebr klipin e ri, nj\u00eb bashk\u00ebpunim me kush\u00ebrirat e saj, detaje t\u00eb tjera rreth produksionit dhe planet e ardhme p\u00ebr nj\u00eb koncert\u2026p\u00ebrs\u00ebri tresh. Megjithat\u00eb bukuroshja e fisit Ramosaj ka ndar\u00eb edhe shum\u00eb detaje t\u00eb tjera n\u00eb k\u00ebt\u00eb prag festash\u2026 Qarkullon n\u00eb form\u00eb thashethemi lajmi p\u00ebr nj\u00eb bashk\u00ebpunim mes tre kush\u00ebrirash. Do t\u00eb [&hellip;]<\/p>\n","protected":false},"author":1,"featured_media":0,"comment_status":"open","ping_status":"closed","sticky":false,"template":"","format":"standard","meta":{"spay_email":"","jetpack_publicize_message":"","jetpack_is_tweetstorm":false,"jetpack_publicize_feature_enabled":true},"categories":[1],"tags":[4567,19782,16609,16036,8966,19514,19511,19460],"jetpack_publicize_connections":[],"yoast_head":"<!-- This site is optimized with the Yoast SEO plugin v19.1 - https:\/\/yoast.com\/wordpress\/plugins\/seo\/ -->\n<title>Beatrix Ramosaj bashk\u00ebpunim me Anxhelin\u00ebn dhe Argjentin\u00ebn - Lajme nga Ulqini<\/title>\n<meta name=\"description\" content=\"Beatrix Ramosaj rr\u00ebfen p\u00ebr klipin e ri, nj\u00eb bashk\u00ebpunim me kush\u00ebrirat e saj, detaje t\u00eb tjera rreth produksionit dhe planet e ardhme p\u00ebr nj\u00eb\" \/>\n<meta name=\"robots\" content=\"index, follow, max-snippet:-1, max-image-preview:large, max-video-preview:-1\" \/>\n<link rel=\"canonical\" href=\"https:\/\/www.visit-ulcinj.com\/blog\/2012\/01\/04\/beatrix-ramosaj-bashkepunim-me-anxhelinen-dhe-argjentinen\/\" \/>\n<meta property=\"og:locale\" content=\"en_US\" \/>\n<meta property=\"og:type\" content=\"article\" \/>\n<meta property=\"og:title\" content=\"Beatrix Ramosaj bashk\u00ebpunim me Anxhelin\u00ebn dhe Argjentin\u00ebn - Lajme nga Ulqini\" \/>\n<meta property=\"og:description\" content=\"Beatrix Ramosaj rr\u00ebfen p\u00ebr klipin e ri, nj\u00eb bashk\u00ebpunim me kush\u00ebrirat e saj, detaje t\u00eb tjera rreth produksionit dhe planet e ardhme p\u00ebr nj\u00eb\" \/>\n<meta property=\"og:url\" content=\"https:\/\/www.visit-ulcinj.com\/blog\/2012\/01\/04\/beatrix-ramosaj-bashkepunim-me-anxhelinen-dhe-argjentinen\/\" \/>\n<meta property=\"og:site_name\" content=\"Lajme nga Ulqini\" \/>\n<meta property=\"article:published_time\" content=\"2012-01-04T13:03:38+00:00\" \/>\n<meta name=\"twitter:label1\" content=\"Written by\" \/>\n\t<meta name=\"twitter:data1\" content=\"ulqini\" \/>\n\t<meta name=\"twitter:label2\" content=\"Est. reading time\" \/>\n\t<meta name=\"twitter:data2\" content=\"8 minutes\" \/>\n<script type=\"application\/ld+json\" class=\"yoast-schema-graph\">{\"@context\":\"https:\/\/schema.org\",\"@graph\":[{\"@type\":\"WebSite\",\"@id\":\"https:\/\/www.visit-ulcinj.com\/blog\/#website\",\"url\":\"https:\/\/www.visit-ulcinj.com\/blog\/\",\"name\":\"Lajme nga Ulqini\",\"description\":\"Lajme,Vijesti,Ulqini,Ulqin,Crna Gora,Mali i Zi\",\"potentialAction\":[{\"@type\":\"SearchAction\",\"target\":{\"@type\":\"EntryPoint\",\"urlTemplate\":\"https:\/\/www.visit-ulcinj.com\/blog\/?s={search_term_string}\"},\"query-input\":\"required name=search_term_string\"}],\"inLanguage\":\"en-US\"},{\"@type\":\"WebPage\",\"@id\":\"https:\/\/www.visit-ulcinj.com\/blog\/2012\/01\/04\/beatrix-ramosaj-bashkepunim-me-anxhelinen-dhe-argjentinen\/#webpage\",\"url\":\"https:\/\/www.visit-ulcinj.com\/blog\/2012\/01\/04\/beatrix-ramosaj-bashkepunim-me-anxhelinen-dhe-argjentinen\/\",\"name\":\"Beatrix Ramosaj bashk\u00ebpunim me Anxhelin\u00ebn dhe Argjentin\u00ebn - Lajme nga Ulqini\",\"isPartOf\":{\"@id\":\"https:\/\/www.visit-ulcinj.com\/blog\/#website\"},\"datePublished\":\"2012-01-04T13:03:38+00:00\",\"dateModified\":\"2012-01-04T13:03:38+00:00\",\"author\":{\"@id\":\"https:\/\/www.visit-ulcinj.com\/blog\/#\/schema\/person\/dcab619c614d3038751c63bc2aadc06d\"},\"description\":\"Beatrix Ramosaj rr\u00ebfen p\u00ebr klipin e ri, nj\u00eb bashk\u00ebpunim me kush\u00ebrirat e saj, detaje t\u00eb tjera rreth produksionit dhe planet e ardhme p\u00ebr nj\u00eb\",\"breadcrumb\":{\"@id\":\"https:\/\/www.visit-ulcinj.com\/blog\/2012\/01\/04\/beatrix-ramosaj-bashkepunim-me-anxhelinen-dhe-argjentinen\/#breadcrumb\"},\"inLanguage\":\"en-US\",\"potentialAction\":[{\"@type\":\"ReadAction\",\"target\":[\"https:\/\/www.visit-ulcinj.com\/blog\/2012\/01\/04\/beatrix-ramosaj-bashkepunim-me-anxhelinen-dhe-argjentinen\/\"]}]},{\"@type\":\"BreadcrumbList\",\"@id\":\"https:\/\/www.visit-ulcinj.com\/blog\/2012\/01\/04\/beatrix-ramosaj-bashkepunim-me-anxhelinen-dhe-argjentinen\/#breadcrumb\",\"itemListElement\":[{\"@type\":\"ListItem\",\"position\":1,\"name\":\"Beatrix Ramosaj bashk\u00ebpunim me Anxhelin\u00ebn dhe Argjentin\u00ebn\"}]},{\"@type\":\"Person\",\"@id\":\"https:\/\/www.visit-ulcinj.com\/blog\/#\/schema\/person\/dcab619c614d3038751c63bc2aadc06d\",\"name\":\"ulqini\",\"sameAs\":[\"http:\/\/www.visit-ulcinj.com\"],\"url\":\"https:\/\/www.visit-ulcinj.com\/blog\/author\/admin\/\"}]}<\/script>\n<!-- \/ Yoast SEO plugin. -->","yoast_head_json":{"title":"Beatrix Ramosaj bashk\u00ebpunim me Anxhelin\u00ebn dhe Argjentin\u00ebn - Lajme nga Ulqini","description":"Beatrix Ramosaj rr\u00ebfen p\u00ebr klipin e ri, nj\u00eb bashk\u00ebpunim me kush\u00ebrirat e saj, detaje t\u00eb tjera rreth produksionit dhe planet e ardhme p\u00ebr nj\u00eb","robots":{"index":"index","follow":"follow","max-snippet":"max-snippet:-1","max-image-preview":"max-image-preview:large","max-video-preview":"max-video-preview:-1"},"canonical":"https:\/\/www.visit-ulcinj.com\/blog\/2012\/01\/04\/beatrix-ramosaj-bashkepunim-me-anxhelinen-dhe-argjentinen\/","og_locale":"en_US","og_type":"article","og_title":"Beatrix Ramosaj bashk\u00ebpunim me Anxhelin\u00ebn dhe Argjentin\u00ebn - Lajme nga Ulqini","og_description":"Beatrix Ramosaj rr\u00ebfen p\u00ebr klipin e ri, nj\u00eb bashk\u00ebpunim me kush\u00ebrirat e saj, detaje t\u00eb tjera rreth produksionit dhe planet e ardhme p\u00ebr nj\u00eb","og_url":"https:\/\/www.visit-ulcinj.com\/blog\/2012\/01\/04\/beatrix-ramosaj-bashkepunim-me-anxhelinen-dhe-argjentinen\/","og_site_name":"Lajme nga Ulqini","article_published_time":"2012-01-04T13:03:38+00:00","twitter_misc":{"Written by":"ulqini","Est. reading time":"8 minutes"},"schema":{"@context":"https:\/\/schema.org","@graph":[{"@type":"WebSite","@id":"https:\/\/www.visit-ulcinj.com\/blog\/#website","url":"https:\/\/www.visit-ulcinj.com\/blog\/","name":"Lajme nga Ulqini","description":"Lajme,Vijesti,Ulqini,Ulqin,Crna Gora,Mali i Zi","potentialAction":[{"@type":"SearchAction","target":{"@type":"EntryPoint","urlTemplate":"https:\/\/www.visit-ulcinj.com\/blog\/?s={search_term_string}"},"query-input":"required name=search_term_string"}],"inLanguage":"en-US"},{"@type":"WebPage","@id":"https:\/\/www.visit-ulcinj.com\/blog\/2012\/01\/04\/beatrix-ramosaj-bashkepunim-me-anxhelinen-dhe-argjentinen\/#webpage","url":"https:\/\/www.visit-ulcinj.com\/blog\/2012\/01\/04\/beatrix-ramosaj-bashkepunim-me-anxhelinen-dhe-argjentinen\/","name":"Beatrix Ramosaj bashk\u00ebpunim me Anxhelin\u00ebn dhe Argjentin\u00ebn - Lajme nga Ulqini","isPartOf":{"@id":"https:\/\/www.visit-ulcinj.com\/blog\/#website"},"datePublished":"2012-01-04T13:03:38+00:00","dateModified":"2012-01-04T13:03:38+00:00","author":{"@id":"https:\/\/www.visit-ulcinj.com\/blog\/#\/schema\/person\/dcab619c614d3038751c63bc2aadc06d"},"description":"Beatrix Ramosaj rr\u00ebfen p\u00ebr klipin e ri, nj\u00eb bashk\u00ebpunim me kush\u00ebrirat e saj, detaje t\u00eb tjera rreth produksionit dhe planet e ardhme p\u00ebr nj\u00eb","breadcrumb":{"@id":"https:\/\/www.visit-ulcinj.com\/blog\/2012\/01\/04\/beatrix-ramosaj-bashkepunim-me-anxhelinen-dhe-argjentinen\/#breadcrumb"},"inLanguage":"en-US","potentialAction":[{"@type":"ReadAction","target":["https:\/\/www.visit-ulcinj.com\/blog\/2012\/01\/04\/beatrix-ramosaj-bashkepunim-me-anxhelinen-dhe-argjentinen\/"]}]},{"@type":"BreadcrumbList","@id":"https:\/\/www.visit-ulcinj.com\/blog\/2012\/01\/04\/beatrix-ramosaj-bashkepunim-me-anxhelinen-dhe-argjentinen\/#breadcrumb","itemListElement":[{"@type":"ListItem","position":1,"name":"Beatrix Ramosaj bashk\u00ebpunim me Anxhelin\u00ebn dhe Argjentin\u00ebn"}]},{"@type":"Person","@id":"https:\/\/www.visit-ulcinj.com\/blog\/#\/schema\/person\/dcab619c614d3038751c63bc2aadc06d","name":"ulqini","sameAs":["http:\/\/www.visit-ulcinj.com"],"url":"https:\/\/www.visit-ulcinj.com\/blog\/author\/admin\/"}]}},"jetpack_featured_media_url":"","jetpack_sharing_enabled":true,"jetpack_shortlink":"https:\/\/wp.me\/pe6lTn-eqP","_links":{"self":[{"href":"https:\/\/www.visit-ulcinj.com\/blog\/wp-json\/wp\/v2\/posts\/55479"}],"collection":[{"href":"https:\/\/www.visit-ulcinj.com\/blog\/wp-json\/wp\/v2\/posts"}],"about":[{"href":"https:\/\/www.visit-ulcinj.com\/blog\/wp-json\/wp\/v2\/types\/post"}],"author":[{"embeddable":true,"href":"https:\/\/www.visit-ulcinj.com\/blog\/wp-json\/wp\/v2\/users\/1"}],"replies":[{"embeddable":true,"href":"https:\/\/www.visit-ulcinj.com\/blog\/wp-json\/wp\/v2\/comments?post=55479"}],"version-history":[{"count":1,"href":"https:\/\/www.visit-ulcinj.com\/blog\/wp-json\/wp\/v2\/posts\/55479\/revisions"}],"predecessor-version":[{"id":55482,"href":"https:\/\/www.visit-ulcinj.com\/blog\/wp-json\/wp\/v2\/posts\/55479\/revisions\/55482"}],"wp:attachment":[{"href":"https:\/\/www.visit-ulcinj.com\/blog\/wp-json\/wp\/v2\/media?parent=55479"}],"wp:term":[{"taxonomy":"category","embeddable":true,"href":"https:\/\/www.visit-ulcinj.com\/blog\/wp-json\/wp\/v2\/categories?post=55479"},{"taxonomy":"post_tag","embeddable":true,"href":"https:\/\/www.visit-ulcinj.com\/blog\/wp-json\/wp\/v2\/tags?post=55479"}],"curies":[{"name":"wp","href":"https:\/\/api.w.org\/{rel}","templated":true}]}}