{"id":55483,"date":"2012-01-04T14:15:50","date_gmt":"2012-01-04T13:15:50","guid":{"rendered":"http:\/\/www.visit-ulcinj.com\/blog\/?p=55483"},"modified":"2012-01-04T14:15:50","modified_gmt":"2012-01-04T13:15:50","slug":"blero-dhe-saranda-ne-shoqerine-e-genes","status":"publish","type":"post","link":"https:\/\/www.visit-ulcinj.com\/blog\/2012\/01\/04\/blero-dhe-saranda-ne-shoqerine-e-genes\/","title":{"rendered":"Blero dhe Saranda, n\u00eb shoq\u00ebrin\u00eb e Gen\u00ebs"},"content":{"rendered":"<p><strong><a href=\"http:\/\/www.visit-ulcinj.com\/blog\/?attachment_id=55484\" rel=\"attachment wp-att-55484\"><img loading=\"lazy\" class=\"alignleft  wp-image-55484\" title=\"Blero\" src=\"http:\/\/www.visit-ulcinj.com\/blog\/wp-content\/uploads\/2012\/01\/Blero.jpg\" alt=\"\" width=\"508\" height=\"620\" \/><\/a>K\u00ebt\u00eb t\u00eb h\u00ebne, n\u00eb klubin e nat\u00ebs \u201cDuplex\u201d n\u00eb Prishtin\u00eb ka marr\u00eb pjes\u00eb k\u00ebng\u00ebtari i njohur i Shqip\u00ebris\u00eb Gena Lito. <\/strong><\/p>\n<p>N\u00eb atmosfer\u00ebn e k\u00ebndshme t\u00eb cil\u00ebn e ka krijuar k\u00ebng\u00ebtari me k\u00ebng\u00ebt e tija, t\u00eb adhuruara nga shumica ne, madje edhe Blero me Sarand\u00ebn nuk kan\u00eb dashur t\u00eb mungojn\u00eb nga nj\u00eb eveniment i till\u00eb.<\/p>\n<p>Nga fotot mund t\u00eb v\u00ebreni se k\u00ebng\u00ebtari Blero me t\u00eb v\u00ebrtet\u00eb ka kaluar qaste t\u00eb k\u00ebndshme n\u00eb shoq\u00ebrin\u00eb e tij. Mund t\u00eb v\u00ebreni q\u00eb n\u00eb mesin e tyre gjendet edhe tjetra k\u00ebng\u00ebtare, motra e Sarand\u00ebs, Bubulina Krasniqi.<\/p>\n<p>Por duke marr\u00eb parasysh q\u00eb festat e fund vitit kan\u00eb qen\u00eb t\u00eb v\u00ebshtira ndoshta p\u00ebr k\u00ebng\u00ebtar\u00ebt e estrad\u00ebs tone, me siguri q\u00eb \u00ebsht\u00eb koha edhe ata t\u00eb d\u00ebfrehen.<\/p>\n<p><strong>Thashetheme<br \/>\n<!--YouTube Error: bad URL entered--><br \/>\n<\/strong><\/p>\n","protected":false},"excerpt":{"rendered":"<p>K\u00ebt\u00eb t\u00eb h\u00ebne, n\u00eb klubin e nat\u00ebs \u201cDuplex\u201d n\u00eb Prishtin\u00eb ka marr\u00eb pjes\u00eb k\u00ebng\u00ebtari i njohur i Shqip\u00ebris\u00eb Gena Lito. N\u00eb atmosfer\u00ebn e k\u00ebndshme t\u00eb cil\u00ebn e ka krijuar k\u00ebng\u00ebtari me k\u00ebng\u00ebt e tija, t\u00eb adhuruara nga shumica ne, madje edhe Blero me Sarand\u00ebn nuk kan\u00eb dashur t\u00eb mungojn\u00eb nga nj\u00eb eveniment i till\u00eb. Nga [&hellip;]<\/p>\n","protected":false},"author":1,"featured_media":0,"comment_status":"open","ping_status":"closed","sticky":false,"template":"","format":"standard","meta":{"spay_email":"","jetpack_publicize_message":"","jetpack_is_tweetstorm":false,"jetpack_publicize_feature_enabled":true},"categories":[1],"tags":[3978],"jetpack_publicize_connections":[],"yoast_head":"<!-- This site is optimized with the Yoast SEO plugin v19.1 - https:\/\/yoast.com\/wordpress\/plugins\/seo\/ -->\n<title>Blero dhe Saranda, n\u00eb shoq\u00ebrin\u00eb e Gen\u00ebs - Lajme nga Ulqini<\/title>\n<meta name=\"description\" content=\"K\u00ebt\u00eb t\u00eb h\u00ebne, n\u00eb klubin e nat\u00ebs \u201cDuplex\u201d n\u00eb Prishtin\u00eb ka marr\u00eb pjes\u00eb k\u00ebng\u00ebtari i njohur i Shqip\u00ebris\u00eb Gena Lito. N\u00eb atmosfer\u00ebn e k\u00ebndshme t\u00eb cil\u00ebn e ka\" \/>\n<meta name=\"robots\" content=\"index, follow, max-snippet:-1, max-image-preview:large, max-video-preview:-1\" \/>\n<link rel=\"canonical\" href=\"https:\/\/www.visit-ulcinj.com\/blog\/2012\/01\/04\/blero-dhe-saranda-ne-shoqerine-e-genes\/\" \/>\n<meta property=\"og:locale\" content=\"en_US\" \/>\n<meta property=\"og:type\" content=\"article\" \/>\n<meta property=\"og:title\" content=\"Blero dhe Saranda, n\u00eb shoq\u00ebrin\u00eb e Gen\u00ebs - Lajme nga Ulqini\" \/>\n<meta property=\"og:description\" content=\"K\u00ebt\u00eb t\u00eb h\u00ebne, n\u00eb klubin e nat\u00ebs \u201cDuplex\u201d n\u00eb Prishtin\u00eb ka marr\u00eb pjes\u00eb k\u00ebng\u00ebtari i njohur i Shqip\u00ebris\u00eb Gena Lito. N\u00eb atmosfer\u00ebn e k\u00ebndshme t\u00eb cil\u00ebn e ka\" \/>\n<meta property=\"og:url\" content=\"https:\/\/www.visit-ulcinj.com\/blog\/2012\/01\/04\/blero-dhe-saranda-ne-shoqerine-e-genes\/\" \/>\n<meta property=\"og:site_name\" content=\"Lajme nga Ulqini\" \/>\n<meta property=\"article:published_time\" content=\"2012-01-04T13:15:50+00:00\" \/>\n<meta property=\"og:image\" content=\"http:\/\/www.visit-ulcinj.com\/blog\/wp-content\/uploads\/2012\/01\/Blero.jpg\" \/>\n<meta name=\"twitter:label1\" content=\"Written by\" \/>\n\t<meta name=\"twitter:data1\" content=\"ulqini\" \/>\n\t<meta name=\"twitter:label2\" content=\"Est. reading time\" \/>\n\t<meta name=\"twitter:data2\" content=\"1 minute\" \/>\n<script type=\"application\/ld+json\" class=\"yoast-schema-graph\">{\"@context\":\"https:\/\/schema.org\",\"@graph\":[{\"@type\":\"WebSite\",\"@id\":\"https:\/\/www.visit-ulcinj.com\/blog\/#website\",\"url\":\"https:\/\/www.visit-ulcinj.com\/blog\/\",\"name\":\"Lajme nga Ulqini\",\"description\":\"Lajme,Vijesti,Ulqini,Ulqin,Crna Gora,Mali i Zi\",\"potentialAction\":[{\"@type\":\"SearchAction\",\"target\":{\"@type\":\"EntryPoint\",\"urlTemplate\":\"https:\/\/www.visit-ulcinj.com\/blog\/?s={search_term_string}\"},\"query-input\":\"required name=search_term_string\"}],\"inLanguage\":\"en-US\"},{\"@type\":\"ImageObject\",\"inLanguage\":\"en-US\",\"@id\":\"https:\/\/www.visit-ulcinj.com\/blog\/2012\/01\/04\/blero-dhe-saranda-ne-shoqerine-e-genes\/#primaryimage\",\"url\":\"http:\/\/www.visit-ulcinj.com\/blog\/wp-content\/uploads\/2012\/01\/Blero.jpg\",\"contentUrl\":\"http:\/\/www.visit-ulcinj.com\/blog\/wp-content\/uploads\/2012\/01\/Blero.jpg\"},{\"@type\":\"WebPage\",\"@id\":\"https:\/\/www.visit-ulcinj.com\/blog\/2012\/01\/04\/blero-dhe-saranda-ne-shoqerine-e-genes\/#webpage\",\"url\":\"https:\/\/www.visit-ulcinj.com\/blog\/2012\/01\/04\/blero-dhe-saranda-ne-shoqerine-e-genes\/\",\"name\":\"Blero dhe Saranda, n\u00eb shoq\u00ebrin\u00eb e Gen\u00ebs - Lajme nga Ulqini\",\"isPartOf\":{\"@id\":\"https:\/\/www.visit-ulcinj.com\/blog\/#website\"},\"primaryImageOfPage\":{\"@id\":\"https:\/\/www.visit-ulcinj.com\/blog\/2012\/01\/04\/blero-dhe-saranda-ne-shoqerine-e-genes\/#primaryimage\"},\"datePublished\":\"2012-01-04T13:15:50+00:00\",\"dateModified\":\"2012-01-04T13:15:50+00:00\",\"author\":{\"@id\":\"https:\/\/www.visit-ulcinj.com\/blog\/#\/schema\/person\/dcab619c614d3038751c63bc2aadc06d\"},\"description\":\"K\u00ebt\u00eb t\u00eb h\u00ebne, n\u00eb klubin e nat\u00ebs \u201cDuplex\u201d n\u00eb Prishtin\u00eb ka marr\u00eb pjes\u00eb k\u00ebng\u00ebtari i njohur i Shqip\u00ebris\u00eb Gena Lito. N\u00eb atmosfer\u00ebn e k\u00ebndshme t\u00eb cil\u00ebn e ka\",\"breadcrumb\":{\"@id\":\"https:\/\/www.visit-ulcinj.com\/blog\/2012\/01\/04\/blero-dhe-saranda-ne-shoqerine-e-genes\/#breadcrumb\"},\"inLanguage\":\"en-US\",\"potentialAction\":[{\"@type\":\"ReadAction\",\"target\":[\"https:\/\/www.visit-ulcinj.com\/blog\/2012\/01\/04\/blero-dhe-saranda-ne-shoqerine-e-genes\/\"]}]},{\"@type\":\"BreadcrumbList\",\"@id\":\"https:\/\/www.visit-ulcinj.com\/blog\/2012\/01\/04\/blero-dhe-saranda-ne-shoqerine-e-genes\/#breadcrumb\",\"itemListElement\":[{\"@type\":\"ListItem\",\"position\":1,\"name\":\"Blero dhe Saranda, n\u00eb shoq\u00ebrin\u00eb e Gen\u00ebs\"}]},{\"@type\":\"Person\",\"@id\":\"https:\/\/www.visit-ulcinj.com\/blog\/#\/schema\/person\/dcab619c614d3038751c63bc2aadc06d\",\"name\":\"ulqini\",\"sameAs\":[\"http:\/\/www.visit-ulcinj.com\"],\"url\":\"https:\/\/www.visit-ulcinj.com\/blog\/author\/admin\/\"}]}<\/script>\n<!-- \/ Yoast SEO plugin. -->","yoast_head_json":{"title":"Blero dhe Saranda, n\u00eb shoq\u00ebrin\u00eb e Gen\u00ebs - Lajme nga Ulqini","description":"K\u00ebt\u00eb t\u00eb h\u00ebne, n\u00eb klubin e nat\u00ebs \u201cDuplex\u201d n\u00eb Prishtin\u00eb ka marr\u00eb pjes\u00eb k\u00ebng\u00ebtari i njohur i Shqip\u00ebris\u00eb Gena Lito. N\u00eb atmosfer\u00ebn e k\u00ebndshme t\u00eb cil\u00ebn e ka","robots":{"index":"index","follow":"follow","max-snippet":"max-snippet:-1","max-image-preview":"max-image-preview:large","max-video-preview":"max-video-preview:-1"},"canonical":"https:\/\/www.visit-ulcinj.com\/blog\/2012\/01\/04\/blero-dhe-saranda-ne-shoqerine-e-genes\/","og_locale":"en_US","og_type":"article","og_title":"Blero dhe Saranda, n\u00eb shoq\u00ebrin\u00eb e Gen\u00ebs - Lajme nga Ulqini","og_description":"K\u00ebt\u00eb t\u00eb h\u00ebne, n\u00eb klubin e nat\u00ebs \u201cDuplex\u201d n\u00eb Prishtin\u00eb ka marr\u00eb pjes\u00eb k\u00ebng\u00ebtari i njohur i Shqip\u00ebris\u00eb Gena Lito. N\u00eb atmosfer\u00ebn e k\u00ebndshme t\u00eb cil\u00ebn e ka","og_url":"https:\/\/www.visit-ulcinj.com\/blog\/2012\/01\/04\/blero-dhe-saranda-ne-shoqerine-e-genes\/","og_site_name":"Lajme nga Ulqini","article_published_time":"2012-01-04T13:15:50+00:00","og_image":[{"url":"http:\/\/www.visit-ulcinj.com\/blog\/wp-content\/uploads\/2012\/01\/Blero.jpg"}],"twitter_misc":{"Written by":"ulqini","Est. reading time":"1 minute"},"schema":{"@context":"https:\/\/schema.org","@graph":[{"@type":"WebSite","@id":"https:\/\/www.visit-ulcinj.com\/blog\/#website","url":"https:\/\/www.visit-ulcinj.com\/blog\/","name":"Lajme nga Ulqini","description":"Lajme,Vijesti,Ulqini,Ulqin,Crna Gora,Mali i Zi","potentialAction":[{"@type":"SearchAction","target":{"@type":"EntryPoint","urlTemplate":"https:\/\/www.visit-ulcinj.com\/blog\/?s={search_term_string}"},"query-input":"required name=search_term_string"}],"inLanguage":"en-US"},{"@type":"ImageObject","inLanguage":"en-US","@id":"https:\/\/www.visit-ulcinj.com\/blog\/2012\/01\/04\/blero-dhe-saranda-ne-shoqerine-e-genes\/#primaryimage","url":"http:\/\/www.visit-ulcinj.com\/blog\/wp-content\/uploads\/2012\/01\/Blero.jpg","contentUrl":"http:\/\/www.visit-ulcinj.com\/blog\/wp-content\/uploads\/2012\/01\/Blero.jpg"},{"@type":"WebPage","@id":"https:\/\/www.visit-ulcinj.com\/blog\/2012\/01\/04\/blero-dhe-saranda-ne-shoqerine-e-genes\/#webpage","url":"https:\/\/www.visit-ulcinj.com\/blog\/2012\/01\/04\/blero-dhe-saranda-ne-shoqerine-e-genes\/","name":"Blero dhe Saranda, n\u00eb shoq\u00ebrin\u00eb e Gen\u00ebs - Lajme nga Ulqini","isPartOf":{"@id":"https:\/\/www.visit-ulcinj.com\/blog\/#website"},"primaryImageOfPage":{"@id":"https:\/\/www.visit-ulcinj.com\/blog\/2012\/01\/04\/blero-dhe-saranda-ne-shoqerine-e-genes\/#primaryimage"},"datePublished":"2012-01-04T13:15:50+00:00","dateModified":"2012-01-04T13:15:50+00:00","author":{"@id":"https:\/\/www.visit-ulcinj.com\/blog\/#\/schema\/person\/dcab619c614d3038751c63bc2aadc06d"},"description":"K\u00ebt\u00eb t\u00eb h\u00ebne, n\u00eb klubin e nat\u00ebs \u201cDuplex\u201d n\u00eb Prishtin\u00eb ka marr\u00eb pjes\u00eb k\u00ebng\u00ebtari i njohur i Shqip\u00ebris\u00eb Gena Lito. N\u00eb atmosfer\u00ebn e k\u00ebndshme t\u00eb cil\u00ebn e ka","breadcrumb":{"@id":"https:\/\/www.visit-ulcinj.com\/blog\/2012\/01\/04\/blero-dhe-saranda-ne-shoqerine-e-genes\/#breadcrumb"},"inLanguage":"en-US","potentialAction":[{"@type":"ReadAction","target":["https:\/\/www.visit-ulcinj.com\/blog\/2012\/01\/04\/blero-dhe-saranda-ne-shoqerine-e-genes\/"]}]},{"@type":"BreadcrumbList","@id":"https:\/\/www.visit-ulcinj.com\/blog\/2012\/01\/04\/blero-dhe-saranda-ne-shoqerine-e-genes\/#breadcrumb","itemListElement":[{"@type":"ListItem","position":1,"name":"Blero dhe Saranda, n\u00eb shoq\u00ebrin\u00eb e Gen\u00ebs"}]},{"@type":"Person","@id":"https:\/\/www.visit-ulcinj.com\/blog\/#\/schema\/person\/dcab619c614d3038751c63bc2aadc06d","name":"ulqini","sameAs":["http:\/\/www.visit-ulcinj.com"],"url":"https:\/\/www.visit-ulcinj.com\/blog\/author\/admin\/"}]}},"jetpack_featured_media_url":"","jetpack_sharing_enabled":true,"jetpack_shortlink":"https:\/\/wp.me\/pe6lTn-eqT","_links":{"self":[{"href":"https:\/\/www.visit-ulcinj.com\/blog\/wp-json\/wp\/v2\/posts\/55483"}],"collection":[{"href":"https:\/\/www.visit-ulcinj.com\/blog\/wp-json\/wp\/v2\/posts"}],"about":[{"href":"https:\/\/www.visit-ulcinj.com\/blog\/wp-json\/wp\/v2\/types\/post"}],"author":[{"embeddable":true,"href":"https:\/\/www.visit-ulcinj.com\/blog\/wp-json\/wp\/v2\/users\/1"}],"replies":[{"embeddable":true,"href":"https:\/\/www.visit-ulcinj.com\/blog\/wp-json\/wp\/v2\/comments?post=55483"}],"version-history":[{"count":2,"href":"https:\/\/www.visit-ulcinj.com\/blog\/wp-json\/wp\/v2\/posts\/55483\/revisions"}],"predecessor-version":[{"id":55486,"href":"https:\/\/www.visit-ulcinj.com\/blog\/wp-json\/wp\/v2\/posts\/55483\/revisions\/55486"}],"wp:attachment":[{"href":"https:\/\/www.visit-ulcinj.com\/blog\/wp-json\/wp\/v2\/media?parent=55483"}],"wp:term":[{"taxonomy":"category","embeddable":true,"href":"https:\/\/www.visit-ulcinj.com\/blog\/wp-json\/wp\/v2\/categories?post=55483"},{"taxonomy":"post_tag","embeddable":true,"href":"https:\/\/www.visit-ulcinj.com\/blog\/wp-json\/wp\/v2\/tags?post=55483"}],"curies":[{"name":"wp","href":"https:\/\/api.w.org\/{rel}","templated":true}]}}