{"id":55487,"date":"2012-01-04T14:26:17","date_gmt":"2012-01-04T13:26:17","guid":{"rendered":"http:\/\/www.visit-ulcinj.com\/blog\/?p=55487"},"modified":"2012-01-04T14:26:17","modified_gmt":"2012-01-04T13:26:17","slug":"edita-abazi-me-kercenon-noizy","status":"publish","type":"post","link":"https:\/\/www.visit-ulcinj.com\/blog\/2012\/01\/04\/edita-abazi-me-kercenon-noizy\/","title":{"rendered":"Edita Abazi: M\u00eb k\u00ebrc\u00ebnon Noizy"},"content":{"rendered":"<p><strong><a href=\"http:\/\/www.visit-ulcinj.com\/blog\/?attachment_id=55489\" rel=\"attachment wp-att-55489\"><img loading=\"lazy\" class=\"alignleft  wp-image-55489\" title=\"Edita Abazi.2\" src=\"http:\/\/www.visit-ulcinj.com\/blog\/wp-content\/uploads\/2012\/01\/Edita-Abazi.2.jpg\" alt=\"\" width=\"508\" height=\"380\" \/><\/a>Nj\u00eb histori interesante dhe shum\u00eb e dhimbshme, q\u00eb u publikua n\u00eb gazet\u00ebn \u201cPanorama\u201d, po b\u00ebn jehon\u00eb t\u00eb madhe n\u00eb media dhe te publiku shqiptar.<\/strong><\/p>\n<p>Modelja Edita Abazi tregon se historia me Noizy-n \u00ebsht\u00eb acaruar edhe m\u00eb shum\u00eb. \u201cFansat e Noizy-t m\u00eb kan\u00eb hapur dhe faqe n\u00eb facebook duke m\u00eb fyer dhe ofenduar r\u00ebnd\u00eb\u201d, tregon ajo.<\/p>\n<p>Modelja kosovare ka pohuar n\u00eb nj\u00eb intervist\u00eb se ka pasur nj\u00eb lidhje me reperin Noizy, madje ka ngelur edhe shtatz\u00ebn\u00eb. Noizy nga ana tjet\u00ebr ka vendosur t\u00eb tregoj\u00eb variantin e tij t\u00eb njohjes me vajz\u00ebn. Ai ka deklaruar se Edita e ka b\u00ebr\u00eb add n\u00eb facebook, kan\u00eb biseduar dhe m\u00eb pas i ka k\u00ebrkuar takim si fanse e tij.<\/p>\n<p>Ai ka sqaruar se ishin takuar fillimisht n\u00eb Prishtin\u00eb n\u00eb nj\u00eb hotel ku kishin q\u00ebndruar disa minuta e m\u00eb pas ai kishte udh\u00ebtuar drejt Suedis\u00eb s\u00eb bashku me dj dhe nj\u00eb an\u00ebtar t\u00eb grupit, me t\u00eb cilin performon n\u00ebp\u00ebr koncerte. Reperi madje thekson se Edita e ka k\u00ebrc\u00ebnuar at\u00eb, duke i th\u00ebn\u00eb se do ia gjej\u00eb vendndodhjen e vajz\u00ebs s\u00eb tij dhe do ia rr\u00ebmbej\u00eb. K\u00ebto t\u00eb gjitha i hedh posht\u00eb modelja me t\u00eb cil\u00ebn realizuam edhe nj\u00eb bised\u00eb telefonike.<\/p>\n<p>\u201cAsgj\u00eb e th\u00ebn\u00eb nga ai n\u00eb at\u00eb emision televiziv nuk \u00ebsht\u00eb e v\u00ebrtet\u00eb, un\u00eb as q\u00eb ia kam p\u00ebrmendur rr\u00ebmbimin e vajz\u00ebs, ai duhet ta dij\u00eb q\u00eb un\u00eb nuk jam n\u00eb gjendje t\u00eb b\u00ebj nj\u00eb t\u00eb till\u00eb p\u00ebr vet\u00eb faktin se jam fem\u00ebr. Po t\u00eb kisha b\u00ebr\u00eb nj\u00eb k\u00ebrc\u00ebnim t\u00eb till\u00eb, pse ai nuk ka marr\u00eb ndonj\u00eb mas\u00eb tjet\u00ebr ndaj meje, thot\u00eb ajo duke pohuar se lidhja me Noizy-n ka zgjatur kat\u00ebr muaj. Ajo ka pohuar p\u00ebr gazet\u00ebn \u201cPanorama\u201d se ruan t\u00eb gjitha mesazhet e Noizy-t n\u00eb telefonin e saj celular dhe \u00ebsht\u00eb e gatshme t\u2019i publikoj\u00eb.<\/p>\n<p><strong>Panorama Plus<br \/>\n<br \/>\n<strong><!--YouTube Error: bad URL entered--><\/strong><br \/>\n<\/strong><\/p>\n","protected":false},"excerpt":{"rendered":"<p>Nj\u00eb histori interesante dhe shum\u00eb e dhimbshme, q\u00eb u publikua n\u00eb gazet\u00ebn \u201cPanorama\u201d, po b\u00ebn jehon\u00eb t\u00eb madhe n\u00eb media dhe te publiku shqiptar. Modelja Edita Abazi tregon se historia me Noizy-n \u00ebsht\u00eb acaruar edhe m\u00eb shum\u00eb. \u201cFansat e Noizy-t m\u00eb kan\u00eb hapur dhe faqe n\u00eb facebook duke m\u00eb fyer dhe ofenduar r\u00ebnd\u00eb\u201d, tregon ajo. [&hellip;]<\/p>\n","protected":false},"author":1,"featured_media":0,"comment_status":"open","ping_status":"closed","sticky":false,"template":"","format":"standard","meta":{"spay_email":"","jetpack_publicize_message":"","jetpack_is_tweetstorm":false,"jetpack_publicize_feature_enabled":true},"categories":[1],"tags":[19628],"jetpack_publicize_connections":[],"yoast_head":"<!-- This site is optimized with the Yoast SEO plugin v19.1 - https:\/\/yoast.com\/wordpress\/plugins\/seo\/ -->\n<title>Edita Abazi: M\u00eb k\u00ebrc\u00ebnon Noizy - Lajme nga Ulqini<\/title>\n<meta name=\"description\" content=\"Nj\u00eb histori interesante dhe shum\u00eb e dhimbshme, q\u00eb u publikua n\u00eb gazet\u00ebn \u201cPanorama\u201d, po b\u00ebn jehon\u00eb t\u00eb madhe n\u00eb media dhe te publiku shqiptar. Modelja Edita\" \/>\n<meta name=\"robots\" content=\"index, follow, max-snippet:-1, max-image-preview:large, max-video-preview:-1\" \/>\n<link rel=\"canonical\" href=\"https:\/\/www.visit-ulcinj.com\/blog\/2012\/01\/04\/edita-abazi-me-kercenon-noizy\/\" \/>\n<meta property=\"og:locale\" content=\"en_US\" \/>\n<meta property=\"og:type\" content=\"article\" \/>\n<meta property=\"og:title\" content=\"Edita Abazi: M\u00eb k\u00ebrc\u00ebnon Noizy - Lajme nga Ulqini\" \/>\n<meta property=\"og:description\" content=\"Nj\u00eb histori interesante dhe shum\u00eb e dhimbshme, q\u00eb u publikua n\u00eb gazet\u00ebn \u201cPanorama\u201d, po b\u00ebn jehon\u00eb t\u00eb madhe n\u00eb media dhe te publiku shqiptar. Modelja Edita\" \/>\n<meta property=\"og:url\" content=\"https:\/\/www.visit-ulcinj.com\/blog\/2012\/01\/04\/edita-abazi-me-kercenon-noizy\/\" \/>\n<meta property=\"og:site_name\" content=\"Lajme nga Ulqini\" \/>\n<meta property=\"article:published_time\" content=\"2012-01-04T13:26:17+00:00\" \/>\n<meta property=\"og:image\" content=\"https:\/\/www.visit-ulcinj.com\/blog\/wp-content\/uploads\/2012\/01\/Edita-Abazi.1-150x150.jpg\" \/>\n<meta name=\"twitter:label1\" content=\"Written by\" \/>\n\t<meta name=\"twitter:data1\" content=\"ulqini\" \/>\n\t<meta name=\"twitter:label2\" content=\"Est. reading time\" \/>\n\t<meta name=\"twitter:data2\" content=\"2 minutes\" \/>\n<script type=\"application\/ld+json\" class=\"yoast-schema-graph\">{\"@context\":\"https:\/\/schema.org\",\"@graph\":[{\"@type\":\"WebSite\",\"@id\":\"https:\/\/www.visit-ulcinj.com\/blog\/#website\",\"url\":\"https:\/\/www.visit-ulcinj.com\/blog\/\",\"name\":\"Lajme nga Ulqini\",\"description\":\"Lajme,Vijesti,Ulqini,Ulqin,Crna Gora,Mali i Zi\",\"potentialAction\":[{\"@type\":\"SearchAction\",\"target\":{\"@type\":\"EntryPoint\",\"urlTemplate\":\"https:\/\/www.visit-ulcinj.com\/blog\/?s={search_term_string}\"},\"query-input\":\"required name=search_term_string\"}],\"inLanguage\":\"en-US\"},{\"@type\":\"ImageObject\",\"inLanguage\":\"en-US\",\"@id\":\"https:\/\/www.visit-ulcinj.com\/blog\/2012\/01\/04\/edita-abazi-me-kercenon-noizy\/#primaryimage\",\"url\":\"http:\/\/www.visit-ulcinj.com\/blog\/wp-content\/uploads\/2012\/01\/Edita-Abazi.2.jpg\",\"contentUrl\":\"http:\/\/www.visit-ulcinj.com\/blog\/wp-content\/uploads\/2012\/01\/Edita-Abazi.2.jpg\"},{\"@type\":\"WebPage\",\"@id\":\"https:\/\/www.visit-ulcinj.com\/blog\/2012\/01\/04\/edita-abazi-me-kercenon-noizy\/#webpage\",\"url\":\"https:\/\/www.visit-ulcinj.com\/blog\/2012\/01\/04\/edita-abazi-me-kercenon-noizy\/\",\"name\":\"Edita Abazi: M\u00eb k\u00ebrc\u00ebnon Noizy - Lajme nga Ulqini\",\"isPartOf\":{\"@id\":\"https:\/\/www.visit-ulcinj.com\/blog\/#website\"},\"primaryImageOfPage\":{\"@id\":\"https:\/\/www.visit-ulcinj.com\/blog\/2012\/01\/04\/edita-abazi-me-kercenon-noizy\/#primaryimage\"},\"datePublished\":\"2012-01-04T13:26:17+00:00\",\"dateModified\":\"2012-01-04T13:26:17+00:00\",\"author\":{\"@id\":\"https:\/\/www.visit-ulcinj.com\/blog\/#\/schema\/person\/dcab619c614d3038751c63bc2aadc06d\"},\"description\":\"Nj\u00eb histori interesante dhe shum\u00eb e dhimbshme, q\u00eb u publikua n\u00eb gazet\u00ebn \u201cPanorama\u201d, po b\u00ebn jehon\u00eb t\u00eb madhe n\u00eb media dhe te publiku shqiptar. Modelja Edita\",\"breadcrumb\":{\"@id\":\"https:\/\/www.visit-ulcinj.com\/blog\/2012\/01\/04\/edita-abazi-me-kercenon-noizy\/#breadcrumb\"},\"inLanguage\":\"en-US\",\"potentialAction\":[{\"@type\":\"ReadAction\",\"target\":[\"https:\/\/www.visit-ulcinj.com\/blog\/2012\/01\/04\/edita-abazi-me-kercenon-noizy\/\"]}]},{\"@type\":\"BreadcrumbList\",\"@id\":\"https:\/\/www.visit-ulcinj.com\/blog\/2012\/01\/04\/edita-abazi-me-kercenon-noizy\/#breadcrumb\",\"itemListElement\":[{\"@type\":\"ListItem\",\"position\":1,\"name\":\"Edita Abazi: M\u00eb k\u00ebrc\u00ebnon Noizy\"}]},{\"@type\":\"Person\",\"@id\":\"https:\/\/www.visit-ulcinj.com\/blog\/#\/schema\/person\/dcab619c614d3038751c63bc2aadc06d\",\"name\":\"ulqini\",\"sameAs\":[\"http:\/\/www.visit-ulcinj.com\"],\"url\":\"https:\/\/www.visit-ulcinj.com\/blog\/author\/admin\/\"}]}<\/script>\n<!-- \/ Yoast SEO plugin. -->","yoast_head_json":{"title":"Edita Abazi: M\u00eb k\u00ebrc\u00ebnon Noizy - Lajme nga Ulqini","description":"Nj\u00eb histori interesante dhe shum\u00eb e dhimbshme, q\u00eb u publikua n\u00eb gazet\u00ebn \u201cPanorama\u201d, po b\u00ebn jehon\u00eb t\u00eb madhe n\u00eb media dhe te publiku shqiptar. Modelja Edita","robots":{"index":"index","follow":"follow","max-snippet":"max-snippet:-1","max-image-preview":"max-image-preview:large","max-video-preview":"max-video-preview:-1"},"canonical":"https:\/\/www.visit-ulcinj.com\/blog\/2012\/01\/04\/edita-abazi-me-kercenon-noizy\/","og_locale":"en_US","og_type":"article","og_title":"Edita Abazi: M\u00eb k\u00ebrc\u00ebnon Noizy - Lajme nga Ulqini","og_description":"Nj\u00eb histori interesante dhe shum\u00eb e dhimbshme, q\u00eb u publikua n\u00eb gazet\u00ebn \u201cPanorama\u201d, po b\u00ebn jehon\u00eb t\u00eb madhe n\u00eb media dhe te publiku shqiptar. Modelja Edita","og_url":"https:\/\/www.visit-ulcinj.com\/blog\/2012\/01\/04\/edita-abazi-me-kercenon-noizy\/","og_site_name":"Lajme nga Ulqini","article_published_time":"2012-01-04T13:26:17+00:00","og_image":[{"url":"https:\/\/www.visit-ulcinj.com\/blog\/wp-content\/uploads\/2012\/01\/Edita-Abazi.1-150x150.jpg"}],"twitter_misc":{"Written by":"ulqini","Est. reading time":"2 minutes"},"schema":{"@context":"https:\/\/schema.org","@graph":[{"@type":"WebSite","@id":"https:\/\/www.visit-ulcinj.com\/blog\/#website","url":"https:\/\/www.visit-ulcinj.com\/blog\/","name":"Lajme nga Ulqini","description":"Lajme,Vijesti,Ulqini,Ulqin,Crna Gora,Mali i Zi","potentialAction":[{"@type":"SearchAction","target":{"@type":"EntryPoint","urlTemplate":"https:\/\/www.visit-ulcinj.com\/blog\/?s={search_term_string}"},"query-input":"required name=search_term_string"}],"inLanguage":"en-US"},{"@type":"ImageObject","inLanguage":"en-US","@id":"https:\/\/www.visit-ulcinj.com\/blog\/2012\/01\/04\/edita-abazi-me-kercenon-noizy\/#primaryimage","url":"http:\/\/www.visit-ulcinj.com\/blog\/wp-content\/uploads\/2012\/01\/Edita-Abazi.2.jpg","contentUrl":"http:\/\/www.visit-ulcinj.com\/blog\/wp-content\/uploads\/2012\/01\/Edita-Abazi.2.jpg"},{"@type":"WebPage","@id":"https:\/\/www.visit-ulcinj.com\/blog\/2012\/01\/04\/edita-abazi-me-kercenon-noizy\/#webpage","url":"https:\/\/www.visit-ulcinj.com\/blog\/2012\/01\/04\/edita-abazi-me-kercenon-noizy\/","name":"Edita Abazi: M\u00eb k\u00ebrc\u00ebnon Noizy - Lajme nga Ulqini","isPartOf":{"@id":"https:\/\/www.visit-ulcinj.com\/blog\/#website"},"primaryImageOfPage":{"@id":"https:\/\/www.visit-ulcinj.com\/blog\/2012\/01\/04\/edita-abazi-me-kercenon-noizy\/#primaryimage"},"datePublished":"2012-01-04T13:26:17+00:00","dateModified":"2012-01-04T13:26:17+00:00","author":{"@id":"https:\/\/www.visit-ulcinj.com\/blog\/#\/schema\/person\/dcab619c614d3038751c63bc2aadc06d"},"description":"Nj\u00eb histori interesante dhe shum\u00eb e dhimbshme, q\u00eb u publikua n\u00eb gazet\u00ebn \u201cPanorama\u201d, po b\u00ebn jehon\u00eb t\u00eb madhe n\u00eb media dhe te publiku shqiptar. Modelja Edita","breadcrumb":{"@id":"https:\/\/www.visit-ulcinj.com\/blog\/2012\/01\/04\/edita-abazi-me-kercenon-noizy\/#breadcrumb"},"inLanguage":"en-US","potentialAction":[{"@type":"ReadAction","target":["https:\/\/www.visit-ulcinj.com\/blog\/2012\/01\/04\/edita-abazi-me-kercenon-noizy\/"]}]},{"@type":"BreadcrumbList","@id":"https:\/\/www.visit-ulcinj.com\/blog\/2012\/01\/04\/edita-abazi-me-kercenon-noizy\/#breadcrumb","itemListElement":[{"@type":"ListItem","position":1,"name":"Edita Abazi: M\u00eb k\u00ebrc\u00ebnon Noizy"}]},{"@type":"Person","@id":"https:\/\/www.visit-ulcinj.com\/blog\/#\/schema\/person\/dcab619c614d3038751c63bc2aadc06d","name":"ulqini","sameAs":["http:\/\/www.visit-ulcinj.com"],"url":"https:\/\/www.visit-ulcinj.com\/blog\/author\/admin\/"}]}},"jetpack_featured_media_url":"","jetpack_sharing_enabled":true,"jetpack_shortlink":"https:\/\/wp.me\/pe6lTn-eqX","_links":{"self":[{"href":"https:\/\/www.visit-ulcinj.com\/blog\/wp-json\/wp\/v2\/posts\/55487"}],"collection":[{"href":"https:\/\/www.visit-ulcinj.com\/blog\/wp-json\/wp\/v2\/posts"}],"about":[{"href":"https:\/\/www.visit-ulcinj.com\/blog\/wp-json\/wp\/v2\/types\/post"}],"author":[{"embeddable":true,"href":"https:\/\/www.visit-ulcinj.com\/blog\/wp-json\/wp\/v2\/users\/1"}],"replies":[{"embeddable":true,"href":"https:\/\/www.visit-ulcinj.com\/blog\/wp-json\/wp\/v2\/comments?post=55487"}],"version-history":[{"count":1,"href":"https:\/\/www.visit-ulcinj.com\/blog\/wp-json\/wp\/v2\/posts\/55487\/revisions"}],"predecessor-version":[{"id":55491,"href":"https:\/\/www.visit-ulcinj.com\/blog\/wp-json\/wp\/v2\/posts\/55487\/revisions\/55491"}],"wp:attachment":[{"href":"https:\/\/www.visit-ulcinj.com\/blog\/wp-json\/wp\/v2\/media?parent=55487"}],"wp:term":[{"taxonomy":"category","embeddable":true,"href":"https:\/\/www.visit-ulcinj.com\/blog\/wp-json\/wp\/v2\/categories?post=55487"},{"taxonomy":"post_tag","embeddable":true,"href":"https:\/\/www.visit-ulcinj.com\/blog\/wp-json\/wp\/v2\/tags?post=55487"}],"curies":[{"name":"wp","href":"https:\/\/api.w.org\/{rel}","templated":true}]}}