{"id":55497,"date":"2012-01-04T18:53:49","date_gmt":"2012-01-04T17:53:49","guid":{"rendered":"http:\/\/www.visit-ulcinj.com\/blog\/?p=55497"},"modified":"2012-01-04T18:53:49","modified_gmt":"2012-01-04T17:53:49","slug":"albancima-otimaju-cak-i-stecena-prava","status":"publish","type":"post","link":"https:\/\/www.visit-ulcinj.com\/blog\/2012\/01\/04\/albancima-otimaju-cak-i-stecena-prava\/","title":{"rendered":"Albancima otimaju \u010dak i ste\u010dena prava"},"content":{"rendered":"<p><strong><a href=\"http:\/\/www.visit-ulcinj.com\/blog\/wp-content\/uploads\/2012\/01\/Mehmed-Bardhi_Albancima-otimaju-i-stecena-prava.jpg\"><img loading=\"lazy\" class=\"alignleft  wp-image-55498\" title=\"Mehmed-Bardhi_Albancima otimaju i stecena prava\" src=\"http:\/\/www.visit-ulcinj.com\/blog\/wp-content\/uploads\/2012\/01\/Mehmed-Bardhi_Albancima-otimaju-i-stecena-prava.jpg\" alt=\"\" width=\"508\" height=\"324\" \/><\/a>Mehmet Bardhi smatra da vlast u 2011. godini nije ispunila o\u010dekivanja<\/strong><br \/>\nPredsjednik Demokratskog saveza Mehmet Bardhi smatra da Crna Gora do juna 2012. treba da poka\u017ee spremnost da podr\u017ei i sprovede euroatlantske standarde i vrijednosti jer su vrata koja vode u Evropsku uniju (EU) ot\u0161krinuta.<br \/>\nOn ka\u017ee da Albanci o euroatlanskom u\u010dlanjenju nisu imali dilemu ali isti\u010de da oni tra\u017ee da se realizuju i po\u0161tuju ljudska i nacionalna prava.<br \/>\n\u2013 U godini koja je na izmaku crnogorske vlasti ne samo \u0161to nijesu ispunile o\u010dekivanja i ispravile niz nepravdi u\u010dinjene Albancima u pro\u0161losti, nego su, naprotiv, dono\u0161enjem nekoliko diskriminuju\u0107ih zakona i svojom glasa\u010dkom ma\u0161inerijom Albance u Crnoj Gori dovele u neravnopravan polo\u017eaj, otimaju\u0107i im istorijska i prirodna nacionalna, pa \u010dak i ste\u010dena prava \u2013 poru\u010dio je Bardhi.<br \/>\nVlasti, kako ka\u017ee Bardhi, nijesu pokazale dobru volju da po\u0161tuju \u010dak ni svoje zakone i Ustav, \u010dak i kada se radi o autenti\u010dnoj zastupljenosti u Skup\u0161tini kao i o zastupljenosti u javnim slu\u017ebama, organima dr\u017eavne vlasti i lokalne samouprave.<br \/>\n\u2013 Javni dr\u017eavni servis, emisiju na albanskom jeziku \u201eMOZAIKU 60\u201d od jednog sata nedeljno, skratila je na 45 minuta da bi je nedavno svela na pola sata. Ignorisanjem albanskih predstavnika tokom razgovora i politi\u010dke trgovine nakon toga i usvajanjem izbornog zakona crnogorsko-srpske ve\u0107ine Albancima su oduzeta politi\u010dka ste\u010dena prava, na pet poslani\u010dkih mjesta. Dono\u0161enjem Zakona o teritorijalnoj organizaciji, prakti\u010dno je onemogu\u0107eno Malesiji\u2013Tuzi da dobije punopravnu op\u0161tinu \u2013 naveo je Bardhi.<br \/>\nOn je kazao da dr\u017eava mora odgovornije i odlu\u010dnije da se izbori sa organizovanim kriminalom i korupcijom, ne samo zbog toga \u0161to Evropska unija to zahtijeva, nego prvenstveno zbog svog opstanka.<br \/>\n\u2013 Pitanje je da li \u0107e mo\u0107i i na koji na\u010din dr\u017eava da se izbori, kada se u poslednje vrijeme jasnije nego ikada vidi da se bez u\u010de\u0161\u0107a vlasti ili zbog nedjelovanja nadle\u017enih struktura nije moglo de\u0161avati sve ovo \u0161to se de\u0161ava u sferi organizovanog kriminala i korupcije, koje je obuhvatilo dru\u0161tvo. Evropa ne\u0107e sjedeti skr\u0161tenih ruku i ostaviti \u201ebosove\u201d kriminala da gazduju. Zbog toga je najbolje i jedino pravo rje\u0161enje da se, uz pomo\u0107 EU, izbori protiv moderne kuge, korupcije i organizovanog i kriminala \u2013 istakao je predsjednik Demokratskog saveza.<br \/>\nOdgovaraju\u0107i na pitanje da li je 2012. izborna godina Bardhi je kazao da od toga imamo va\u017enija posla.<br \/>\n\u2013 Mislim da imamo pre\u010da posla. A i redovni izbori su 2013.godine \u2013 zaklju\u010dio je Bardhi.<\/p>\n<p><a href=\"http:\/\/www.dan.co.me\/?nivo=3&amp;rubrika=Politika&amp;datum=2012-01-04&amp;clanak=314155\" target=\"_blank\"><strong>Mi.K.<\/strong><br \/>\n<strong> Izvor\u00a0: DAN<\/strong><\/a><\/p>\n","protected":false},"excerpt":{"rendered":"<p>Mehmet Bardhi smatra da vlast u 2011. godini nije ispunila o\u010dekivanja Predsjednik Demokratskog saveza Mehmet Bardhi smatra da Crna Gora do juna 2012. treba da poka\u017ee spremnost da podr\u017ei i sprovede euroatlantske standarde i vrijednosti jer su vrata koja vode u Evropsku uniju (EU) ot\u0161krinuta. On ka\u017ee da Albanci o euroatlanskom u\u010dlanjenju nisu imali dilemu [&hellip;]<\/p>\n","protected":false},"author":1,"featured_media":0,"comment_status":"open","ping_status":"closed","sticky":false,"template":"","format":"standard","meta":{"spay_email":"","jetpack_publicize_message":"","jetpack_is_tweetstorm":false,"jetpack_publicize_feature_enabled":true},"categories":[8337],"tags":[19783,347],"jetpack_publicize_connections":[],"yoast_head":"<!-- This site is optimized with the Yoast SEO plugin v19.1 - https:\/\/yoast.com\/wordpress\/plugins\/seo\/ -->\n<title>Albancima otimaju \u010dak i ste\u010dena prava - Lajme nga Ulqini<\/title>\n<meta name=\"description\" content=\"Mehmet Bardhi smatra da vlast u 2011. godini nije ispunila o\u010dekivanja Predsjednik Demokratskog saveza Mehmet Bardhi smatra da Crna Gora do juna 2012.\" \/>\n<meta name=\"robots\" content=\"index, follow, max-snippet:-1, max-image-preview:large, max-video-preview:-1\" \/>\n<link rel=\"canonical\" href=\"https:\/\/www.visit-ulcinj.com\/blog\/2012\/01\/04\/albancima-otimaju-cak-i-stecena-prava\/\" \/>\n<meta property=\"og:locale\" content=\"en_US\" \/>\n<meta property=\"og:type\" content=\"article\" \/>\n<meta property=\"og:title\" content=\"Albancima otimaju \u010dak i ste\u010dena prava - Lajme nga Ulqini\" \/>\n<meta property=\"og:description\" content=\"Mehmet Bardhi smatra da vlast u 2011. godini nije ispunila o\u010dekivanja Predsjednik Demokratskog saveza Mehmet Bardhi smatra da Crna Gora do juna 2012.\" \/>\n<meta property=\"og:url\" content=\"https:\/\/www.visit-ulcinj.com\/blog\/2012\/01\/04\/albancima-otimaju-cak-i-stecena-prava\/\" \/>\n<meta property=\"og:site_name\" content=\"Lajme nga Ulqini\" \/>\n<meta property=\"article:published_time\" content=\"2012-01-04T17:53:49+00:00\" \/>\n<meta property=\"og:image\" content=\"http:\/\/www.visit-ulcinj.com\/blog\/wp-content\/uploads\/2012\/01\/Mehmed-Bardhi_Albancima-otimaju-i-stecena-prava.jpg\" \/>\n<meta name=\"twitter:label1\" content=\"Written by\" \/>\n\t<meta name=\"twitter:data1\" content=\"ulqini\" \/>\n\t<meta name=\"twitter:label2\" content=\"Est. reading time\" \/>\n\t<meta name=\"twitter:data2\" content=\"2 minutes\" \/>\n<script type=\"application\/ld+json\" class=\"yoast-schema-graph\">{\"@context\":\"https:\/\/schema.org\",\"@graph\":[{\"@type\":\"WebSite\",\"@id\":\"https:\/\/www.visit-ulcinj.com\/blog\/#website\",\"url\":\"https:\/\/www.visit-ulcinj.com\/blog\/\",\"name\":\"Lajme nga Ulqini\",\"description\":\"Lajme,Vijesti,Ulqini,Ulqin,Crna Gora,Mali i Zi\",\"potentialAction\":[{\"@type\":\"SearchAction\",\"target\":{\"@type\":\"EntryPoint\",\"urlTemplate\":\"https:\/\/www.visit-ulcinj.com\/blog\/?s={search_term_string}\"},\"query-input\":\"required name=search_term_string\"}],\"inLanguage\":\"en-US\"},{\"@type\":\"ImageObject\",\"inLanguage\":\"en-US\",\"@id\":\"https:\/\/www.visit-ulcinj.com\/blog\/2012\/01\/04\/albancima-otimaju-cak-i-stecena-prava\/#primaryimage\",\"url\":\"https:\/\/www.visit-ulcinj.com\/blog\/wp-content\/uploads\/2012\/01\/Mehmed-Bardhi_Albancima-otimaju-i-stecena-prava.jpg\",\"contentUrl\":\"https:\/\/www.visit-ulcinj.com\/blog\/wp-content\/uploads\/2012\/01\/Mehmed-Bardhi_Albancima-otimaju-i-stecena-prava.jpg\",\"width\":\"533\",\"height\":\"324\"},{\"@type\":\"WebPage\",\"@id\":\"https:\/\/www.visit-ulcinj.com\/blog\/2012\/01\/04\/albancima-otimaju-cak-i-stecena-prava\/#webpage\",\"url\":\"https:\/\/www.visit-ulcinj.com\/blog\/2012\/01\/04\/albancima-otimaju-cak-i-stecena-prava\/\",\"name\":\"Albancima otimaju \u010dak i ste\u010dena prava - Lajme nga Ulqini\",\"isPartOf\":{\"@id\":\"https:\/\/www.visit-ulcinj.com\/blog\/#website\"},\"primaryImageOfPage\":{\"@id\":\"https:\/\/www.visit-ulcinj.com\/blog\/2012\/01\/04\/albancima-otimaju-cak-i-stecena-prava\/#primaryimage\"},\"datePublished\":\"2012-01-04T17:53:49+00:00\",\"dateModified\":\"2012-01-04T17:53:49+00:00\",\"author\":{\"@id\":\"https:\/\/www.visit-ulcinj.com\/blog\/#\/schema\/person\/dcab619c614d3038751c63bc2aadc06d\"},\"description\":\"Mehmet Bardhi smatra da vlast u 2011. godini nije ispunila o\u010dekivanja Predsjednik Demokratskog saveza Mehmet Bardhi smatra da Crna Gora do juna 2012.\",\"breadcrumb\":{\"@id\":\"https:\/\/www.visit-ulcinj.com\/blog\/2012\/01\/04\/albancima-otimaju-cak-i-stecena-prava\/#breadcrumb\"},\"inLanguage\":\"en-US\",\"potentialAction\":[{\"@type\":\"ReadAction\",\"target\":[\"https:\/\/www.visit-ulcinj.com\/blog\/2012\/01\/04\/albancima-otimaju-cak-i-stecena-prava\/\"]}]},{\"@type\":\"BreadcrumbList\",\"@id\":\"https:\/\/www.visit-ulcinj.com\/blog\/2012\/01\/04\/albancima-otimaju-cak-i-stecena-prava\/#breadcrumb\",\"itemListElement\":[{\"@type\":\"ListItem\",\"position\":1,\"name\":\"Albancima otimaju \u010dak i ste\u010dena prava\"}]},{\"@type\":\"Person\",\"@id\":\"https:\/\/www.visit-ulcinj.com\/blog\/#\/schema\/person\/dcab619c614d3038751c63bc2aadc06d\",\"name\":\"ulqini\",\"sameAs\":[\"http:\/\/www.visit-ulcinj.com\"],\"url\":\"https:\/\/www.visit-ulcinj.com\/blog\/author\/admin\/\"}]}<\/script>\n<!-- \/ Yoast SEO plugin. -->","yoast_head_json":{"title":"Albancima otimaju \u010dak i ste\u010dena prava - Lajme nga Ulqini","description":"Mehmet Bardhi smatra da vlast u 2011. godini nije ispunila o\u010dekivanja Predsjednik Demokratskog saveza Mehmet Bardhi smatra da Crna Gora do juna 2012.","robots":{"index":"index","follow":"follow","max-snippet":"max-snippet:-1","max-image-preview":"max-image-preview:large","max-video-preview":"max-video-preview:-1"},"canonical":"https:\/\/www.visit-ulcinj.com\/blog\/2012\/01\/04\/albancima-otimaju-cak-i-stecena-prava\/","og_locale":"en_US","og_type":"article","og_title":"Albancima otimaju \u010dak i ste\u010dena prava - Lajme nga Ulqini","og_description":"Mehmet Bardhi smatra da vlast u 2011. godini nije ispunila o\u010dekivanja Predsjednik Demokratskog saveza Mehmet Bardhi smatra da Crna Gora do juna 2012.","og_url":"https:\/\/www.visit-ulcinj.com\/blog\/2012\/01\/04\/albancima-otimaju-cak-i-stecena-prava\/","og_site_name":"Lajme nga Ulqini","article_published_time":"2012-01-04T17:53:49+00:00","og_image":[{"url":"http:\/\/www.visit-ulcinj.com\/blog\/wp-content\/uploads\/2012\/01\/Mehmed-Bardhi_Albancima-otimaju-i-stecena-prava.jpg"}],"twitter_misc":{"Written by":"ulqini","Est. reading time":"2 minutes"},"schema":{"@context":"https:\/\/schema.org","@graph":[{"@type":"WebSite","@id":"https:\/\/www.visit-ulcinj.com\/blog\/#website","url":"https:\/\/www.visit-ulcinj.com\/blog\/","name":"Lajme nga Ulqini","description":"Lajme,Vijesti,Ulqini,Ulqin,Crna Gora,Mali i Zi","potentialAction":[{"@type":"SearchAction","target":{"@type":"EntryPoint","urlTemplate":"https:\/\/www.visit-ulcinj.com\/blog\/?s={search_term_string}"},"query-input":"required name=search_term_string"}],"inLanguage":"en-US"},{"@type":"ImageObject","inLanguage":"en-US","@id":"https:\/\/www.visit-ulcinj.com\/blog\/2012\/01\/04\/albancima-otimaju-cak-i-stecena-prava\/#primaryimage","url":"https:\/\/www.visit-ulcinj.com\/blog\/wp-content\/uploads\/2012\/01\/Mehmed-Bardhi_Albancima-otimaju-i-stecena-prava.jpg","contentUrl":"https:\/\/www.visit-ulcinj.com\/blog\/wp-content\/uploads\/2012\/01\/Mehmed-Bardhi_Albancima-otimaju-i-stecena-prava.jpg","width":"533","height":"324"},{"@type":"WebPage","@id":"https:\/\/www.visit-ulcinj.com\/blog\/2012\/01\/04\/albancima-otimaju-cak-i-stecena-prava\/#webpage","url":"https:\/\/www.visit-ulcinj.com\/blog\/2012\/01\/04\/albancima-otimaju-cak-i-stecena-prava\/","name":"Albancima otimaju \u010dak i ste\u010dena prava - Lajme nga Ulqini","isPartOf":{"@id":"https:\/\/www.visit-ulcinj.com\/blog\/#website"},"primaryImageOfPage":{"@id":"https:\/\/www.visit-ulcinj.com\/blog\/2012\/01\/04\/albancima-otimaju-cak-i-stecena-prava\/#primaryimage"},"datePublished":"2012-01-04T17:53:49+00:00","dateModified":"2012-01-04T17:53:49+00:00","author":{"@id":"https:\/\/www.visit-ulcinj.com\/blog\/#\/schema\/person\/dcab619c614d3038751c63bc2aadc06d"},"description":"Mehmet Bardhi smatra da vlast u 2011. godini nije ispunila o\u010dekivanja Predsjednik Demokratskog saveza Mehmet Bardhi smatra da Crna Gora do juna 2012.","breadcrumb":{"@id":"https:\/\/www.visit-ulcinj.com\/blog\/2012\/01\/04\/albancima-otimaju-cak-i-stecena-prava\/#breadcrumb"},"inLanguage":"en-US","potentialAction":[{"@type":"ReadAction","target":["https:\/\/www.visit-ulcinj.com\/blog\/2012\/01\/04\/albancima-otimaju-cak-i-stecena-prava\/"]}]},{"@type":"BreadcrumbList","@id":"https:\/\/www.visit-ulcinj.com\/blog\/2012\/01\/04\/albancima-otimaju-cak-i-stecena-prava\/#breadcrumb","itemListElement":[{"@type":"ListItem","position":1,"name":"Albancima otimaju \u010dak i ste\u010dena prava"}]},{"@type":"Person","@id":"https:\/\/www.visit-ulcinj.com\/blog\/#\/schema\/person\/dcab619c614d3038751c63bc2aadc06d","name":"ulqini","sameAs":["http:\/\/www.visit-ulcinj.com"],"url":"https:\/\/www.visit-ulcinj.com\/blog\/author\/admin\/"}]}},"jetpack_featured_media_url":"","jetpack_sharing_enabled":true,"jetpack_shortlink":"https:\/\/wp.me\/pe6lTn-er7","_links":{"self":[{"href":"https:\/\/www.visit-ulcinj.com\/blog\/wp-json\/wp\/v2\/posts\/55497"}],"collection":[{"href":"https:\/\/www.visit-ulcinj.com\/blog\/wp-json\/wp\/v2\/posts"}],"about":[{"href":"https:\/\/www.visit-ulcinj.com\/blog\/wp-json\/wp\/v2\/types\/post"}],"author":[{"embeddable":true,"href":"https:\/\/www.visit-ulcinj.com\/blog\/wp-json\/wp\/v2\/users\/1"}],"replies":[{"embeddable":true,"href":"https:\/\/www.visit-ulcinj.com\/blog\/wp-json\/wp\/v2\/comments?post=55497"}],"version-history":[{"count":1,"href":"https:\/\/www.visit-ulcinj.com\/blog\/wp-json\/wp\/v2\/posts\/55497\/revisions"}],"predecessor-version":[{"id":55499,"href":"https:\/\/www.visit-ulcinj.com\/blog\/wp-json\/wp\/v2\/posts\/55497\/revisions\/55499"}],"wp:attachment":[{"href":"https:\/\/www.visit-ulcinj.com\/blog\/wp-json\/wp\/v2\/media?parent=55497"}],"wp:term":[{"taxonomy":"category","embeddable":true,"href":"https:\/\/www.visit-ulcinj.com\/blog\/wp-json\/wp\/v2\/categories?post=55497"},{"taxonomy":"post_tag","embeddable":true,"href":"https:\/\/www.visit-ulcinj.com\/blog\/wp-json\/wp\/v2\/tags?post=55497"}],"curies":[{"name":"wp","href":"https:\/\/api.w.org\/{rel}","templated":true}]}}