{"id":55500,"date":"2012-01-04T22:35:26","date_gmt":"2012-01-04T21:35:26","guid":{"rendered":"http:\/\/www.visit-ulcinj.com\/blog\/?p=55500"},"modified":"2012-01-06T20:18:30","modified_gmt":"2012-01-06T19:18:30","slug":"vukovic-konacnu-odluku-o-hajdinagi-donijece-premijer","status":"publish","type":"post","link":"https:\/\/www.visit-ulcinj.com\/blog\/2012\/01\/04\/vukovic-konacnu-odluku-o-hajdinagi-donijece-premijer\/","title":{"rendered":"Vukovi\u0107: Kona\u010dnu odluku o Hajdinagi donije\u0107e premijer &#8211; Video"},"content":{"rendered":"<p><a href=\"http:\/\/www.visit-ulcinj.com\/blog\/wp-content\/uploads\/2012\/01\/Miodrag-Vukovic.jpg\"><img loading=\"lazy\" class=\"alignleft  wp-image-55502\" title=\"Miodrag Vukovic\" src=\"http:\/\/www.visit-ulcinj.com\/blog\/wp-content\/uploads\/2012\/01\/Miodrag-Vukovic.jpg\" alt=\"\" width=\"508\" height=\"359\" \/><\/a>Poslanik Demokratske partije socijalista DPS Miodrag Vukovi\u0107 odgovaraju\u0107i na pitanje da li biv\u0161i predsjednik Op\u0161tine Ulcinj Gzim Hajdinaga ima i dalje povjerenje te partije da bude ministar s obzirom na podnijeta krivi\u010dna prijava protiv njega, kazao je da je njegovo li\u010dno mi\u0161ljenje da treba sa\u010dekati dok se postupak protiv Hajdinage ne okon\u010da.<\/p>\n<p>\u201cLi\u010dno, volio bih da se sve to nije desilo, i najiskrenije mo\u017eda bih malo pri\u010dekao dok se bar prve stvari oko same sumnje u vr\u0161enju slu\u017ebene du\u017enosti u prethodne du\u017enosti gospodina Hajdinage ne odagnaju. Desilo se \u0161to se desilo, pokrenuta je krivi\u010dna prijava \u0161to baca novo svijetlo na sam prijedlog, \u010dovjek je nevin dok se ne doka\u017ee da je kriv, \u010dinjenica\u00a0 da\u00a0 je tu\u017eila\u0161tvo pokrenulo postupak treba sve nas da upozori da se ne istr\u010davamo \u201d, kazao je Vukovi\u0107.<\/p>\n<p>Vukovi\u0107 je kazao Hajdinaga kao vrijedan \u010dovjek zaslu\u017euje takvo povjerenje, ali da ipak kona\u010dnu odluku treba da donese premijer.<\/p>\n<p>\u201cJa mislim da u ovom trenutku kona\u010dnu odluku treba da odnese premijer Igor Luk\u0161i\u0107, \u010diji \u0107e biti saradnik, ja vjerujem da \u0107e on izvagati sve \u010dinjenice na pravi na\u010din\u201d, kazao je Vukovi\u0107.<\/p>\n<p><a href=\"http:\/\/www.cafemontenegro.com\/index.php?group=23&amp;news=222020\" target=\"_blank\"><strong>Izvor: CDM<\/strong><\/a><\/p>\n<p><strong>TV IN VIDEO<\/strong><br \/>\n[flv]http:\/\/stream.rtvin.com\/flv\/04%2001%20post%20vukovic.flv[\/flv]<\/p>\n","protected":false},"excerpt":{"rendered":"<p>Poslanik Demokratske partije socijalista DPS Miodrag Vukovi\u0107 odgovaraju\u0107i na pitanje da li biv\u0161i predsjednik Op\u0161tine Ulcinj Gzim Hajdinaga ima i dalje povjerenje te partije da bude ministar s obzirom na podnijeta krivi\u010dna prijava protiv njega, kazao je da je njegovo li\u010dno mi\u0161ljenje da treba sa\u010dekati dok se postupak protiv Hajdinage ne okon\u010da. \u201cLi\u010dno, volio bih [&hellip;]<\/p>\n","protected":false},"author":1,"featured_media":0,"comment_status":"open","ping_status":"closed","sticky":false,"template":"","format":"standard","meta":{"spay_email":"","jetpack_publicize_message":"","jetpack_is_tweetstorm":false,"jetpack_publicize_feature_enabled":true},"categories":[8337],"tags":[140,4196],"jetpack_publicize_connections":[],"yoast_head":"<!-- This site is optimized with the Yoast SEO plugin v19.1 - https:\/\/yoast.com\/wordpress\/plugins\/seo\/ -->\n<title>Vukovi\u0107: Kona\u010dnu odluku o Hajdinagi donije\u0107e premijer - Video - Lajme nga Ulqini<\/title>\n<meta name=\"description\" content=\"Poslanik Demokratske partije socijalista DPS Miodrag Vukovi\u0107 odgovaraju\u0107i na pitanje da li biv\u0161i predsjednik Op\u0161tine Ulcinj Gzim Hajdinaga ima i dalje\" \/>\n<meta name=\"robots\" content=\"index, follow, max-snippet:-1, max-image-preview:large, max-video-preview:-1\" \/>\n<link rel=\"canonical\" href=\"https:\/\/www.visit-ulcinj.com\/blog\/2012\/01\/04\/vukovic-konacnu-odluku-o-hajdinagi-donijece-premijer\/\" \/>\n<meta property=\"og:locale\" content=\"en_US\" \/>\n<meta property=\"og:type\" content=\"article\" \/>\n<meta property=\"og:title\" content=\"Vukovi\u0107: Kona\u010dnu odluku o Hajdinagi donije\u0107e premijer - Video - Lajme nga Ulqini\" \/>\n<meta property=\"og:description\" content=\"Poslanik Demokratske partije socijalista DPS Miodrag Vukovi\u0107 odgovaraju\u0107i na pitanje da li biv\u0161i predsjednik Op\u0161tine Ulcinj Gzim Hajdinaga ima i dalje\" \/>\n<meta property=\"og:url\" content=\"https:\/\/www.visit-ulcinj.com\/blog\/2012\/01\/04\/vukovic-konacnu-odluku-o-hajdinagi-donijece-premijer\/\" \/>\n<meta property=\"og:site_name\" content=\"Lajme nga Ulqini\" \/>\n<meta property=\"article:published_time\" content=\"2012-01-04T21:35:26+00:00\" \/>\n<meta property=\"article:modified_time\" content=\"2012-01-06T19:18:30+00:00\" \/>\n<meta property=\"og:image\" content=\"http:\/\/www.visit-ulcinj.com\/blog\/wp-content\/uploads\/2012\/01\/Miodrag-Vukovic.jpg\" \/>\n<meta name=\"twitter:label1\" content=\"Written by\" \/>\n\t<meta name=\"twitter:data1\" content=\"ulqini\" \/>\n\t<meta name=\"twitter:label2\" content=\"Est. reading time\" \/>\n\t<meta name=\"twitter:data2\" content=\"1 minute\" \/>\n<script type=\"application\/ld+json\" class=\"yoast-schema-graph\">{\"@context\":\"https:\/\/schema.org\",\"@graph\":[{\"@type\":\"WebSite\",\"@id\":\"https:\/\/www.visit-ulcinj.com\/blog\/#website\",\"url\":\"https:\/\/www.visit-ulcinj.com\/blog\/\",\"name\":\"Lajme nga Ulqini\",\"description\":\"Lajme,Vijesti,Ulqini,Ulqin,Crna Gora,Mali i Zi\",\"potentialAction\":[{\"@type\":\"SearchAction\",\"target\":{\"@type\":\"EntryPoint\",\"urlTemplate\":\"https:\/\/www.visit-ulcinj.com\/blog\/?s={search_term_string}\"},\"query-input\":\"required name=search_term_string\"}],\"inLanguage\":\"en-US\"},{\"@type\":\"ImageObject\",\"inLanguage\":\"en-US\",\"@id\":\"https:\/\/www.visit-ulcinj.com\/blog\/2012\/01\/04\/vukovic-konacnu-odluku-o-hajdinagi-donijece-premijer\/#primaryimage\",\"url\":\"https:\/\/www.visit-ulcinj.com\/blog\/wp-content\/uploads\/2012\/01\/Miodrag-Vukovic.jpg\",\"contentUrl\":\"https:\/\/www.visit-ulcinj.com\/blog\/wp-content\/uploads\/2012\/01\/Miodrag-Vukovic.jpg\",\"width\":\"532\",\"height\":\"359\"},{\"@type\":\"WebPage\",\"@id\":\"https:\/\/www.visit-ulcinj.com\/blog\/2012\/01\/04\/vukovic-konacnu-odluku-o-hajdinagi-donijece-premijer\/#webpage\",\"url\":\"https:\/\/www.visit-ulcinj.com\/blog\/2012\/01\/04\/vukovic-konacnu-odluku-o-hajdinagi-donijece-premijer\/\",\"name\":\"Vukovi\u0107: Kona\u010dnu odluku o Hajdinagi donije\u0107e premijer - Video - Lajme nga Ulqini\",\"isPartOf\":{\"@id\":\"https:\/\/www.visit-ulcinj.com\/blog\/#website\"},\"primaryImageOfPage\":{\"@id\":\"https:\/\/www.visit-ulcinj.com\/blog\/2012\/01\/04\/vukovic-konacnu-odluku-o-hajdinagi-donijece-premijer\/#primaryimage\"},\"datePublished\":\"2012-01-04T21:35:26+00:00\",\"dateModified\":\"2012-01-06T19:18:30+00:00\",\"author\":{\"@id\":\"https:\/\/www.visit-ulcinj.com\/blog\/#\/schema\/person\/dcab619c614d3038751c63bc2aadc06d\"},\"description\":\"Poslanik Demokratske partije socijalista DPS Miodrag Vukovi\u0107 odgovaraju\u0107i na pitanje da li biv\u0161i predsjednik Op\u0161tine Ulcinj Gzim Hajdinaga ima i dalje\",\"breadcrumb\":{\"@id\":\"https:\/\/www.visit-ulcinj.com\/blog\/2012\/01\/04\/vukovic-konacnu-odluku-o-hajdinagi-donijece-premijer\/#breadcrumb\"},\"inLanguage\":\"en-US\",\"potentialAction\":[{\"@type\":\"ReadAction\",\"target\":[\"https:\/\/www.visit-ulcinj.com\/blog\/2012\/01\/04\/vukovic-konacnu-odluku-o-hajdinagi-donijece-premijer\/\"]}]},{\"@type\":\"BreadcrumbList\",\"@id\":\"https:\/\/www.visit-ulcinj.com\/blog\/2012\/01\/04\/vukovic-konacnu-odluku-o-hajdinagi-donijece-premijer\/#breadcrumb\",\"itemListElement\":[{\"@type\":\"ListItem\",\"position\":1,\"name\":\"Vukovi\u0107: Kona\u010dnu odluku o Hajdinagi donije\u0107e premijer &#8211; Video\"}]},{\"@type\":\"Person\",\"@id\":\"https:\/\/www.visit-ulcinj.com\/blog\/#\/schema\/person\/dcab619c614d3038751c63bc2aadc06d\",\"name\":\"ulqini\",\"sameAs\":[\"http:\/\/www.visit-ulcinj.com\"],\"url\":\"https:\/\/www.visit-ulcinj.com\/blog\/author\/admin\/\"}]}<\/script>\n<!-- \/ Yoast SEO plugin. -->","yoast_head_json":{"title":"Vukovi\u0107: Kona\u010dnu odluku o Hajdinagi donije\u0107e premijer - Video - Lajme nga Ulqini","description":"Poslanik Demokratske partije socijalista DPS Miodrag Vukovi\u0107 odgovaraju\u0107i na pitanje da li biv\u0161i predsjednik Op\u0161tine Ulcinj Gzim Hajdinaga ima i dalje","robots":{"index":"index","follow":"follow","max-snippet":"max-snippet:-1","max-image-preview":"max-image-preview:large","max-video-preview":"max-video-preview:-1"},"canonical":"https:\/\/www.visit-ulcinj.com\/blog\/2012\/01\/04\/vukovic-konacnu-odluku-o-hajdinagi-donijece-premijer\/","og_locale":"en_US","og_type":"article","og_title":"Vukovi\u0107: Kona\u010dnu odluku o Hajdinagi donije\u0107e premijer - Video - Lajme nga Ulqini","og_description":"Poslanik Demokratske partije socijalista DPS Miodrag Vukovi\u0107 odgovaraju\u0107i na pitanje da li biv\u0161i predsjednik Op\u0161tine Ulcinj Gzim Hajdinaga ima i dalje","og_url":"https:\/\/www.visit-ulcinj.com\/blog\/2012\/01\/04\/vukovic-konacnu-odluku-o-hajdinagi-donijece-premijer\/","og_site_name":"Lajme nga Ulqini","article_published_time":"2012-01-04T21:35:26+00:00","article_modified_time":"2012-01-06T19:18:30+00:00","og_image":[{"url":"http:\/\/www.visit-ulcinj.com\/blog\/wp-content\/uploads\/2012\/01\/Miodrag-Vukovic.jpg"}],"twitter_misc":{"Written by":"ulqini","Est. reading time":"1 minute"},"schema":{"@context":"https:\/\/schema.org","@graph":[{"@type":"WebSite","@id":"https:\/\/www.visit-ulcinj.com\/blog\/#website","url":"https:\/\/www.visit-ulcinj.com\/blog\/","name":"Lajme nga Ulqini","description":"Lajme,Vijesti,Ulqini,Ulqin,Crna Gora,Mali i Zi","potentialAction":[{"@type":"SearchAction","target":{"@type":"EntryPoint","urlTemplate":"https:\/\/www.visit-ulcinj.com\/blog\/?s={search_term_string}"},"query-input":"required name=search_term_string"}],"inLanguage":"en-US"},{"@type":"ImageObject","inLanguage":"en-US","@id":"https:\/\/www.visit-ulcinj.com\/blog\/2012\/01\/04\/vukovic-konacnu-odluku-o-hajdinagi-donijece-premijer\/#primaryimage","url":"https:\/\/www.visit-ulcinj.com\/blog\/wp-content\/uploads\/2012\/01\/Miodrag-Vukovic.jpg","contentUrl":"https:\/\/www.visit-ulcinj.com\/blog\/wp-content\/uploads\/2012\/01\/Miodrag-Vukovic.jpg","width":"532","height":"359"},{"@type":"WebPage","@id":"https:\/\/www.visit-ulcinj.com\/blog\/2012\/01\/04\/vukovic-konacnu-odluku-o-hajdinagi-donijece-premijer\/#webpage","url":"https:\/\/www.visit-ulcinj.com\/blog\/2012\/01\/04\/vukovic-konacnu-odluku-o-hajdinagi-donijece-premijer\/","name":"Vukovi\u0107: Kona\u010dnu odluku o Hajdinagi donije\u0107e premijer - Video - Lajme nga Ulqini","isPartOf":{"@id":"https:\/\/www.visit-ulcinj.com\/blog\/#website"},"primaryImageOfPage":{"@id":"https:\/\/www.visit-ulcinj.com\/blog\/2012\/01\/04\/vukovic-konacnu-odluku-o-hajdinagi-donijece-premijer\/#primaryimage"},"datePublished":"2012-01-04T21:35:26+00:00","dateModified":"2012-01-06T19:18:30+00:00","author":{"@id":"https:\/\/www.visit-ulcinj.com\/blog\/#\/schema\/person\/dcab619c614d3038751c63bc2aadc06d"},"description":"Poslanik Demokratske partije socijalista DPS Miodrag Vukovi\u0107 odgovaraju\u0107i na pitanje da li biv\u0161i predsjednik Op\u0161tine Ulcinj Gzim Hajdinaga ima i dalje","breadcrumb":{"@id":"https:\/\/www.visit-ulcinj.com\/blog\/2012\/01\/04\/vukovic-konacnu-odluku-o-hajdinagi-donijece-premijer\/#breadcrumb"},"inLanguage":"en-US","potentialAction":[{"@type":"ReadAction","target":["https:\/\/www.visit-ulcinj.com\/blog\/2012\/01\/04\/vukovic-konacnu-odluku-o-hajdinagi-donijece-premijer\/"]}]},{"@type":"BreadcrumbList","@id":"https:\/\/www.visit-ulcinj.com\/blog\/2012\/01\/04\/vukovic-konacnu-odluku-o-hajdinagi-donijece-premijer\/#breadcrumb","itemListElement":[{"@type":"ListItem","position":1,"name":"Vukovi\u0107: Kona\u010dnu odluku o Hajdinagi donije\u0107e premijer &#8211; Video"}]},{"@type":"Person","@id":"https:\/\/www.visit-ulcinj.com\/blog\/#\/schema\/person\/dcab619c614d3038751c63bc2aadc06d","name":"ulqini","sameAs":["http:\/\/www.visit-ulcinj.com"],"url":"https:\/\/www.visit-ulcinj.com\/blog\/author\/admin\/"}]}},"jetpack_featured_media_url":"","jetpack_sharing_enabled":true,"jetpack_shortlink":"https:\/\/wp.me\/pe6lTn-era","_links":{"self":[{"href":"https:\/\/www.visit-ulcinj.com\/blog\/wp-json\/wp\/v2\/posts\/55500"}],"collection":[{"href":"https:\/\/www.visit-ulcinj.com\/blog\/wp-json\/wp\/v2\/posts"}],"about":[{"href":"https:\/\/www.visit-ulcinj.com\/blog\/wp-json\/wp\/v2\/types\/post"}],"author":[{"embeddable":true,"href":"https:\/\/www.visit-ulcinj.com\/blog\/wp-json\/wp\/v2\/users\/1"}],"replies":[{"embeddable":true,"href":"https:\/\/www.visit-ulcinj.com\/blog\/wp-json\/wp\/v2\/comments?post=55500"}],"version-history":[{"count":4,"href":"https:\/\/www.visit-ulcinj.com\/blog\/wp-json\/wp\/v2\/posts\/55500\/revisions"}],"predecessor-version":[{"id":55505,"href":"https:\/\/www.visit-ulcinj.com\/blog\/wp-json\/wp\/v2\/posts\/55500\/revisions\/55505"}],"wp:attachment":[{"href":"https:\/\/www.visit-ulcinj.com\/blog\/wp-json\/wp\/v2\/media?parent=55500"}],"wp:term":[{"taxonomy":"category","embeddable":true,"href":"https:\/\/www.visit-ulcinj.com\/blog\/wp-json\/wp\/v2\/categories?post=55500"},{"taxonomy":"post_tag","embeddable":true,"href":"https:\/\/www.visit-ulcinj.com\/blog\/wp-json\/wp\/v2\/tags?post=55500"}],"curies":[{"name":"wp","href":"https:\/\/api.w.org\/{rel}","templated":true}]}}