{"id":55529,"date":"2012-01-05T12:14:19","date_gmt":"2012-01-05T11:14:19","guid":{"rendered":"http:\/\/www.visit-ulcinj.com\/blog\/?p=55529"},"modified":"2012-01-05T12:14:19","modified_gmt":"2012-01-05T11:14:19","slug":"mirses-ia-refuzojne-vizen-nuk-shkon-ne-gjermani","status":"publish","type":"post","link":"https:\/\/www.visit-ulcinj.com\/blog\/2012\/01\/05\/mirses-ia-refuzojne-vizen-nuk-shkon-ne-gjermani\/","title":{"rendered":"Mirs\u00ebs ia refuzojn\u00eb viz\u00ebn, nuk shkon n\u00eb Gjermani"},"content":{"rendered":"<p><strong><a href=\"http:\/\/www.visit-ulcinj.com\/blog\/wp-content\/uploads\/2012\/01\/Mirsa-Kerceli.jpg\"><img loading=\"lazy\" class=\"alignleft  wp-image-55530\" title=\"Mirsa Kerceli\" src=\"http:\/\/www.visit-ulcinj.com\/blog\/wp-content\/uploads\/2012\/01\/Mirsa-Kerceli.jpg\" alt=\"\" width=\"508\" height=\"380\" \/><\/a>Edhe k\u00ebng\u00ebtar\u00ebt kosovar\u00eb kan\u00eb filluar t\u00eb ken\u00eb probleme me viz\u00eb. E nj\u00ebra nd\u00ebr ta \u00ebsht\u00eb k\u00ebng\u00ebtarja Mirsa K\u00ebr\u00e7eli. K\u00ebng\u00ebtarja Mirsa K\u00ebr\u00e7eli ka humbur koncertin e saj n\u00eb Gjermani p\u00ebr shkak t\u00eb viz\u00ebs.<\/strong><\/p>\n<p>Krijuesja e hitit \u201cStatus Quo\u201d fest\u00ebn e Vitit t\u00eb Ri ka qen\u00eb e ftuar t\u00eb k\u00ebndoj\u00eb n\u00eb Gjermani, mir\u00ebpo me q\u00eb nuk arriti t\u00eb marr\u00eb viz\u00ebn \u00e7do gj\u00eb i shkoi huq.<\/p>\n<p>\u201cKam qen\u00eb e ftuar q\u00eb fest\u00ebn e Vitit t\u00eb Ri q\u00eb ta kaloj me adhuruesit e mi n\u00eb Gjermani, mir\u00ebpo nuk arrita ta marr viz\u00ebn. Ky \u00ebsht\u00eb nj\u00eb diskriminim q\u00eb po i b\u00ebhet popullit t\u00eb Kosov\u00ebs e sidomos estrad\u00ebs\u201d, ka th\u00ebn\u00eb ajo p\u00ebr Z\u00ebri.<br \/>\n<!--YouTube Error: bad URL entered--><\/p>\n","protected":false},"excerpt":{"rendered":"<p>Edhe k\u00ebng\u00ebtar\u00ebt kosovar\u00eb kan\u00eb filluar t\u00eb ken\u00eb probleme me viz\u00eb. E nj\u00ebra nd\u00ebr ta \u00ebsht\u00eb k\u00ebng\u00ebtarja Mirsa K\u00ebr\u00e7eli. K\u00ebng\u00ebtarja Mirsa K\u00ebr\u00e7eli ka humbur koncertin e saj n\u00eb Gjermani p\u00ebr shkak t\u00eb viz\u00ebs. Krijuesja e hitit \u201cStatus Quo\u201d fest\u00ebn e Vitit t\u00eb Ri ka qen\u00eb e ftuar t\u00eb k\u00ebndoj\u00eb n\u00eb Gjermani, mir\u00ebpo me q\u00eb nuk arriti [&hellip;]<\/p>\n","protected":false},"author":1,"featured_media":0,"comment_status":"open","ping_status":"closed","sticky":false,"template":"","format":"standard","meta":{"spay_email":"","jetpack_publicize_message":"","jetpack_is_tweetstorm":false,"jetpack_publicize_feature_enabled":true},"categories":[1],"tags":[8998],"jetpack_publicize_connections":[],"yoast_head":"<!-- This site is optimized with the Yoast SEO plugin v19.1 - https:\/\/yoast.com\/wordpress\/plugins\/seo\/ -->\n<title>Mirs\u00ebs ia refuzojn\u00eb viz\u00ebn, nuk shkon n\u00eb Gjermani - Lajme nga Ulqini<\/title>\n<meta name=\"description\" content=\"Edhe k\u00ebng\u00ebtar\u00ebt kosovar\u00eb kan\u00eb filluar t\u00eb ken\u00eb probleme me viz\u00eb. E nj\u00ebra nd\u00ebr ta \u00ebsht\u00eb k\u00ebng\u00ebtarja Mirsa K\u00ebr\u00e7eli. K\u00ebng\u00ebtarja Mirsa K\u00ebr\u00e7eli ka humbur\" \/>\n<meta name=\"robots\" content=\"index, follow, max-snippet:-1, max-image-preview:large, max-video-preview:-1\" \/>\n<link rel=\"canonical\" href=\"https:\/\/www.visit-ulcinj.com\/blog\/2012\/01\/05\/mirses-ia-refuzojne-vizen-nuk-shkon-ne-gjermani\/\" \/>\n<meta property=\"og:locale\" content=\"en_US\" \/>\n<meta property=\"og:type\" content=\"article\" \/>\n<meta property=\"og:title\" content=\"Mirs\u00ebs ia refuzojn\u00eb viz\u00ebn, nuk shkon n\u00eb Gjermani - Lajme nga Ulqini\" \/>\n<meta property=\"og:description\" content=\"Edhe k\u00ebng\u00ebtar\u00ebt kosovar\u00eb kan\u00eb filluar t\u00eb ken\u00eb probleme me viz\u00eb. E nj\u00ebra nd\u00ebr ta \u00ebsht\u00eb k\u00ebng\u00ebtarja Mirsa K\u00ebr\u00e7eli. K\u00ebng\u00ebtarja Mirsa K\u00ebr\u00e7eli ka humbur\" \/>\n<meta property=\"og:url\" content=\"https:\/\/www.visit-ulcinj.com\/blog\/2012\/01\/05\/mirses-ia-refuzojne-vizen-nuk-shkon-ne-gjermani\/\" \/>\n<meta property=\"og:site_name\" content=\"Lajme nga Ulqini\" \/>\n<meta property=\"article:published_time\" content=\"2012-01-05T11:14:19+00:00\" \/>\n<meta property=\"og:image\" content=\"http:\/\/www.visit-ulcinj.com\/blog\/wp-content\/uploads\/2012\/01\/Mirsa-Kerceli.jpg\" \/>\n<meta name=\"twitter:label1\" content=\"Written by\" \/>\n\t<meta name=\"twitter:data1\" content=\"ulqini\" \/>\n\t<meta name=\"twitter:label2\" content=\"Est. reading time\" \/>\n\t<meta name=\"twitter:data2\" content=\"1 minute\" \/>\n<script type=\"application\/ld+json\" class=\"yoast-schema-graph\">{\"@context\":\"https:\/\/schema.org\",\"@graph\":[{\"@type\":\"WebSite\",\"@id\":\"https:\/\/www.visit-ulcinj.com\/blog\/#website\",\"url\":\"https:\/\/www.visit-ulcinj.com\/blog\/\",\"name\":\"Lajme nga Ulqini\",\"description\":\"Lajme,Vijesti,Ulqini,Ulqin,Crna Gora,Mali i Zi\",\"potentialAction\":[{\"@type\":\"SearchAction\",\"target\":{\"@type\":\"EntryPoint\",\"urlTemplate\":\"https:\/\/www.visit-ulcinj.com\/blog\/?s={search_term_string}\"},\"query-input\":\"required name=search_term_string\"}],\"inLanguage\":\"en-US\"},{\"@type\":\"ImageObject\",\"inLanguage\":\"en-US\",\"@id\":\"https:\/\/www.visit-ulcinj.com\/blog\/2012\/01\/05\/mirses-ia-refuzojne-vizen-nuk-shkon-ne-gjermani\/#primaryimage\",\"url\":\"http:\/\/www.visit-ulcinj.com\/blog\/wp-content\/uploads\/2012\/01\/Mirsa-Kerceli.jpg\",\"contentUrl\":\"http:\/\/www.visit-ulcinj.com\/blog\/wp-content\/uploads\/2012\/01\/Mirsa-Kerceli.jpg\"},{\"@type\":\"WebPage\",\"@id\":\"https:\/\/www.visit-ulcinj.com\/blog\/2012\/01\/05\/mirses-ia-refuzojne-vizen-nuk-shkon-ne-gjermani\/#webpage\",\"url\":\"https:\/\/www.visit-ulcinj.com\/blog\/2012\/01\/05\/mirses-ia-refuzojne-vizen-nuk-shkon-ne-gjermani\/\",\"name\":\"Mirs\u00ebs ia refuzojn\u00eb viz\u00ebn, nuk shkon n\u00eb Gjermani - Lajme nga Ulqini\",\"isPartOf\":{\"@id\":\"https:\/\/www.visit-ulcinj.com\/blog\/#website\"},\"primaryImageOfPage\":{\"@id\":\"https:\/\/www.visit-ulcinj.com\/blog\/2012\/01\/05\/mirses-ia-refuzojne-vizen-nuk-shkon-ne-gjermani\/#primaryimage\"},\"datePublished\":\"2012-01-05T11:14:19+00:00\",\"dateModified\":\"2012-01-05T11:14:19+00:00\",\"author\":{\"@id\":\"https:\/\/www.visit-ulcinj.com\/blog\/#\/schema\/person\/dcab619c614d3038751c63bc2aadc06d\"},\"description\":\"Edhe k\u00ebng\u00ebtar\u00ebt kosovar\u00eb kan\u00eb filluar t\u00eb ken\u00eb probleme me viz\u00eb. E nj\u00ebra nd\u00ebr ta \u00ebsht\u00eb k\u00ebng\u00ebtarja Mirsa K\u00ebr\u00e7eli. K\u00ebng\u00ebtarja Mirsa K\u00ebr\u00e7eli ka humbur\",\"breadcrumb\":{\"@id\":\"https:\/\/www.visit-ulcinj.com\/blog\/2012\/01\/05\/mirses-ia-refuzojne-vizen-nuk-shkon-ne-gjermani\/#breadcrumb\"},\"inLanguage\":\"en-US\",\"potentialAction\":[{\"@type\":\"ReadAction\",\"target\":[\"https:\/\/www.visit-ulcinj.com\/blog\/2012\/01\/05\/mirses-ia-refuzojne-vizen-nuk-shkon-ne-gjermani\/\"]}]},{\"@type\":\"BreadcrumbList\",\"@id\":\"https:\/\/www.visit-ulcinj.com\/blog\/2012\/01\/05\/mirses-ia-refuzojne-vizen-nuk-shkon-ne-gjermani\/#breadcrumb\",\"itemListElement\":[{\"@type\":\"ListItem\",\"position\":1,\"name\":\"Mirs\u00ebs ia refuzojn\u00eb viz\u00ebn, nuk shkon n\u00eb Gjermani\"}]},{\"@type\":\"Person\",\"@id\":\"https:\/\/www.visit-ulcinj.com\/blog\/#\/schema\/person\/dcab619c614d3038751c63bc2aadc06d\",\"name\":\"ulqini\",\"sameAs\":[\"http:\/\/www.visit-ulcinj.com\"],\"url\":\"https:\/\/www.visit-ulcinj.com\/blog\/author\/admin\/\"}]}<\/script>\n<!-- \/ Yoast SEO plugin. -->","yoast_head_json":{"title":"Mirs\u00ebs ia refuzojn\u00eb viz\u00ebn, nuk shkon n\u00eb Gjermani - Lajme nga Ulqini","description":"Edhe k\u00ebng\u00ebtar\u00ebt kosovar\u00eb kan\u00eb filluar t\u00eb ken\u00eb probleme me viz\u00eb. E nj\u00ebra nd\u00ebr ta \u00ebsht\u00eb k\u00ebng\u00ebtarja Mirsa K\u00ebr\u00e7eli. K\u00ebng\u00ebtarja Mirsa K\u00ebr\u00e7eli ka humbur","robots":{"index":"index","follow":"follow","max-snippet":"max-snippet:-1","max-image-preview":"max-image-preview:large","max-video-preview":"max-video-preview:-1"},"canonical":"https:\/\/www.visit-ulcinj.com\/blog\/2012\/01\/05\/mirses-ia-refuzojne-vizen-nuk-shkon-ne-gjermani\/","og_locale":"en_US","og_type":"article","og_title":"Mirs\u00ebs ia refuzojn\u00eb viz\u00ebn, nuk shkon n\u00eb Gjermani - Lajme nga Ulqini","og_description":"Edhe k\u00ebng\u00ebtar\u00ebt kosovar\u00eb kan\u00eb filluar t\u00eb ken\u00eb probleme me viz\u00eb. E nj\u00ebra nd\u00ebr ta \u00ebsht\u00eb k\u00ebng\u00ebtarja Mirsa K\u00ebr\u00e7eli. K\u00ebng\u00ebtarja Mirsa K\u00ebr\u00e7eli ka humbur","og_url":"https:\/\/www.visit-ulcinj.com\/blog\/2012\/01\/05\/mirses-ia-refuzojne-vizen-nuk-shkon-ne-gjermani\/","og_site_name":"Lajme nga Ulqini","article_published_time":"2012-01-05T11:14:19+00:00","og_image":[{"url":"http:\/\/www.visit-ulcinj.com\/blog\/wp-content\/uploads\/2012\/01\/Mirsa-Kerceli.jpg"}],"twitter_misc":{"Written by":"ulqini","Est. reading time":"1 minute"},"schema":{"@context":"https:\/\/schema.org","@graph":[{"@type":"WebSite","@id":"https:\/\/www.visit-ulcinj.com\/blog\/#website","url":"https:\/\/www.visit-ulcinj.com\/blog\/","name":"Lajme nga Ulqini","description":"Lajme,Vijesti,Ulqini,Ulqin,Crna Gora,Mali i Zi","potentialAction":[{"@type":"SearchAction","target":{"@type":"EntryPoint","urlTemplate":"https:\/\/www.visit-ulcinj.com\/blog\/?s={search_term_string}"},"query-input":"required name=search_term_string"}],"inLanguage":"en-US"},{"@type":"ImageObject","inLanguage":"en-US","@id":"https:\/\/www.visit-ulcinj.com\/blog\/2012\/01\/05\/mirses-ia-refuzojne-vizen-nuk-shkon-ne-gjermani\/#primaryimage","url":"http:\/\/www.visit-ulcinj.com\/blog\/wp-content\/uploads\/2012\/01\/Mirsa-Kerceli.jpg","contentUrl":"http:\/\/www.visit-ulcinj.com\/blog\/wp-content\/uploads\/2012\/01\/Mirsa-Kerceli.jpg"},{"@type":"WebPage","@id":"https:\/\/www.visit-ulcinj.com\/blog\/2012\/01\/05\/mirses-ia-refuzojne-vizen-nuk-shkon-ne-gjermani\/#webpage","url":"https:\/\/www.visit-ulcinj.com\/blog\/2012\/01\/05\/mirses-ia-refuzojne-vizen-nuk-shkon-ne-gjermani\/","name":"Mirs\u00ebs ia refuzojn\u00eb viz\u00ebn, nuk shkon n\u00eb Gjermani - Lajme nga Ulqini","isPartOf":{"@id":"https:\/\/www.visit-ulcinj.com\/blog\/#website"},"primaryImageOfPage":{"@id":"https:\/\/www.visit-ulcinj.com\/blog\/2012\/01\/05\/mirses-ia-refuzojne-vizen-nuk-shkon-ne-gjermani\/#primaryimage"},"datePublished":"2012-01-05T11:14:19+00:00","dateModified":"2012-01-05T11:14:19+00:00","author":{"@id":"https:\/\/www.visit-ulcinj.com\/blog\/#\/schema\/person\/dcab619c614d3038751c63bc2aadc06d"},"description":"Edhe k\u00ebng\u00ebtar\u00ebt kosovar\u00eb kan\u00eb filluar t\u00eb ken\u00eb probleme me viz\u00eb. E nj\u00ebra nd\u00ebr ta \u00ebsht\u00eb k\u00ebng\u00ebtarja Mirsa K\u00ebr\u00e7eli. K\u00ebng\u00ebtarja Mirsa K\u00ebr\u00e7eli ka humbur","breadcrumb":{"@id":"https:\/\/www.visit-ulcinj.com\/blog\/2012\/01\/05\/mirses-ia-refuzojne-vizen-nuk-shkon-ne-gjermani\/#breadcrumb"},"inLanguage":"en-US","potentialAction":[{"@type":"ReadAction","target":["https:\/\/www.visit-ulcinj.com\/blog\/2012\/01\/05\/mirses-ia-refuzojne-vizen-nuk-shkon-ne-gjermani\/"]}]},{"@type":"BreadcrumbList","@id":"https:\/\/www.visit-ulcinj.com\/blog\/2012\/01\/05\/mirses-ia-refuzojne-vizen-nuk-shkon-ne-gjermani\/#breadcrumb","itemListElement":[{"@type":"ListItem","position":1,"name":"Mirs\u00ebs ia refuzojn\u00eb viz\u00ebn, nuk shkon n\u00eb Gjermani"}]},{"@type":"Person","@id":"https:\/\/www.visit-ulcinj.com\/blog\/#\/schema\/person\/dcab619c614d3038751c63bc2aadc06d","name":"ulqini","sameAs":["http:\/\/www.visit-ulcinj.com"],"url":"https:\/\/www.visit-ulcinj.com\/blog\/author\/admin\/"}]}},"jetpack_featured_media_url":"","jetpack_sharing_enabled":true,"jetpack_shortlink":"https:\/\/wp.me\/pe6lTn-erD","_links":{"self":[{"href":"https:\/\/www.visit-ulcinj.com\/blog\/wp-json\/wp\/v2\/posts\/55529"}],"collection":[{"href":"https:\/\/www.visit-ulcinj.com\/blog\/wp-json\/wp\/v2\/posts"}],"about":[{"href":"https:\/\/www.visit-ulcinj.com\/blog\/wp-json\/wp\/v2\/types\/post"}],"author":[{"embeddable":true,"href":"https:\/\/www.visit-ulcinj.com\/blog\/wp-json\/wp\/v2\/users\/1"}],"replies":[{"embeddable":true,"href":"https:\/\/www.visit-ulcinj.com\/blog\/wp-json\/wp\/v2\/comments?post=55529"}],"version-history":[{"count":1,"href":"https:\/\/www.visit-ulcinj.com\/blog\/wp-json\/wp\/v2\/posts\/55529\/revisions"}],"predecessor-version":[{"id":55531,"href":"https:\/\/www.visit-ulcinj.com\/blog\/wp-json\/wp\/v2\/posts\/55529\/revisions\/55531"}],"wp:attachment":[{"href":"https:\/\/www.visit-ulcinj.com\/blog\/wp-json\/wp\/v2\/media?parent=55529"}],"wp:term":[{"taxonomy":"category","embeddable":true,"href":"https:\/\/www.visit-ulcinj.com\/blog\/wp-json\/wp\/v2\/categories?post=55529"},{"taxonomy":"post_tag","embeddable":true,"href":"https:\/\/www.visit-ulcinj.com\/blog\/wp-json\/wp\/v2\/tags?post=55529"}],"curies":[{"name":"wp","href":"https:\/\/api.w.org\/{rel}","templated":true}]}}