{"id":55532,"date":"2012-01-05T12:37:54","date_gmt":"2012-01-05T11:37:54","guid":{"rendered":"http:\/\/www.visit-ulcinj.com\/blog\/?p=55532"},"modified":"2012-01-05T12:37:54","modified_gmt":"2012-01-05T11:37:54","slug":"genta-rrezohet-gjysme-e-dehur-ne-skene","status":"publish","type":"post","link":"https:\/\/www.visit-ulcinj.com\/blog\/2012\/01\/05\/genta-rrezohet-gjysme-e-dehur-ne-skene\/","title":{"rendered":"Genta rr\u00ebzohet gjysm\u00eb e dehur n\u00eb sken\u00eb\u2026!?"},"content":{"rendered":"<p><strong><a href=\"http:\/\/www.visit-ulcinj.com\/blog\/wp-content\/uploads\/2012\/01\/Genta-rr\u00ebzohet-gjysm\u00eb-e-dehur-n\u00eb-sken\u00eb.jpg\"><img loading=\"lazy\" class=\"alignleft  wp-image-55534\" title=\"Genta rr\u00ebzohet gjysm\u00eb e dehur n\u00eb sken\u00eb\" src=\"http:\/\/www.visit-ulcinj.com\/blog\/wp-content\/uploads\/2012\/01\/Genta-rr\u00ebzohet-gjysm\u00eb-e-dehur-n\u00eb-sken\u00eb.jpg\" alt=\"\" width=\"508\" height=\"600\" \/><\/a>Nj\u00eb foto q\u00eb tregon k\u00ebng\u00ebtaren Genta Ismaili t\u00eb shtrir\u00eb n\u00eb tapetin e sken\u00ebs teksa ishte duke k\u00ebnduar, \u00ebsht\u00eb duke b\u00ebr\u00eb xhiron e rradh\u00ebs n\u00eb internet, madje ka arritur t\u00eb klikohet pambarimisht.<\/strong><\/p>\n<p>Sipas komenteve q\u00eb vijn\u00eb shoq\u00ebruar me foton rezulton se k\u00ebng\u00ebtarja ka qen\u00eb gjat\u00eb nj\u00eb koncerti, por n\u00eb gjendje t\u00eb dehur ajo nuk ka mundur dot t\u00eb mbaj\u00eb kontrollin dhe \u00ebsht\u00eb gjendur brenda pak minutash nj\u00ebsh me sken\u00ebn.<\/p>\n<p>Nuk dihet me siguri n\u00ebse ky incident ka ndodhur p\u00ebr shkak t\u00eb efektit t\u00eb alkoolit, apo ka qen\u00eb thjesht nj\u00eb aksident q\u00eb mund t\u2019i ndodh\u00eb kujtdo.<\/p>\n<p>Duke njohur natyr\u00ebn e Gent\u00ebs, shumica e din\u00eb q\u00eb ajo \u00ebsht\u00eb tejet ekspresive n\u00eb sken\u00eb dhe mund t\u00eb ndodh\u00eb q\u00eb duke k\u00ebrcyer, padashje t\u00eb jet\u00eb rr\u00ebzuar. Gjithsesi, n\u00eb presim reagimet q\u00eb mund t\u00eb sqarojn\u00eb k\u00ebt\u00eb situat\u00eb.<\/p>\n<p><strong>Thashetheme<br \/>\n<!--YouTube Error: bad URL entered--><br \/>\n<\/strong><\/p>\n","protected":false},"excerpt":{"rendered":"<p>Nj\u00eb foto q\u00eb tregon k\u00ebng\u00ebtaren Genta Ismaili t\u00eb shtrir\u00eb n\u00eb tapetin e sken\u00ebs teksa ishte duke k\u00ebnduar, \u00ebsht\u00eb duke b\u00ebr\u00eb xhiron e rradh\u00ebs n\u00eb internet, madje ka arritur t\u00eb klikohet pambarimisht. Sipas komenteve q\u00eb vijn\u00eb shoq\u00ebruar me foton rezulton se k\u00ebng\u00ebtarja ka qen\u00eb gjat\u00eb nj\u00eb koncerti, por n\u00eb gjendje t\u00eb dehur ajo nuk ka mundur [&hellip;]<\/p>\n","protected":false},"author":1,"featured_media":0,"comment_status":"closed","ping_status":"closed","sticky":false,"template":"","format":"standard","meta":{"spay_email":"","jetpack_publicize_message":"","jetpack_is_tweetstorm":false,"jetpack_publicize_feature_enabled":true},"categories":[1],"tags":[4888],"jetpack_publicize_connections":[],"yoast_head":"<!-- This site is optimized with the Yoast SEO plugin v19.1 - https:\/\/yoast.com\/wordpress\/plugins\/seo\/ -->\n<title>Genta rr\u00ebzohet gjysm\u00eb e dehur n\u00eb sken\u00eb\u2026!? - Lajme nga Ulqini<\/title>\n<meta name=\"description\" content=\"Nj\u00eb foto q\u00eb tregon k\u00ebng\u00ebtaren Genta Ismaili t\u00eb shtrir\u00eb n\u00eb tapetin e sken\u00ebs teksa ishte duke k\u00ebnduar, \u00ebsht\u00eb duke b\u00ebr\u00eb xhiron e rradh\u00ebs n\u00eb internet, madje\" \/>\n<meta name=\"robots\" content=\"index, follow, max-snippet:-1, max-image-preview:large, max-video-preview:-1\" \/>\n<link rel=\"canonical\" href=\"https:\/\/www.visit-ulcinj.com\/blog\/2012\/01\/05\/genta-rrezohet-gjysme-e-dehur-ne-skene\/\" \/>\n<meta property=\"og:locale\" content=\"en_US\" \/>\n<meta property=\"og:type\" content=\"article\" \/>\n<meta property=\"og:title\" content=\"Genta rr\u00ebzohet gjysm\u00eb e dehur n\u00eb sken\u00eb\u2026!? - Lajme nga Ulqini\" \/>\n<meta property=\"og:description\" content=\"Nj\u00eb foto q\u00eb tregon k\u00ebng\u00ebtaren Genta Ismaili t\u00eb shtrir\u00eb n\u00eb tapetin e sken\u00ebs teksa ishte duke k\u00ebnduar, \u00ebsht\u00eb duke b\u00ebr\u00eb xhiron e rradh\u00ebs n\u00eb internet, madje\" \/>\n<meta property=\"og:url\" content=\"https:\/\/www.visit-ulcinj.com\/blog\/2012\/01\/05\/genta-rrezohet-gjysme-e-dehur-ne-skene\/\" \/>\n<meta property=\"og:site_name\" content=\"Lajme nga Ulqini\" \/>\n<meta property=\"article:published_time\" content=\"2012-01-05T11:37:54+00:00\" \/>\n<meta name=\"twitter:label1\" content=\"Written by\" \/>\n\t<meta name=\"twitter:data1\" content=\"ulqini\" \/>\n\t<meta name=\"twitter:label2\" content=\"Est. reading time\" \/>\n\t<meta name=\"twitter:data2\" content=\"1 minute\" \/>\n<script type=\"application\/ld+json\" class=\"yoast-schema-graph\">{\"@context\":\"https:\/\/schema.org\",\"@graph\":[{\"@type\":\"WebSite\",\"@id\":\"https:\/\/www.visit-ulcinj.com\/blog\/#website\",\"url\":\"https:\/\/www.visit-ulcinj.com\/blog\/\",\"name\":\"Lajme nga Ulqini\",\"description\":\"Lajme,Vijesti,Ulqini,Ulqin,Crna Gora,Mali i Zi\",\"potentialAction\":[{\"@type\":\"SearchAction\",\"target\":{\"@type\":\"EntryPoint\",\"urlTemplate\":\"https:\/\/www.visit-ulcinj.com\/blog\/?s={search_term_string}\"},\"query-input\":\"required name=search_term_string\"}],\"inLanguage\":\"en-US\"},{\"@type\":\"WebPage\",\"@id\":\"https:\/\/www.visit-ulcinj.com\/blog\/2012\/01\/05\/genta-rrezohet-gjysme-e-dehur-ne-skene\/#webpage\",\"url\":\"https:\/\/www.visit-ulcinj.com\/blog\/2012\/01\/05\/genta-rrezohet-gjysme-e-dehur-ne-skene\/\",\"name\":\"Genta rr\u00ebzohet gjysm\u00eb e dehur n\u00eb sken\u00eb\u2026!? - Lajme nga Ulqini\",\"isPartOf\":{\"@id\":\"https:\/\/www.visit-ulcinj.com\/blog\/#website\"},\"datePublished\":\"2012-01-05T11:37:54+00:00\",\"dateModified\":\"2012-01-05T11:37:54+00:00\",\"author\":{\"@id\":\"https:\/\/www.visit-ulcinj.com\/blog\/#\/schema\/person\/dcab619c614d3038751c63bc2aadc06d\"},\"description\":\"Nj\u00eb foto q\u00eb tregon k\u00ebng\u00ebtaren Genta Ismaili t\u00eb shtrir\u00eb n\u00eb tapetin e sken\u00ebs teksa ishte duke k\u00ebnduar, \u00ebsht\u00eb duke b\u00ebr\u00eb xhiron e rradh\u00ebs n\u00eb internet, madje\",\"breadcrumb\":{\"@id\":\"https:\/\/www.visit-ulcinj.com\/blog\/2012\/01\/05\/genta-rrezohet-gjysme-e-dehur-ne-skene\/#breadcrumb\"},\"inLanguage\":\"en-US\",\"potentialAction\":[{\"@type\":\"ReadAction\",\"target\":[\"https:\/\/www.visit-ulcinj.com\/blog\/2012\/01\/05\/genta-rrezohet-gjysme-e-dehur-ne-skene\/\"]}]},{\"@type\":\"BreadcrumbList\",\"@id\":\"https:\/\/www.visit-ulcinj.com\/blog\/2012\/01\/05\/genta-rrezohet-gjysme-e-dehur-ne-skene\/#breadcrumb\",\"itemListElement\":[{\"@type\":\"ListItem\",\"position\":1,\"name\":\"Genta rr\u00ebzohet gjysm\u00eb e dehur n\u00eb sken\u00eb\u2026!?\"}]},{\"@type\":\"Person\",\"@id\":\"https:\/\/www.visit-ulcinj.com\/blog\/#\/schema\/person\/dcab619c614d3038751c63bc2aadc06d\",\"name\":\"ulqini\",\"sameAs\":[\"http:\/\/www.visit-ulcinj.com\"],\"url\":\"https:\/\/www.visit-ulcinj.com\/blog\/author\/admin\/\"}]}<\/script>\n<!-- \/ Yoast SEO plugin. -->","yoast_head_json":{"title":"Genta rr\u00ebzohet gjysm\u00eb e dehur n\u00eb sken\u00eb\u2026!? - Lajme nga Ulqini","description":"Nj\u00eb foto q\u00eb tregon k\u00ebng\u00ebtaren Genta Ismaili t\u00eb shtrir\u00eb n\u00eb tapetin e sken\u00ebs teksa ishte duke k\u00ebnduar, \u00ebsht\u00eb duke b\u00ebr\u00eb xhiron e rradh\u00ebs n\u00eb internet, madje","robots":{"index":"index","follow":"follow","max-snippet":"max-snippet:-1","max-image-preview":"max-image-preview:large","max-video-preview":"max-video-preview:-1"},"canonical":"https:\/\/www.visit-ulcinj.com\/blog\/2012\/01\/05\/genta-rrezohet-gjysme-e-dehur-ne-skene\/","og_locale":"en_US","og_type":"article","og_title":"Genta rr\u00ebzohet gjysm\u00eb e dehur n\u00eb sken\u00eb\u2026!? - Lajme nga Ulqini","og_description":"Nj\u00eb foto q\u00eb tregon k\u00ebng\u00ebtaren Genta Ismaili t\u00eb shtrir\u00eb n\u00eb tapetin e sken\u00ebs teksa ishte duke k\u00ebnduar, \u00ebsht\u00eb duke b\u00ebr\u00eb xhiron e rradh\u00ebs n\u00eb internet, madje","og_url":"https:\/\/www.visit-ulcinj.com\/blog\/2012\/01\/05\/genta-rrezohet-gjysme-e-dehur-ne-skene\/","og_site_name":"Lajme nga Ulqini","article_published_time":"2012-01-05T11:37:54+00:00","twitter_misc":{"Written by":"ulqini","Est. reading time":"1 minute"},"schema":{"@context":"https:\/\/schema.org","@graph":[{"@type":"WebSite","@id":"https:\/\/www.visit-ulcinj.com\/blog\/#website","url":"https:\/\/www.visit-ulcinj.com\/blog\/","name":"Lajme nga Ulqini","description":"Lajme,Vijesti,Ulqini,Ulqin,Crna Gora,Mali i Zi","potentialAction":[{"@type":"SearchAction","target":{"@type":"EntryPoint","urlTemplate":"https:\/\/www.visit-ulcinj.com\/blog\/?s={search_term_string}"},"query-input":"required name=search_term_string"}],"inLanguage":"en-US"},{"@type":"WebPage","@id":"https:\/\/www.visit-ulcinj.com\/blog\/2012\/01\/05\/genta-rrezohet-gjysme-e-dehur-ne-skene\/#webpage","url":"https:\/\/www.visit-ulcinj.com\/blog\/2012\/01\/05\/genta-rrezohet-gjysme-e-dehur-ne-skene\/","name":"Genta rr\u00ebzohet gjysm\u00eb e dehur n\u00eb sken\u00eb\u2026!? - Lajme nga Ulqini","isPartOf":{"@id":"https:\/\/www.visit-ulcinj.com\/blog\/#website"},"datePublished":"2012-01-05T11:37:54+00:00","dateModified":"2012-01-05T11:37:54+00:00","author":{"@id":"https:\/\/www.visit-ulcinj.com\/blog\/#\/schema\/person\/dcab619c614d3038751c63bc2aadc06d"},"description":"Nj\u00eb foto q\u00eb tregon k\u00ebng\u00ebtaren Genta Ismaili t\u00eb shtrir\u00eb n\u00eb tapetin e sken\u00ebs teksa ishte duke k\u00ebnduar, \u00ebsht\u00eb duke b\u00ebr\u00eb xhiron e rradh\u00ebs n\u00eb internet, madje","breadcrumb":{"@id":"https:\/\/www.visit-ulcinj.com\/blog\/2012\/01\/05\/genta-rrezohet-gjysme-e-dehur-ne-skene\/#breadcrumb"},"inLanguage":"en-US","potentialAction":[{"@type":"ReadAction","target":["https:\/\/www.visit-ulcinj.com\/blog\/2012\/01\/05\/genta-rrezohet-gjysme-e-dehur-ne-skene\/"]}]},{"@type":"BreadcrumbList","@id":"https:\/\/www.visit-ulcinj.com\/blog\/2012\/01\/05\/genta-rrezohet-gjysme-e-dehur-ne-skene\/#breadcrumb","itemListElement":[{"@type":"ListItem","position":1,"name":"Genta rr\u00ebzohet gjysm\u00eb e dehur n\u00eb sken\u00eb\u2026!?"}]},{"@type":"Person","@id":"https:\/\/www.visit-ulcinj.com\/blog\/#\/schema\/person\/dcab619c614d3038751c63bc2aadc06d","name":"ulqini","sameAs":["http:\/\/www.visit-ulcinj.com"],"url":"https:\/\/www.visit-ulcinj.com\/blog\/author\/admin\/"}]}},"jetpack_featured_media_url":"","jetpack_sharing_enabled":true,"jetpack_shortlink":"https:\/\/wp.me\/pe6lTn-erG","_links":{"self":[{"href":"https:\/\/www.visit-ulcinj.com\/blog\/wp-json\/wp\/v2\/posts\/55532"}],"collection":[{"href":"https:\/\/www.visit-ulcinj.com\/blog\/wp-json\/wp\/v2\/posts"}],"about":[{"href":"https:\/\/www.visit-ulcinj.com\/blog\/wp-json\/wp\/v2\/types\/post"}],"author":[{"embeddable":true,"href":"https:\/\/www.visit-ulcinj.com\/blog\/wp-json\/wp\/v2\/users\/1"}],"replies":[{"embeddable":true,"href":"https:\/\/www.visit-ulcinj.com\/blog\/wp-json\/wp\/v2\/comments?post=55532"}],"version-history":[{"count":1,"href":"https:\/\/www.visit-ulcinj.com\/blog\/wp-json\/wp\/v2\/posts\/55532\/revisions"}],"predecessor-version":[{"id":55535,"href":"https:\/\/www.visit-ulcinj.com\/blog\/wp-json\/wp\/v2\/posts\/55532\/revisions\/55535"}],"wp:attachment":[{"href":"https:\/\/www.visit-ulcinj.com\/blog\/wp-json\/wp\/v2\/media?parent=55532"}],"wp:term":[{"taxonomy":"category","embeddable":true,"href":"https:\/\/www.visit-ulcinj.com\/blog\/wp-json\/wp\/v2\/categories?post=55532"},{"taxonomy":"post_tag","embeddable":true,"href":"https:\/\/www.visit-ulcinj.com\/blog\/wp-json\/wp\/v2\/tags?post=55532"}],"curies":[{"name":"wp","href":"https:\/\/api.w.org\/{rel}","templated":true}]}}