{"id":55537,"date":"2012-01-05T16:50:47","date_gmt":"2012-01-05T15:50:47","guid":{"rendered":"http:\/\/www.visit-ulcinj.com\/blog\/?p=55537"},"modified":"2012-01-05T16:50:47","modified_gmt":"2012-01-05T15:50:47","slug":"dua-odgovorila-genciju-nimanbeguu","status":"publish","type":"post","link":"https:\/\/www.visit-ulcinj.com\/blog\/2012\/01\/05\/dua-odgovorila-genciju-nimanbeguu\/","title":{"rendered":"DUA odgovorila Genciju Nimanbeguu"},"content":{"rendered":"<p><strong><a href=\"http:\/\/www.visit-ulcinj.com\/blog\/wp-content\/uploads\/2012\/01\/Koalicioni-P__r-Ulqinin-evropian-UDSH-PDS-_-Koalicija-za-Evropski-Ulcinj-DUA-DPS__20.jpg\"><img loading=\"lazy\" class=\"alignleft  wp-image-55538\" title=\"Koalicioni-P__r-Ulqinin-evropian-UDSH-PDS-_-Koalicija-za-Evropski-Ulcinj-DUA-DPS__20\" src=\"http:\/\/www.visit-ulcinj.com\/blog\/wp-content\/uploads\/2012\/01\/Koalicioni-P__r-Ulqinin-evropian-UDSH-PDS-_-Koalicija-za-Evropski-Ulcinj-DUA-DPS__20.jpg\" alt=\"\" width=\"508\" height=\"380\" srcset=\"https:\/\/www.visit-ulcinj.com\/blog\/wp-content\/uploads\/2012\/01\/Koalicioni-P__r-Ulqinin-evropian-UDSH-PDS-_-Koalicija-za-Evropski-Ulcinj-DUA-DPS__20.jpg 720w, https:\/\/www.visit-ulcinj.com\/blog\/wp-content\/uploads\/2012\/01\/Koalicioni-P__r-Ulqinin-evropian-UDSH-PDS-_-Koalicija-za-Evropski-Ulcinj-DUA-DPS__20-300x225.jpg 300w\" sizes=\"(max-width: 508px) 100vw, 508px\" \/><\/a>Malo uz vlast, malo uz opoziciju<\/strong><br \/>\nDemokratska unija Albanaca je daleko od sunovrata, poru\u010deno je ju\u010de iz te partije poslaniku Force Genciju Nimanbeguu. Kako navode, \u201eDUA se nikad nije na\u0161la u bezizlaznoj situaciji, ve\u0107 je znala da u svakom momentu dostojno i sa dignitetom afirmi\u0161e Albance u Crnoj Gori\u201d.<br \/>\n\u2013 DUA je bila najja\u010da albanska partija u Crnoj Gori, kao \u0161to \u0107e i dalje biti, svi\u0111alo se to Nimanbeguu ili ne. A \u0161to se ti\u010de nepotizma i politi\u010dke korupcije neka Nimanbegu ne upire prstom u DUA. Neka se bavi nepotizmom i politi\u010dkom korupcijom, koja je i te kako prisutna u njegovoj stranci, pa se bojimo da ne dobiju \u201esplet crijeva\u201d od tolikih rodbinskih veza-ka\u017ee se u saop\u0161tenju Informativne slu\u017ebe DUA.<br \/>\nNagla\u0161avaju da DUA podr\u017eava kandidaturu Gzima Hajdinage za ministra za ljudska i manjinska prava.<br \/>\n\u2013 Nije u skladu sa na\u0161em politi\u010dkom \u010da\u0161\u0107u i obrazom da diskvalifikujemo ljude prije nego \u0161to je pravosu\u0111e reklo zadnju rije\u010d-obja\u0161njava se u reagovanju uz ocjenu da su \u201epro\u0161la vremena kada su ljudi hap\u0161eni na osnovu ne\u010dijih \u017eelja\u201d.<br \/>\nIz DUA poru\u010duju i da su daleko od kafanske i demago\u0161ke partije, kako ih je Nimanbegu okarakterisao, isti\u010du\u0107i da za sobom imaju 20 godina ozbiljnog politi\u010dkog djelovanja, \u201eza razliku od njih koji od formiranja nikako ne mogu stabilizovati svoj politi\u010dki kompas\u201d.<br \/>\n\u2013 Lutaju tako \u0161to potpisuju politi\u010dki sporazum sa SNP-om o formiranju lokalne vlasti, nastupaju tobo\u017ee kao opozicija, a sa druge strane se dodvoravaju vlasti. Izgleda da dvoli\u010dnost smatraju vrlinom a ne manom-navedeno je u saop\u0161tenju.Navode da \u0107e novu ulcinjsku vlast, koju predvodi Forca, ostaviti na miru 150 dana,ali da \u0107e \u201eako oni nastave sa niskim udarcima, morati korigovati stav i protivno moralnim normama odgovoriti na klevete\u201d. Pozivaju na pristojnost i toleranciju<br \/>\n\u2013 To od nas i zahtjevaju Albanci u Crnoj Gori, jer im je dosta me\u0111usobnih optu\u017ebi, tenzija i netoleracije-zaklju\u010duje se u saop\u0161tenju DUA.<\/p>\n<p><a href=\"http:\/\/www.dan.co.me\/?nivo=3&amp;rubrika=Politika&amp;clanak=314323&amp;datum=2012-01-05\" target=\"_blank\"><strong>V.R.<\/strong><br \/>\n<strong> Izvor: DAN<\/strong><\/a><\/p>\n","protected":false},"excerpt":{"rendered":"<p>Malo uz vlast, malo uz opoziciju Demokratska unija Albanaca je daleko od sunovrata, poru\u010deno je ju\u010de iz te partije poslaniku Force Genciju Nimanbeguu. Kako navode, \u201eDUA se nikad nije na\u0161la u bezizlaznoj situaciji, ve\u0107 je znala da u svakom momentu dostojno i sa dignitetom afirmi\u0161e Albance u Crnoj Gori\u201d. \u2013 DUA je bila najja\u010da albanska [&hellip;]<\/p>\n","protected":false},"author":1,"featured_media":0,"comment_status":"open","ping_status":"closed","sticky":false,"template":"","format":"standard","meta":{"spay_email":"","jetpack_publicize_message":"","jetpack_is_tweetstorm":false,"jetpack_publicize_feature_enabled":true},"categories":[8337],"tags":[19751,1073,19],"jetpack_publicize_connections":[],"yoast_head":"<!-- This site is optimized with the Yoast SEO plugin v19.1 - https:\/\/yoast.com\/wordpress\/plugins\/seo\/ -->\n<title>DUA odgovorila Genciju Nimanbeguu - Lajme nga Ulqini<\/title>\n<meta name=\"description\" content=\"Malo uz vlast, malo uz opoziciju Demokratska unija Albanaca je daleko od sunovrata, poru\u010deno je ju\u010de iz te partije poslaniku Force Genciju Nimanbeguu.\" \/>\n<meta name=\"robots\" content=\"index, follow, max-snippet:-1, max-image-preview:large, max-video-preview:-1\" \/>\n<link rel=\"canonical\" href=\"https:\/\/www.visit-ulcinj.com\/blog\/2012\/01\/05\/dua-odgovorila-genciju-nimanbeguu\/\" \/>\n<meta property=\"og:locale\" content=\"en_US\" \/>\n<meta property=\"og:type\" content=\"article\" \/>\n<meta property=\"og:title\" content=\"DUA odgovorila Genciju Nimanbeguu - Lajme nga Ulqini\" \/>\n<meta property=\"og:description\" content=\"Malo uz vlast, malo uz opoziciju Demokratska unija Albanaca je daleko od sunovrata, poru\u010deno je ju\u010de iz te partije poslaniku Force Genciju Nimanbeguu.\" \/>\n<meta property=\"og:url\" content=\"https:\/\/www.visit-ulcinj.com\/blog\/2012\/01\/05\/dua-odgovorila-genciju-nimanbeguu\/\" \/>\n<meta property=\"og:site_name\" content=\"Lajme nga Ulqini\" \/>\n<meta property=\"article:published_time\" content=\"2012-01-05T15:50:47+00:00\" \/>\n<meta property=\"og:image\" content=\"http:\/\/www.visit-ulcinj.com\/blog\/wp-content\/uploads\/2012\/01\/Koalicioni-P__r-Ulqinin-evropian-UDSH-PDS-_-Koalicija-za-Evropski-Ulcinj-DUA-DPS__20.jpg\" \/>\n<meta name=\"twitter:label1\" content=\"Written by\" \/>\n\t<meta name=\"twitter:data1\" content=\"ulqini\" \/>\n\t<meta name=\"twitter:label2\" content=\"Est. reading time\" \/>\n\t<meta name=\"twitter:data2\" content=\"2 minutes\" \/>\n<script type=\"application\/ld+json\" class=\"yoast-schema-graph\">{\"@context\":\"https:\/\/schema.org\",\"@graph\":[{\"@type\":\"WebSite\",\"@id\":\"https:\/\/www.visit-ulcinj.com\/blog\/#website\",\"url\":\"https:\/\/www.visit-ulcinj.com\/blog\/\",\"name\":\"Lajme nga Ulqini\",\"description\":\"Lajme,Vijesti,Ulqini,Ulqin,Crna Gora,Mali i Zi\",\"potentialAction\":[{\"@type\":\"SearchAction\",\"target\":{\"@type\":\"EntryPoint\",\"urlTemplate\":\"https:\/\/www.visit-ulcinj.com\/blog\/?s={search_term_string}\"},\"query-input\":\"required name=search_term_string\"}],\"inLanguage\":\"en-US\"},{\"@type\":\"ImageObject\",\"inLanguage\":\"en-US\",\"@id\":\"https:\/\/www.visit-ulcinj.com\/blog\/2012\/01\/05\/dua-odgovorila-genciju-nimanbeguu\/#primaryimage\",\"url\":\"https:\/\/www.visit-ulcinj.com\/blog\/wp-content\/uploads\/2012\/01\/Koalicioni-P__r-Ulqinin-evropian-UDSH-PDS-_-Koalicija-za-Evropski-Ulcinj-DUA-DPS__20.jpg\",\"contentUrl\":\"https:\/\/www.visit-ulcinj.com\/blog\/wp-content\/uploads\/2012\/01\/Koalicioni-P__r-Ulqinin-evropian-UDSH-PDS-_-Koalicija-za-Evropski-Ulcinj-DUA-DPS__20.jpg\",\"width\":\"720\",\"height\":\"540\"},{\"@type\":\"WebPage\",\"@id\":\"https:\/\/www.visit-ulcinj.com\/blog\/2012\/01\/05\/dua-odgovorila-genciju-nimanbeguu\/#webpage\",\"url\":\"https:\/\/www.visit-ulcinj.com\/blog\/2012\/01\/05\/dua-odgovorila-genciju-nimanbeguu\/\",\"name\":\"DUA odgovorila Genciju Nimanbeguu - Lajme nga Ulqini\",\"isPartOf\":{\"@id\":\"https:\/\/www.visit-ulcinj.com\/blog\/#website\"},\"primaryImageOfPage\":{\"@id\":\"https:\/\/www.visit-ulcinj.com\/blog\/2012\/01\/05\/dua-odgovorila-genciju-nimanbeguu\/#primaryimage\"},\"datePublished\":\"2012-01-05T15:50:47+00:00\",\"dateModified\":\"2012-01-05T15:50:47+00:00\",\"author\":{\"@id\":\"https:\/\/www.visit-ulcinj.com\/blog\/#\/schema\/person\/dcab619c614d3038751c63bc2aadc06d\"},\"description\":\"Malo uz vlast, malo uz opoziciju Demokratska unija Albanaca je daleko od sunovrata, poru\u010deno je ju\u010de iz te partije poslaniku Force Genciju Nimanbeguu.\",\"breadcrumb\":{\"@id\":\"https:\/\/www.visit-ulcinj.com\/blog\/2012\/01\/05\/dua-odgovorila-genciju-nimanbeguu\/#breadcrumb\"},\"inLanguage\":\"en-US\",\"potentialAction\":[{\"@type\":\"ReadAction\",\"target\":[\"https:\/\/www.visit-ulcinj.com\/blog\/2012\/01\/05\/dua-odgovorila-genciju-nimanbeguu\/\"]}]},{\"@type\":\"BreadcrumbList\",\"@id\":\"https:\/\/www.visit-ulcinj.com\/blog\/2012\/01\/05\/dua-odgovorila-genciju-nimanbeguu\/#breadcrumb\",\"itemListElement\":[{\"@type\":\"ListItem\",\"position\":1,\"name\":\"DUA odgovorila Genciju Nimanbeguu\"}]},{\"@type\":\"Person\",\"@id\":\"https:\/\/www.visit-ulcinj.com\/blog\/#\/schema\/person\/dcab619c614d3038751c63bc2aadc06d\",\"name\":\"ulqini\",\"sameAs\":[\"http:\/\/www.visit-ulcinj.com\"],\"url\":\"https:\/\/www.visit-ulcinj.com\/blog\/author\/admin\/\"}]}<\/script>\n<!-- \/ Yoast SEO plugin. -->","yoast_head_json":{"title":"DUA odgovorila Genciju Nimanbeguu - Lajme nga Ulqini","description":"Malo uz vlast, malo uz opoziciju Demokratska unija Albanaca je daleko od sunovrata, poru\u010deno je ju\u010de iz te partije poslaniku Force Genciju Nimanbeguu.","robots":{"index":"index","follow":"follow","max-snippet":"max-snippet:-1","max-image-preview":"max-image-preview:large","max-video-preview":"max-video-preview:-1"},"canonical":"https:\/\/www.visit-ulcinj.com\/blog\/2012\/01\/05\/dua-odgovorila-genciju-nimanbeguu\/","og_locale":"en_US","og_type":"article","og_title":"DUA odgovorila Genciju Nimanbeguu - Lajme nga Ulqini","og_description":"Malo uz vlast, malo uz opoziciju Demokratska unija Albanaca je daleko od sunovrata, poru\u010deno je ju\u010de iz te partije poslaniku Force Genciju Nimanbeguu.","og_url":"https:\/\/www.visit-ulcinj.com\/blog\/2012\/01\/05\/dua-odgovorila-genciju-nimanbeguu\/","og_site_name":"Lajme nga Ulqini","article_published_time":"2012-01-05T15:50:47+00:00","og_image":[{"url":"http:\/\/www.visit-ulcinj.com\/blog\/wp-content\/uploads\/2012\/01\/Koalicioni-P__r-Ulqinin-evropian-UDSH-PDS-_-Koalicija-za-Evropski-Ulcinj-DUA-DPS__20.jpg"}],"twitter_misc":{"Written by":"ulqini","Est. reading time":"2 minutes"},"schema":{"@context":"https:\/\/schema.org","@graph":[{"@type":"WebSite","@id":"https:\/\/www.visit-ulcinj.com\/blog\/#website","url":"https:\/\/www.visit-ulcinj.com\/blog\/","name":"Lajme nga Ulqini","description":"Lajme,Vijesti,Ulqini,Ulqin,Crna Gora,Mali i Zi","potentialAction":[{"@type":"SearchAction","target":{"@type":"EntryPoint","urlTemplate":"https:\/\/www.visit-ulcinj.com\/blog\/?s={search_term_string}"},"query-input":"required name=search_term_string"}],"inLanguage":"en-US"},{"@type":"ImageObject","inLanguage":"en-US","@id":"https:\/\/www.visit-ulcinj.com\/blog\/2012\/01\/05\/dua-odgovorila-genciju-nimanbeguu\/#primaryimage","url":"https:\/\/www.visit-ulcinj.com\/blog\/wp-content\/uploads\/2012\/01\/Koalicioni-P__r-Ulqinin-evropian-UDSH-PDS-_-Koalicija-za-Evropski-Ulcinj-DUA-DPS__20.jpg","contentUrl":"https:\/\/www.visit-ulcinj.com\/blog\/wp-content\/uploads\/2012\/01\/Koalicioni-P__r-Ulqinin-evropian-UDSH-PDS-_-Koalicija-za-Evropski-Ulcinj-DUA-DPS__20.jpg","width":"720","height":"540"},{"@type":"WebPage","@id":"https:\/\/www.visit-ulcinj.com\/blog\/2012\/01\/05\/dua-odgovorila-genciju-nimanbeguu\/#webpage","url":"https:\/\/www.visit-ulcinj.com\/blog\/2012\/01\/05\/dua-odgovorila-genciju-nimanbeguu\/","name":"DUA odgovorila Genciju Nimanbeguu - Lajme nga Ulqini","isPartOf":{"@id":"https:\/\/www.visit-ulcinj.com\/blog\/#website"},"primaryImageOfPage":{"@id":"https:\/\/www.visit-ulcinj.com\/blog\/2012\/01\/05\/dua-odgovorila-genciju-nimanbeguu\/#primaryimage"},"datePublished":"2012-01-05T15:50:47+00:00","dateModified":"2012-01-05T15:50:47+00:00","author":{"@id":"https:\/\/www.visit-ulcinj.com\/blog\/#\/schema\/person\/dcab619c614d3038751c63bc2aadc06d"},"description":"Malo uz vlast, malo uz opoziciju Demokratska unija Albanaca je daleko od sunovrata, poru\u010deno je ju\u010de iz te partije poslaniku Force Genciju Nimanbeguu.","breadcrumb":{"@id":"https:\/\/www.visit-ulcinj.com\/blog\/2012\/01\/05\/dua-odgovorila-genciju-nimanbeguu\/#breadcrumb"},"inLanguage":"en-US","potentialAction":[{"@type":"ReadAction","target":["https:\/\/www.visit-ulcinj.com\/blog\/2012\/01\/05\/dua-odgovorila-genciju-nimanbeguu\/"]}]},{"@type":"BreadcrumbList","@id":"https:\/\/www.visit-ulcinj.com\/blog\/2012\/01\/05\/dua-odgovorila-genciju-nimanbeguu\/#breadcrumb","itemListElement":[{"@type":"ListItem","position":1,"name":"DUA odgovorila Genciju Nimanbeguu"}]},{"@type":"Person","@id":"https:\/\/www.visit-ulcinj.com\/blog\/#\/schema\/person\/dcab619c614d3038751c63bc2aadc06d","name":"ulqini","sameAs":["http:\/\/www.visit-ulcinj.com"],"url":"https:\/\/www.visit-ulcinj.com\/blog\/author\/admin\/"}]}},"jetpack_featured_media_url":"","jetpack_sharing_enabled":true,"jetpack_shortlink":"https:\/\/wp.me\/pe6lTn-erL","_links":{"self":[{"href":"https:\/\/www.visit-ulcinj.com\/blog\/wp-json\/wp\/v2\/posts\/55537"}],"collection":[{"href":"https:\/\/www.visit-ulcinj.com\/blog\/wp-json\/wp\/v2\/posts"}],"about":[{"href":"https:\/\/www.visit-ulcinj.com\/blog\/wp-json\/wp\/v2\/types\/post"}],"author":[{"embeddable":true,"href":"https:\/\/www.visit-ulcinj.com\/blog\/wp-json\/wp\/v2\/users\/1"}],"replies":[{"embeddable":true,"href":"https:\/\/www.visit-ulcinj.com\/blog\/wp-json\/wp\/v2\/comments?post=55537"}],"version-history":[{"count":1,"href":"https:\/\/www.visit-ulcinj.com\/blog\/wp-json\/wp\/v2\/posts\/55537\/revisions"}],"predecessor-version":[{"id":55539,"href":"https:\/\/www.visit-ulcinj.com\/blog\/wp-json\/wp\/v2\/posts\/55537\/revisions\/55539"}],"wp:attachment":[{"href":"https:\/\/www.visit-ulcinj.com\/blog\/wp-json\/wp\/v2\/media?parent=55537"}],"wp:term":[{"taxonomy":"category","embeddable":true,"href":"https:\/\/www.visit-ulcinj.com\/blog\/wp-json\/wp\/v2\/categories?post=55537"},{"taxonomy":"post_tag","embeddable":true,"href":"https:\/\/www.visit-ulcinj.com\/blog\/wp-json\/wp\/v2\/tags?post=55537"}],"curies":[{"name":"wp","href":"https:\/\/api.w.org\/{rel}","templated":true}]}}