{"id":55540,"date":"2012-01-05T20:49:18","date_gmt":"2012-01-05T19:49:18","guid":{"rendered":"http:\/\/www.visit-ulcinj.com\/blog\/?p=55540"},"modified":"2012-01-05T20:49:18","modified_gmt":"2012-01-05T19:49:18","slug":"vazhdon-perplasja-nimanbegu-udsh-reagon-udsh","status":"publish","type":"post","link":"https:\/\/www.visit-ulcinj.com\/blog\/2012\/01\/05\/vazhdon-perplasja-nimanbegu-udsh-reagon-udsh\/","title":{"rendered":"Vazhdon p\u00ebrplasja Nimanbegu &#8211; UDSH, reagon UDSH"},"content":{"rendered":"<p><a href=\"http:\/\/www.visit-ulcinj.com\/blog\/wp-content\/uploads\/2012\/01\/Vazhdon-p\u00ebrplasja-Nimanbegu-UDSH-reagon-UDSH.jpg\"><img loading=\"lazy\" class=\"alignleft  wp-image-55541\" title=\"Vazhdon p\u00ebrplasja Nimanbegu - UDSH, reagon UDSH\" src=\"http:\/\/www.visit-ulcinj.com\/blog\/wp-content\/uploads\/2012\/01\/Vazhdon-p\u00ebrplasja-Nimanbegu-UDSH-reagon-UDSH.jpg\" alt=\"\" width=\"508\" height=\"380\" \/><\/a>&#8220;Unioni Demokratik i Shqiptar\u00ebve \u00ebsht\u00eb larg nga kolapsi&#8221;, thuhet n\u00eb reagimin e k\u00ebsaj partie drejtuar deputetit t\u00eb Forc\u00ebs Genci Nimanbegut. Si\u00e7 ajo thot\u00eb: &#8220;UDSH asnj\u00ebher\u00eb nuk \u00ebsht\u00eb gjetur n\u00eb nj\u00eb situat\u00eb t\u00eb pashpres\u00eb, por ajo \u00e7do her\u00eb ka ditur q\u00eb me dinjitet t\u00eb afirmoj\u00eb shqiptar\u00ebt n\u00eb Mal t\u00eb Zi.&#8221;<\/p>\n<p>&#8211; UDSH ka qen\u00eb partia m\u00eb e fort\u00eb shqiptare n\u00eb Mal t\u00eb Zi, ashtu si\u00e7 do t\u00eb jet\u00eb edhe n\u00eb vazhdim, i p\u00eblqen kjo apo jo Nimanbegut. Sa i p\u00ebrket nepotizmit dhe korrupsionit politik, Nimanbegu mos ti drejtohet UDSH por t\u00eb merren me nepotizmin dhe korrupsionin politik q\u00eb \u00ebsht\u00eb shum\u00eb i pranish\u00ebm n\u00eb partin\u00eb e tij, pasi aty ka lidhje t\u00eb shumta familjare, thuhet n\u00eb nj\u00eb deklarat\u00eb t\u00eb Sh\u00ebrbimit Informativ t\u00eb UDSH-s\u00eb, shkruan Dan.<\/p>\n<p>Ata edhe nj\u00eb her\u00eb theksojn\u00eb se mb\u00ebshtesin kandidatur\u00ebn e G\u00ebzim Hajdinag\u00ebs nga radh\u00ebt UDSH-s\u00eb p\u00ebr minist\u00ebr p\u00ebr t\u00eb drejtat e njeriut dhe t\u00eb pakicave.<br \/>\n&#8220;Nuk \u00ebsht\u00eb n\u00eb nderin ton\u00eb politik e as njer\u00ebzor q\u00eb njer\u00ebzit ti kualifikojm\u00eb para se t\u00eb gjyq\u00ebsori t\u00eb jap fjal\u00ebn e vet&#8221;, &#8211; thuhet n\u00eb reagimin duke shtuar se &#8220;ka kaluar koha kur njer\u00ebzit jan\u00eb arrestuar n\u00eb baz\u00eb t\u00eb d\u00ebshirave t\u00eb dikujt&#8221;.<\/p>\n<p>Poashtu n\u00eb reagimin e UDSH-s\u00eb thuhet ata jan\u00eb larg nga partia e kafeterive dhe demagog\u00ebve, si\u00e7 i karakterizon ata Nimanbegu, duke theksuar se pas kan\u00eb 20 vjet pun\u00eb serioze politike. <strong>\/Ulqini Online\/<\/strong><\/p>\n","protected":false},"excerpt":{"rendered":"<p>&#8220;Unioni Demokratik i Shqiptar\u00ebve \u00ebsht\u00eb larg nga kolapsi&#8221;, thuhet n\u00eb reagimin e k\u00ebsaj partie drejtuar deputetit t\u00eb Forc\u00ebs Genci Nimanbegut. Si\u00e7 ajo thot\u00eb: &#8220;UDSH asnj\u00ebher\u00eb nuk \u00ebsht\u00eb gjetur n\u00eb nj\u00eb situat\u00eb t\u00eb pashpres\u00eb, por ajo \u00e7do her\u00eb ka ditur q\u00eb me dinjitet t\u00eb afirmoj\u00eb shqiptar\u00ebt n\u00eb Mal t\u00eb Zi.&#8221; &#8211; UDSH ka qen\u00eb partia m\u00eb [&hellip;]<\/p>\n","protected":false},"author":1,"featured_media":0,"comment_status":"open","ping_status":"closed","sticky":false,"template":"","format":"standard","meta":{"spay_email":"","jetpack_publicize_message":"","jetpack_is_tweetstorm":false,"jetpack_publicize_feature_enabled":true},"categories":[6],"tags":[4680,200,18],"jetpack_publicize_connections":[],"yoast_head":"<!-- This site is optimized with the Yoast SEO plugin v19.1 - https:\/\/yoast.com\/wordpress\/plugins\/seo\/ -->\n<title>Vazhdon p\u00ebrplasja Nimanbegu - UDSH, reagon UDSH - Lajme nga Ulqini<\/title>\n<meta name=\"description\" content=\"&quot;Unioni Demokratik i Shqiptar\u00ebve \u00ebsht\u00eb larg nga kolapsi&quot;, thuhet n\u00eb reagimin e k\u00ebsaj partie drejtuar deputetit t\u00eb Forc\u00ebs Genci Nimanbegut. Si\u00e7 ajo thot\u00eb:\" \/>\n<meta name=\"robots\" content=\"index, follow, max-snippet:-1, max-image-preview:large, max-video-preview:-1\" \/>\n<link rel=\"canonical\" href=\"https:\/\/www.visit-ulcinj.com\/blog\/2012\/01\/05\/vazhdon-perplasja-nimanbegu-udsh-reagon-udsh\/\" \/>\n<meta property=\"og:locale\" content=\"en_US\" \/>\n<meta property=\"og:type\" content=\"article\" \/>\n<meta property=\"og:title\" content=\"Vazhdon p\u00ebrplasja Nimanbegu - UDSH, reagon UDSH - Lajme nga Ulqini\" \/>\n<meta property=\"og:description\" content=\"&quot;Unioni Demokratik i Shqiptar\u00ebve \u00ebsht\u00eb larg nga kolapsi&quot;, thuhet n\u00eb reagimin e k\u00ebsaj partie drejtuar deputetit t\u00eb Forc\u00ebs Genci Nimanbegut. Si\u00e7 ajo thot\u00eb:\" \/>\n<meta property=\"og:url\" content=\"https:\/\/www.visit-ulcinj.com\/blog\/2012\/01\/05\/vazhdon-perplasja-nimanbegu-udsh-reagon-udsh\/\" \/>\n<meta property=\"og:site_name\" content=\"Lajme nga Ulqini\" \/>\n<meta property=\"article:published_time\" content=\"2012-01-05T19:49:18+00:00\" \/>\n<meta name=\"twitter:label1\" content=\"Written by\" \/>\n\t<meta name=\"twitter:data1\" content=\"ulqini\" \/>\n\t<meta name=\"twitter:label2\" content=\"Est. reading time\" \/>\n\t<meta name=\"twitter:data2\" content=\"1 minute\" \/>\n<script type=\"application\/ld+json\" class=\"yoast-schema-graph\">{\"@context\":\"https:\/\/schema.org\",\"@graph\":[{\"@type\":\"WebSite\",\"@id\":\"https:\/\/www.visit-ulcinj.com\/blog\/#website\",\"url\":\"https:\/\/www.visit-ulcinj.com\/blog\/\",\"name\":\"Lajme nga Ulqini\",\"description\":\"Lajme,Vijesti,Ulqini,Ulqin,Crna Gora,Mali i Zi\",\"potentialAction\":[{\"@type\":\"SearchAction\",\"target\":{\"@type\":\"EntryPoint\",\"urlTemplate\":\"https:\/\/www.visit-ulcinj.com\/blog\/?s={search_term_string}\"},\"query-input\":\"required name=search_term_string\"}],\"inLanguage\":\"en-US\"},{\"@type\":\"WebPage\",\"@id\":\"https:\/\/www.visit-ulcinj.com\/blog\/2012\/01\/05\/vazhdon-perplasja-nimanbegu-udsh-reagon-udsh\/#webpage\",\"url\":\"https:\/\/www.visit-ulcinj.com\/blog\/2012\/01\/05\/vazhdon-perplasja-nimanbegu-udsh-reagon-udsh\/\",\"name\":\"Vazhdon p\u00ebrplasja Nimanbegu - UDSH, reagon UDSH - Lajme nga Ulqini\",\"isPartOf\":{\"@id\":\"https:\/\/www.visit-ulcinj.com\/blog\/#website\"},\"datePublished\":\"2012-01-05T19:49:18+00:00\",\"dateModified\":\"2012-01-05T19:49:18+00:00\",\"author\":{\"@id\":\"https:\/\/www.visit-ulcinj.com\/blog\/#\/schema\/person\/dcab619c614d3038751c63bc2aadc06d\"},\"description\":\"\\\"Unioni Demokratik i Shqiptar\u00ebve \u00ebsht\u00eb larg nga kolapsi\\\", thuhet n\u00eb reagimin e k\u00ebsaj partie drejtuar deputetit t\u00eb Forc\u00ebs Genci Nimanbegut. Si\u00e7 ajo thot\u00eb:\",\"breadcrumb\":{\"@id\":\"https:\/\/www.visit-ulcinj.com\/blog\/2012\/01\/05\/vazhdon-perplasja-nimanbegu-udsh-reagon-udsh\/#breadcrumb\"},\"inLanguage\":\"en-US\",\"potentialAction\":[{\"@type\":\"ReadAction\",\"target\":[\"https:\/\/www.visit-ulcinj.com\/blog\/2012\/01\/05\/vazhdon-perplasja-nimanbegu-udsh-reagon-udsh\/\"]}]},{\"@type\":\"BreadcrumbList\",\"@id\":\"https:\/\/www.visit-ulcinj.com\/blog\/2012\/01\/05\/vazhdon-perplasja-nimanbegu-udsh-reagon-udsh\/#breadcrumb\",\"itemListElement\":[{\"@type\":\"ListItem\",\"position\":1,\"name\":\"Vazhdon p\u00ebrplasja Nimanbegu &#8211; UDSH, reagon UDSH\"}]},{\"@type\":\"Person\",\"@id\":\"https:\/\/www.visit-ulcinj.com\/blog\/#\/schema\/person\/dcab619c614d3038751c63bc2aadc06d\",\"name\":\"ulqini\",\"sameAs\":[\"http:\/\/www.visit-ulcinj.com\"],\"url\":\"https:\/\/www.visit-ulcinj.com\/blog\/author\/admin\/\"}]}<\/script>\n<!-- \/ Yoast SEO plugin. -->","yoast_head_json":{"title":"Vazhdon p\u00ebrplasja Nimanbegu - UDSH, reagon UDSH - Lajme nga Ulqini","description":"\"Unioni Demokratik i Shqiptar\u00ebve \u00ebsht\u00eb larg nga kolapsi\", thuhet n\u00eb reagimin e k\u00ebsaj partie drejtuar deputetit t\u00eb Forc\u00ebs Genci Nimanbegut. Si\u00e7 ajo thot\u00eb:","robots":{"index":"index","follow":"follow","max-snippet":"max-snippet:-1","max-image-preview":"max-image-preview:large","max-video-preview":"max-video-preview:-1"},"canonical":"https:\/\/www.visit-ulcinj.com\/blog\/2012\/01\/05\/vazhdon-perplasja-nimanbegu-udsh-reagon-udsh\/","og_locale":"en_US","og_type":"article","og_title":"Vazhdon p\u00ebrplasja Nimanbegu - UDSH, reagon UDSH - Lajme nga Ulqini","og_description":"\"Unioni Demokratik i Shqiptar\u00ebve \u00ebsht\u00eb larg nga kolapsi\", thuhet n\u00eb reagimin e k\u00ebsaj partie drejtuar deputetit t\u00eb Forc\u00ebs Genci Nimanbegut. Si\u00e7 ajo thot\u00eb:","og_url":"https:\/\/www.visit-ulcinj.com\/blog\/2012\/01\/05\/vazhdon-perplasja-nimanbegu-udsh-reagon-udsh\/","og_site_name":"Lajme nga Ulqini","article_published_time":"2012-01-05T19:49:18+00:00","twitter_misc":{"Written by":"ulqini","Est. reading time":"1 minute"},"schema":{"@context":"https:\/\/schema.org","@graph":[{"@type":"WebSite","@id":"https:\/\/www.visit-ulcinj.com\/blog\/#website","url":"https:\/\/www.visit-ulcinj.com\/blog\/","name":"Lajme nga Ulqini","description":"Lajme,Vijesti,Ulqini,Ulqin,Crna Gora,Mali i Zi","potentialAction":[{"@type":"SearchAction","target":{"@type":"EntryPoint","urlTemplate":"https:\/\/www.visit-ulcinj.com\/blog\/?s={search_term_string}"},"query-input":"required name=search_term_string"}],"inLanguage":"en-US"},{"@type":"WebPage","@id":"https:\/\/www.visit-ulcinj.com\/blog\/2012\/01\/05\/vazhdon-perplasja-nimanbegu-udsh-reagon-udsh\/#webpage","url":"https:\/\/www.visit-ulcinj.com\/blog\/2012\/01\/05\/vazhdon-perplasja-nimanbegu-udsh-reagon-udsh\/","name":"Vazhdon p\u00ebrplasja Nimanbegu - UDSH, reagon UDSH - Lajme nga Ulqini","isPartOf":{"@id":"https:\/\/www.visit-ulcinj.com\/blog\/#website"},"datePublished":"2012-01-05T19:49:18+00:00","dateModified":"2012-01-05T19:49:18+00:00","author":{"@id":"https:\/\/www.visit-ulcinj.com\/blog\/#\/schema\/person\/dcab619c614d3038751c63bc2aadc06d"},"description":"\"Unioni Demokratik i Shqiptar\u00ebve \u00ebsht\u00eb larg nga kolapsi\", thuhet n\u00eb reagimin e k\u00ebsaj partie drejtuar deputetit t\u00eb Forc\u00ebs Genci Nimanbegut. Si\u00e7 ajo thot\u00eb:","breadcrumb":{"@id":"https:\/\/www.visit-ulcinj.com\/blog\/2012\/01\/05\/vazhdon-perplasja-nimanbegu-udsh-reagon-udsh\/#breadcrumb"},"inLanguage":"en-US","potentialAction":[{"@type":"ReadAction","target":["https:\/\/www.visit-ulcinj.com\/blog\/2012\/01\/05\/vazhdon-perplasja-nimanbegu-udsh-reagon-udsh\/"]}]},{"@type":"BreadcrumbList","@id":"https:\/\/www.visit-ulcinj.com\/blog\/2012\/01\/05\/vazhdon-perplasja-nimanbegu-udsh-reagon-udsh\/#breadcrumb","itemListElement":[{"@type":"ListItem","position":1,"name":"Vazhdon p\u00ebrplasja Nimanbegu &#8211; UDSH, reagon UDSH"}]},{"@type":"Person","@id":"https:\/\/www.visit-ulcinj.com\/blog\/#\/schema\/person\/dcab619c614d3038751c63bc2aadc06d","name":"ulqini","sameAs":["http:\/\/www.visit-ulcinj.com"],"url":"https:\/\/www.visit-ulcinj.com\/blog\/author\/admin\/"}]}},"jetpack_featured_media_url":"","jetpack_sharing_enabled":true,"jetpack_shortlink":"https:\/\/wp.me\/pe6lTn-erO","_links":{"self":[{"href":"https:\/\/www.visit-ulcinj.com\/blog\/wp-json\/wp\/v2\/posts\/55540"}],"collection":[{"href":"https:\/\/www.visit-ulcinj.com\/blog\/wp-json\/wp\/v2\/posts"}],"about":[{"href":"https:\/\/www.visit-ulcinj.com\/blog\/wp-json\/wp\/v2\/types\/post"}],"author":[{"embeddable":true,"href":"https:\/\/www.visit-ulcinj.com\/blog\/wp-json\/wp\/v2\/users\/1"}],"replies":[{"embeddable":true,"href":"https:\/\/www.visit-ulcinj.com\/blog\/wp-json\/wp\/v2\/comments?post=55540"}],"version-history":[{"count":1,"href":"https:\/\/www.visit-ulcinj.com\/blog\/wp-json\/wp\/v2\/posts\/55540\/revisions"}],"predecessor-version":[{"id":55542,"href":"https:\/\/www.visit-ulcinj.com\/blog\/wp-json\/wp\/v2\/posts\/55540\/revisions\/55542"}],"wp:attachment":[{"href":"https:\/\/www.visit-ulcinj.com\/blog\/wp-json\/wp\/v2\/media?parent=55540"}],"wp:term":[{"taxonomy":"category","embeddable":true,"href":"https:\/\/www.visit-ulcinj.com\/blog\/wp-json\/wp\/v2\/categories?post=55540"},{"taxonomy":"post_tag","embeddable":true,"href":"https:\/\/www.visit-ulcinj.com\/blog\/wp-json\/wp\/v2\/tags?post=55540"}],"curies":[{"name":"wp","href":"https:\/\/api.w.org\/{rel}","templated":true}]}}