{"id":55543,"date":"2012-01-05T21:34:37","date_gmt":"2012-01-05T20:34:37","guid":{"rendered":"http:\/\/www.visit-ulcinj.com\/blog\/?p=55543"},"modified":"2012-01-11T10:46:57","modified_gmt":"2012-01-11T09:46:57","slug":"shqiptaret-e-malit-te-zi-dhe-standardet-e-dyfishta-te-brukselit","status":"publish","type":"post","link":"https:\/\/www.visit-ulcinj.com\/blog\/2012\/01\/05\/shqiptaret-e-malit-te-zi-dhe-standardet-e-dyfishta-te-brukselit\/","title":{"rendered":"Shqiptar\u00ebt e Malit t\u00eb Zi dhe standardet e dyfishta t\u00eb Brukselit"},"content":{"rendered":"<p><strong><a href=\"http:\/\/www.visit-ulcinj.com\/blog\/wp-content\/uploads\/2012\/01\/Adri-Nurellari.jpg\"><img loading=\"lazy\" class=\"alignleft  wp-image-55544\" title=\"Adri Nurellari\" src=\"http:\/\/www.visit-ulcinj.com\/blog\/wp-content\/uploads\/2012\/01\/Adri-Nurellari.jpg\" alt=\"\" width=\"340\" height=\"300\" \/><\/a><a href=\"https:\/\/www.facebook.com\/adri.nurellari\" target=\"_blank\">Nga Adri Nurellari<\/a> Facebook<br \/>\n<\/strong><\/p>\n<p>Themeluesit e Europ\u00ebs s\u00eb bashkuar, Shuman dhe Monet, kan\u00eb besuar se vizioni i tyre do t\u00eb mund\u00ebsonte nj\u00eb paqe jet\u00ebgjat\u00eb n\u00eb Ballkan. Edhe p\u00ebr vendet q\u00eb dol\u00ebn nga komunizmi, integrimi europian \u00ebsht\u00eb hamend\u00ebsuar se n\u00eb m\u00ebnyr\u00eb graduale sh\u00ebrben si motivues i nd\u00ebrtimit dhe konsolidimit t\u00eb paqes, si dhe i pajtimit nd\u00ebretnik. Duke par\u00eb tragjedin\u00eb ballkanike t\u00eb viteve \u201890, Brukseli u shtoi tre kritereve an\u00ebtar\u00ebsuese t\u00eb Kopenhag\u00ebs sundimi i ligjit, demokracia dhe ekonomia e tregut, edhe kushtin e realizimit t\u00eb standardeve sa m\u00eb t\u00eb larta t\u00eb t\u00eb drejtave t\u00eb minoriteteve.<\/p>\n<p>Fatkeq\u00ebsisht kjo formul\u00eb me sa duket nuk ka funksionuar si\u00e7 duhet me disa vende ballkanike, t\u00eb cilat edhe pse i afrohen an\u00ebtar\u00ebsimit n\u00eb BE, nuk kan\u00eb hequr dor\u00eb nga n\u00ebp\u00ebrk\u00ebmbja e t\u00eb drejtave t\u00eb minoriteteve dhe nuk jan\u00eb angazhuar p\u00ebr nj\u00eb fqinj\u00ebsi me t\u00eb v\u00ebrtet\u00eb t\u00eb mir\u00eb. P\u00ebrkundrazi, avancimin n\u00eb procesin e integrimit n\u00eb kushtet kur nuk kan\u00eb d\u00ebshmuar respekt t\u00eb theksuar p\u00ebr minoritetet apo fqinj\u00ebsin\u00eb e mir\u00eb, k\u00ebto vende e kan\u00eb trajtuar si nj\u00eb drit\u00eb jeshile prej Brukselit q\u00eb t\u00eb shp\u00ebrfillin akoma m\u00eb tej marr\u00ebdh\u00ebniet me etnit\u00eb e tjera.\u2028K\u00ebshtu, Maqedonia, edhe pse vend kandidat prej vitit 2005, nuk humbet rast p\u00ebr t\u00eb n\u00ebp\u00ebrk\u00ebmbur pakic\u00ebn dometh\u00ebn\u00ebse shqiptare. Kjo \u00ebsht\u00eb v\u00ebn\u00eb re me nisma t\u00eb shumta si projektligji i natalitetit, enciklopedia e mbushur me rrena e fyerje me projektin Shkupi 2014 etj. Serbia \u00ebsht\u00eb n\u00eb t\u00eb nj\u00ebjt\u00ebn linj\u00eb, edhe pse ka avancuar ndjesh\u00ebm n\u00eb procesin e integrimit europian vijojn\u00eb t\u00eb diskriminojn\u00eb shqiptar\u00ebt e lugin\u00ebs s\u00eb Preshev\u00ebs e t\u00eb d\u00ebshmojn\u00eb shoviniz\u00ebm e agresivitet n\u00ebp\u00ebrmjet sabotimit q\u00eb i b\u00ebjn\u00eb sovranitetit dhe sundimit t\u00eb ligjit n\u00eb Kosov\u00eb strukturat paralele q\u00eb Beogradi ka instaluar brenda shtetit kosovar. Fatkeq\u00ebsisht e nj\u00ebjta gj\u00eb po vihet re edhe nga shteti malazez, i cili tani q\u00eb ia hodhi lumit me marrjen e statusit kandidat e ka hequr mask\u00ebn e &#8220;engj\u00ebllit&#8221; q\u00eb ka mbajtur p\u00ebr hir t\u00eb imazhit q\u00eb ka dashur t\u00eb p\u00ebrcjell\u00eb n\u00eb Bruksel, dhe ka dal\u00eb n\u00eb l\u00ebkur\u00ebn e vjet\u00ebr duke nd\u00ebrmarr\u00eb nj\u00eb s\u00ebr\u00eb nismash q\u00eb d\u00ebmtojn\u00eb r\u00ebnd\u00eb gjendjen e pakic\u00ebs shqiptare malazeze. N\u00eb referendumin p\u00ebr pavar\u00ebsin\u00eb e Malit t\u00eb Zi shqiptar\u00ebt luajt\u00ebn nj\u00eb rol ky\u00e7, pasi bashk\u00ebsia nd\u00ebrkomb\u00ebtare e b\u00ebri t\u00eb qart\u00eb q\u00eb do ta pranonin pavar\u00ebsin\u00eb malazeze vet\u00ebm n\u00ebse ajo siguronte mbi 55% t\u00eb votave. Rezultati final ishte 55.5 dhe k\u00ebtu vota e shqiptar\u00ebve ishte ky\u00e7 p\u00ebr t\u00eb siguruar nj\u00eb shumic\u00eb bind\u00ebse p\u00ebr per\u00ebndimin dhe p\u00ebr t\u00eb mund\u00ebsuar deklarimin dhe njohjen nd\u00ebrkomb\u00ebtare t\u00eb pavar\u00ebsis\u00eb. Jo vet\u00ebm q\u00eb shqiptar\u00ebt u ballafaquan me mosmir\u00ebnjohje dhe nuk u shp\u00ebrblyen p\u00ebr kontributin e tyre, por p\u00ebsuan mandej nj\u00eb p\u00ebrkeq\u00ebsim institucional t\u00eb gjendjes s\u00eb tyre. \u2028Konkretisht, Mali i Zi ka b\u00ebr\u00eb vitin e kaluar nj\u00eb reform\u00eb zgjedhore, e cila u ka hequr shqiptar\u00ebve t\u00eb drejtat e fituara m\u00eb par\u00eb duke eliminuar kuot\u00ebn prej pes\u00eb deputet\u00ebsh q\u00eb kan\u00eb pasur t\u00eb garantuar dhe me sistemin e ri mezi mund t\u00eb sigurojn\u00eb tre deputet\u00eb duke e b\u00ebr\u00eb fare t\u00eb pap\u00ebrfillshme p\u00ebrfaq\u00ebsin\u00eb e pakic\u00ebs shqiptare n\u00eb legjislativ. N\u00eb planin e ri hap\u00ebsinor, q\u00eb \u00ebsht\u00eb miratuar nga qeveria e Podgoric\u00ebs, nj\u00eb pjes\u00eb e mir\u00eb e pronave t\u00eb shqiptar\u00ebve t\u00eb Plav\u00ebs e Gucis\u00eb \u00ebsht\u00eb shpallur park komb\u00ebtar, duke ua pamund\u00ebsuar atyre q\u00eb t\u00eb nxjerrin t\u00eb ardhura prej p\u00ebrdorimit tradicional t\u00eb tok\u00ebs s\u00eb tyre. Po ashtu kriporja e Ulqinit, edhe pse dikur e mbrojtur si monument natyror, \u00ebsht\u00eb parashikuar t\u00eb shnd\u00ebrrohet n\u00eb truall t\u00eb st\u00ebrmadh nd\u00ebrtimi q\u00eb jo vet\u00ebm do t\u00eb shkat\u00ebrroj\u00eb ambientin, por edhe do t\u00eb ndryshoj\u00eb raportin demografik t\u00eb popullsis\u00eb t\u00eb k\u00ebsaj komune, duke u kthyer n\u00eb nj\u00eb lloj kolonizimi q\u00eb do e zvog\u00ebloj\u00eb pesh\u00ebn specifike t\u00eb shqiptar\u00ebve aty. Gjithashtu censusi i fundit u organizua n\u00eb m\u00ebnyr\u00eb t\u00eb stisur q\u00eb t\u00eb ulej medoemos p\u00ebrqindja e shqiptar\u00ebve, duke iu mohuar deklarimi komb\u00ebtar e fetar diaspor\u00ebs shqiptare, si dhe duke shkaktuar parregullsi n\u00eb proces q\u00eb synonin q\u00eb t\u00eb dekurajonin deklarimin e shqiptar\u00ebve si t\u00eb till\u00eb. P\u00ebr rrjedhoj\u00eb, nga mbi 7% shqiptar\u00ebt n\u00eb censusin e vitit t\u00eb kaluar dol\u00ebn m\u00eb pak se 5%.<\/p>\n<p>S\u00eb fundmi u miratua edhe ligji p\u00ebr rendin dhe qet\u00ebsin\u00eb, i cili do t\u00eb pengoj\u00eb q\u00eb shqiptar\u00ebt t\u00eb p\u00ebrdorin hapur flamurin komb\u00ebtar shqiptar, pasi ky ligj ndalon p\u00ebrdorimin e simboleve t\u00eb shteteve t\u00eb tjera. Kjo \u00ebsht\u00eb padyshim nj\u00eb gj\u00eb shum\u00eb absurde, sepse pothuajse t\u00eb gjitha shtetet e Europ\u00ebs jan\u00eb shtet-kombe, pra shumica e shteteve i mbajn\u00eb simbolet komb\u00ebtare edhe si simbole shtet\u00ebrore dhe p\u00ebr rrjedhoj\u00eb edhe minoritetet q\u00eb k\u00ebto kombe kan\u00eb n\u00eb vendet fqinje p\u00ebrdorin si simbole komb\u00ebtare po ato simbole q\u00eb jan\u00eb simbole t\u00eb shtetit am\u00eb. N\u00ebse ky ligj do t\u00eb ishte n\u00eb mbar\u00eb Europ\u00ebn vet\u00ebm nj\u00eb grusht minoritetesh, do t\u00eb mund t\u00eb mbanin hapur simbole komb\u00ebtare, pasi shumica e minoriteteve europiane i kan\u00eb simbolet komb\u00ebtare t\u00eb nj\u00ebjta me ato t\u00eb shteteve ku p\u00ebrb\u00ebjn\u00eb shumic\u00ebn.<\/p>\n<p>N\u00eb p\u00ebrgjith\u00ebsi shqiptar\u00ebt e Kosov\u00ebs, Shqip\u00ebris\u00eb dhe Maqedonis\u00eb kujtohen p\u00ebr bashk\u00ebkomb\u00ebsit n\u00eb Mal t\u00eb Zi n\u00eb periudh\u00ebn e gjall\u00ebris\u00eb s\u00eb pushimeve verore dhe e kan\u00eb p\u00ebrshtypjen p\u00ebr ta shum\u00eb m\u00eb t\u00eb mir\u00eb se realiteti. N\u00eb t\u00eb v\u00ebrtet\u00eb, si pasoj\u00eb e diskriminimit t\u00eb theksuar sot, ka pothuaj nj\u00ebsoj shqiptar\u00eb t\u00eb Malit t\u00eb Zi n\u00eb emigracion sesa q\u00eb banojn\u00eb n\u00eb vendlindje dhe mbi gjysma e pinjoll\u00ebve t\u00eb shqiptar\u00ebve t\u00eb para nj\u00eb shekulli sot jan\u00eb asimiluar e deklarohen boshnjak\u00eb apo myslimanac. Asimilimi dhe emigrimi masiv vijon akoma sot dhe k\u00ebto masat e fundit kan\u00eb sh\u00ebrbyer si katalizator p\u00ebr t\u00eb p\u00ebrshpejtuar k\u00ebto procese.\u2028E gjitha kjo situat\u00eb dhe toleranc\u00eb e Brukselit ndaj veprimeve q\u00eb p\u00ebrkeq\u00ebsojn\u00eb gjendjen e pakicave shqiptare n\u00eb vende t\u00eb ndryshme t\u00eb Ballkanit l\u00eb t\u00eb mendohet se politika e jashtme e vendeve t\u00eb BE-s\u00eb ka standarde t\u00eb dyfishta.\u2028Nga nj\u00ebra an\u00eb Brukseli i b\u00ebn presion Prishtin\u00ebs q\u00eb n\u00ebp\u00ebrmjet t\u00eb ashtuquajturave negociata t\u2019u jap\u00eb edhe m\u00eb shum\u00eb t\u00eb drejta se \u00e7\u2019kan\u00eb prej pakos s\u00eb Ahtisarit serb\u00ebve t\u00eb veriut e nga ana tjet\u00ebr, s\u2019ka fijen e ndjeshm\u00ebris\u00eb p\u00ebr p\u00ebrkeq\u00ebsimin e gjendjes s\u00eb pakicave shqiptare n\u00eb tri shtetet sllave ku ata banojn\u00eb. Ky standard i dyfisht\u00eb n\u00eb kurriz t\u00eb shqiptar\u00ebve mund t\u00eb vij\u00eb si pasoj\u00eb e miq\u00ebsive historike me jugosllav\u00ebt, namit t\u00eb keq q\u00eb kemi marr\u00eb n\u00eb dekadat e fundit, faktit q\u00eb ne kemi prioritet miq\u00ebsin\u00eb me SHBA-n\u00eb ose q\u00eb kemi shumic\u00ebn e kombit mysliman, por gjithsesi \u00ebsht\u00eb e pandershme dhe e papranueshme. N\u00ebse ish-fuqit\u00eb e m\u00ebdha europiane nuk aplikojn\u00eb at\u00eb q\u00eb ata vet\u00eb predikojn\u00eb, pra nuk e mbajn\u00eb fjal\u00ebn q\u00eb japin, at\u00ebher\u00eb edhe shqiptar\u00ebt nuk kan\u00eb m\u00eb detyrim q\u00eb t\u00eb ndjekin me p\u00ebrulje naive zotimet q\u00eb kan\u00eb marr\u00eb ndaj komunitetit nd\u00ebrkomb\u00ebtar. N\u00ebse Bashkimi Europian e b\u00ebn t\u00eb qart\u00eb q\u00eb shp\u00ebrblen guximtar\u00ebt ose m\u00eb sakt\u00eb ata q\u00eb jan\u00eb t\u00eb aft\u00eb t\u00eb shkaktojn\u00eb m\u00eb shum\u00eb rr\u00ebmuj\u00eb rajonale, si\u00e7 b\u00ebn Beogradi me serb\u00ebt e Kosov\u00ebs, Malit t\u00eb Zi dhe Bosnj\u00ebs, at\u00ebher\u00eb edhe shqiptar\u00ebt duhet t\u00eb koordinohen nga Tirana e t\u00eb ken\u00eb nj\u00eb qasje m\u00eb proaktive q\u00eb t\u2019i p\u00ebrshtatet m\u00eb mir\u00eb situat\u00ebs s\u00eb re q\u00eb po p\u00ebrvijohet.<\/p>\n<p><strong>Burimi: Gazeta Shqip<\/strong><\/p>\n<!--YouTube Error: bad URL entered-->\n","protected":false},"excerpt":{"rendered":"<p>Nga Adri Nurellari Facebook Themeluesit e Europ\u00ebs s\u00eb bashkuar, Shuman dhe Monet, kan\u00eb besuar se vizioni i tyre do t\u00eb mund\u00ebsonte nj\u00eb paqe jet\u00ebgjat\u00eb n\u00eb Ballkan. Edhe p\u00ebr vendet q\u00eb dol\u00ebn nga komunizmi, integrimi europian \u00ebsht\u00eb hamend\u00ebsuar se n\u00eb m\u00ebnyr\u00eb graduale sh\u00ebrben si motivues i nd\u00ebrtimit dhe konsolidimit t\u00eb paqes, si dhe i pajtimit nd\u00ebretnik. [&hellip;]<\/p>\n","protected":false},"author":1,"featured_media":0,"comment_status":"open","ping_status":"closed","sticky":false,"template":"","format":"standard","meta":{"spay_email":"","jetpack_publicize_message":"","jetpack_is_tweetstorm":false,"jetpack_publicize_feature_enabled":true},"categories":[13],"tags":[19787,7699,95,5314,201,200,18],"jetpack_publicize_connections":[],"yoast_head":"<!-- This site is optimized with the Yoast SEO plugin v19.1 - https:\/\/yoast.com\/wordpress\/plugins\/seo\/ -->\n<title>Shqiptar\u00ebt e Malit t\u00eb Zi dhe standardet e dyfishta t\u00eb Brukselit - Lajme nga Ulqini<\/title>\n<meta name=\"description\" content=\"Nga Adri Nurellari Facebook Themeluesit e Europ\u00ebs s\u00eb bashkuar, Shuman dhe Monet, kan\u00eb besuar se vizioni i tyre do t\u00eb mund\u00ebsonte nj\u00eb paqe jet\u00ebgjat\u00eb n\u00eb\" \/>\n<meta name=\"robots\" content=\"index, follow, max-snippet:-1, max-image-preview:large, max-video-preview:-1\" \/>\n<link rel=\"canonical\" href=\"https:\/\/www.visit-ulcinj.com\/blog\/2012\/01\/05\/shqiptaret-e-malit-te-zi-dhe-standardet-e-dyfishta-te-brukselit\/\" \/>\n<meta property=\"og:locale\" content=\"en_US\" \/>\n<meta property=\"og:type\" content=\"article\" \/>\n<meta property=\"og:title\" content=\"Shqiptar\u00ebt e Malit t\u00eb Zi dhe standardet e dyfishta t\u00eb Brukselit - Lajme nga Ulqini\" \/>\n<meta property=\"og:description\" content=\"Nga Adri Nurellari Facebook Themeluesit e Europ\u00ebs s\u00eb bashkuar, Shuman dhe Monet, kan\u00eb besuar se vizioni i tyre do t\u00eb mund\u00ebsonte nj\u00eb paqe jet\u00ebgjat\u00eb n\u00eb\" \/>\n<meta property=\"og:url\" content=\"https:\/\/www.visit-ulcinj.com\/blog\/2012\/01\/05\/shqiptaret-e-malit-te-zi-dhe-standardet-e-dyfishta-te-brukselit\/\" \/>\n<meta property=\"og:site_name\" content=\"Lajme nga Ulqini\" \/>\n<meta property=\"article:published_time\" content=\"2012-01-05T20:34:37+00:00\" \/>\n<meta property=\"article:modified_time\" content=\"2012-01-11T09:46:57+00:00\" \/>\n<meta property=\"og:image\" content=\"http:\/\/www.visit-ulcinj.com\/blog\/wp-content\/uploads\/2012\/01\/Adri-Nurellari.jpg\" \/>\n<meta name=\"twitter:label1\" content=\"Written by\" \/>\n\t<meta name=\"twitter:data1\" content=\"ulqini\" \/>\n\t<meta name=\"twitter:label2\" content=\"Est. reading time\" \/>\n\t<meta name=\"twitter:data2\" content=\"7 minutes\" \/>\n<script type=\"application\/ld+json\" class=\"yoast-schema-graph\">{\"@context\":\"https:\/\/schema.org\",\"@graph\":[{\"@type\":\"WebSite\",\"@id\":\"https:\/\/www.visit-ulcinj.com\/blog\/#website\",\"url\":\"https:\/\/www.visit-ulcinj.com\/blog\/\",\"name\":\"Lajme nga Ulqini\",\"description\":\"Lajme,Vijesti,Ulqini,Ulqin,Crna Gora,Mali i Zi\",\"potentialAction\":[{\"@type\":\"SearchAction\",\"target\":{\"@type\":\"EntryPoint\",\"urlTemplate\":\"https:\/\/www.visit-ulcinj.com\/blog\/?s={search_term_string}\"},\"query-input\":\"required name=search_term_string\"}],\"inLanguage\":\"en-US\"},{\"@type\":\"ImageObject\",\"inLanguage\":\"en-US\",\"@id\":\"https:\/\/www.visit-ulcinj.com\/blog\/2012\/01\/05\/shqiptaret-e-malit-te-zi-dhe-standardet-e-dyfishta-te-brukselit\/#primaryimage\",\"url\":\"http:\/\/www.visit-ulcinj.com\/blog\/wp-content\/uploads\/2012\/01\/Adri-Nurellari.jpg\",\"contentUrl\":\"http:\/\/www.visit-ulcinj.com\/blog\/wp-content\/uploads\/2012\/01\/Adri-Nurellari.jpg\"},{\"@type\":\"WebPage\",\"@id\":\"https:\/\/www.visit-ulcinj.com\/blog\/2012\/01\/05\/shqiptaret-e-malit-te-zi-dhe-standardet-e-dyfishta-te-brukselit\/#webpage\",\"url\":\"https:\/\/www.visit-ulcinj.com\/blog\/2012\/01\/05\/shqiptaret-e-malit-te-zi-dhe-standardet-e-dyfishta-te-brukselit\/\",\"name\":\"Shqiptar\u00ebt e Malit t\u00eb Zi dhe standardet e dyfishta t\u00eb Brukselit - Lajme nga Ulqini\",\"isPartOf\":{\"@id\":\"https:\/\/www.visit-ulcinj.com\/blog\/#website\"},\"primaryImageOfPage\":{\"@id\":\"https:\/\/www.visit-ulcinj.com\/blog\/2012\/01\/05\/shqiptaret-e-malit-te-zi-dhe-standardet-e-dyfishta-te-brukselit\/#primaryimage\"},\"datePublished\":\"2012-01-05T20:34:37+00:00\",\"dateModified\":\"2012-01-11T09:46:57+00:00\",\"author\":{\"@id\":\"https:\/\/www.visit-ulcinj.com\/blog\/#\/schema\/person\/dcab619c614d3038751c63bc2aadc06d\"},\"description\":\"Nga Adri Nurellari Facebook Themeluesit e Europ\u00ebs s\u00eb bashkuar, Shuman dhe Monet, kan\u00eb besuar se vizioni i tyre do t\u00eb mund\u00ebsonte nj\u00eb paqe jet\u00ebgjat\u00eb n\u00eb\",\"breadcrumb\":{\"@id\":\"https:\/\/www.visit-ulcinj.com\/blog\/2012\/01\/05\/shqiptaret-e-malit-te-zi-dhe-standardet-e-dyfishta-te-brukselit\/#breadcrumb\"},\"inLanguage\":\"en-US\",\"potentialAction\":[{\"@type\":\"ReadAction\",\"target\":[\"https:\/\/www.visit-ulcinj.com\/blog\/2012\/01\/05\/shqiptaret-e-malit-te-zi-dhe-standardet-e-dyfishta-te-brukselit\/\"]}]},{\"@type\":\"BreadcrumbList\",\"@id\":\"https:\/\/www.visit-ulcinj.com\/blog\/2012\/01\/05\/shqiptaret-e-malit-te-zi-dhe-standardet-e-dyfishta-te-brukselit\/#breadcrumb\",\"itemListElement\":[{\"@type\":\"ListItem\",\"position\":1,\"name\":\"Shqiptar\u00ebt e Malit t\u00eb Zi dhe standardet e dyfishta t\u00eb Brukselit\"}]},{\"@type\":\"Person\",\"@id\":\"https:\/\/www.visit-ulcinj.com\/blog\/#\/schema\/person\/dcab619c614d3038751c63bc2aadc06d\",\"name\":\"ulqini\",\"sameAs\":[\"http:\/\/www.visit-ulcinj.com\"],\"url\":\"https:\/\/www.visit-ulcinj.com\/blog\/author\/admin\/\"}]}<\/script>\n<!-- \/ Yoast SEO plugin. -->","yoast_head_json":{"title":"Shqiptar\u00ebt e Malit t\u00eb Zi dhe standardet e dyfishta t\u00eb Brukselit - Lajme nga Ulqini","description":"Nga Adri Nurellari Facebook Themeluesit e Europ\u00ebs s\u00eb bashkuar, Shuman dhe Monet, kan\u00eb besuar se vizioni i tyre do t\u00eb mund\u00ebsonte nj\u00eb paqe jet\u00ebgjat\u00eb n\u00eb","robots":{"index":"index","follow":"follow","max-snippet":"max-snippet:-1","max-image-preview":"max-image-preview:large","max-video-preview":"max-video-preview:-1"},"canonical":"https:\/\/www.visit-ulcinj.com\/blog\/2012\/01\/05\/shqiptaret-e-malit-te-zi-dhe-standardet-e-dyfishta-te-brukselit\/","og_locale":"en_US","og_type":"article","og_title":"Shqiptar\u00ebt e Malit t\u00eb Zi dhe standardet e dyfishta t\u00eb Brukselit - Lajme nga Ulqini","og_description":"Nga Adri Nurellari Facebook Themeluesit e Europ\u00ebs s\u00eb bashkuar, Shuman dhe Monet, kan\u00eb besuar se vizioni i tyre do t\u00eb mund\u00ebsonte nj\u00eb paqe jet\u00ebgjat\u00eb n\u00eb","og_url":"https:\/\/www.visit-ulcinj.com\/blog\/2012\/01\/05\/shqiptaret-e-malit-te-zi-dhe-standardet-e-dyfishta-te-brukselit\/","og_site_name":"Lajme nga Ulqini","article_published_time":"2012-01-05T20:34:37+00:00","article_modified_time":"2012-01-11T09:46:57+00:00","og_image":[{"url":"http:\/\/www.visit-ulcinj.com\/blog\/wp-content\/uploads\/2012\/01\/Adri-Nurellari.jpg"}],"twitter_misc":{"Written by":"ulqini","Est. reading time":"7 minutes"},"schema":{"@context":"https:\/\/schema.org","@graph":[{"@type":"WebSite","@id":"https:\/\/www.visit-ulcinj.com\/blog\/#website","url":"https:\/\/www.visit-ulcinj.com\/blog\/","name":"Lajme nga Ulqini","description":"Lajme,Vijesti,Ulqini,Ulqin,Crna Gora,Mali i Zi","potentialAction":[{"@type":"SearchAction","target":{"@type":"EntryPoint","urlTemplate":"https:\/\/www.visit-ulcinj.com\/blog\/?s={search_term_string}"},"query-input":"required name=search_term_string"}],"inLanguage":"en-US"},{"@type":"ImageObject","inLanguage":"en-US","@id":"https:\/\/www.visit-ulcinj.com\/blog\/2012\/01\/05\/shqiptaret-e-malit-te-zi-dhe-standardet-e-dyfishta-te-brukselit\/#primaryimage","url":"http:\/\/www.visit-ulcinj.com\/blog\/wp-content\/uploads\/2012\/01\/Adri-Nurellari.jpg","contentUrl":"http:\/\/www.visit-ulcinj.com\/blog\/wp-content\/uploads\/2012\/01\/Adri-Nurellari.jpg"},{"@type":"WebPage","@id":"https:\/\/www.visit-ulcinj.com\/blog\/2012\/01\/05\/shqiptaret-e-malit-te-zi-dhe-standardet-e-dyfishta-te-brukselit\/#webpage","url":"https:\/\/www.visit-ulcinj.com\/blog\/2012\/01\/05\/shqiptaret-e-malit-te-zi-dhe-standardet-e-dyfishta-te-brukselit\/","name":"Shqiptar\u00ebt e Malit t\u00eb Zi dhe standardet e dyfishta t\u00eb Brukselit - Lajme nga Ulqini","isPartOf":{"@id":"https:\/\/www.visit-ulcinj.com\/blog\/#website"},"primaryImageOfPage":{"@id":"https:\/\/www.visit-ulcinj.com\/blog\/2012\/01\/05\/shqiptaret-e-malit-te-zi-dhe-standardet-e-dyfishta-te-brukselit\/#primaryimage"},"datePublished":"2012-01-05T20:34:37+00:00","dateModified":"2012-01-11T09:46:57+00:00","author":{"@id":"https:\/\/www.visit-ulcinj.com\/blog\/#\/schema\/person\/dcab619c614d3038751c63bc2aadc06d"},"description":"Nga Adri Nurellari Facebook Themeluesit e Europ\u00ebs s\u00eb bashkuar, Shuman dhe Monet, kan\u00eb besuar se vizioni i tyre do t\u00eb mund\u00ebsonte nj\u00eb paqe jet\u00ebgjat\u00eb n\u00eb","breadcrumb":{"@id":"https:\/\/www.visit-ulcinj.com\/blog\/2012\/01\/05\/shqiptaret-e-malit-te-zi-dhe-standardet-e-dyfishta-te-brukselit\/#breadcrumb"},"inLanguage":"en-US","potentialAction":[{"@type":"ReadAction","target":["https:\/\/www.visit-ulcinj.com\/blog\/2012\/01\/05\/shqiptaret-e-malit-te-zi-dhe-standardet-e-dyfishta-te-brukselit\/"]}]},{"@type":"BreadcrumbList","@id":"https:\/\/www.visit-ulcinj.com\/blog\/2012\/01\/05\/shqiptaret-e-malit-te-zi-dhe-standardet-e-dyfishta-te-brukselit\/#breadcrumb","itemListElement":[{"@type":"ListItem","position":1,"name":"Shqiptar\u00ebt e Malit t\u00eb Zi dhe standardet e dyfishta t\u00eb Brukselit"}]},{"@type":"Person","@id":"https:\/\/www.visit-ulcinj.com\/blog\/#\/schema\/person\/dcab619c614d3038751c63bc2aadc06d","name":"ulqini","sameAs":["http:\/\/www.visit-ulcinj.com"],"url":"https:\/\/www.visit-ulcinj.com\/blog\/author\/admin\/"}]}},"jetpack_featured_media_url":"","jetpack_sharing_enabled":true,"jetpack_shortlink":"https:\/\/wp.me\/pe6lTn-erR","_links":{"self":[{"href":"https:\/\/www.visit-ulcinj.com\/blog\/wp-json\/wp\/v2\/posts\/55543"}],"collection":[{"href":"https:\/\/www.visit-ulcinj.com\/blog\/wp-json\/wp\/v2\/posts"}],"about":[{"href":"https:\/\/www.visit-ulcinj.com\/blog\/wp-json\/wp\/v2\/types\/post"}],"author":[{"embeddable":true,"href":"https:\/\/www.visit-ulcinj.com\/blog\/wp-json\/wp\/v2\/users\/1"}],"replies":[{"embeddable":true,"href":"https:\/\/www.visit-ulcinj.com\/blog\/wp-json\/wp\/v2\/comments?post=55543"}],"version-history":[{"count":5,"href":"https:\/\/www.visit-ulcinj.com\/blog\/wp-json\/wp\/v2\/posts\/55543\/revisions"}],"predecessor-version":[{"id":55841,"href":"https:\/\/www.visit-ulcinj.com\/blog\/wp-json\/wp\/v2\/posts\/55543\/revisions\/55841"}],"wp:attachment":[{"href":"https:\/\/www.visit-ulcinj.com\/blog\/wp-json\/wp\/v2\/media?parent=55543"}],"wp:term":[{"taxonomy":"category","embeddable":true,"href":"https:\/\/www.visit-ulcinj.com\/blog\/wp-json\/wp\/v2\/categories?post=55543"},{"taxonomy":"post_tag","embeddable":true,"href":"https:\/\/www.visit-ulcinj.com\/blog\/wp-json\/wp\/v2\/tags?post=55543"}],"curies":[{"name":"wp","href":"https:\/\/api.w.org\/{rel}","templated":true}]}}