{"id":55561,"date":"2012-01-06T11:29:18","date_gmt":"2012-01-06T10:29:18","guid":{"rendered":"http:\/\/www.visit-ulcinj.com\/blog\/?p=55561"},"modified":"2012-01-13T20:35:54","modified_gmt":"2012-01-13T19:35:54","slug":"ulqini-po-zbrazet-se-po-ia-rrembejne-te-tjeret-perspektiven","status":"publish","type":"post","link":"https:\/\/www.visit-ulcinj.com\/blog\/2012\/01\/06\/ulqini-po-zbrazet-se-po-ia-rrembejne-te-tjeret-perspektiven\/","title":{"rendered":"Ulqini po zbrazet se po ia rr\u00ebmbejn\u00eb t\u00eb tjer\u00ebt perspektiven"},"content":{"rendered":"<p><a href=\"http:\/\/www.visit-ulcinj.com\/blog\/wp-content\/uploads\/2012\/01\/Kriza-Ekonomike-ne-Ulqin.jpg\"><img loading=\"lazy\" class=\"alignleft  wp-image-55562\" title=\"Kriza Ekonomike ne Ulqin\" src=\"http:\/\/www.visit-ulcinj.com\/blog\/wp-content\/uploads\/2012\/01\/Kriza-Ekonomike-ne-Ulqin.jpg\" alt=\"\" width=\"490\" height=\"300\" \/><\/a>Ulqini, qytet i banuar me shumic\u00eb absolute shqiptare autoktone, \u00ebsht\u00eb duke p\u00ebrjetuar kriz\u00ebn m\u00eb t\u00eb r\u00ebnd\u00eb ekonomike dhe politike n\u00eb gjysm\u00eb shekullin e fundit. Nuk ka investime, as vende t\u00eb reja pune, ish-nd\u00ebrmarrjet shoq\u00ebrore jan\u00eb shkat\u00ebrruar dhe i kan\u00eb bler\u00eb njer\u00ebzit q\u00eb synojn\u00eb ta zhysin e ta zbrazin k\u00ebt\u00eb qytet.<\/p>\n<p><strong>KosovaLive<\/strong><\/p>\n<p><strong>Vazhdim\u00a0 Lajme nga Ulqini<\/strong><\/p>\n<p><strong>Ulqini <\/strong><strong>p\u00ebrball\u00eb kolapsit ekonomik<\/strong><\/p>\n<p>Kriza globale ekonomike dhe mosan\u00ebtar\u00ebsimi i Malit t\u00eb Zi n\u00eb NATO dhe BE jan\u00eb dy arsyet kryesore p\u00ebr munges\u00ebn e investimeve nga jasht\u00eb n\u00eb ekonomin\u00eb e k\u00ebtij vendi.<\/p>\n<p>Ulqini p\u00ebr her\u00eb t\u00eb par\u00eb gjendet para nj\u00eb kolapsi t\u00eb ekonomik dhe financiar, prandaj qeveria duhet t\u00eb nd\u00ebrmarr\u00eb masa antikriz\u00eb, p\u00ebr ta zbutur sadopak impaktin ndaj ekonomis\u00eb dhe papun\u00ebsis\u00eb n\u00eb vend.<\/p>\n<p>Ulqinit i nevojiten edhe nj\u00eb s\u00ebr\u00eb masash t\u00eb reja antikriz\u00eb, sepse n\u00eb t\u00eb kund\u00ebrt\u00ebn shteti do t\u00eb p\u00ebrjetoj\u00eb nj\u00eb cunami ekonomik. Ulqini duhet t\u00eb harroj\u00eb se do t\u00eb vijn\u00eb investues t\u00eb huaj dhe do t\u00eb sjellin para n\u00eb Ulqin.<\/p>\n<p>Qeveria e Ulqinit duhet t\u00eb p\u00ebrqendrohet tek investimet vendore dhe n\u00eb pun\u00ebsimet e reja.<br \/>\nN\u00eb Mal t\u00eb Zi p\u00ebr \u00e7do dit\u00eb anulohen investimet e huaja duke shfaqur mosinteresim p\u00ebr investime t\u00eb projekteve t\u00eb tyre.<\/p>\n<p>Duke u mb\u00ebshtetur t\u00eb disa t\u00eb dh\u00ebna q\u00eb jan\u00eb publikuar, Mali I Zi n\u00eb aspektin ekonomik p\u00ebr shkak t\u00eb kriz\u00ebs bot\u00ebrore ekonomike ,k\u00ebt\u00eb vit q\u00eb sapo ka filluar duket se nuk do ta filloj\u00eb mir\u00eb. K\u00ebt\u00eb vler\u00ebsim e kan\u00eb dh\u00ebn\u00eb edhe analist\u00ebt dhe ekspert\u00ebt ekonomik, t\u00eb cil\u00ebt theksojn\u00eb se vendi yn\u00eb do t\u00eb p\u00ebrballet me anulim t\u00eb investimeve t\u00eb huaja n\u00eb vler\u00eb t\u00eb p\u00ebrgjithshme prej rreth 450 milion\u00eb euro.<br \/>\n[flv]http:\/\/www.velikaplaza.info\/gallery\/video\/stream.php?f=Velika_Plaza_movie_Jan_2009.flv[\/flv]<\/p>\n","protected":false},"excerpt":{"rendered":"<p>Ulqini, qytet i banuar me shumic\u00eb absolute shqiptare autoktone, \u00ebsht\u00eb duke p\u00ebrjetuar kriz\u00ebn m\u00eb t\u00eb r\u00ebnd\u00eb ekonomike dhe politike n\u00eb gjysm\u00eb shekullin e fundit. Nuk ka investime, as vende t\u00eb reja pune, ish-nd\u00ebrmarrjet shoq\u00ebrore jan\u00eb shkat\u00ebrruar dhe i kan\u00eb bler\u00eb njer\u00ebzit q\u00eb synojn\u00eb ta zhysin e ta zbrazin k\u00ebt\u00eb qytet. KosovaLive Vazhdim\u00a0 Lajme nga Ulqini [&hellip;]<\/p>\n","protected":false},"author":1,"featured_media":0,"comment_status":"open","ping_status":"closed","sticky":false,"template":"","format":"standard","meta":{"spay_email":"","jetpack_publicize_message":"","jetpack_is_tweetstorm":false,"jetpack_publicize_feature_enabled":true},"categories":[10],"tags":[19097,200,18],"jetpack_publicize_connections":[],"yoast_head":"<!-- This site is optimized with the Yoast SEO plugin v19.1 - https:\/\/yoast.com\/wordpress\/plugins\/seo\/ -->\n<title>Ulqini po zbrazet se po ia rr\u00ebmbejn\u00eb t\u00eb tjer\u00ebt perspektiven - Lajme nga Ulqini<\/title>\n<meta name=\"description\" content=\"Ulqini, qytet i banuar me shumic\u00eb absolute shqiptare autoktone, \u00ebsht\u00eb duke p\u00ebrjetuar kriz\u00ebn m\u00eb t\u00eb r\u00ebnd\u00eb ekonomike dhe politike n\u00eb gjysm\u00eb shekullin e\" \/>\n<meta name=\"robots\" content=\"index, follow, max-snippet:-1, max-image-preview:large, max-video-preview:-1\" \/>\n<link rel=\"canonical\" href=\"https:\/\/www.visit-ulcinj.com\/blog\/2012\/01\/06\/ulqini-po-zbrazet-se-po-ia-rrembejne-te-tjeret-perspektiven\/\" \/>\n<meta property=\"og:locale\" content=\"en_US\" \/>\n<meta property=\"og:type\" content=\"article\" \/>\n<meta property=\"og:title\" content=\"Ulqini po zbrazet se po ia rr\u00ebmbejn\u00eb t\u00eb tjer\u00ebt perspektiven - Lajme nga Ulqini\" \/>\n<meta property=\"og:description\" content=\"Ulqini, qytet i banuar me shumic\u00eb absolute shqiptare autoktone, \u00ebsht\u00eb duke p\u00ebrjetuar kriz\u00ebn m\u00eb t\u00eb r\u00ebnd\u00eb ekonomike dhe politike n\u00eb gjysm\u00eb shekullin e\" \/>\n<meta property=\"og:url\" content=\"https:\/\/www.visit-ulcinj.com\/blog\/2012\/01\/06\/ulqini-po-zbrazet-se-po-ia-rrembejne-te-tjeret-perspektiven\/\" \/>\n<meta property=\"og:site_name\" content=\"Lajme nga Ulqini\" \/>\n<meta property=\"article:published_time\" content=\"2012-01-06T10:29:18+00:00\" \/>\n<meta property=\"article:modified_time\" content=\"2012-01-13T19:35:54+00:00\" \/>\n<meta property=\"og:image\" content=\"http:\/\/www.visit-ulcinj.com\/blog\/wp-content\/uploads\/2012\/01\/Kriza-Ekonomike-ne-Ulqin.jpg\" \/>\n<meta name=\"twitter:label1\" content=\"Written by\" \/>\n\t<meta name=\"twitter:data1\" content=\"ulqini\" \/>\n\t<meta name=\"twitter:label2\" content=\"Est. reading time\" \/>\n\t<meta name=\"twitter:data2\" content=\"2 minutes\" \/>\n<script type=\"application\/ld+json\" class=\"yoast-schema-graph\">{\"@context\":\"https:\/\/schema.org\",\"@graph\":[{\"@type\":\"WebSite\",\"@id\":\"https:\/\/www.visit-ulcinj.com\/blog\/#website\",\"url\":\"https:\/\/www.visit-ulcinj.com\/blog\/\",\"name\":\"Lajme nga Ulqini\",\"description\":\"Lajme,Vijesti,Ulqini,Ulqin,Crna Gora,Mali i Zi\",\"potentialAction\":[{\"@type\":\"SearchAction\",\"target\":{\"@type\":\"EntryPoint\",\"urlTemplate\":\"https:\/\/www.visit-ulcinj.com\/blog\/?s={search_term_string}\"},\"query-input\":\"required name=search_term_string\"}],\"inLanguage\":\"en-US\"},{\"@type\":\"ImageObject\",\"inLanguage\":\"en-US\",\"@id\":\"https:\/\/www.visit-ulcinj.com\/blog\/2012\/01\/06\/ulqini-po-zbrazet-se-po-ia-rrembejne-te-tjeret-perspektiven\/#primaryimage\",\"url\":\"https:\/\/www.visit-ulcinj.com\/blog\/wp-content\/uploads\/2012\/01\/Kriza-Ekonomike-ne-Ulqin.jpg\",\"contentUrl\":\"https:\/\/www.visit-ulcinj.com\/blog\/wp-content\/uploads\/2012\/01\/Kriza-Ekonomike-ne-Ulqin.jpg\",\"width\":\"455\",\"height\":\"300\"},{\"@type\":\"WebPage\",\"@id\":\"https:\/\/www.visit-ulcinj.com\/blog\/2012\/01\/06\/ulqini-po-zbrazet-se-po-ia-rrembejne-te-tjeret-perspektiven\/#webpage\",\"url\":\"https:\/\/www.visit-ulcinj.com\/blog\/2012\/01\/06\/ulqini-po-zbrazet-se-po-ia-rrembejne-te-tjeret-perspektiven\/\",\"name\":\"Ulqini po zbrazet se po ia rr\u00ebmbejn\u00eb t\u00eb tjer\u00ebt perspektiven - Lajme nga Ulqini\",\"isPartOf\":{\"@id\":\"https:\/\/www.visit-ulcinj.com\/blog\/#website\"},\"primaryImageOfPage\":{\"@id\":\"https:\/\/www.visit-ulcinj.com\/blog\/2012\/01\/06\/ulqini-po-zbrazet-se-po-ia-rrembejne-te-tjeret-perspektiven\/#primaryimage\"},\"datePublished\":\"2012-01-06T10:29:18+00:00\",\"dateModified\":\"2012-01-13T19:35:54+00:00\",\"author\":{\"@id\":\"https:\/\/www.visit-ulcinj.com\/blog\/#\/schema\/person\/dcab619c614d3038751c63bc2aadc06d\"},\"description\":\"Ulqini, qytet i banuar me shumic\u00eb absolute shqiptare autoktone, \u00ebsht\u00eb duke p\u00ebrjetuar kriz\u00ebn m\u00eb t\u00eb r\u00ebnd\u00eb ekonomike dhe politike n\u00eb gjysm\u00eb shekullin e\",\"breadcrumb\":{\"@id\":\"https:\/\/www.visit-ulcinj.com\/blog\/2012\/01\/06\/ulqini-po-zbrazet-se-po-ia-rrembejne-te-tjeret-perspektiven\/#breadcrumb\"},\"inLanguage\":\"en-US\",\"potentialAction\":[{\"@type\":\"ReadAction\",\"target\":[\"https:\/\/www.visit-ulcinj.com\/blog\/2012\/01\/06\/ulqini-po-zbrazet-se-po-ia-rrembejne-te-tjeret-perspektiven\/\"]}]},{\"@type\":\"BreadcrumbList\",\"@id\":\"https:\/\/www.visit-ulcinj.com\/blog\/2012\/01\/06\/ulqini-po-zbrazet-se-po-ia-rrembejne-te-tjeret-perspektiven\/#breadcrumb\",\"itemListElement\":[{\"@type\":\"ListItem\",\"position\":1,\"name\":\"Ulqini po zbrazet se po ia rr\u00ebmbejn\u00eb t\u00eb tjer\u00ebt perspektiven\"}]},{\"@type\":\"Person\",\"@id\":\"https:\/\/www.visit-ulcinj.com\/blog\/#\/schema\/person\/dcab619c614d3038751c63bc2aadc06d\",\"name\":\"ulqini\",\"sameAs\":[\"http:\/\/www.visit-ulcinj.com\"],\"url\":\"https:\/\/www.visit-ulcinj.com\/blog\/author\/admin\/\"}]}<\/script>\n<!-- \/ Yoast SEO plugin. -->","yoast_head_json":{"title":"Ulqini po zbrazet se po ia rr\u00ebmbejn\u00eb t\u00eb tjer\u00ebt perspektiven - Lajme nga Ulqini","description":"Ulqini, qytet i banuar me shumic\u00eb absolute shqiptare autoktone, \u00ebsht\u00eb duke p\u00ebrjetuar kriz\u00ebn m\u00eb t\u00eb r\u00ebnd\u00eb ekonomike dhe politike n\u00eb gjysm\u00eb shekullin e","robots":{"index":"index","follow":"follow","max-snippet":"max-snippet:-1","max-image-preview":"max-image-preview:large","max-video-preview":"max-video-preview:-1"},"canonical":"https:\/\/www.visit-ulcinj.com\/blog\/2012\/01\/06\/ulqini-po-zbrazet-se-po-ia-rrembejne-te-tjeret-perspektiven\/","og_locale":"en_US","og_type":"article","og_title":"Ulqini po zbrazet se po ia rr\u00ebmbejn\u00eb t\u00eb tjer\u00ebt perspektiven - Lajme nga Ulqini","og_description":"Ulqini, qytet i banuar me shumic\u00eb absolute shqiptare autoktone, \u00ebsht\u00eb duke p\u00ebrjetuar kriz\u00ebn m\u00eb t\u00eb r\u00ebnd\u00eb ekonomike dhe politike n\u00eb gjysm\u00eb shekullin e","og_url":"https:\/\/www.visit-ulcinj.com\/blog\/2012\/01\/06\/ulqini-po-zbrazet-se-po-ia-rrembejne-te-tjeret-perspektiven\/","og_site_name":"Lajme nga Ulqini","article_published_time":"2012-01-06T10:29:18+00:00","article_modified_time":"2012-01-13T19:35:54+00:00","og_image":[{"url":"http:\/\/www.visit-ulcinj.com\/blog\/wp-content\/uploads\/2012\/01\/Kriza-Ekonomike-ne-Ulqin.jpg"}],"twitter_misc":{"Written by":"ulqini","Est. reading time":"2 minutes"},"schema":{"@context":"https:\/\/schema.org","@graph":[{"@type":"WebSite","@id":"https:\/\/www.visit-ulcinj.com\/blog\/#website","url":"https:\/\/www.visit-ulcinj.com\/blog\/","name":"Lajme nga Ulqini","description":"Lajme,Vijesti,Ulqini,Ulqin,Crna Gora,Mali i Zi","potentialAction":[{"@type":"SearchAction","target":{"@type":"EntryPoint","urlTemplate":"https:\/\/www.visit-ulcinj.com\/blog\/?s={search_term_string}"},"query-input":"required name=search_term_string"}],"inLanguage":"en-US"},{"@type":"ImageObject","inLanguage":"en-US","@id":"https:\/\/www.visit-ulcinj.com\/blog\/2012\/01\/06\/ulqini-po-zbrazet-se-po-ia-rrembejne-te-tjeret-perspektiven\/#primaryimage","url":"https:\/\/www.visit-ulcinj.com\/blog\/wp-content\/uploads\/2012\/01\/Kriza-Ekonomike-ne-Ulqin.jpg","contentUrl":"https:\/\/www.visit-ulcinj.com\/blog\/wp-content\/uploads\/2012\/01\/Kriza-Ekonomike-ne-Ulqin.jpg","width":"455","height":"300"},{"@type":"WebPage","@id":"https:\/\/www.visit-ulcinj.com\/blog\/2012\/01\/06\/ulqini-po-zbrazet-se-po-ia-rrembejne-te-tjeret-perspektiven\/#webpage","url":"https:\/\/www.visit-ulcinj.com\/blog\/2012\/01\/06\/ulqini-po-zbrazet-se-po-ia-rrembejne-te-tjeret-perspektiven\/","name":"Ulqini po zbrazet se po ia rr\u00ebmbejn\u00eb t\u00eb tjer\u00ebt perspektiven - Lajme nga Ulqini","isPartOf":{"@id":"https:\/\/www.visit-ulcinj.com\/blog\/#website"},"primaryImageOfPage":{"@id":"https:\/\/www.visit-ulcinj.com\/blog\/2012\/01\/06\/ulqini-po-zbrazet-se-po-ia-rrembejne-te-tjeret-perspektiven\/#primaryimage"},"datePublished":"2012-01-06T10:29:18+00:00","dateModified":"2012-01-13T19:35:54+00:00","author":{"@id":"https:\/\/www.visit-ulcinj.com\/blog\/#\/schema\/person\/dcab619c614d3038751c63bc2aadc06d"},"description":"Ulqini, qytet i banuar me shumic\u00eb absolute shqiptare autoktone, \u00ebsht\u00eb duke p\u00ebrjetuar kriz\u00ebn m\u00eb t\u00eb r\u00ebnd\u00eb ekonomike dhe politike n\u00eb gjysm\u00eb shekullin e","breadcrumb":{"@id":"https:\/\/www.visit-ulcinj.com\/blog\/2012\/01\/06\/ulqini-po-zbrazet-se-po-ia-rrembejne-te-tjeret-perspektiven\/#breadcrumb"},"inLanguage":"en-US","potentialAction":[{"@type":"ReadAction","target":["https:\/\/www.visit-ulcinj.com\/blog\/2012\/01\/06\/ulqini-po-zbrazet-se-po-ia-rrembejne-te-tjeret-perspektiven\/"]}]},{"@type":"BreadcrumbList","@id":"https:\/\/www.visit-ulcinj.com\/blog\/2012\/01\/06\/ulqini-po-zbrazet-se-po-ia-rrembejne-te-tjeret-perspektiven\/#breadcrumb","itemListElement":[{"@type":"ListItem","position":1,"name":"Ulqini po zbrazet se po ia rr\u00ebmbejn\u00eb t\u00eb tjer\u00ebt perspektiven"}]},{"@type":"Person","@id":"https:\/\/www.visit-ulcinj.com\/blog\/#\/schema\/person\/dcab619c614d3038751c63bc2aadc06d","name":"ulqini","sameAs":["http:\/\/www.visit-ulcinj.com"],"url":"https:\/\/www.visit-ulcinj.com\/blog\/author\/admin\/"}]}},"jetpack_featured_media_url":"","jetpack_sharing_enabled":true,"jetpack_shortlink":"https:\/\/wp.me\/pe6lTn-es9","_links":{"self":[{"href":"https:\/\/www.visit-ulcinj.com\/blog\/wp-json\/wp\/v2\/posts\/55561"}],"collection":[{"href":"https:\/\/www.visit-ulcinj.com\/blog\/wp-json\/wp\/v2\/posts"}],"about":[{"href":"https:\/\/www.visit-ulcinj.com\/blog\/wp-json\/wp\/v2\/types\/post"}],"author":[{"embeddable":true,"href":"https:\/\/www.visit-ulcinj.com\/blog\/wp-json\/wp\/v2\/users\/1"}],"replies":[{"embeddable":true,"href":"https:\/\/www.visit-ulcinj.com\/blog\/wp-json\/wp\/v2\/comments?post=55561"}],"version-history":[{"count":7,"href":"https:\/\/www.visit-ulcinj.com\/blog\/wp-json\/wp\/v2\/posts\/55561\/revisions"}],"predecessor-version":[{"id":55622,"href":"https:\/\/www.visit-ulcinj.com\/blog\/wp-json\/wp\/v2\/posts\/55561\/revisions\/55622"}],"wp:attachment":[{"href":"https:\/\/www.visit-ulcinj.com\/blog\/wp-json\/wp\/v2\/media?parent=55561"}],"wp:term":[{"taxonomy":"category","embeddable":true,"href":"https:\/\/www.visit-ulcinj.com\/blog\/wp-json\/wp\/v2\/categories?post=55561"},{"taxonomy":"post_tag","embeddable":true,"href":"https:\/\/www.visit-ulcinj.com\/blog\/wp-json\/wp\/v2\/tags?post=55561"}],"curies":[{"name":"wp","href":"https:\/\/api.w.org\/{rel}","templated":true}]}}