{"id":55569,"date":"2012-01-06T11:53:06","date_gmt":"2012-01-06T10:53:06","guid":{"rendered":"http:\/\/www.visit-ulcinj.com\/blog\/?p=55569"},"modified":"2012-01-06T11:53:06","modified_gmt":"2012-01-06T10:53:06","slug":"sabriu-nuk-fitoj-sa-mendojne-te-tjeret","status":"publish","type":"post","link":"https:\/\/www.visit-ulcinj.com\/blog\/2012\/01\/06\/sabriu-nuk-fitoj-sa-mendojne-te-tjeret\/","title":{"rendered":"Sabriu: Nuk fitoj sa mendojn\u00eb t\u00eb tjer\u00ebt"},"content":{"rendered":"<p><strong><a href=\"http:\/\/www.visit-ulcinj.com\/blog\/wp-content\/uploads\/2012\/01\/Sabri-Fejzullahu.jpg\"><img loading=\"lazy\" class=\"alignleft  wp-image-55570\" title=\"Sabri Fejzullahu\" src=\"http:\/\/www.visit-ulcinj.com\/blog\/wp-content\/uploads\/2012\/01\/Sabri-Fejzullahu.jpg\" alt=\"\" width=\"508\" height=\"382\" \/><\/a>Edhe pse viti 2011 e p\u00ebrcjelli me shum\u00eb fat dhe sukses p\u00ebrs\u00ebri nuk arriti t\u00eb vetk\u00ebnaqet me fitimet q\u00eb pati n\u00eb angazhimet e tij muzikore.<\/strong><\/p>\n<p>Kjo p\u00ebr faktin siq thot\u00eb edhe vet Sabriu kushtet ekonomike kan\u00eb ndikuar q\u00eb t\u00eb bie puna e k\u00ebng\u00ebtar\u00ebve tan\u00eb kudo q\u00eb kan\u00eb performuar qoft\u00eb brenda apo edhe jasht\u00eb vendit.<\/p>\n<p>\u201cEdhe pse identifikohem si k\u00ebng\u00ebtar\u00eb q\u00eb fitoj shum\u00eb, p\u00ebrs\u00ebri them se kjo nuk \u00ebsht\u00eb e v\u00ebrtet\u00eb sepse duke u nisur nga shpenzimet mund t\u00eb them se fitimet nuk jan\u00eb as sa gjysma. Fillimisht e menaxhoj vet pun\u00ebn time, nuk kam asnj\u00eb q\u00eb p\u00ebrkujdeset dhe m\u00eb ndihmon n\u00eb k\u00ebt\u00eb profesion.<\/p>\n<p>Paguaj kompozitorin, tekstshkruesin, paguaj videoklipin me \u00e7mime mjaft\u00eb t\u00eb larta, nd\u00ebrsa p\u00ebr t\u00eb realizuar nj\u00eb album duhet nj\u00eb investim i madh. Kur ke parasysh q\u00eb albumin nuk ta blen askush, sepse menjher\u00eb futen n\u00eb internet dhe aty mund t\u2019i gjesh t\u00eb gjitha, at\u00ebher\u00eb edhe produksioni nuk ta paguan. T\u00eb shitet nj\u00eb CD 70 cent \u00ebsht\u00eb gjynah i madh, andaj me k\u00ebt\u00eb ballafaqohen k\u00ebng\u00ebtar\u00ebt tan\u00eb.<\/p>\n<p>Nuk jam k\u00ebng\u00ebtar\u00eb italian, amerikan, por jam k\u00ebng\u00ebtar i Kosov\u00ebs q\u00eb 2 vjet shtet\u201d, ka th\u00ebn\u00eb ai p\u00ebr \u201cZ\u00ebrin\u201d. Nd\u00ebrrimin e moteve Sabriu si gjithnj\u00eb e priti me artdash\u00ebsit e tij n\u00eb diaspor\u00eb, ku thot\u00eb se arriti t\u00eb kaloj\u00eb nj\u00eb mbr\u00ebmje t\u00eb mrekullueshme. \u201cNat\u00ebn e par\u00eb t\u00eb vitit t\u00eb ri e kam kaluar me adhuruesit e mi n\u00eb diaspor\u00eb respektivisht n\u00eb Hagen t\u00eb Gjermanis\u00eb. Nd\u00ebrsa nat\u00ebn e dyt\u00eb e kam kaluar me m\u00eb t\u00eb dashurit e mi n\u00eb ambientin familjar\u201d, thot\u00eb ai. Sabriu uron q\u00eb n\u00eb vitin 2012 t\u00eb ket\u00eb sa m\u00eb shum\u00eb fat dhe suksese n\u00eb karrier\u00eb.<\/p>\n<p><strong>Thashetheme<br \/>\n<!--YouTube Error: bad URL entered--><br \/>\n<\/strong><\/p>\n","protected":false},"excerpt":{"rendered":"<p>Edhe pse viti 2011 e p\u00ebrcjelli me shum\u00eb fat dhe sukses p\u00ebrs\u00ebri nuk arriti t\u00eb vetk\u00ebnaqet me fitimet q\u00eb pati n\u00eb angazhimet e tij muzikore. Kjo p\u00ebr faktin siq thot\u00eb edhe vet Sabriu kushtet ekonomike kan\u00eb ndikuar q\u00eb t\u00eb bie puna e k\u00ebng\u00ebtar\u00ebve tan\u00eb kudo q\u00eb kan\u00eb performuar qoft\u00eb brenda apo edhe jasht\u00eb vendit. \u201cEdhe [&hellip;]<\/p>\n","protected":false},"author":1,"featured_media":0,"comment_status":"open","ping_status":"closed","sticky":false,"template":"","format":"standard","meta":{"spay_email":"","jetpack_publicize_message":"","jetpack_is_tweetstorm":false,"jetpack_publicize_feature_enabled":true},"categories":[1],"tags":[5047],"jetpack_publicize_connections":[],"yoast_head":"<!-- This site is optimized with the Yoast SEO plugin v19.1 - https:\/\/yoast.com\/wordpress\/plugins\/seo\/ -->\n<title>Sabriu: Nuk fitoj sa mendojn\u00eb t\u00eb tjer\u00ebt - Lajme nga Ulqini<\/title>\n<meta name=\"description\" content=\"Edhe pse viti 2011 e p\u00ebrcjelli me shum\u00eb fat dhe sukses p\u00ebrs\u00ebri nuk arriti t\u00eb vetk\u00ebnaqet me fitimet q\u00eb pati n\u00eb angazhimet e tij muzikore. Kjo p\u00ebr faktin\" \/>\n<meta name=\"robots\" content=\"index, follow, max-snippet:-1, max-image-preview:large, max-video-preview:-1\" \/>\n<link rel=\"canonical\" href=\"https:\/\/www.visit-ulcinj.com\/blog\/2012\/01\/06\/sabriu-nuk-fitoj-sa-mendojne-te-tjeret\/\" \/>\n<meta property=\"og:locale\" content=\"en_US\" \/>\n<meta property=\"og:type\" content=\"article\" \/>\n<meta property=\"og:title\" content=\"Sabriu: Nuk fitoj sa mendojn\u00eb t\u00eb tjer\u00ebt - Lajme nga Ulqini\" \/>\n<meta property=\"og:description\" content=\"Edhe pse viti 2011 e p\u00ebrcjelli me shum\u00eb fat dhe sukses p\u00ebrs\u00ebri nuk arriti t\u00eb vetk\u00ebnaqet me fitimet q\u00eb pati n\u00eb angazhimet e tij muzikore. Kjo p\u00ebr faktin\" \/>\n<meta property=\"og:url\" content=\"https:\/\/www.visit-ulcinj.com\/blog\/2012\/01\/06\/sabriu-nuk-fitoj-sa-mendojne-te-tjeret\/\" \/>\n<meta property=\"og:site_name\" content=\"Lajme nga Ulqini\" \/>\n<meta property=\"article:published_time\" content=\"2012-01-06T10:53:06+00:00\" \/>\n<meta property=\"og:image\" content=\"http:\/\/www.visit-ulcinj.com\/blog\/wp-content\/uploads\/2012\/01\/Sabri-Fejzullahu.jpg\" \/>\n<meta name=\"twitter:label1\" content=\"Written by\" \/>\n\t<meta name=\"twitter:data1\" content=\"ulqini\" \/>\n\t<meta name=\"twitter:label2\" content=\"Est. reading time\" \/>\n\t<meta name=\"twitter:data2\" content=\"2 minutes\" \/>\n<script type=\"application\/ld+json\" class=\"yoast-schema-graph\">{\"@context\":\"https:\/\/schema.org\",\"@graph\":[{\"@type\":\"WebSite\",\"@id\":\"https:\/\/www.visit-ulcinj.com\/blog\/#website\",\"url\":\"https:\/\/www.visit-ulcinj.com\/blog\/\",\"name\":\"Lajme nga Ulqini\",\"description\":\"Lajme,Vijesti,Ulqini,Ulqin,Crna Gora,Mali i Zi\",\"potentialAction\":[{\"@type\":\"SearchAction\",\"target\":{\"@type\":\"EntryPoint\",\"urlTemplate\":\"https:\/\/www.visit-ulcinj.com\/blog\/?s={search_term_string}\"},\"query-input\":\"required name=search_term_string\"}],\"inLanguage\":\"en-US\"},{\"@type\":\"ImageObject\",\"inLanguage\":\"en-US\",\"@id\":\"https:\/\/www.visit-ulcinj.com\/blog\/2012\/01\/06\/sabriu-nuk-fitoj-sa-mendojne-te-tjeret\/#primaryimage\",\"url\":\"http:\/\/www.visit-ulcinj.com\/blog\/wp-content\/uploads\/2012\/01\/Sabri-Fejzullahu.jpg\",\"contentUrl\":\"http:\/\/www.visit-ulcinj.com\/blog\/wp-content\/uploads\/2012\/01\/Sabri-Fejzullahu.jpg\"},{\"@type\":\"WebPage\",\"@id\":\"https:\/\/www.visit-ulcinj.com\/blog\/2012\/01\/06\/sabriu-nuk-fitoj-sa-mendojne-te-tjeret\/#webpage\",\"url\":\"https:\/\/www.visit-ulcinj.com\/blog\/2012\/01\/06\/sabriu-nuk-fitoj-sa-mendojne-te-tjeret\/\",\"name\":\"Sabriu: Nuk fitoj sa mendojn\u00eb t\u00eb tjer\u00ebt - Lajme nga Ulqini\",\"isPartOf\":{\"@id\":\"https:\/\/www.visit-ulcinj.com\/blog\/#website\"},\"primaryImageOfPage\":{\"@id\":\"https:\/\/www.visit-ulcinj.com\/blog\/2012\/01\/06\/sabriu-nuk-fitoj-sa-mendojne-te-tjeret\/#primaryimage\"},\"datePublished\":\"2012-01-06T10:53:06+00:00\",\"dateModified\":\"2012-01-06T10:53:06+00:00\",\"author\":{\"@id\":\"https:\/\/www.visit-ulcinj.com\/blog\/#\/schema\/person\/dcab619c614d3038751c63bc2aadc06d\"},\"description\":\"Edhe pse viti 2011 e p\u00ebrcjelli me shum\u00eb fat dhe sukses p\u00ebrs\u00ebri nuk arriti t\u00eb vetk\u00ebnaqet me fitimet q\u00eb pati n\u00eb angazhimet e tij muzikore. Kjo p\u00ebr faktin\",\"breadcrumb\":{\"@id\":\"https:\/\/www.visit-ulcinj.com\/blog\/2012\/01\/06\/sabriu-nuk-fitoj-sa-mendojne-te-tjeret\/#breadcrumb\"},\"inLanguage\":\"en-US\",\"potentialAction\":[{\"@type\":\"ReadAction\",\"target\":[\"https:\/\/www.visit-ulcinj.com\/blog\/2012\/01\/06\/sabriu-nuk-fitoj-sa-mendojne-te-tjeret\/\"]}]},{\"@type\":\"BreadcrumbList\",\"@id\":\"https:\/\/www.visit-ulcinj.com\/blog\/2012\/01\/06\/sabriu-nuk-fitoj-sa-mendojne-te-tjeret\/#breadcrumb\",\"itemListElement\":[{\"@type\":\"ListItem\",\"position\":1,\"name\":\"Sabriu: Nuk fitoj sa mendojn\u00eb t\u00eb tjer\u00ebt\"}]},{\"@type\":\"Person\",\"@id\":\"https:\/\/www.visit-ulcinj.com\/blog\/#\/schema\/person\/dcab619c614d3038751c63bc2aadc06d\",\"name\":\"ulqini\",\"sameAs\":[\"http:\/\/www.visit-ulcinj.com\"],\"url\":\"https:\/\/www.visit-ulcinj.com\/blog\/author\/admin\/\"}]}<\/script>\n<!-- \/ Yoast SEO plugin. -->","yoast_head_json":{"title":"Sabriu: Nuk fitoj sa mendojn\u00eb t\u00eb tjer\u00ebt - Lajme nga Ulqini","description":"Edhe pse viti 2011 e p\u00ebrcjelli me shum\u00eb fat dhe sukses p\u00ebrs\u00ebri nuk arriti t\u00eb vetk\u00ebnaqet me fitimet q\u00eb pati n\u00eb angazhimet e tij muzikore. Kjo p\u00ebr faktin","robots":{"index":"index","follow":"follow","max-snippet":"max-snippet:-1","max-image-preview":"max-image-preview:large","max-video-preview":"max-video-preview:-1"},"canonical":"https:\/\/www.visit-ulcinj.com\/blog\/2012\/01\/06\/sabriu-nuk-fitoj-sa-mendojne-te-tjeret\/","og_locale":"en_US","og_type":"article","og_title":"Sabriu: Nuk fitoj sa mendojn\u00eb t\u00eb tjer\u00ebt - Lajme nga Ulqini","og_description":"Edhe pse viti 2011 e p\u00ebrcjelli me shum\u00eb fat dhe sukses p\u00ebrs\u00ebri nuk arriti t\u00eb vetk\u00ebnaqet me fitimet q\u00eb pati n\u00eb angazhimet e tij muzikore. Kjo p\u00ebr faktin","og_url":"https:\/\/www.visit-ulcinj.com\/blog\/2012\/01\/06\/sabriu-nuk-fitoj-sa-mendojne-te-tjeret\/","og_site_name":"Lajme nga Ulqini","article_published_time":"2012-01-06T10:53:06+00:00","og_image":[{"url":"http:\/\/www.visit-ulcinj.com\/blog\/wp-content\/uploads\/2012\/01\/Sabri-Fejzullahu.jpg"}],"twitter_misc":{"Written by":"ulqini","Est. reading time":"2 minutes"},"schema":{"@context":"https:\/\/schema.org","@graph":[{"@type":"WebSite","@id":"https:\/\/www.visit-ulcinj.com\/blog\/#website","url":"https:\/\/www.visit-ulcinj.com\/blog\/","name":"Lajme nga Ulqini","description":"Lajme,Vijesti,Ulqini,Ulqin,Crna Gora,Mali i Zi","potentialAction":[{"@type":"SearchAction","target":{"@type":"EntryPoint","urlTemplate":"https:\/\/www.visit-ulcinj.com\/blog\/?s={search_term_string}"},"query-input":"required name=search_term_string"}],"inLanguage":"en-US"},{"@type":"ImageObject","inLanguage":"en-US","@id":"https:\/\/www.visit-ulcinj.com\/blog\/2012\/01\/06\/sabriu-nuk-fitoj-sa-mendojne-te-tjeret\/#primaryimage","url":"http:\/\/www.visit-ulcinj.com\/blog\/wp-content\/uploads\/2012\/01\/Sabri-Fejzullahu.jpg","contentUrl":"http:\/\/www.visit-ulcinj.com\/blog\/wp-content\/uploads\/2012\/01\/Sabri-Fejzullahu.jpg"},{"@type":"WebPage","@id":"https:\/\/www.visit-ulcinj.com\/blog\/2012\/01\/06\/sabriu-nuk-fitoj-sa-mendojne-te-tjeret\/#webpage","url":"https:\/\/www.visit-ulcinj.com\/blog\/2012\/01\/06\/sabriu-nuk-fitoj-sa-mendojne-te-tjeret\/","name":"Sabriu: Nuk fitoj sa mendojn\u00eb t\u00eb tjer\u00ebt - Lajme nga Ulqini","isPartOf":{"@id":"https:\/\/www.visit-ulcinj.com\/blog\/#website"},"primaryImageOfPage":{"@id":"https:\/\/www.visit-ulcinj.com\/blog\/2012\/01\/06\/sabriu-nuk-fitoj-sa-mendojne-te-tjeret\/#primaryimage"},"datePublished":"2012-01-06T10:53:06+00:00","dateModified":"2012-01-06T10:53:06+00:00","author":{"@id":"https:\/\/www.visit-ulcinj.com\/blog\/#\/schema\/person\/dcab619c614d3038751c63bc2aadc06d"},"description":"Edhe pse viti 2011 e p\u00ebrcjelli me shum\u00eb fat dhe sukses p\u00ebrs\u00ebri nuk arriti t\u00eb vetk\u00ebnaqet me fitimet q\u00eb pati n\u00eb angazhimet e tij muzikore. Kjo p\u00ebr faktin","breadcrumb":{"@id":"https:\/\/www.visit-ulcinj.com\/blog\/2012\/01\/06\/sabriu-nuk-fitoj-sa-mendojne-te-tjeret\/#breadcrumb"},"inLanguage":"en-US","potentialAction":[{"@type":"ReadAction","target":["https:\/\/www.visit-ulcinj.com\/blog\/2012\/01\/06\/sabriu-nuk-fitoj-sa-mendojne-te-tjeret\/"]}]},{"@type":"BreadcrumbList","@id":"https:\/\/www.visit-ulcinj.com\/blog\/2012\/01\/06\/sabriu-nuk-fitoj-sa-mendojne-te-tjeret\/#breadcrumb","itemListElement":[{"@type":"ListItem","position":1,"name":"Sabriu: Nuk fitoj sa mendojn\u00eb t\u00eb tjer\u00ebt"}]},{"@type":"Person","@id":"https:\/\/www.visit-ulcinj.com\/blog\/#\/schema\/person\/dcab619c614d3038751c63bc2aadc06d","name":"ulqini","sameAs":["http:\/\/www.visit-ulcinj.com"],"url":"https:\/\/www.visit-ulcinj.com\/blog\/author\/admin\/"}]}},"jetpack_featured_media_url":"","jetpack_sharing_enabled":true,"jetpack_shortlink":"https:\/\/wp.me\/pe6lTn-esh","_links":{"self":[{"href":"https:\/\/www.visit-ulcinj.com\/blog\/wp-json\/wp\/v2\/posts\/55569"}],"collection":[{"href":"https:\/\/www.visit-ulcinj.com\/blog\/wp-json\/wp\/v2\/posts"}],"about":[{"href":"https:\/\/www.visit-ulcinj.com\/blog\/wp-json\/wp\/v2\/types\/post"}],"author":[{"embeddable":true,"href":"https:\/\/www.visit-ulcinj.com\/blog\/wp-json\/wp\/v2\/users\/1"}],"replies":[{"embeddable":true,"href":"https:\/\/www.visit-ulcinj.com\/blog\/wp-json\/wp\/v2\/comments?post=55569"}],"version-history":[{"count":1,"href":"https:\/\/www.visit-ulcinj.com\/blog\/wp-json\/wp\/v2\/posts\/55569\/revisions"}],"predecessor-version":[{"id":55571,"href":"https:\/\/www.visit-ulcinj.com\/blog\/wp-json\/wp\/v2\/posts\/55569\/revisions\/55571"}],"wp:attachment":[{"href":"https:\/\/www.visit-ulcinj.com\/blog\/wp-json\/wp\/v2\/media?parent=55569"}],"wp:term":[{"taxonomy":"category","embeddable":true,"href":"https:\/\/www.visit-ulcinj.com\/blog\/wp-json\/wp\/v2\/categories?post=55569"},{"taxonomy":"post_tag","embeddable":true,"href":"https:\/\/www.visit-ulcinj.com\/blog\/wp-json\/wp\/v2\/tags?post=55569"}],"curies":[{"name":"wp","href":"https:\/\/api.w.org\/{rel}","templated":true}]}}