{"id":55573,"date":"2012-01-06T12:20:25","date_gmt":"2012-01-06T11:20:25","guid":{"rendered":"http:\/\/www.visit-ulcinj.com\/blog\/?p=55573"},"modified":"2012-01-06T12:20:25","modified_gmt":"2012-01-06T11:20:25","slug":"miriam-cani-nje-emer-qe-shet","status":"publish","type":"post","link":"https:\/\/www.visit-ulcinj.com\/blog\/2012\/01\/06\/miriam-cani-nje-emer-qe-shet\/","title":{"rendered":"Miriam Cani, nj\u00eb em\u00ebr q\u00eb shet\u2026!"},"content":{"rendered":"<p><a href=\"http:\/\/www.visit-ulcinj.com\/blog\/wp-content\/uploads\/2012\/01\/Miriam-Cani.jpg\"><img loading=\"lazy\" class=\"alignleft  wp-image-55574\" title=\"Miriam Cani\" src=\"http:\/\/www.visit-ulcinj.com\/blog\/wp-content\/uploads\/2012\/01\/Miriam-Cani.jpg\" alt=\"\" width=\"508\" height=\"380\" \/><\/a>Tashm\u00eb dihet q\u00eb imazhi i emrave t\u00eb njohur t\u00eb sken\u00ebs mund t\u00eb jen\u00eb nj\u00eb objekt mjaft ndjell\u00ebs ndaj bler\u00ebsve, prandaj edhe nj\u00eb prej dyqaneve m\u00eb t\u00eb njohura n\u00eb kryeqytet ka vendosur q\u00eb t\u00eb p\u00ebrdor\u00eb fytyr\u00ebn e Miriam Canit p\u00ebr t\u00eb shitur produktet e saj.<\/p>\n<p>Pasi ka vendosur t\u00eb jetoj\u00eb p\u00ebrkoh\u00ebsisht n\u00eb Tiran\u00eb, k\u00ebng\u00ebtarja e suksesshme ka pranuar t\u00eb shfryt\u00ebzoj\u00eb \u00e7do mund\u00ebsi q\u00eb i jepet p\u00ebr t\u00eb justifikuar jetes\u00ebn n\u00eb kryeqytet.<\/p>\n<p>Kjo e ka shtyr\u00eb q\u00eb t\u00eb pranoj\u00eb t\u00eb firmos\u00eb nj\u00eb kontrat\u00eb me dyqanin e bizhuterive dhe t\u00eb jet\u00eb imazhi i tij p\u00ebr nj\u00eb vit. Nuk dihet ende se cila \u00ebsht\u00eb shifra q\u00eb e ka joshur Miriamin p\u00ebr qen\u00eb reklama e k\u00ebtij biznesi, por padyshim do t\u00eb ket\u00eb qen\u00eb e k\u00ebnaqshme\u2026!<\/p>\n<p><strong>Koha Net<br \/>\n<!--YouTube Error: bad URL entered--><br \/>\n<\/strong><\/p>\n","protected":false},"excerpt":{"rendered":"<p>Tashm\u00eb dihet q\u00eb imazhi i emrave t\u00eb njohur t\u00eb sken\u00ebs mund t\u00eb jen\u00eb nj\u00eb objekt mjaft ndjell\u00ebs ndaj bler\u00ebsve, prandaj edhe nj\u00eb prej dyqaneve m\u00eb t\u00eb njohura n\u00eb kryeqytet ka vendosur q\u00eb t\u00eb p\u00ebrdor\u00eb fytyr\u00ebn e Miriam Canit p\u00ebr t\u00eb shitur produktet e saj. Pasi ka vendosur t\u00eb jetoj\u00eb p\u00ebrkoh\u00ebsisht n\u00eb Tiran\u00eb, k\u00ebng\u00ebtarja e suksesshme [&hellip;]<\/p>\n","protected":false},"author":1,"featured_media":0,"comment_status":"open","ping_status":"closed","sticky":false,"template":"","format":"standard","meta":{"spay_email":"","jetpack_publicize_message":"","jetpack_is_tweetstorm":false,"jetpack_publicize_feature_enabled":true},"categories":[1],"tags":[10632],"jetpack_publicize_connections":[],"yoast_head":"<!-- This site is optimized with the Yoast SEO plugin v19.1 - https:\/\/yoast.com\/wordpress\/plugins\/seo\/ -->\n<title>Miriam Cani, nj\u00eb em\u00ebr q\u00eb shet\u2026! - Lajme nga Ulqini<\/title>\n<meta name=\"description\" content=\"Tashm\u00eb dihet q\u00eb imazhi i emrave t\u00eb njohur t\u00eb sken\u00ebs mund t\u00eb jen\u00eb nj\u00eb objekt mjaft ndjell\u00ebs ndaj bler\u00ebsve, prandaj edhe nj\u00eb prej dyqaneve m\u00eb t\u00eb njohura n\u00eb\" \/>\n<meta name=\"robots\" content=\"index, follow, max-snippet:-1, max-image-preview:large, max-video-preview:-1\" \/>\n<link rel=\"canonical\" href=\"https:\/\/www.visit-ulcinj.com\/blog\/2012\/01\/06\/miriam-cani-nje-emer-qe-shet\/\" \/>\n<meta property=\"og:locale\" content=\"en_US\" \/>\n<meta property=\"og:type\" content=\"article\" \/>\n<meta property=\"og:title\" content=\"Miriam Cani, nj\u00eb em\u00ebr q\u00eb shet\u2026! - Lajme nga Ulqini\" \/>\n<meta property=\"og:description\" content=\"Tashm\u00eb dihet q\u00eb imazhi i emrave t\u00eb njohur t\u00eb sken\u00ebs mund t\u00eb jen\u00eb nj\u00eb objekt mjaft ndjell\u00ebs ndaj bler\u00ebsve, prandaj edhe nj\u00eb prej dyqaneve m\u00eb t\u00eb njohura n\u00eb\" \/>\n<meta property=\"og:url\" content=\"https:\/\/www.visit-ulcinj.com\/blog\/2012\/01\/06\/miriam-cani-nje-emer-qe-shet\/\" \/>\n<meta property=\"og:site_name\" content=\"Lajme nga Ulqini\" \/>\n<meta property=\"article:published_time\" content=\"2012-01-06T11:20:25+00:00\" \/>\n<meta property=\"og:image\" content=\"http:\/\/www.visit-ulcinj.com\/blog\/wp-content\/uploads\/2012\/01\/Miriam-Cani.jpg\" \/>\n<meta name=\"twitter:label1\" content=\"Written by\" \/>\n\t<meta name=\"twitter:data1\" content=\"ulqini\" \/>\n\t<meta name=\"twitter:label2\" content=\"Est. reading time\" \/>\n\t<meta name=\"twitter:data2\" content=\"1 minute\" \/>\n<script type=\"application\/ld+json\" class=\"yoast-schema-graph\">{\"@context\":\"https:\/\/schema.org\",\"@graph\":[{\"@type\":\"WebSite\",\"@id\":\"https:\/\/www.visit-ulcinj.com\/blog\/#website\",\"url\":\"https:\/\/www.visit-ulcinj.com\/blog\/\",\"name\":\"Lajme nga Ulqini\",\"description\":\"Lajme,Vijesti,Ulqini,Ulqin,Crna Gora,Mali i Zi\",\"potentialAction\":[{\"@type\":\"SearchAction\",\"target\":{\"@type\":\"EntryPoint\",\"urlTemplate\":\"https:\/\/www.visit-ulcinj.com\/blog\/?s={search_term_string}\"},\"query-input\":\"required name=search_term_string\"}],\"inLanguage\":\"en-US\"},{\"@type\":\"ImageObject\",\"inLanguage\":\"en-US\",\"@id\":\"https:\/\/www.visit-ulcinj.com\/blog\/2012\/01\/06\/miriam-cani-nje-emer-qe-shet\/#primaryimage\",\"url\":\"http:\/\/www.visit-ulcinj.com\/blog\/wp-content\/uploads\/2012\/01\/Miriam-Cani.jpg\",\"contentUrl\":\"http:\/\/www.visit-ulcinj.com\/blog\/wp-content\/uploads\/2012\/01\/Miriam-Cani.jpg\"},{\"@type\":\"WebPage\",\"@id\":\"https:\/\/www.visit-ulcinj.com\/blog\/2012\/01\/06\/miriam-cani-nje-emer-qe-shet\/#webpage\",\"url\":\"https:\/\/www.visit-ulcinj.com\/blog\/2012\/01\/06\/miriam-cani-nje-emer-qe-shet\/\",\"name\":\"Miriam Cani, nj\u00eb em\u00ebr q\u00eb shet\u2026! - Lajme nga Ulqini\",\"isPartOf\":{\"@id\":\"https:\/\/www.visit-ulcinj.com\/blog\/#website\"},\"primaryImageOfPage\":{\"@id\":\"https:\/\/www.visit-ulcinj.com\/blog\/2012\/01\/06\/miriam-cani-nje-emer-qe-shet\/#primaryimage\"},\"datePublished\":\"2012-01-06T11:20:25+00:00\",\"dateModified\":\"2012-01-06T11:20:25+00:00\",\"author\":{\"@id\":\"https:\/\/www.visit-ulcinj.com\/blog\/#\/schema\/person\/dcab619c614d3038751c63bc2aadc06d\"},\"description\":\"Tashm\u00eb dihet q\u00eb imazhi i emrave t\u00eb njohur t\u00eb sken\u00ebs mund t\u00eb jen\u00eb nj\u00eb objekt mjaft ndjell\u00ebs ndaj bler\u00ebsve, prandaj edhe nj\u00eb prej dyqaneve m\u00eb t\u00eb njohura n\u00eb\",\"breadcrumb\":{\"@id\":\"https:\/\/www.visit-ulcinj.com\/blog\/2012\/01\/06\/miriam-cani-nje-emer-qe-shet\/#breadcrumb\"},\"inLanguage\":\"en-US\",\"potentialAction\":[{\"@type\":\"ReadAction\",\"target\":[\"https:\/\/www.visit-ulcinj.com\/blog\/2012\/01\/06\/miriam-cani-nje-emer-qe-shet\/\"]}]},{\"@type\":\"BreadcrumbList\",\"@id\":\"https:\/\/www.visit-ulcinj.com\/blog\/2012\/01\/06\/miriam-cani-nje-emer-qe-shet\/#breadcrumb\",\"itemListElement\":[{\"@type\":\"ListItem\",\"position\":1,\"name\":\"Miriam Cani, nj\u00eb em\u00ebr q\u00eb shet\u2026!\"}]},{\"@type\":\"Person\",\"@id\":\"https:\/\/www.visit-ulcinj.com\/blog\/#\/schema\/person\/dcab619c614d3038751c63bc2aadc06d\",\"name\":\"ulqini\",\"sameAs\":[\"http:\/\/www.visit-ulcinj.com\"],\"url\":\"https:\/\/www.visit-ulcinj.com\/blog\/author\/admin\/\"}]}<\/script>\n<!-- \/ Yoast SEO plugin. -->","yoast_head_json":{"title":"Miriam Cani, nj\u00eb em\u00ebr q\u00eb shet\u2026! - Lajme nga Ulqini","description":"Tashm\u00eb dihet q\u00eb imazhi i emrave t\u00eb njohur t\u00eb sken\u00ebs mund t\u00eb jen\u00eb nj\u00eb objekt mjaft ndjell\u00ebs ndaj bler\u00ebsve, prandaj edhe nj\u00eb prej dyqaneve m\u00eb t\u00eb njohura n\u00eb","robots":{"index":"index","follow":"follow","max-snippet":"max-snippet:-1","max-image-preview":"max-image-preview:large","max-video-preview":"max-video-preview:-1"},"canonical":"https:\/\/www.visit-ulcinj.com\/blog\/2012\/01\/06\/miriam-cani-nje-emer-qe-shet\/","og_locale":"en_US","og_type":"article","og_title":"Miriam Cani, nj\u00eb em\u00ebr q\u00eb shet\u2026! - Lajme nga Ulqini","og_description":"Tashm\u00eb dihet q\u00eb imazhi i emrave t\u00eb njohur t\u00eb sken\u00ebs mund t\u00eb jen\u00eb nj\u00eb objekt mjaft ndjell\u00ebs ndaj bler\u00ebsve, prandaj edhe nj\u00eb prej dyqaneve m\u00eb t\u00eb njohura n\u00eb","og_url":"https:\/\/www.visit-ulcinj.com\/blog\/2012\/01\/06\/miriam-cani-nje-emer-qe-shet\/","og_site_name":"Lajme nga Ulqini","article_published_time":"2012-01-06T11:20:25+00:00","og_image":[{"url":"http:\/\/www.visit-ulcinj.com\/blog\/wp-content\/uploads\/2012\/01\/Miriam-Cani.jpg"}],"twitter_misc":{"Written by":"ulqini","Est. reading time":"1 minute"},"schema":{"@context":"https:\/\/schema.org","@graph":[{"@type":"WebSite","@id":"https:\/\/www.visit-ulcinj.com\/blog\/#website","url":"https:\/\/www.visit-ulcinj.com\/blog\/","name":"Lajme nga Ulqini","description":"Lajme,Vijesti,Ulqini,Ulqin,Crna Gora,Mali i Zi","potentialAction":[{"@type":"SearchAction","target":{"@type":"EntryPoint","urlTemplate":"https:\/\/www.visit-ulcinj.com\/blog\/?s={search_term_string}"},"query-input":"required name=search_term_string"}],"inLanguage":"en-US"},{"@type":"ImageObject","inLanguage":"en-US","@id":"https:\/\/www.visit-ulcinj.com\/blog\/2012\/01\/06\/miriam-cani-nje-emer-qe-shet\/#primaryimage","url":"http:\/\/www.visit-ulcinj.com\/blog\/wp-content\/uploads\/2012\/01\/Miriam-Cani.jpg","contentUrl":"http:\/\/www.visit-ulcinj.com\/blog\/wp-content\/uploads\/2012\/01\/Miriam-Cani.jpg"},{"@type":"WebPage","@id":"https:\/\/www.visit-ulcinj.com\/blog\/2012\/01\/06\/miriam-cani-nje-emer-qe-shet\/#webpage","url":"https:\/\/www.visit-ulcinj.com\/blog\/2012\/01\/06\/miriam-cani-nje-emer-qe-shet\/","name":"Miriam Cani, nj\u00eb em\u00ebr q\u00eb shet\u2026! - Lajme nga Ulqini","isPartOf":{"@id":"https:\/\/www.visit-ulcinj.com\/blog\/#website"},"primaryImageOfPage":{"@id":"https:\/\/www.visit-ulcinj.com\/blog\/2012\/01\/06\/miriam-cani-nje-emer-qe-shet\/#primaryimage"},"datePublished":"2012-01-06T11:20:25+00:00","dateModified":"2012-01-06T11:20:25+00:00","author":{"@id":"https:\/\/www.visit-ulcinj.com\/blog\/#\/schema\/person\/dcab619c614d3038751c63bc2aadc06d"},"description":"Tashm\u00eb dihet q\u00eb imazhi i emrave t\u00eb njohur t\u00eb sken\u00ebs mund t\u00eb jen\u00eb nj\u00eb objekt mjaft ndjell\u00ebs ndaj bler\u00ebsve, prandaj edhe nj\u00eb prej dyqaneve m\u00eb t\u00eb njohura n\u00eb","breadcrumb":{"@id":"https:\/\/www.visit-ulcinj.com\/blog\/2012\/01\/06\/miriam-cani-nje-emer-qe-shet\/#breadcrumb"},"inLanguage":"en-US","potentialAction":[{"@type":"ReadAction","target":["https:\/\/www.visit-ulcinj.com\/blog\/2012\/01\/06\/miriam-cani-nje-emer-qe-shet\/"]}]},{"@type":"BreadcrumbList","@id":"https:\/\/www.visit-ulcinj.com\/blog\/2012\/01\/06\/miriam-cani-nje-emer-qe-shet\/#breadcrumb","itemListElement":[{"@type":"ListItem","position":1,"name":"Miriam Cani, nj\u00eb em\u00ebr q\u00eb shet\u2026!"}]},{"@type":"Person","@id":"https:\/\/www.visit-ulcinj.com\/blog\/#\/schema\/person\/dcab619c614d3038751c63bc2aadc06d","name":"ulqini","sameAs":["http:\/\/www.visit-ulcinj.com"],"url":"https:\/\/www.visit-ulcinj.com\/blog\/author\/admin\/"}]}},"jetpack_featured_media_url":"","jetpack_sharing_enabled":true,"jetpack_shortlink":"https:\/\/wp.me\/pe6lTn-esl","_links":{"self":[{"href":"https:\/\/www.visit-ulcinj.com\/blog\/wp-json\/wp\/v2\/posts\/55573"}],"collection":[{"href":"https:\/\/www.visit-ulcinj.com\/blog\/wp-json\/wp\/v2\/posts"}],"about":[{"href":"https:\/\/www.visit-ulcinj.com\/blog\/wp-json\/wp\/v2\/types\/post"}],"author":[{"embeddable":true,"href":"https:\/\/www.visit-ulcinj.com\/blog\/wp-json\/wp\/v2\/users\/1"}],"replies":[{"embeddable":true,"href":"https:\/\/www.visit-ulcinj.com\/blog\/wp-json\/wp\/v2\/comments?post=55573"}],"version-history":[{"count":1,"href":"https:\/\/www.visit-ulcinj.com\/blog\/wp-json\/wp\/v2\/posts\/55573\/revisions"}],"predecessor-version":[{"id":55575,"href":"https:\/\/www.visit-ulcinj.com\/blog\/wp-json\/wp\/v2\/posts\/55573\/revisions\/55575"}],"wp:attachment":[{"href":"https:\/\/www.visit-ulcinj.com\/blog\/wp-json\/wp\/v2\/media?parent=55573"}],"wp:term":[{"taxonomy":"category","embeddable":true,"href":"https:\/\/www.visit-ulcinj.com\/blog\/wp-json\/wp\/v2\/categories?post=55573"},{"taxonomy":"post_tag","embeddable":true,"href":"https:\/\/www.visit-ulcinj.com\/blog\/wp-json\/wp\/v2\/tags?post=55573"}],"curies":[{"name":"wp","href":"https:\/\/api.w.org\/{rel}","templated":true}]}}