{"id":55583,"date":"2012-01-06T18:18:59","date_gmt":"2012-01-06T17:18:59","guid":{"rendered":"http:\/\/www.visit-ulcinj.com\/blog\/?p=55583"},"modified":"2012-01-08T18:17:00","modified_gmt":"2012-01-08T17:17:00","slug":"fiton-dritani-ne-emisionin-piramida-tv-vijesti","status":"publish","type":"post","link":"https:\/\/www.visit-ulcinj.com\/blog\/2012\/01\/06\/fiton-dritani-ne-emisionin-piramida-tv-vijesti\/","title":{"rendered":"Fiton Dritani ne emisionin Piramida &#8211; Tv Vijesti"},"content":{"rendered":"<p><strong><a href=\"http:\/\/www.visit-ulcinj.com\/blog\/wp-content\/uploads\/2012\/01\/Sonte-Dritan-Abazoviq-do-te-merr-pjes-ne-emisionin-Piramida-ne-ora-21-30.jpg\"><img loading=\"lazy\" class=\"alignleft  wp-image-55585\" title=\"Sonte Dritan Abazoviq do te merr pjes ne emisionin Piramida ne ora 21-30\" src=\"http:\/\/www.visit-ulcinj.com\/blog\/wp-content\/uploads\/2012\/01\/Sonte-Dritan-Abazoviq-do-te-merr-pjes-ne-emisionin-Piramida-ne-ora-21-30.jpg\" alt=\"\" width=\"490\" height=\"352\" \/><\/a><\/strong><strong>Fiton Dritani ne emisionin Piramida &#8211; Tv Vijesti<\/strong><\/p>\n<p>Sonte Dritan Abazoviq do te merr pjes ne emisionin Piramida ne ora 21:30,prandaj ju thrasim t\u00eb votoni sonte numrin 1.<br \/>\nDergo SMS n\u00eb numrin 14567 dhe voto numrin 1.<\/p>\n<p><strong>Di\u00e7ka p\u00ebr Dritanin;<\/strong><br \/>\nDritan Abazi analist politik nga Ulqini,politolog,magjist\u00ebr,an\u00ebtar i organizat\u00ebs t\u00eb shoq\u00ebris\u00eb civile Forum 2010.<br \/>\nDritan Abazi \u00ebsht\u00eb ulqinak, i lindur m\u00eb 25 dhjetor 1985. Shkoll\u00ebn fillore dhe gjimnazin i kreu n\u00eb Ulqin, vijoi studimet n\u00eb Fakultetin e shkencave politike n\u00eb Universitetin e Sarajev\u00ebs, ku merr titullin politolog i diplomuar. \u00cbsht\u00eb shpallur studenti m\u00eb i mir\u00eb i asaj gjenerate, shp\u00ebrblehet me \u00e7mimet m\u00eb t\u00eb larta t\u00eb Universitetit \u2018Shenj\u00ebn e art\u00eb\u2019 dhe \u2018Kart\u00ebn e art\u00eb\u2019. Gjat\u00eb studimeve ishte i angazhuar si asistent dhe demonstrues. Mbas kthimit n\u00eb Mal t\u00eb Zi, regjistron studimet e magjistratur\u00ebs n\u00eb Fakultetin e shkencave politike n\u00eb Podgoric\u00eb, dega Marr\u00ebdh\u00ebniet nd\u00ebrkomb\u00ebtare, ku edhe magjistroi (tema \u2018Kultura kozmopolite dhe drejt\u00ebsia globale\u2019). Q\u00eb prej shkoll\u00ebs s\u00eb mesme angazhohet n\u00eb organizata t\u00eb shoq\u00ebris\u00eb civile, prej t\u00eb cilave ve\u00e7ohen Komiteti malazez i Helsinkit p\u00ebr t\u00eb dhe Horizonti i ri. Ka marr\u00eb pjes\u00eb n\u00eb seminare dhe konfe-renca ven-dore e nd\u00ebr- drejtat e njeriut komb\u00ebtare. Gjat\u00eb vitit 2009, n\u00eb Universitetin e Oslos ka ndjekur kursin p\u00ebr hulumtimin e paqes.<\/p>\n<!--YouTube Error: bad URL entered-->\n","protected":false},"excerpt":{"rendered":"<p>Fiton Dritani ne emisionin Piramida &#8211; Tv Vijesti Sonte Dritan Abazoviq do te merr pjes ne emisionin Piramida ne ora 21:30,prandaj ju thrasim t\u00eb votoni sonte numrin 1. Dergo SMS n\u00eb numrin 14567 dhe voto numrin 1. Di\u00e7ka p\u00ebr Dritanin; Dritan Abazi analist politik nga Ulqini,politolog,magjist\u00ebr,an\u00ebtar i organizat\u00ebs t\u00eb shoq\u00ebris\u00eb civile Forum 2010. Dritan Abazi [&hellip;]<\/p>\n","protected":false},"author":1,"featured_media":0,"comment_status":"open","ping_status":"closed","sticky":false,"template":"","format":"standard","meta":{"spay_email":"","jetpack_publicize_message":"","jetpack_is_tweetstorm":false,"jetpack_publicize_feature_enabled":true},"categories":[4,13],"tags":[13701,10529,19791,19790,1388],"jetpack_publicize_connections":[],"yoast_head":"<!-- This site is optimized with the Yoast SEO plugin v19.1 - https:\/\/yoast.com\/wordpress\/plugins\/seo\/ -->\n<title>Fiton Dritani ne emisionin Piramida - Tv Vijesti - Lajme nga Ulqini<\/title>\n<meta name=\"description\" content=\"Fiton Dritani ne emisionin Piramida - Tv Vijesti Sonte Dritan Abazoviq do te merr pjes ne emisionin Piramida ne ora 21:30,prandaj ju thrasim t\u00eb votoni\" \/>\n<meta name=\"robots\" content=\"index, follow, max-snippet:-1, max-image-preview:large, max-video-preview:-1\" \/>\n<link rel=\"canonical\" href=\"https:\/\/www.visit-ulcinj.com\/blog\/2012\/01\/06\/fiton-dritani-ne-emisionin-piramida-tv-vijesti\/\" \/>\n<meta property=\"og:locale\" content=\"en_US\" \/>\n<meta property=\"og:type\" content=\"article\" \/>\n<meta property=\"og:title\" content=\"Fiton Dritani ne emisionin Piramida - Tv Vijesti - Lajme nga Ulqini\" \/>\n<meta property=\"og:description\" content=\"Fiton Dritani ne emisionin Piramida - Tv Vijesti Sonte Dritan Abazoviq do te merr pjes ne emisionin Piramida ne ora 21:30,prandaj ju thrasim t\u00eb votoni\" \/>\n<meta property=\"og:url\" content=\"https:\/\/www.visit-ulcinj.com\/blog\/2012\/01\/06\/fiton-dritani-ne-emisionin-piramida-tv-vijesti\/\" \/>\n<meta property=\"og:site_name\" content=\"Lajme nga Ulqini\" \/>\n<meta property=\"article:published_time\" content=\"2012-01-06T17:18:59+00:00\" \/>\n<meta property=\"article:modified_time\" content=\"2012-01-08T17:17:00+00:00\" \/>\n<meta property=\"og:image\" content=\"http:\/\/www.visit-ulcinj.com\/blog\/wp-content\/uploads\/2012\/01\/Sonte-Dritan-Abazoviq-do-te-merr-pjes-ne-emisionin-Piramida-ne-ora-21-30.jpg\" \/>\n<meta name=\"twitter:label1\" content=\"Written by\" \/>\n\t<meta name=\"twitter:data1\" content=\"ulqini\" \/>\n\t<meta name=\"twitter:label2\" content=\"Est. reading time\" \/>\n\t<meta name=\"twitter:data2\" content=\"1 minute\" \/>\n<script type=\"application\/ld+json\" class=\"yoast-schema-graph\">{\"@context\":\"https:\/\/schema.org\",\"@graph\":[{\"@type\":\"WebSite\",\"@id\":\"https:\/\/www.visit-ulcinj.com\/blog\/#website\",\"url\":\"https:\/\/www.visit-ulcinj.com\/blog\/\",\"name\":\"Lajme nga Ulqini\",\"description\":\"Lajme,Vijesti,Ulqini,Ulqin,Crna Gora,Mali i Zi\",\"potentialAction\":[{\"@type\":\"SearchAction\",\"target\":{\"@type\":\"EntryPoint\",\"urlTemplate\":\"https:\/\/www.visit-ulcinj.com\/blog\/?s={search_term_string}\"},\"query-input\":\"required name=search_term_string\"}],\"inLanguage\":\"en-US\"},{\"@type\":\"ImageObject\",\"inLanguage\":\"en-US\",\"@id\":\"https:\/\/www.visit-ulcinj.com\/blog\/2012\/01\/06\/fiton-dritani-ne-emisionin-piramida-tv-vijesti\/#primaryimage\",\"url\":\"https:\/\/www.visit-ulcinj.com\/blog\/wp-content\/uploads\/2012\/01\/Sonte-Dritan-Abazoviq-do-te-merr-pjes-ne-emisionin-Piramida-ne-ora-21-30.jpg\",\"contentUrl\":\"https:\/\/www.visit-ulcinj.com\/blog\/wp-content\/uploads\/2012\/01\/Sonte-Dritan-Abazoviq-do-te-merr-pjes-ne-emisionin-Piramida-ne-ora-21-30.jpg\",\"width\":\"428\",\"height\":\"352\"},{\"@type\":\"WebPage\",\"@id\":\"https:\/\/www.visit-ulcinj.com\/blog\/2012\/01\/06\/fiton-dritani-ne-emisionin-piramida-tv-vijesti\/#webpage\",\"url\":\"https:\/\/www.visit-ulcinj.com\/blog\/2012\/01\/06\/fiton-dritani-ne-emisionin-piramida-tv-vijesti\/\",\"name\":\"Fiton Dritani ne emisionin Piramida - Tv Vijesti - Lajme nga Ulqini\",\"isPartOf\":{\"@id\":\"https:\/\/www.visit-ulcinj.com\/blog\/#website\"},\"primaryImageOfPage\":{\"@id\":\"https:\/\/www.visit-ulcinj.com\/blog\/2012\/01\/06\/fiton-dritani-ne-emisionin-piramida-tv-vijesti\/#primaryimage\"},\"datePublished\":\"2012-01-06T17:18:59+00:00\",\"dateModified\":\"2012-01-08T17:17:00+00:00\",\"author\":{\"@id\":\"https:\/\/www.visit-ulcinj.com\/blog\/#\/schema\/person\/dcab619c614d3038751c63bc2aadc06d\"},\"description\":\"Fiton Dritani ne emisionin Piramida - Tv Vijesti Sonte Dritan Abazoviq do te merr pjes ne emisionin Piramida ne ora 21:30,prandaj ju thrasim t\u00eb votoni\",\"breadcrumb\":{\"@id\":\"https:\/\/www.visit-ulcinj.com\/blog\/2012\/01\/06\/fiton-dritani-ne-emisionin-piramida-tv-vijesti\/#breadcrumb\"},\"inLanguage\":\"en-US\",\"potentialAction\":[{\"@type\":\"ReadAction\",\"target\":[\"https:\/\/www.visit-ulcinj.com\/blog\/2012\/01\/06\/fiton-dritani-ne-emisionin-piramida-tv-vijesti\/\"]}]},{\"@type\":\"BreadcrumbList\",\"@id\":\"https:\/\/www.visit-ulcinj.com\/blog\/2012\/01\/06\/fiton-dritani-ne-emisionin-piramida-tv-vijesti\/#breadcrumb\",\"itemListElement\":[{\"@type\":\"ListItem\",\"position\":1,\"name\":\"Fiton Dritani ne emisionin Piramida &#8211; Tv Vijesti\"}]},{\"@type\":\"Person\",\"@id\":\"https:\/\/www.visit-ulcinj.com\/blog\/#\/schema\/person\/dcab619c614d3038751c63bc2aadc06d\",\"name\":\"ulqini\",\"sameAs\":[\"http:\/\/www.visit-ulcinj.com\"],\"url\":\"https:\/\/www.visit-ulcinj.com\/blog\/author\/admin\/\"}]}<\/script>\n<!-- \/ Yoast SEO plugin. -->","yoast_head_json":{"title":"Fiton Dritani ne emisionin Piramida - Tv Vijesti - Lajme nga Ulqini","description":"Fiton Dritani ne emisionin Piramida - Tv Vijesti Sonte Dritan Abazoviq do te merr pjes ne emisionin Piramida ne ora 21:30,prandaj ju thrasim t\u00eb votoni","robots":{"index":"index","follow":"follow","max-snippet":"max-snippet:-1","max-image-preview":"max-image-preview:large","max-video-preview":"max-video-preview:-1"},"canonical":"https:\/\/www.visit-ulcinj.com\/blog\/2012\/01\/06\/fiton-dritani-ne-emisionin-piramida-tv-vijesti\/","og_locale":"en_US","og_type":"article","og_title":"Fiton Dritani ne emisionin Piramida - Tv Vijesti - Lajme nga Ulqini","og_description":"Fiton Dritani ne emisionin Piramida - Tv Vijesti Sonte Dritan Abazoviq do te merr pjes ne emisionin Piramida ne ora 21:30,prandaj ju thrasim t\u00eb votoni","og_url":"https:\/\/www.visit-ulcinj.com\/blog\/2012\/01\/06\/fiton-dritani-ne-emisionin-piramida-tv-vijesti\/","og_site_name":"Lajme nga Ulqini","article_published_time":"2012-01-06T17:18:59+00:00","article_modified_time":"2012-01-08T17:17:00+00:00","og_image":[{"url":"http:\/\/www.visit-ulcinj.com\/blog\/wp-content\/uploads\/2012\/01\/Sonte-Dritan-Abazoviq-do-te-merr-pjes-ne-emisionin-Piramida-ne-ora-21-30.jpg"}],"twitter_misc":{"Written by":"ulqini","Est. reading time":"1 minute"},"schema":{"@context":"https:\/\/schema.org","@graph":[{"@type":"WebSite","@id":"https:\/\/www.visit-ulcinj.com\/blog\/#website","url":"https:\/\/www.visit-ulcinj.com\/blog\/","name":"Lajme nga Ulqini","description":"Lajme,Vijesti,Ulqini,Ulqin,Crna Gora,Mali i Zi","potentialAction":[{"@type":"SearchAction","target":{"@type":"EntryPoint","urlTemplate":"https:\/\/www.visit-ulcinj.com\/blog\/?s={search_term_string}"},"query-input":"required name=search_term_string"}],"inLanguage":"en-US"},{"@type":"ImageObject","inLanguage":"en-US","@id":"https:\/\/www.visit-ulcinj.com\/blog\/2012\/01\/06\/fiton-dritani-ne-emisionin-piramida-tv-vijesti\/#primaryimage","url":"https:\/\/www.visit-ulcinj.com\/blog\/wp-content\/uploads\/2012\/01\/Sonte-Dritan-Abazoviq-do-te-merr-pjes-ne-emisionin-Piramida-ne-ora-21-30.jpg","contentUrl":"https:\/\/www.visit-ulcinj.com\/blog\/wp-content\/uploads\/2012\/01\/Sonte-Dritan-Abazoviq-do-te-merr-pjes-ne-emisionin-Piramida-ne-ora-21-30.jpg","width":"428","height":"352"},{"@type":"WebPage","@id":"https:\/\/www.visit-ulcinj.com\/blog\/2012\/01\/06\/fiton-dritani-ne-emisionin-piramida-tv-vijesti\/#webpage","url":"https:\/\/www.visit-ulcinj.com\/blog\/2012\/01\/06\/fiton-dritani-ne-emisionin-piramida-tv-vijesti\/","name":"Fiton Dritani ne emisionin Piramida - Tv Vijesti - Lajme nga Ulqini","isPartOf":{"@id":"https:\/\/www.visit-ulcinj.com\/blog\/#website"},"primaryImageOfPage":{"@id":"https:\/\/www.visit-ulcinj.com\/blog\/2012\/01\/06\/fiton-dritani-ne-emisionin-piramida-tv-vijesti\/#primaryimage"},"datePublished":"2012-01-06T17:18:59+00:00","dateModified":"2012-01-08T17:17:00+00:00","author":{"@id":"https:\/\/www.visit-ulcinj.com\/blog\/#\/schema\/person\/dcab619c614d3038751c63bc2aadc06d"},"description":"Fiton Dritani ne emisionin Piramida - Tv Vijesti Sonte Dritan Abazoviq do te merr pjes ne emisionin Piramida ne ora 21:30,prandaj ju thrasim t\u00eb votoni","breadcrumb":{"@id":"https:\/\/www.visit-ulcinj.com\/blog\/2012\/01\/06\/fiton-dritani-ne-emisionin-piramida-tv-vijesti\/#breadcrumb"},"inLanguage":"en-US","potentialAction":[{"@type":"ReadAction","target":["https:\/\/www.visit-ulcinj.com\/blog\/2012\/01\/06\/fiton-dritani-ne-emisionin-piramida-tv-vijesti\/"]}]},{"@type":"BreadcrumbList","@id":"https:\/\/www.visit-ulcinj.com\/blog\/2012\/01\/06\/fiton-dritani-ne-emisionin-piramida-tv-vijesti\/#breadcrumb","itemListElement":[{"@type":"ListItem","position":1,"name":"Fiton Dritani ne emisionin Piramida &#8211; Tv Vijesti"}]},{"@type":"Person","@id":"https:\/\/www.visit-ulcinj.com\/blog\/#\/schema\/person\/dcab619c614d3038751c63bc2aadc06d","name":"ulqini","sameAs":["http:\/\/www.visit-ulcinj.com"],"url":"https:\/\/www.visit-ulcinj.com\/blog\/author\/admin\/"}]}},"jetpack_featured_media_url":"","jetpack_sharing_enabled":true,"jetpack_shortlink":"https:\/\/wp.me\/pe6lTn-esv","_links":{"self":[{"href":"https:\/\/www.visit-ulcinj.com\/blog\/wp-json\/wp\/v2\/posts\/55583"}],"collection":[{"href":"https:\/\/www.visit-ulcinj.com\/blog\/wp-json\/wp\/v2\/posts"}],"about":[{"href":"https:\/\/www.visit-ulcinj.com\/blog\/wp-json\/wp\/v2\/types\/post"}],"author":[{"embeddable":true,"href":"https:\/\/www.visit-ulcinj.com\/blog\/wp-json\/wp\/v2\/users\/1"}],"replies":[{"embeddable":true,"href":"https:\/\/www.visit-ulcinj.com\/blog\/wp-json\/wp\/v2\/comments?post=55583"}],"version-history":[{"count":9,"href":"https:\/\/www.visit-ulcinj.com\/blog\/wp-json\/wp\/v2\/posts\/55583\/revisions"}],"predecessor-version":[{"id":55712,"href":"https:\/\/www.visit-ulcinj.com\/blog\/wp-json\/wp\/v2\/posts\/55583\/revisions\/55712"}],"wp:attachment":[{"href":"https:\/\/www.visit-ulcinj.com\/blog\/wp-json\/wp\/v2\/media?parent=55583"}],"wp:term":[{"taxonomy":"category","embeddable":true,"href":"https:\/\/www.visit-ulcinj.com\/blog\/wp-json\/wp\/v2\/categories?post=55583"},{"taxonomy":"post_tag","embeddable":true,"href":"https:\/\/www.visit-ulcinj.com\/blog\/wp-json\/wp\/v2\/tags?post=55583"}],"curies":[{"name":"wp","href":"https:\/\/api.w.org\/{rel}","templated":true}]}}