{"id":55593,"date":"2012-01-06T18:55:47","date_gmt":"2012-01-06T17:55:47","guid":{"rendered":"http:\/\/www.visit-ulcinj.com\/blog\/?p=55593"},"modified":"2012-01-06T18:55:47","modified_gmt":"2012-01-06T17:55:47","slug":"bardhi-hoce-prevodioce-u-skupstini-crne-gore","status":"publish","type":"post","link":"https:\/\/www.visit-ulcinj.com\/blog\/2012\/01\/06\/bardhi-hoce-prevodioce-u-skupstini-crne-gore\/","title":{"rendered":"Bardhi ho\u0107e prevodioce u Skup\u0161tini Crne Gore"},"content":{"rendered":"<p><a href=\"http:\/\/www.visit-ulcinj.com\/blog\/wp-content\/uploads\/2012\/01\/Bardhi-hoce-prevodioce-u-Skupstini-Crne-Gore.jpg\"><img loading=\"lazy\" class=\"alignleft size-full wp-image-55594\" title=\"Bardhi hoce prevodioce u Skupstini Crne Gore\" src=\"http:\/\/www.visit-ulcinj.com\/blog\/wp-content\/uploads\/2012\/01\/Bardhi-hoce-prevodioce-u-Skupstini-Crne-Gore.jpg\" alt=\"\" width=\"509\" height=\"244\" srcset=\"https:\/\/www.visit-ulcinj.com\/blog\/wp-content\/uploads\/2012\/01\/Bardhi-hoce-prevodioce-u-Skupstini-Crne-Gore.jpg 509w, https:\/\/www.visit-ulcinj.com\/blog\/wp-content\/uploads\/2012\/01\/Bardhi-hoce-prevodioce-u-Skupstini-Crne-Gore-300x143.jpg 300w\" sizes=\"(max-width: 509px) 100vw, 509px\" \/><\/a>\u0160ef kluba poslanika albanskih partija, lider Demokratskog saveza Mehmet Bardhi, najavio je ju\u010de da \u0107e i dalje insistirati da se predstavnicima Albanaca omogu\u0107i da u Skup\u0161tini Crne Gore govore na svom maternjem jeziku. To \u0107e, kako je rekao, tra\u017eiti i na kolegijumu predsjednika Skup\u0161tine.<br \/>\n\u2013 Imamo pravo, kao predstavnici autohtonog naroda u Crnoj Gori da nam se omogu\u0107i upotreba albanskog jezika i pisma u okviru rada parlamenta, ali i Vlade \u2013 nagla\u0161ava Bardhi, ukazuju\u0107i da Ustav defini\u0161e slu\u017ebeni i jezike u slu\u017ebenoj upotrebi.<br \/>\nPodsje\u0107a da su i u sklopu rada Radne grupe za izmjenu skup\u0161tinskog poslovnika insistirali na ostvarenju ovog prava za poslanike albanskih stranaka. Izme\u0111u ostalog, njihov je zahtjev da se obezbijede prevodioci sa albanskog i na albanski jezik.<br \/>\n\u2013 Tra\u017eili smo da se formira kancelarija za rad na albanskom jeziku i da Albanci koji su poslanici u Skup\u0161tini i drugi koji se u svojstvu gra\u0111ana obrate parlamentu, imaju pravo da koriste albanski jezik i pismo \u2013 istakao je Bardhi.<br \/>\nSmatra da bi trebalo da im se omogu\u0107i da koriste albanski jezik ne samo na plenarnim zasjedanjima Skup\u0161tine, ve\u0107 i na sjednicama radnih tijela, a da se u pisanoj formi mogu parlamentu obra\u0107ati na svom pismu.<br \/>\n\u2013 Radna grupa je sve predloge za izmjenu poslovnika uputila kolegijumu, a vidje\u0107emo da li \u0107e se i na koji na\u010din i ovo na\u0161e legitimno pravo realizovati. Nezahvalno je dati procjenu kad bi se to moglo o\u010dekivati \u2013 zaklju\u010dio je Bardhi.<br \/>\nPoslanici albanskih stranaka veoma rijetko koriste mogu\u0107nost da se tokom plenarne sjednice obrate sunarodnicima na svom jeziku. Razlog je, vjerovatno u tome \u0161to, po sada\u0161njem poslovniku to moraju unaprijed da najave.<\/p>\n<p><a href=\"http:\/\/www.dan.co.me\/?nivo=3&amp;rubrika=Politika&amp;datum=2012-01-06&amp;clanak=314487\" target=\"_blank\"><strong>Mi.K.<\/strong><br \/>\n<strong> Izvor: DAN<\/strong><\/a><\/p>\n","protected":false},"excerpt":{"rendered":"<p>\u0160ef kluba poslanika albanskih partija, lider Demokratskog saveza Mehmet Bardhi, najavio je ju\u010de da \u0107e i dalje insistirati da se predstavnicima Albanaca omogu\u0107i da u Skup\u0161tini Crne Gore govore na svom maternjem jeziku. To \u0107e, kako je rekao, tra\u017eiti i na kolegijumu predsjednika Skup\u0161tine. \u2013 Imamo pravo, kao predstavnici autohtonog naroda u Crnoj Gori da [&hellip;]<\/p>\n","protected":false},"author":1,"featured_media":0,"comment_status":"open","ping_status":"closed","sticky":false,"template":"","format":"standard","meta":{"spay_email":"","jetpack_publicize_message":"","jetpack_is_tweetstorm":false,"jetpack_publicize_feature_enabled":true},"categories":[8337],"tags":[347,19],"jetpack_publicize_connections":[],"yoast_head":"<!-- This site is optimized with the Yoast SEO plugin v19.1 - https:\/\/yoast.com\/wordpress\/plugins\/seo\/ -->\n<title>Bardhi ho\u0107e prevodioce u Skup\u0161tini Crne Gore - Lajme nga Ulqini<\/title>\n<meta name=\"description\" content=\"\u0160ef kluba poslanika albanskih partija, lider Demokratskog saveza Mehmet Bardhi, najavio je ju\u010de da \u0107e i dalje insistirati da se predstavnicima Albanaca\" \/>\n<meta name=\"robots\" content=\"index, follow, max-snippet:-1, max-image-preview:large, max-video-preview:-1\" \/>\n<link rel=\"canonical\" href=\"https:\/\/www.visit-ulcinj.com\/blog\/2012\/01\/06\/bardhi-hoce-prevodioce-u-skupstini-crne-gore\/\" \/>\n<meta property=\"og:locale\" content=\"en_US\" \/>\n<meta property=\"og:type\" content=\"article\" \/>\n<meta property=\"og:title\" content=\"Bardhi ho\u0107e prevodioce u Skup\u0161tini Crne Gore - Lajme nga Ulqini\" \/>\n<meta property=\"og:description\" content=\"\u0160ef kluba poslanika albanskih partija, lider Demokratskog saveza Mehmet Bardhi, najavio je ju\u010de da \u0107e i dalje insistirati da se predstavnicima Albanaca\" \/>\n<meta property=\"og:url\" content=\"https:\/\/www.visit-ulcinj.com\/blog\/2012\/01\/06\/bardhi-hoce-prevodioce-u-skupstini-crne-gore\/\" \/>\n<meta property=\"og:site_name\" content=\"Lajme nga Ulqini\" \/>\n<meta property=\"article:published_time\" content=\"2012-01-06T17:55:47+00:00\" \/>\n<meta property=\"og:image\" content=\"http:\/\/www.visit-ulcinj.com\/blog\/wp-content\/uploads\/2012\/01\/Bardhi-hoce-prevodioce-u-Skupstini-Crne-Gore.jpg\" \/>\n<meta name=\"twitter:label1\" content=\"Written by\" \/>\n\t<meta name=\"twitter:data1\" content=\"ulqini\" \/>\n\t<meta name=\"twitter:label2\" content=\"Est. reading time\" \/>\n\t<meta name=\"twitter:data2\" content=\"1 minute\" \/>\n<script type=\"application\/ld+json\" class=\"yoast-schema-graph\">{\"@context\":\"https:\/\/schema.org\",\"@graph\":[{\"@type\":\"WebSite\",\"@id\":\"https:\/\/www.visit-ulcinj.com\/blog\/#website\",\"url\":\"https:\/\/www.visit-ulcinj.com\/blog\/\",\"name\":\"Lajme nga Ulqini\",\"description\":\"Lajme,Vijesti,Ulqini,Ulqin,Crna Gora,Mali i Zi\",\"potentialAction\":[{\"@type\":\"SearchAction\",\"target\":{\"@type\":\"EntryPoint\",\"urlTemplate\":\"https:\/\/www.visit-ulcinj.com\/blog\/?s={search_term_string}\"},\"query-input\":\"required name=search_term_string\"}],\"inLanguage\":\"en-US\"},{\"@type\":\"ImageObject\",\"inLanguage\":\"en-US\",\"@id\":\"https:\/\/www.visit-ulcinj.com\/blog\/2012\/01\/06\/bardhi-hoce-prevodioce-u-skupstini-crne-gore\/#primaryimage\",\"url\":\"https:\/\/www.visit-ulcinj.com\/blog\/wp-content\/uploads\/2012\/01\/Bardhi-hoce-prevodioce-u-Skupstini-Crne-Gore.jpg\",\"contentUrl\":\"https:\/\/www.visit-ulcinj.com\/blog\/wp-content\/uploads\/2012\/01\/Bardhi-hoce-prevodioce-u-Skupstini-Crne-Gore.jpg\",\"width\":\"509\",\"height\":\"244\"},{\"@type\":\"WebPage\",\"@id\":\"https:\/\/www.visit-ulcinj.com\/blog\/2012\/01\/06\/bardhi-hoce-prevodioce-u-skupstini-crne-gore\/#webpage\",\"url\":\"https:\/\/www.visit-ulcinj.com\/blog\/2012\/01\/06\/bardhi-hoce-prevodioce-u-skupstini-crne-gore\/\",\"name\":\"Bardhi ho\u0107e prevodioce u Skup\u0161tini Crne Gore - Lajme nga Ulqini\",\"isPartOf\":{\"@id\":\"https:\/\/www.visit-ulcinj.com\/blog\/#website\"},\"primaryImageOfPage\":{\"@id\":\"https:\/\/www.visit-ulcinj.com\/blog\/2012\/01\/06\/bardhi-hoce-prevodioce-u-skupstini-crne-gore\/#primaryimage\"},\"datePublished\":\"2012-01-06T17:55:47+00:00\",\"dateModified\":\"2012-01-06T17:55:47+00:00\",\"author\":{\"@id\":\"https:\/\/www.visit-ulcinj.com\/blog\/#\/schema\/person\/dcab619c614d3038751c63bc2aadc06d\"},\"description\":\"\u0160ef kluba poslanika albanskih partija, lider Demokratskog saveza Mehmet Bardhi, najavio je ju\u010de da \u0107e i dalje insistirati da se predstavnicima Albanaca\",\"breadcrumb\":{\"@id\":\"https:\/\/www.visit-ulcinj.com\/blog\/2012\/01\/06\/bardhi-hoce-prevodioce-u-skupstini-crne-gore\/#breadcrumb\"},\"inLanguage\":\"en-US\",\"potentialAction\":[{\"@type\":\"ReadAction\",\"target\":[\"https:\/\/www.visit-ulcinj.com\/blog\/2012\/01\/06\/bardhi-hoce-prevodioce-u-skupstini-crne-gore\/\"]}]},{\"@type\":\"BreadcrumbList\",\"@id\":\"https:\/\/www.visit-ulcinj.com\/blog\/2012\/01\/06\/bardhi-hoce-prevodioce-u-skupstini-crne-gore\/#breadcrumb\",\"itemListElement\":[{\"@type\":\"ListItem\",\"position\":1,\"name\":\"Bardhi ho\u0107e prevodioce u Skup\u0161tini Crne Gore\"}]},{\"@type\":\"Person\",\"@id\":\"https:\/\/www.visit-ulcinj.com\/blog\/#\/schema\/person\/dcab619c614d3038751c63bc2aadc06d\",\"name\":\"ulqini\",\"sameAs\":[\"http:\/\/www.visit-ulcinj.com\"],\"url\":\"https:\/\/www.visit-ulcinj.com\/blog\/author\/admin\/\"}]}<\/script>\n<!-- \/ Yoast SEO plugin. -->","yoast_head_json":{"title":"Bardhi ho\u0107e prevodioce u Skup\u0161tini Crne Gore - Lajme nga Ulqini","description":"\u0160ef kluba poslanika albanskih partija, lider Demokratskog saveza Mehmet Bardhi, najavio je ju\u010de da \u0107e i dalje insistirati da se predstavnicima Albanaca","robots":{"index":"index","follow":"follow","max-snippet":"max-snippet:-1","max-image-preview":"max-image-preview:large","max-video-preview":"max-video-preview:-1"},"canonical":"https:\/\/www.visit-ulcinj.com\/blog\/2012\/01\/06\/bardhi-hoce-prevodioce-u-skupstini-crne-gore\/","og_locale":"en_US","og_type":"article","og_title":"Bardhi ho\u0107e prevodioce u Skup\u0161tini Crne Gore - Lajme nga Ulqini","og_description":"\u0160ef kluba poslanika albanskih partija, lider Demokratskog saveza Mehmet Bardhi, najavio je ju\u010de da \u0107e i dalje insistirati da se predstavnicima Albanaca","og_url":"https:\/\/www.visit-ulcinj.com\/blog\/2012\/01\/06\/bardhi-hoce-prevodioce-u-skupstini-crne-gore\/","og_site_name":"Lajme nga Ulqini","article_published_time":"2012-01-06T17:55:47+00:00","og_image":[{"url":"http:\/\/www.visit-ulcinj.com\/blog\/wp-content\/uploads\/2012\/01\/Bardhi-hoce-prevodioce-u-Skupstini-Crne-Gore.jpg"}],"twitter_misc":{"Written by":"ulqini","Est. reading time":"1 minute"},"schema":{"@context":"https:\/\/schema.org","@graph":[{"@type":"WebSite","@id":"https:\/\/www.visit-ulcinj.com\/blog\/#website","url":"https:\/\/www.visit-ulcinj.com\/blog\/","name":"Lajme nga Ulqini","description":"Lajme,Vijesti,Ulqini,Ulqin,Crna Gora,Mali i Zi","potentialAction":[{"@type":"SearchAction","target":{"@type":"EntryPoint","urlTemplate":"https:\/\/www.visit-ulcinj.com\/blog\/?s={search_term_string}"},"query-input":"required name=search_term_string"}],"inLanguage":"en-US"},{"@type":"ImageObject","inLanguage":"en-US","@id":"https:\/\/www.visit-ulcinj.com\/blog\/2012\/01\/06\/bardhi-hoce-prevodioce-u-skupstini-crne-gore\/#primaryimage","url":"https:\/\/www.visit-ulcinj.com\/blog\/wp-content\/uploads\/2012\/01\/Bardhi-hoce-prevodioce-u-Skupstini-Crne-Gore.jpg","contentUrl":"https:\/\/www.visit-ulcinj.com\/blog\/wp-content\/uploads\/2012\/01\/Bardhi-hoce-prevodioce-u-Skupstini-Crne-Gore.jpg","width":"509","height":"244"},{"@type":"WebPage","@id":"https:\/\/www.visit-ulcinj.com\/blog\/2012\/01\/06\/bardhi-hoce-prevodioce-u-skupstini-crne-gore\/#webpage","url":"https:\/\/www.visit-ulcinj.com\/blog\/2012\/01\/06\/bardhi-hoce-prevodioce-u-skupstini-crne-gore\/","name":"Bardhi ho\u0107e prevodioce u Skup\u0161tini Crne Gore - Lajme nga Ulqini","isPartOf":{"@id":"https:\/\/www.visit-ulcinj.com\/blog\/#website"},"primaryImageOfPage":{"@id":"https:\/\/www.visit-ulcinj.com\/blog\/2012\/01\/06\/bardhi-hoce-prevodioce-u-skupstini-crne-gore\/#primaryimage"},"datePublished":"2012-01-06T17:55:47+00:00","dateModified":"2012-01-06T17:55:47+00:00","author":{"@id":"https:\/\/www.visit-ulcinj.com\/blog\/#\/schema\/person\/dcab619c614d3038751c63bc2aadc06d"},"description":"\u0160ef kluba poslanika albanskih partija, lider Demokratskog saveza Mehmet Bardhi, najavio je ju\u010de da \u0107e i dalje insistirati da se predstavnicima Albanaca","breadcrumb":{"@id":"https:\/\/www.visit-ulcinj.com\/blog\/2012\/01\/06\/bardhi-hoce-prevodioce-u-skupstini-crne-gore\/#breadcrumb"},"inLanguage":"en-US","potentialAction":[{"@type":"ReadAction","target":["https:\/\/www.visit-ulcinj.com\/blog\/2012\/01\/06\/bardhi-hoce-prevodioce-u-skupstini-crne-gore\/"]}]},{"@type":"BreadcrumbList","@id":"https:\/\/www.visit-ulcinj.com\/blog\/2012\/01\/06\/bardhi-hoce-prevodioce-u-skupstini-crne-gore\/#breadcrumb","itemListElement":[{"@type":"ListItem","position":1,"name":"Bardhi ho\u0107e prevodioce u Skup\u0161tini Crne Gore"}]},{"@type":"Person","@id":"https:\/\/www.visit-ulcinj.com\/blog\/#\/schema\/person\/dcab619c614d3038751c63bc2aadc06d","name":"ulqini","sameAs":["http:\/\/www.visit-ulcinj.com"],"url":"https:\/\/www.visit-ulcinj.com\/blog\/author\/admin\/"}]}},"jetpack_featured_media_url":"","jetpack_sharing_enabled":true,"jetpack_shortlink":"https:\/\/wp.me\/pe6lTn-esF","_links":{"self":[{"href":"https:\/\/www.visit-ulcinj.com\/blog\/wp-json\/wp\/v2\/posts\/55593"}],"collection":[{"href":"https:\/\/www.visit-ulcinj.com\/blog\/wp-json\/wp\/v2\/posts"}],"about":[{"href":"https:\/\/www.visit-ulcinj.com\/blog\/wp-json\/wp\/v2\/types\/post"}],"author":[{"embeddable":true,"href":"https:\/\/www.visit-ulcinj.com\/blog\/wp-json\/wp\/v2\/users\/1"}],"replies":[{"embeddable":true,"href":"https:\/\/www.visit-ulcinj.com\/blog\/wp-json\/wp\/v2\/comments?post=55593"}],"version-history":[{"count":1,"href":"https:\/\/www.visit-ulcinj.com\/blog\/wp-json\/wp\/v2\/posts\/55593\/revisions"}],"predecessor-version":[{"id":55595,"href":"https:\/\/www.visit-ulcinj.com\/blog\/wp-json\/wp\/v2\/posts\/55593\/revisions\/55595"}],"wp:attachment":[{"href":"https:\/\/www.visit-ulcinj.com\/blog\/wp-json\/wp\/v2\/media?parent=55593"}],"wp:term":[{"taxonomy":"category","embeddable":true,"href":"https:\/\/www.visit-ulcinj.com\/blog\/wp-json\/wp\/v2\/categories?post=55593"},{"taxonomy":"post_tag","embeddable":true,"href":"https:\/\/www.visit-ulcinj.com\/blog\/wp-json\/wp\/v2\/tags?post=55593"}],"curies":[{"name":"wp","href":"https:\/\/api.w.org\/{rel}","templated":true}]}}