{"id":55597,"date":"2012-01-06T19:51:12","date_gmt":"2012-01-06T18:51:12","guid":{"rendered":"http:\/\/www.visit-ulcinj.com\/blog\/?p=55597"},"modified":"2012-01-06T21:20:03","modified_gmt":"2012-01-06T20:20:03","slug":"ibrahim-mila-ocekuju-spas-od-katastrofe","status":"publish","type":"post","link":"https:\/\/www.visit-ulcinj.com\/blog\/2012\/01\/06\/ibrahim-mila-ocekuju-spas-od-katastrofe\/","title":{"rendered":"Ibrahim Mila: O\u010dekuju spas od katastrofe"},"content":{"rendered":"<p><a href=\"http:\/\/www.visit-ulcinj.com\/blog\/wp-content\/uploads\/2012\/01\/Valdet-Adzemovic.1.jpg\"><img loading=\"lazy\" class=\"alignleft  wp-image-55618\" title=\"Valdet Adzemovic.1\" src=\"http:\/\/www.visit-ulcinj.com\/blog\/wp-content\/uploads\/2012\/01\/Valdet-Adzemovic.1.jpg\" alt=\"\" width=\"508\" height=\"360\" \/><\/a>Nedostatak prostorno-planske dokumentacije, lo\u0161e razvijena regionalna i lokalna infrastruktura te nerealno visoke lokalne takse predstavljaju glavne barijere za razvoj biznisa i rast privrede u najju\u017enijoj crnogorskoj op\u0161tini, a rje\u0161avanje tih problema u ovoj godini bi\u0107e jedan od prioriteta lokalne uprave \u2013 ka\u017ee za \u201eDan\u201c sekretar Sekretarijata za privredu Valdet Ad\u017eemovi\u0107.<br \/>\nPrema njegovim rije\u010dima, pomenuti problemi uzrokovali su da poslovni ambijent u Ulcinju ve\u0107 decenijama bude daleko ispod zadovoljavaju\u0107eg nivoa.<br \/>\n\u2013Usvajanjem prostorno- planske dokumentacije koje se uskoro o\u010dekuje u Skup\u0161tini op\u0161tine ukloni\u0107e se glavna barijera za razvoj privrede. Tako\u0111e, nova lokalna administracija \u0107e analizirati sve odluke koje se ti\u010du lokalnih komunalnih taksi, naknada i sve koje budu iznad prosjeka u drugim primorskim op\u0161tinama bi\u0107e uskla\u0111ene uz uva\u017eavanje mi\u0161ljenja strukovnih udru\u017eenja. Potrudi\u0107emo se da stvorimo dobar poslovni ambijent. Osnovni cilj \u0107e nam biti privla\u010denje investicija, a svim potencijalnim investitorima ponudi\u0107emo dobre uslove \u2013 tvrdi Ad\u017eemovi\u0107. On smatra da je stanje u privredi najju\u017enije op\u0161tine veoma te\u0161ko i da svi \u010dinioci rade sa znatno manjim kapacitetima.<br \/>\n\u2013 Privreda je u nezavidnom polo\u017eaju, nema podr\u0161ke bankarskog sektora, a tek poneka preduzetni\u010dka inicijativa nije dovoljna da se situacija promijeni, ka\u017ee Ad\u017eemovi\u0107 i dodaje da bi predstoje\u0107a turisti\u010dka sezona mogla da donese novu svje\u017einu i kapital.<br \/>\n\u2013U drugoj polovini godine o\u010dekujemo po\u010detak izgradnje novih hotela, \u0161to bi svakako uticalo da se pokrene cjelokupna privreda u op\u0161tini- zaklju\u010duje Ad\u017eemovi\u0107.<br \/>\nU odnosu na period od prije nekoliko godina poslovni ambijent u Crnoj Gori je zna\u010dajno pobolj\u0161an usvajanjem seta novih zakona, usagla\u0161enih sa standardima EU. Me\u0111utim, uprkos tome, preduzetnici su i dalje suo\u010deni sa komplikovanim regulatornim okvirom i dugotrajnom i skupom administrativnom procedurom, te \u010desto visokim nametima, odnosno taksama. Ulcinj je jedno vrijeme prednja\u010dio po visini lokalnih komunalnih taksi, u odnosu na ostale primorske op\u0161tine, pa su privrednici ovog grada imali vi\u0161estruko ve\u0107e finansijske obaveze od svojih kolega u drugim op\u0161tinama. Situacija je sada mnogo bolja, jer su takse donekle korigovane.<br \/>\n<a href=\"http:\/\/www.visit-ulcinj.com\/blog\/wp-content\/uploads\/2012\/01\/UBA-ULCINJ.jpg\"><img loading=\"lazy\" class=\"alignleft  wp-image-55620\" title=\"UBA - ULCINJ\" src=\"http:\/\/www.visit-ulcinj.com\/blog\/wp-content\/uploads\/2012\/01\/UBA-ULCINJ.jpg\" alt=\"\" width=\"508\" height=\"330\" \/><\/a><br \/>\nZa izvr\u0161nog direktora Ulcinj biznis asocijacije (UBA) Ibrahima Milu poslovni ambijent u najju\u017enijoj op\u0161tini najbolje oslikava stanje u ulcinjskoj privredi.<br \/>\n\u2013 Situacija je katastrofalna, ali vjerujem daa \u0107e vrlo brzo po\u010deti da se mijenja. Osje\u0107a se optimizam, jer su u novoj vlasti ljudi iz privrede i oni najbolje znaju kako pokrenuti stvari s mrtve ta\u010dke&#8230; Shvataju na\u0161e potrebe i probleme, a i vrijeme \u0107e to pokazati. Kompletan biznis sektor ima primjedbe na doskora\u0161nji rad lokalne uprave i mi se nadamo da \u0107e to da se promjeni nabolje, po\u010dev\u0161i od uskla\u0111ivanja taksi pa do onog najva\u017enijeg- usvajanja planova. Prije svega, o\u010dekujemo da po\u010dne da funkcioni\u0161e gra\u0111evinarstvo koje sputava nedostatak planske dokumentacije. Gra\u0111evinarstvo je svugdje u svijetu glavni pokreta\u010d privrede pa nema razloga da tako ne bude i kod nas. Mislim da \u0107emo poslije 20. januara, kada je krajnji rok za usvajanje urbanisti\u010dkih planova, krenuti uzlaznom putanjom. Prve rezultate o\u010dekujemo na prolje\u0107e- ka\u017ee Mila.<br \/>\nUlcinjani jedva \u010dekaju usvajanje planova, jer je u odre\u0111enim privrednim segmentima evidentan pad i do 90 odsto. Firme se zatvaraju ili rade s minimalnim kapacitetima. Prakti\u010dno, sve je stalo. Da\u017ebine su i dalje visoke pa, primjera radi, Ulcinjani izuzetno skupo pla\u0107aju vodu i odvoz sme\u0107a.<br \/>\n<a href=\"http:\/\/www.visit-ulcinj.com\/blog\/wp-content\/uploads\/2012\/01\/Ulcinj_Ocekuju-spas-od-katastrofe.1.jpg\"><img loading=\"lazy\" class=\"alignleft  wp-image-55602\" title=\"Ulcinj_Ocekuju spas od katastrofe.1\" src=\"http:\/\/www.visit-ulcinj.com\/blog\/wp-content\/uploads\/2012\/01\/Ulcinj_Ocekuju-spas-od-katastrofe.1.jpg\" alt=\"\" width=\"508\" height=\"330\" \/><\/a><br \/>\n<strong>Eliminisanje biznis barijera<\/strong><br \/>\nUlcinjski privrednici smatraju da treba preispitati odluke o porezima i taksama i uskladiti ih s op\u0161tinama pribli\u017eno istog razvojnog nivoa. Mi\u0161ljenja su da me\u0111u op\u0161tinama treba da bude razvijena konkurentnost po modelu \u2013 olak\u0161icama privu\u0107i \u0161to vi\u0161e biznisa. Eliminisanje biznis barijera je uostalom i strate\u0161ki interes Crne Gore. Vlada je prije dvije godine osnovala Savjet za eliminisanje biznis barijera. Napravljen je akcioni plan za unapre\u0111enje poslovnog ambijenta kojim \u0107e se, preko odgovaraju\u0107e zakonske regulative, skratiti administrativne procedure, i tro\u0161kovi, odnosno eliminisati sve prepreke privrednicima i potencijalnim investitorima.<\/p>\n<p><a href=\"http:\/\/www.dan.co.me\/?nivo=3&amp;rubrika=Regioni&amp;clanak=314528&amp;datum=2012-01-06\" target=\"_blank\"><strong>Izvor\u00a0: DAN<\/strong><\/a><\/p>\n","protected":false},"excerpt":{"rendered":"<p>Nedostatak prostorno-planske dokumentacije, lo\u0161e razvijena regionalna i lokalna infrastruktura te nerealno visoke lokalne takse predstavljaju glavne barijere za razvoj biznisa i rast privrede u najju\u017enijoj crnogorskoj op\u0161tini, a rje\u0161avanje tih problema u ovoj godini bi\u0107e jedan od prioriteta lokalne uprave \u2013 ka\u017ee za \u201eDan\u201c sekretar Sekretarijata za privredu Valdet Ad\u017eemovi\u0107. Prema njegovim rije\u010dima, pomenuti problemi [&hellip;]<\/p>\n","protected":false},"author":1,"featured_media":0,"comment_status":"open","ping_status":"closed","sticky":false,"template":"","format":"standard","meta":{"spay_email":"","jetpack_publicize_message":"","jetpack_is_tweetstorm":false,"jetpack_publicize_feature_enabled":true},"categories":[8337],"tags":[5499,19,19792],"jetpack_publicize_connections":[],"yoast_head":"<!-- This site is optimized with the Yoast SEO plugin v19.1 - https:\/\/yoast.com\/wordpress\/plugins\/seo\/ -->\n<title>Ibrahim Mila: O\u010dekuju spas od katastrofe - Lajme nga Ulqini<\/title>\n<meta name=\"description\" content=\"Nedostatak prostorno-planske dokumentacije, lo\u0161e razvijena regionalna i lokalna infrastruktura te nerealno visoke lokalne takse predstavljaju glavne\" \/>\n<meta name=\"robots\" content=\"index, follow, max-snippet:-1, max-image-preview:large, max-video-preview:-1\" \/>\n<link rel=\"canonical\" href=\"https:\/\/www.visit-ulcinj.com\/blog\/2012\/01\/06\/ibrahim-mila-ocekuju-spas-od-katastrofe\/\" \/>\n<meta property=\"og:locale\" content=\"en_US\" \/>\n<meta property=\"og:type\" content=\"article\" \/>\n<meta property=\"og:title\" content=\"Ibrahim Mila: O\u010dekuju spas od katastrofe - Lajme nga Ulqini\" \/>\n<meta property=\"og:description\" content=\"Nedostatak prostorno-planske dokumentacije, lo\u0161e razvijena regionalna i lokalna infrastruktura te nerealno visoke lokalne takse predstavljaju glavne\" \/>\n<meta property=\"og:url\" content=\"https:\/\/www.visit-ulcinj.com\/blog\/2012\/01\/06\/ibrahim-mila-ocekuju-spas-od-katastrofe\/\" \/>\n<meta property=\"og:site_name\" content=\"Lajme nga Ulqini\" \/>\n<meta property=\"article:published_time\" content=\"2012-01-06T18:51:12+00:00\" \/>\n<meta property=\"article:modified_time\" content=\"2012-01-06T20:20:03+00:00\" \/>\n<meta property=\"og:image\" content=\"http:\/\/www.visit-ulcinj.com\/blog\/wp-content\/uploads\/2012\/01\/Valdet-Adzemovic.1.jpg\" \/>\n<meta name=\"twitter:label1\" content=\"Written by\" \/>\n\t<meta name=\"twitter:data1\" content=\"ulqini\" \/>\n\t<meta name=\"twitter:label2\" content=\"Est. reading time\" \/>\n\t<meta name=\"twitter:data2\" content=\"3 minutes\" \/>\n<script type=\"application\/ld+json\" class=\"yoast-schema-graph\">{\"@context\":\"https:\/\/schema.org\",\"@graph\":[{\"@type\":\"WebSite\",\"@id\":\"https:\/\/www.visit-ulcinj.com\/blog\/#website\",\"url\":\"https:\/\/www.visit-ulcinj.com\/blog\/\",\"name\":\"Lajme nga Ulqini\",\"description\":\"Lajme,Vijesti,Ulqini,Ulqin,Crna Gora,Mali i Zi\",\"potentialAction\":[{\"@type\":\"SearchAction\",\"target\":{\"@type\":\"EntryPoint\",\"urlTemplate\":\"https:\/\/www.visit-ulcinj.com\/blog\/?s={search_term_string}\"},\"query-input\":\"required name=search_term_string\"}],\"inLanguage\":\"en-US\"},{\"@type\":\"ImageObject\",\"inLanguage\":\"en-US\",\"@id\":\"https:\/\/www.visit-ulcinj.com\/blog\/2012\/01\/06\/ibrahim-mila-ocekuju-spas-od-katastrofe\/#primaryimage\",\"url\":\"https:\/\/www.visit-ulcinj.com\/blog\/wp-content\/uploads\/2012\/01\/Valdet-Adzemovic.1.jpg\",\"contentUrl\":\"https:\/\/www.visit-ulcinj.com\/blog\/wp-content\/uploads\/2012\/01\/Valdet-Adzemovic.1.jpg\",\"width\":\"640\",\"height\":\"425\"},{\"@type\":\"WebPage\",\"@id\":\"https:\/\/www.visit-ulcinj.com\/blog\/2012\/01\/06\/ibrahim-mila-ocekuju-spas-od-katastrofe\/#webpage\",\"url\":\"https:\/\/www.visit-ulcinj.com\/blog\/2012\/01\/06\/ibrahim-mila-ocekuju-spas-od-katastrofe\/\",\"name\":\"Ibrahim Mila: O\u010dekuju spas od katastrofe - Lajme nga Ulqini\",\"isPartOf\":{\"@id\":\"https:\/\/www.visit-ulcinj.com\/blog\/#website\"},\"primaryImageOfPage\":{\"@id\":\"https:\/\/www.visit-ulcinj.com\/blog\/2012\/01\/06\/ibrahim-mila-ocekuju-spas-od-katastrofe\/#primaryimage\"},\"datePublished\":\"2012-01-06T18:51:12+00:00\",\"dateModified\":\"2012-01-06T20:20:03+00:00\",\"author\":{\"@id\":\"https:\/\/www.visit-ulcinj.com\/blog\/#\/schema\/person\/dcab619c614d3038751c63bc2aadc06d\"},\"description\":\"Nedostatak prostorno-planske dokumentacije, lo\u0161e razvijena regionalna i lokalna infrastruktura te nerealno visoke lokalne takse predstavljaju glavne\",\"breadcrumb\":{\"@id\":\"https:\/\/www.visit-ulcinj.com\/blog\/2012\/01\/06\/ibrahim-mila-ocekuju-spas-od-katastrofe\/#breadcrumb\"},\"inLanguage\":\"en-US\",\"potentialAction\":[{\"@type\":\"ReadAction\",\"target\":[\"https:\/\/www.visit-ulcinj.com\/blog\/2012\/01\/06\/ibrahim-mila-ocekuju-spas-od-katastrofe\/\"]}]},{\"@type\":\"BreadcrumbList\",\"@id\":\"https:\/\/www.visit-ulcinj.com\/blog\/2012\/01\/06\/ibrahim-mila-ocekuju-spas-od-katastrofe\/#breadcrumb\",\"itemListElement\":[{\"@type\":\"ListItem\",\"position\":1,\"name\":\"Ibrahim Mila: O\u010dekuju spas od katastrofe\"}]},{\"@type\":\"Person\",\"@id\":\"https:\/\/www.visit-ulcinj.com\/blog\/#\/schema\/person\/dcab619c614d3038751c63bc2aadc06d\",\"name\":\"ulqini\",\"sameAs\":[\"http:\/\/www.visit-ulcinj.com\"],\"url\":\"https:\/\/www.visit-ulcinj.com\/blog\/author\/admin\/\"}]}<\/script>\n<!-- \/ Yoast SEO plugin. -->","yoast_head_json":{"title":"Ibrahim Mila: O\u010dekuju spas od katastrofe - Lajme nga Ulqini","description":"Nedostatak prostorno-planske dokumentacije, lo\u0161e razvijena regionalna i lokalna infrastruktura te nerealno visoke lokalne takse predstavljaju glavne","robots":{"index":"index","follow":"follow","max-snippet":"max-snippet:-1","max-image-preview":"max-image-preview:large","max-video-preview":"max-video-preview:-1"},"canonical":"https:\/\/www.visit-ulcinj.com\/blog\/2012\/01\/06\/ibrahim-mila-ocekuju-spas-od-katastrofe\/","og_locale":"en_US","og_type":"article","og_title":"Ibrahim Mila: O\u010dekuju spas od katastrofe - Lajme nga Ulqini","og_description":"Nedostatak prostorno-planske dokumentacije, lo\u0161e razvijena regionalna i lokalna infrastruktura te nerealno visoke lokalne takse predstavljaju glavne","og_url":"https:\/\/www.visit-ulcinj.com\/blog\/2012\/01\/06\/ibrahim-mila-ocekuju-spas-od-katastrofe\/","og_site_name":"Lajme nga Ulqini","article_published_time":"2012-01-06T18:51:12+00:00","article_modified_time":"2012-01-06T20:20:03+00:00","og_image":[{"url":"http:\/\/www.visit-ulcinj.com\/blog\/wp-content\/uploads\/2012\/01\/Valdet-Adzemovic.1.jpg"}],"twitter_misc":{"Written by":"ulqini","Est. reading time":"3 minutes"},"schema":{"@context":"https:\/\/schema.org","@graph":[{"@type":"WebSite","@id":"https:\/\/www.visit-ulcinj.com\/blog\/#website","url":"https:\/\/www.visit-ulcinj.com\/blog\/","name":"Lajme nga Ulqini","description":"Lajme,Vijesti,Ulqini,Ulqin,Crna Gora,Mali i Zi","potentialAction":[{"@type":"SearchAction","target":{"@type":"EntryPoint","urlTemplate":"https:\/\/www.visit-ulcinj.com\/blog\/?s={search_term_string}"},"query-input":"required name=search_term_string"}],"inLanguage":"en-US"},{"@type":"ImageObject","inLanguage":"en-US","@id":"https:\/\/www.visit-ulcinj.com\/blog\/2012\/01\/06\/ibrahim-mila-ocekuju-spas-od-katastrofe\/#primaryimage","url":"https:\/\/www.visit-ulcinj.com\/blog\/wp-content\/uploads\/2012\/01\/Valdet-Adzemovic.1.jpg","contentUrl":"https:\/\/www.visit-ulcinj.com\/blog\/wp-content\/uploads\/2012\/01\/Valdet-Adzemovic.1.jpg","width":"640","height":"425"},{"@type":"WebPage","@id":"https:\/\/www.visit-ulcinj.com\/blog\/2012\/01\/06\/ibrahim-mila-ocekuju-spas-od-katastrofe\/#webpage","url":"https:\/\/www.visit-ulcinj.com\/blog\/2012\/01\/06\/ibrahim-mila-ocekuju-spas-od-katastrofe\/","name":"Ibrahim Mila: O\u010dekuju spas od katastrofe - Lajme nga Ulqini","isPartOf":{"@id":"https:\/\/www.visit-ulcinj.com\/blog\/#website"},"primaryImageOfPage":{"@id":"https:\/\/www.visit-ulcinj.com\/blog\/2012\/01\/06\/ibrahim-mila-ocekuju-spas-od-katastrofe\/#primaryimage"},"datePublished":"2012-01-06T18:51:12+00:00","dateModified":"2012-01-06T20:20:03+00:00","author":{"@id":"https:\/\/www.visit-ulcinj.com\/blog\/#\/schema\/person\/dcab619c614d3038751c63bc2aadc06d"},"description":"Nedostatak prostorno-planske dokumentacije, lo\u0161e razvijena regionalna i lokalna infrastruktura te nerealno visoke lokalne takse predstavljaju glavne","breadcrumb":{"@id":"https:\/\/www.visit-ulcinj.com\/blog\/2012\/01\/06\/ibrahim-mila-ocekuju-spas-od-katastrofe\/#breadcrumb"},"inLanguage":"en-US","potentialAction":[{"@type":"ReadAction","target":["https:\/\/www.visit-ulcinj.com\/blog\/2012\/01\/06\/ibrahim-mila-ocekuju-spas-od-katastrofe\/"]}]},{"@type":"BreadcrumbList","@id":"https:\/\/www.visit-ulcinj.com\/blog\/2012\/01\/06\/ibrahim-mila-ocekuju-spas-od-katastrofe\/#breadcrumb","itemListElement":[{"@type":"ListItem","position":1,"name":"Ibrahim Mila: O\u010dekuju spas od katastrofe"}]},{"@type":"Person","@id":"https:\/\/www.visit-ulcinj.com\/blog\/#\/schema\/person\/dcab619c614d3038751c63bc2aadc06d","name":"ulqini","sameAs":["http:\/\/www.visit-ulcinj.com"],"url":"https:\/\/www.visit-ulcinj.com\/blog\/author\/admin\/"}]}},"jetpack_featured_media_url":"","jetpack_sharing_enabled":true,"jetpack_shortlink":"https:\/\/wp.me\/pe6lTn-esJ","_links":{"self":[{"href":"https:\/\/www.visit-ulcinj.com\/blog\/wp-json\/wp\/v2\/posts\/55597"}],"collection":[{"href":"https:\/\/www.visit-ulcinj.com\/blog\/wp-json\/wp\/v2\/posts"}],"about":[{"href":"https:\/\/www.visit-ulcinj.com\/blog\/wp-json\/wp\/v2\/types\/post"}],"author":[{"embeddable":true,"href":"https:\/\/www.visit-ulcinj.com\/blog\/wp-json\/wp\/v2\/users\/1"}],"replies":[{"embeddable":true,"href":"https:\/\/www.visit-ulcinj.com\/blog\/wp-json\/wp\/v2\/comments?post=55597"}],"version-history":[{"count":3,"href":"https:\/\/www.visit-ulcinj.com\/blog\/wp-json\/wp\/v2\/posts\/55597\/revisions"}],"predecessor-version":[{"id":55621,"href":"https:\/\/www.visit-ulcinj.com\/blog\/wp-json\/wp\/v2\/posts\/55597\/revisions\/55621"}],"wp:attachment":[{"href":"https:\/\/www.visit-ulcinj.com\/blog\/wp-json\/wp\/v2\/media?parent=55597"}],"wp:term":[{"taxonomy":"category","embeddable":true,"href":"https:\/\/www.visit-ulcinj.com\/blog\/wp-json\/wp\/v2\/categories?post=55597"},{"taxonomy":"post_tag","embeddable":true,"href":"https:\/\/www.visit-ulcinj.com\/blog\/wp-json\/wp\/v2\/tags?post=55597"}],"curies":[{"name":"wp","href":"https:\/\/api.w.org\/{rel}","templated":true}]}}