{"id":55624,"date":"2012-01-06T22:21:27","date_gmt":"2012-01-06T21:21:27","guid":{"rendered":"http:\/\/www.visit-ulcinj.com\/blog\/?p=55624"},"modified":"2012-01-06T22:21:27","modified_gmt":"2012-01-06T21:21:27","slug":"adelina-tahiri-pelqen-te-jete-mashkull","status":"publish","type":"post","link":"https:\/\/www.visit-ulcinj.com\/blog\/2012\/01\/06\/adelina-tahiri-pelqen-te-jete-mashkull\/","title":{"rendered":"Adelina Tahiri p\u00eblqen t\u00eb jet\u00eb mashkull"},"content":{"rendered":"<p><strong><a href=\"http:\/\/www.visit-ulcinj.com\/blog\/wp-content\/uploads\/2012\/01\/adelina-tahiri.jpg\"><img loading=\"lazy\" class=\"alignleft size-full wp-image-55625\" title=\"adelina-tahiri\" src=\"http:\/\/www.visit-ulcinj.com\/blog\/wp-content\/uploads\/2012\/01\/adelina-tahiri.jpg\" alt=\"\" width=\"300\" height=\"232\" \/><\/a>Vajza nga Shkupi, nj\u00eb nga k\u00ebng\u00ebtaret m\u00eb t\u00eb komentuara p\u00ebr vitin q\u00eb lam\u00eb pas, Adelina Tahiri, ka di\u00e7ka q\u00eb e p\u00eblqen dhe vet\u00ebm n\u00eb programin e Labit n\u00eb 21 e ka treguar.<\/strong><\/p>\n<p>Adelin\u00ebs i p\u00eblqen t\u00eb kishte lindur djal\u00eb. Ajo ia b\u00ebn k\u00ebt\u00eb pyetje vetes, pasi meq\u00eb \u00ebsht\u00eb fem\u00ebr duhet t\u00eb kujdeset m\u00eb shum\u00eb p\u00ebr flok\u00ebt, p\u00ebr veshjet. Por, n\u00eb fakt, kuptojn\u00eb se ajo nuk e do veten si fem\u00ebr n\u00eb baz\u00eb t\u00eb k\u00ebsaj, por muzik\u00ebn. Edhe n\u00ebse do t\u00eb ishte mashkull do t\u00eb k\u00ebndonte.<\/p>\n<p>Adelina simpatike ndoshta p\u00ebr momentin ka harruar se edhe koleg\u00ebt e saj, meshkujt, kujdesen p\u00ebr flok\u00ebt, p\u00ebr veshjen, si\u00e7 n\u00eb fakt ran\u00eb n\u00eb sy edhe k\u00ebt\u00eb vit, n\u00eb k\u00ebt\u00eb program festiv. \/M. GJ\/<\/p>\n<p><strong>Kosova Sot<br \/>\n<!--YouTube Error: bad URL entered--><br \/>\n<\/strong><\/p>\n","protected":false},"excerpt":{"rendered":"<p>Vajza nga Shkupi, nj\u00eb nga k\u00ebng\u00ebtaret m\u00eb t\u00eb komentuara p\u00ebr vitin q\u00eb lam\u00eb pas, Adelina Tahiri, ka di\u00e7ka q\u00eb e p\u00eblqen dhe vet\u00ebm n\u00eb programin e Labit n\u00eb 21 e ka treguar. Adelin\u00ebs i p\u00eblqen t\u00eb kishte lindur djal\u00eb. Ajo ia b\u00ebn k\u00ebt\u00eb pyetje vetes, pasi meq\u00eb \u00ebsht\u00eb fem\u00ebr duhet t\u00eb kujdeset m\u00eb shum\u00eb p\u00ebr [&hellip;]<\/p>\n","protected":false},"author":1,"featured_media":0,"comment_status":"open","ping_status":"closed","sticky":false,"template":"","format":"standard","meta":{"spay_email":"","jetpack_publicize_message":"","jetpack_is_tweetstorm":false,"jetpack_publicize_feature_enabled":true},"categories":[1],"tags":[6597],"jetpack_publicize_connections":[],"yoast_head":"<!-- This site is optimized with the Yoast SEO plugin v19.1 - https:\/\/yoast.com\/wordpress\/plugins\/seo\/ -->\n<title>Adelina Tahiri p\u00eblqen t\u00eb jet\u00eb mashkull - Lajme nga Ulqini<\/title>\n<meta name=\"description\" content=\"Vajza nga Shkupi, nj\u00eb nga k\u00ebng\u00ebtaret m\u00eb t\u00eb komentuara p\u00ebr vitin q\u00eb lam\u00eb pas, Adelina Tahiri, ka di\u00e7ka q\u00eb e p\u00eblqen dhe vet\u00ebm n\u00eb programin e Labit n\u00eb 21 e\" \/>\n<meta name=\"robots\" content=\"index, follow, max-snippet:-1, max-image-preview:large, max-video-preview:-1\" \/>\n<link rel=\"canonical\" href=\"https:\/\/www.visit-ulcinj.com\/blog\/2012\/01\/06\/adelina-tahiri-pelqen-te-jete-mashkull\/\" \/>\n<meta property=\"og:locale\" content=\"en_US\" \/>\n<meta property=\"og:type\" content=\"article\" \/>\n<meta property=\"og:title\" content=\"Adelina Tahiri p\u00eblqen t\u00eb jet\u00eb mashkull - Lajme nga Ulqini\" \/>\n<meta property=\"og:description\" content=\"Vajza nga Shkupi, nj\u00eb nga k\u00ebng\u00ebtaret m\u00eb t\u00eb komentuara p\u00ebr vitin q\u00eb lam\u00eb pas, Adelina Tahiri, ka di\u00e7ka q\u00eb e p\u00eblqen dhe vet\u00ebm n\u00eb programin e Labit n\u00eb 21 e\" \/>\n<meta property=\"og:url\" content=\"https:\/\/www.visit-ulcinj.com\/blog\/2012\/01\/06\/adelina-tahiri-pelqen-te-jete-mashkull\/\" \/>\n<meta property=\"og:site_name\" content=\"Lajme nga Ulqini\" \/>\n<meta property=\"article:published_time\" content=\"2012-01-06T21:21:27+00:00\" \/>\n<meta property=\"og:image\" content=\"http:\/\/www.visit-ulcinj.com\/blog\/wp-content\/uploads\/2012\/01\/adelina-tahiri.jpg\" \/>\n<meta name=\"twitter:label1\" content=\"Written by\" \/>\n\t<meta name=\"twitter:data1\" content=\"ulqini\" \/>\n\t<meta name=\"twitter:label2\" content=\"Est. reading time\" \/>\n\t<meta name=\"twitter:data2\" content=\"1 minute\" \/>\n<script type=\"application\/ld+json\" class=\"yoast-schema-graph\">{\"@context\":\"https:\/\/schema.org\",\"@graph\":[{\"@type\":\"WebSite\",\"@id\":\"https:\/\/www.visit-ulcinj.com\/blog\/#website\",\"url\":\"https:\/\/www.visit-ulcinj.com\/blog\/\",\"name\":\"Lajme nga Ulqini\",\"description\":\"Lajme,Vijesti,Ulqini,Ulqin,Crna Gora,Mali i Zi\",\"potentialAction\":[{\"@type\":\"SearchAction\",\"target\":{\"@type\":\"EntryPoint\",\"urlTemplate\":\"https:\/\/www.visit-ulcinj.com\/blog\/?s={search_term_string}\"},\"query-input\":\"required name=search_term_string\"}],\"inLanguage\":\"en-US\"},{\"@type\":\"ImageObject\",\"inLanguage\":\"en-US\",\"@id\":\"https:\/\/www.visit-ulcinj.com\/blog\/2012\/01\/06\/adelina-tahiri-pelqen-te-jete-mashkull\/#primaryimage\",\"url\":\"http:\/\/www.visit-ulcinj.com\/blog\/wp-content\/uploads\/2012\/01\/adelina-tahiri.jpg\",\"contentUrl\":\"http:\/\/www.visit-ulcinj.com\/blog\/wp-content\/uploads\/2012\/01\/adelina-tahiri.jpg\"},{\"@type\":\"WebPage\",\"@id\":\"https:\/\/www.visit-ulcinj.com\/blog\/2012\/01\/06\/adelina-tahiri-pelqen-te-jete-mashkull\/#webpage\",\"url\":\"https:\/\/www.visit-ulcinj.com\/blog\/2012\/01\/06\/adelina-tahiri-pelqen-te-jete-mashkull\/\",\"name\":\"Adelina Tahiri p\u00eblqen t\u00eb jet\u00eb mashkull - Lajme nga Ulqini\",\"isPartOf\":{\"@id\":\"https:\/\/www.visit-ulcinj.com\/blog\/#website\"},\"primaryImageOfPage\":{\"@id\":\"https:\/\/www.visit-ulcinj.com\/blog\/2012\/01\/06\/adelina-tahiri-pelqen-te-jete-mashkull\/#primaryimage\"},\"datePublished\":\"2012-01-06T21:21:27+00:00\",\"dateModified\":\"2012-01-06T21:21:27+00:00\",\"author\":{\"@id\":\"https:\/\/www.visit-ulcinj.com\/blog\/#\/schema\/person\/dcab619c614d3038751c63bc2aadc06d\"},\"description\":\"Vajza nga Shkupi, nj\u00eb nga k\u00ebng\u00ebtaret m\u00eb t\u00eb komentuara p\u00ebr vitin q\u00eb lam\u00eb pas, Adelina Tahiri, ka di\u00e7ka q\u00eb e p\u00eblqen dhe vet\u00ebm n\u00eb programin e Labit n\u00eb 21 e\",\"breadcrumb\":{\"@id\":\"https:\/\/www.visit-ulcinj.com\/blog\/2012\/01\/06\/adelina-tahiri-pelqen-te-jete-mashkull\/#breadcrumb\"},\"inLanguage\":\"en-US\",\"potentialAction\":[{\"@type\":\"ReadAction\",\"target\":[\"https:\/\/www.visit-ulcinj.com\/blog\/2012\/01\/06\/adelina-tahiri-pelqen-te-jete-mashkull\/\"]}]},{\"@type\":\"BreadcrumbList\",\"@id\":\"https:\/\/www.visit-ulcinj.com\/blog\/2012\/01\/06\/adelina-tahiri-pelqen-te-jete-mashkull\/#breadcrumb\",\"itemListElement\":[{\"@type\":\"ListItem\",\"position\":1,\"name\":\"Adelina Tahiri p\u00eblqen t\u00eb jet\u00eb mashkull\"}]},{\"@type\":\"Person\",\"@id\":\"https:\/\/www.visit-ulcinj.com\/blog\/#\/schema\/person\/dcab619c614d3038751c63bc2aadc06d\",\"name\":\"ulqini\",\"sameAs\":[\"http:\/\/www.visit-ulcinj.com\"],\"url\":\"https:\/\/www.visit-ulcinj.com\/blog\/author\/admin\/\"}]}<\/script>\n<!-- \/ Yoast SEO plugin. -->","yoast_head_json":{"title":"Adelina Tahiri p\u00eblqen t\u00eb jet\u00eb mashkull - Lajme nga Ulqini","description":"Vajza nga Shkupi, nj\u00eb nga k\u00ebng\u00ebtaret m\u00eb t\u00eb komentuara p\u00ebr vitin q\u00eb lam\u00eb pas, Adelina Tahiri, ka di\u00e7ka q\u00eb e p\u00eblqen dhe vet\u00ebm n\u00eb programin e Labit n\u00eb 21 e","robots":{"index":"index","follow":"follow","max-snippet":"max-snippet:-1","max-image-preview":"max-image-preview:large","max-video-preview":"max-video-preview:-1"},"canonical":"https:\/\/www.visit-ulcinj.com\/blog\/2012\/01\/06\/adelina-tahiri-pelqen-te-jete-mashkull\/","og_locale":"en_US","og_type":"article","og_title":"Adelina Tahiri p\u00eblqen t\u00eb jet\u00eb mashkull - Lajme nga Ulqini","og_description":"Vajza nga Shkupi, nj\u00eb nga k\u00ebng\u00ebtaret m\u00eb t\u00eb komentuara p\u00ebr vitin q\u00eb lam\u00eb pas, Adelina Tahiri, ka di\u00e7ka q\u00eb e p\u00eblqen dhe vet\u00ebm n\u00eb programin e Labit n\u00eb 21 e","og_url":"https:\/\/www.visit-ulcinj.com\/blog\/2012\/01\/06\/adelina-tahiri-pelqen-te-jete-mashkull\/","og_site_name":"Lajme nga Ulqini","article_published_time":"2012-01-06T21:21:27+00:00","og_image":[{"url":"http:\/\/www.visit-ulcinj.com\/blog\/wp-content\/uploads\/2012\/01\/adelina-tahiri.jpg"}],"twitter_misc":{"Written by":"ulqini","Est. reading time":"1 minute"},"schema":{"@context":"https:\/\/schema.org","@graph":[{"@type":"WebSite","@id":"https:\/\/www.visit-ulcinj.com\/blog\/#website","url":"https:\/\/www.visit-ulcinj.com\/blog\/","name":"Lajme nga Ulqini","description":"Lajme,Vijesti,Ulqini,Ulqin,Crna Gora,Mali i Zi","potentialAction":[{"@type":"SearchAction","target":{"@type":"EntryPoint","urlTemplate":"https:\/\/www.visit-ulcinj.com\/blog\/?s={search_term_string}"},"query-input":"required name=search_term_string"}],"inLanguage":"en-US"},{"@type":"ImageObject","inLanguage":"en-US","@id":"https:\/\/www.visit-ulcinj.com\/blog\/2012\/01\/06\/adelina-tahiri-pelqen-te-jete-mashkull\/#primaryimage","url":"http:\/\/www.visit-ulcinj.com\/blog\/wp-content\/uploads\/2012\/01\/adelina-tahiri.jpg","contentUrl":"http:\/\/www.visit-ulcinj.com\/blog\/wp-content\/uploads\/2012\/01\/adelina-tahiri.jpg"},{"@type":"WebPage","@id":"https:\/\/www.visit-ulcinj.com\/blog\/2012\/01\/06\/adelina-tahiri-pelqen-te-jete-mashkull\/#webpage","url":"https:\/\/www.visit-ulcinj.com\/blog\/2012\/01\/06\/adelina-tahiri-pelqen-te-jete-mashkull\/","name":"Adelina Tahiri p\u00eblqen t\u00eb jet\u00eb mashkull - Lajme nga Ulqini","isPartOf":{"@id":"https:\/\/www.visit-ulcinj.com\/blog\/#website"},"primaryImageOfPage":{"@id":"https:\/\/www.visit-ulcinj.com\/blog\/2012\/01\/06\/adelina-tahiri-pelqen-te-jete-mashkull\/#primaryimage"},"datePublished":"2012-01-06T21:21:27+00:00","dateModified":"2012-01-06T21:21:27+00:00","author":{"@id":"https:\/\/www.visit-ulcinj.com\/blog\/#\/schema\/person\/dcab619c614d3038751c63bc2aadc06d"},"description":"Vajza nga Shkupi, nj\u00eb nga k\u00ebng\u00ebtaret m\u00eb t\u00eb komentuara p\u00ebr vitin q\u00eb lam\u00eb pas, Adelina Tahiri, ka di\u00e7ka q\u00eb e p\u00eblqen dhe vet\u00ebm n\u00eb programin e Labit n\u00eb 21 e","breadcrumb":{"@id":"https:\/\/www.visit-ulcinj.com\/blog\/2012\/01\/06\/adelina-tahiri-pelqen-te-jete-mashkull\/#breadcrumb"},"inLanguage":"en-US","potentialAction":[{"@type":"ReadAction","target":["https:\/\/www.visit-ulcinj.com\/blog\/2012\/01\/06\/adelina-tahiri-pelqen-te-jete-mashkull\/"]}]},{"@type":"BreadcrumbList","@id":"https:\/\/www.visit-ulcinj.com\/blog\/2012\/01\/06\/adelina-tahiri-pelqen-te-jete-mashkull\/#breadcrumb","itemListElement":[{"@type":"ListItem","position":1,"name":"Adelina Tahiri p\u00eblqen t\u00eb jet\u00eb mashkull"}]},{"@type":"Person","@id":"https:\/\/www.visit-ulcinj.com\/blog\/#\/schema\/person\/dcab619c614d3038751c63bc2aadc06d","name":"ulqini","sameAs":["http:\/\/www.visit-ulcinj.com"],"url":"https:\/\/www.visit-ulcinj.com\/blog\/author\/admin\/"}]}},"jetpack_featured_media_url":"","jetpack_sharing_enabled":true,"jetpack_shortlink":"https:\/\/wp.me\/pe6lTn-eta","_links":{"self":[{"href":"https:\/\/www.visit-ulcinj.com\/blog\/wp-json\/wp\/v2\/posts\/55624"}],"collection":[{"href":"https:\/\/www.visit-ulcinj.com\/blog\/wp-json\/wp\/v2\/posts"}],"about":[{"href":"https:\/\/www.visit-ulcinj.com\/blog\/wp-json\/wp\/v2\/types\/post"}],"author":[{"embeddable":true,"href":"https:\/\/www.visit-ulcinj.com\/blog\/wp-json\/wp\/v2\/users\/1"}],"replies":[{"embeddable":true,"href":"https:\/\/www.visit-ulcinj.com\/blog\/wp-json\/wp\/v2\/comments?post=55624"}],"version-history":[{"count":1,"href":"https:\/\/www.visit-ulcinj.com\/blog\/wp-json\/wp\/v2\/posts\/55624\/revisions"}],"predecessor-version":[{"id":55626,"href":"https:\/\/www.visit-ulcinj.com\/blog\/wp-json\/wp\/v2\/posts\/55624\/revisions\/55626"}],"wp:attachment":[{"href":"https:\/\/www.visit-ulcinj.com\/blog\/wp-json\/wp\/v2\/media?parent=55624"}],"wp:term":[{"taxonomy":"category","embeddable":true,"href":"https:\/\/www.visit-ulcinj.com\/blog\/wp-json\/wp\/v2\/categories?post=55624"},{"taxonomy":"post_tag","embeddable":true,"href":"https:\/\/www.visit-ulcinj.com\/blog\/wp-json\/wp\/v2\/tags?post=55624"}],"curies":[{"name":"wp","href":"https:\/\/api.w.org\/{rel}","templated":true}]}}