{"id":55628,"date":"2012-01-06T22:47:30","date_gmt":"2012-01-06T21:47:30","guid":{"rendered":"http:\/\/www.visit-ulcinj.com\/blog\/?p=55628"},"modified":"2012-01-06T22:47:30","modified_gmt":"2012-01-06T21:47:30","slug":"noizy-cmend-fansat-foto","status":"publish","type":"post","link":"https:\/\/www.visit-ulcinj.com\/blog\/2012\/01\/06\/noizy-cmend-fansat-foto\/","title":{"rendered":"Noizy \u2018\u00e7mend\u2019 fansat &#8211; Foto"},"content":{"rendered":"<p><strong><a href=\"http:\/\/www.visit-ulcinj.com\/blog\/wp-content\/uploads\/2012\/01\/Noizy-Otr-ne-Me-Pub-Prizren.1.jpg\"><img loading=\"lazy\" class=\"alignleft  wp-image-55629\" title=\"Noizy Otr ne -Me Pub-Prizren.1\" src=\"http:\/\/www.visit-ulcinj.com\/blog\/wp-content\/uploads\/2012\/01\/Noizy-Otr-ne-Me-Pub-Prizren.1.jpg\" alt=\"\" width=\"508\" height=\"460\" \/><\/a>Reperi i famsh\u00ebm Noizy mbr\u00ebm\u00eb ka mbajtur koncert n\u00eb Prizren. \u201cMe Pub\u201d, nj\u00eb klub nate n\u00eb Prizren, mbr\u00ebm\u00eb ka mbledhur plot t\u00eb rinj t\u00eb cil\u00ebt kishin ardhur enkas p\u00ebr Noizyn.<\/strong><\/p>\n<p>Reperi nga shqip\u00ebria p\u00ebr adhuruesit e tij ka dhuruar nj\u00eb atmosfer\u00eb mjaft t\u00eb bukur. N\u00eb foto shihen fansat e reperit duku u \u2018\u00e7mendur\u2019 nga performansa e tij.<\/p>\n<p>P\u00ebr m\u00eb tep\u00ebr, adhuruesit e Noizyt kishin veshur fanella me mbishkrim \u201cF** Baba Star\u201d.<\/p>\n<p>Noizy s\u00eb fundmi \u00ebsht\u00eb paraqitur me k\u00ebng\u00ebn \u201cBebi i Vitit t\u00eb Ri\u201d n\u00eb bashk\u00ebpunim me k\u00ebng\u00ebtaren Tuna.<\/p>\n<p><strong>Telegrafi<br \/>\n\n\t\t<style type=\"text\/css\">\n\t\t\t#gallery-1 {\n\t\t\t\tmargin: auto;\n\t\t\t}\n\t\t\t#gallery-1 .gallery-item {\n\t\t\t\tfloat: left;\n\t\t\t\tmargin-top: 10px;\n\t\t\t\ttext-align: center;\n\t\t\t\twidth: 50%;\n\t\t\t}\n\t\t\t#gallery-1 img {\n\t\t\t\tborder: 2px solid #cfcfcf;\n\t\t\t}\n\t\t\t#gallery-1 .gallery-caption {\n\t\t\t\tmargin-left: 0;\n\t\t\t}\n\t\t\t\/* see gallery_shortcode() in wp-includes\/media.php *\/\n\t\t<\/style>\n\t\t<div id='gallery-1' class='gallery galleryid-55628 gallery-columns-2 gallery-size-thumbnail'><dl class='gallery-item'>\n\t\t\t<dt class='gallery-icon landscape'>\n\t\t\t\t<a href='https:\/\/www.visit-ulcinj.com\/blog\/wp-content\/uploads\/2012\/01\/Noizy-Otr-ne-Me-Pub-Prizren.1.jpg'><img width=\"150\" height=\"150\" src=\"https:\/\/www.visit-ulcinj.com\/blog\/wp-content\/uploads\/2012\/01\/Noizy-Otr-ne-Me-Pub-Prizren.1-150x150.jpg\" class=\"attachment-thumbnail size-thumbnail\" alt=\"\" loading=\"lazy\" \/><\/a>\n\t\t\t<\/dt><\/dl><dl class='gallery-item'>\n\t\t\t<dt class='gallery-icon landscape'>\n\t\t\t\t<a href='https:\/\/www.visit-ulcinj.com\/blog\/wp-content\/uploads\/2012\/01\/Noizy-Otr-ne-Me-Pub-Prizren.2.jpg'><img width=\"150\" height=\"150\" src=\"https:\/\/www.visit-ulcinj.com\/blog\/wp-content\/uploads\/2012\/01\/Noizy-Otr-ne-Me-Pub-Prizren.2-150x150.jpg\" class=\"attachment-thumbnail size-thumbnail\" alt=\"\" loading=\"lazy\" \/><\/a>\n\t\t\t<\/dt><\/dl><br style=\"clear: both\" \/><dl class='gallery-item'>\n\t\t\t<dt class='gallery-icon landscape'>\n\t\t\t\t<a href='https:\/\/www.visit-ulcinj.com\/blog\/wp-content\/uploads\/2012\/01\/Noizy-Otr-ne-Me-Pub-Prizren.jpg'><img width=\"150\" height=\"150\" src=\"https:\/\/www.visit-ulcinj.com\/blog\/wp-content\/uploads\/2012\/01\/Noizy-Otr-ne-Me-Pub-Prizren-150x150.jpg\" class=\"attachment-thumbnail size-thumbnail\" alt=\"\" loading=\"lazy\" \/><\/a>\n\t\t\t<\/dt><\/dl><dl class='gallery-item'>\n\t\t\t<dt class='gallery-icon landscape'>\n\t\t\t\t<a href='https:\/\/www.visit-ulcinj.com\/blog\/wp-content\/uploads\/2012\/01\/Noizy-Otr-ne-Me-Pub-Prizren.3.jpg'><img width=\"150\" height=\"150\" src=\"https:\/\/www.visit-ulcinj.com\/blog\/wp-content\/uploads\/2012\/01\/Noizy-Otr-ne-Me-Pub-Prizren.3-150x150.jpg\" class=\"attachment-thumbnail size-thumbnail\" alt=\"\" loading=\"lazy\" \/><\/a>\n\t\t\t<\/dt><\/dl><br style=\"clear: both\" \/>\n\t\t<\/div>\n<br \/>\n<!--YouTube Error: bad URL entered--><br \/>\n<\/strong><\/p>\n","protected":false},"excerpt":{"rendered":"<p>Reperi i famsh\u00ebm Noizy mbr\u00ebm\u00eb ka mbajtur koncert n\u00eb Prizren. \u201cMe Pub\u201d, nj\u00eb klub nate n\u00eb Prizren, mbr\u00ebm\u00eb ka mbledhur plot t\u00eb rinj t\u00eb cil\u00ebt kishin ardhur enkas p\u00ebr Noizyn. Reperi nga shqip\u00ebria p\u00ebr adhuruesit e tij ka dhuruar nj\u00eb atmosfer\u00eb mjaft t\u00eb bukur. N\u00eb foto shihen fansat e reperit duku u \u2018\u00e7mendur\u2019 nga performansa [&hellip;]<\/p>\n","protected":false},"author":1,"featured_media":0,"comment_status":"open","ping_status":"closed","sticky":false,"template":"","format":"standard","meta":{"spay_email":"","jetpack_publicize_message":"","jetpack_is_tweetstorm":false,"jetpack_publicize_feature_enabled":true},"categories":[1],"tags":[17191,2335],"jetpack_publicize_connections":[],"yoast_head":"<!-- This site is optimized with the Yoast SEO plugin v19.1 - https:\/\/yoast.com\/wordpress\/plugins\/seo\/ -->\n<title>Noizy \u2018\u00e7mend\u2019 fansat - Foto - Lajme nga Ulqini<\/title>\n<meta name=\"description\" content=\"Reperi i famsh\u00ebm Noizy mbr\u00ebm\u00eb ka mbajtur koncert n\u00eb Prizren. \u201cMe Pub\u201d, nj\u00eb klub nate n\u00eb Prizren, mbr\u00ebm\u00eb ka mbledhur plot t\u00eb rinj t\u00eb cil\u00ebt kishin ardhur\" \/>\n<meta name=\"robots\" content=\"index, follow, max-snippet:-1, max-image-preview:large, max-video-preview:-1\" \/>\n<link rel=\"canonical\" href=\"https:\/\/www.visit-ulcinj.com\/blog\/2012\/01\/06\/noizy-cmend-fansat-foto\/\" \/>\n<meta property=\"og:locale\" content=\"en_US\" \/>\n<meta property=\"og:type\" content=\"article\" \/>\n<meta property=\"og:title\" content=\"Noizy \u2018\u00e7mend\u2019 fansat - Foto - Lajme nga Ulqini\" \/>\n<meta property=\"og:description\" content=\"Reperi i famsh\u00ebm Noizy mbr\u00ebm\u00eb ka mbajtur koncert n\u00eb Prizren. \u201cMe Pub\u201d, nj\u00eb klub nate n\u00eb Prizren, mbr\u00ebm\u00eb ka mbledhur plot t\u00eb rinj t\u00eb cil\u00ebt kishin ardhur\" \/>\n<meta property=\"og:url\" content=\"https:\/\/www.visit-ulcinj.com\/blog\/2012\/01\/06\/noizy-cmend-fansat-foto\/\" \/>\n<meta property=\"og:site_name\" content=\"Lajme nga Ulqini\" \/>\n<meta property=\"article:published_time\" content=\"2012-01-06T21:47:30+00:00\" \/>\n<meta property=\"og:image\" content=\"https:\/\/www.visit-ulcinj.com\/blog\/wp-content\/uploads\/2012\/01\/Noizy-Otr-ne-Me-Pub-Prizren.1-150x150.jpg\" \/>\n<meta name=\"twitter:label1\" content=\"Written by\" \/>\n\t<meta name=\"twitter:data1\" content=\"ulqini\" \/>\n\t<meta name=\"twitter:label2\" content=\"Est. reading time\" \/>\n\t<meta name=\"twitter:data2\" content=\"1 minute\" \/>\n<script type=\"application\/ld+json\" class=\"yoast-schema-graph\">{\"@context\":\"https:\/\/schema.org\",\"@graph\":[{\"@type\":\"WebSite\",\"@id\":\"https:\/\/www.visit-ulcinj.com\/blog\/#website\",\"url\":\"https:\/\/www.visit-ulcinj.com\/blog\/\",\"name\":\"Lajme nga Ulqini\",\"description\":\"Lajme,Vijesti,Ulqini,Ulqin,Crna Gora,Mali i Zi\",\"potentialAction\":[{\"@type\":\"SearchAction\",\"target\":{\"@type\":\"EntryPoint\",\"urlTemplate\":\"https:\/\/www.visit-ulcinj.com\/blog\/?s={search_term_string}\"},\"query-input\":\"required name=search_term_string\"}],\"inLanguage\":\"en-US\"},{\"@type\":\"ImageObject\",\"inLanguage\":\"en-US\",\"@id\":\"https:\/\/www.visit-ulcinj.com\/blog\/2012\/01\/06\/noizy-cmend-fansat-foto\/#primaryimage\",\"url\":\"https:\/\/www.visit-ulcinj.com\/blog\/wp-content\/uploads\/2012\/01\/Noizy-Otr-ne-Me-Pub-Prizren.1.jpg\",\"contentUrl\":\"https:\/\/www.visit-ulcinj.com\/blog\/wp-content\/uploads\/2012\/01\/Noizy-Otr-ne-Me-Pub-Prizren.1.jpg\",\"width\":\"960\",\"height\":\"640\"},{\"@type\":\"WebPage\",\"@id\":\"https:\/\/www.visit-ulcinj.com\/blog\/2012\/01\/06\/noizy-cmend-fansat-foto\/#webpage\",\"url\":\"https:\/\/www.visit-ulcinj.com\/blog\/2012\/01\/06\/noizy-cmend-fansat-foto\/\",\"name\":\"Noizy \u2018\u00e7mend\u2019 fansat - Foto - Lajme nga Ulqini\",\"isPartOf\":{\"@id\":\"https:\/\/www.visit-ulcinj.com\/blog\/#website\"},\"primaryImageOfPage\":{\"@id\":\"https:\/\/www.visit-ulcinj.com\/blog\/2012\/01\/06\/noizy-cmend-fansat-foto\/#primaryimage\"},\"datePublished\":\"2012-01-06T21:47:30+00:00\",\"dateModified\":\"2012-01-06T21:47:30+00:00\",\"author\":{\"@id\":\"https:\/\/www.visit-ulcinj.com\/blog\/#\/schema\/person\/dcab619c614d3038751c63bc2aadc06d\"},\"description\":\"Reperi i famsh\u00ebm Noizy mbr\u00ebm\u00eb ka mbajtur koncert n\u00eb Prizren. \u201cMe Pub\u201d, nj\u00eb klub nate n\u00eb Prizren, mbr\u00ebm\u00eb ka mbledhur plot t\u00eb rinj t\u00eb cil\u00ebt kishin ardhur\",\"breadcrumb\":{\"@id\":\"https:\/\/www.visit-ulcinj.com\/blog\/2012\/01\/06\/noizy-cmend-fansat-foto\/#breadcrumb\"},\"inLanguage\":\"en-US\",\"potentialAction\":[{\"@type\":\"ReadAction\",\"target\":[\"https:\/\/www.visit-ulcinj.com\/blog\/2012\/01\/06\/noizy-cmend-fansat-foto\/\"]}]},{\"@type\":\"BreadcrumbList\",\"@id\":\"https:\/\/www.visit-ulcinj.com\/blog\/2012\/01\/06\/noizy-cmend-fansat-foto\/#breadcrumb\",\"itemListElement\":[{\"@type\":\"ListItem\",\"position\":1,\"name\":\"Noizy \u2018\u00e7mend\u2019 fansat &#8211; Foto\"}]},{\"@type\":\"Person\",\"@id\":\"https:\/\/www.visit-ulcinj.com\/blog\/#\/schema\/person\/dcab619c614d3038751c63bc2aadc06d\",\"name\":\"ulqini\",\"sameAs\":[\"http:\/\/www.visit-ulcinj.com\"],\"url\":\"https:\/\/www.visit-ulcinj.com\/blog\/author\/admin\/\"}]}<\/script>\n<!-- \/ Yoast SEO plugin. -->","yoast_head_json":{"title":"Noizy \u2018\u00e7mend\u2019 fansat - Foto - Lajme nga Ulqini","description":"Reperi i famsh\u00ebm Noizy mbr\u00ebm\u00eb ka mbajtur koncert n\u00eb Prizren. \u201cMe Pub\u201d, nj\u00eb klub nate n\u00eb Prizren, mbr\u00ebm\u00eb ka mbledhur plot t\u00eb rinj t\u00eb cil\u00ebt kishin ardhur","robots":{"index":"index","follow":"follow","max-snippet":"max-snippet:-1","max-image-preview":"max-image-preview:large","max-video-preview":"max-video-preview:-1"},"canonical":"https:\/\/www.visit-ulcinj.com\/blog\/2012\/01\/06\/noizy-cmend-fansat-foto\/","og_locale":"en_US","og_type":"article","og_title":"Noizy \u2018\u00e7mend\u2019 fansat - Foto - Lajme nga Ulqini","og_description":"Reperi i famsh\u00ebm Noizy mbr\u00ebm\u00eb ka mbajtur koncert n\u00eb Prizren. \u201cMe Pub\u201d, nj\u00eb klub nate n\u00eb Prizren, mbr\u00ebm\u00eb ka mbledhur plot t\u00eb rinj t\u00eb cil\u00ebt kishin ardhur","og_url":"https:\/\/www.visit-ulcinj.com\/blog\/2012\/01\/06\/noizy-cmend-fansat-foto\/","og_site_name":"Lajme nga Ulqini","article_published_time":"2012-01-06T21:47:30+00:00","og_image":[{"url":"https:\/\/www.visit-ulcinj.com\/blog\/wp-content\/uploads\/2012\/01\/Noizy-Otr-ne-Me-Pub-Prizren.1-150x150.jpg"}],"twitter_misc":{"Written by":"ulqini","Est. reading time":"1 minute"},"schema":{"@context":"https:\/\/schema.org","@graph":[{"@type":"WebSite","@id":"https:\/\/www.visit-ulcinj.com\/blog\/#website","url":"https:\/\/www.visit-ulcinj.com\/blog\/","name":"Lajme nga Ulqini","description":"Lajme,Vijesti,Ulqini,Ulqin,Crna Gora,Mali i Zi","potentialAction":[{"@type":"SearchAction","target":{"@type":"EntryPoint","urlTemplate":"https:\/\/www.visit-ulcinj.com\/blog\/?s={search_term_string}"},"query-input":"required name=search_term_string"}],"inLanguage":"en-US"},{"@type":"ImageObject","inLanguage":"en-US","@id":"https:\/\/www.visit-ulcinj.com\/blog\/2012\/01\/06\/noizy-cmend-fansat-foto\/#primaryimage","url":"https:\/\/www.visit-ulcinj.com\/blog\/wp-content\/uploads\/2012\/01\/Noizy-Otr-ne-Me-Pub-Prizren.1.jpg","contentUrl":"https:\/\/www.visit-ulcinj.com\/blog\/wp-content\/uploads\/2012\/01\/Noizy-Otr-ne-Me-Pub-Prizren.1.jpg","width":"960","height":"640"},{"@type":"WebPage","@id":"https:\/\/www.visit-ulcinj.com\/blog\/2012\/01\/06\/noizy-cmend-fansat-foto\/#webpage","url":"https:\/\/www.visit-ulcinj.com\/blog\/2012\/01\/06\/noizy-cmend-fansat-foto\/","name":"Noizy \u2018\u00e7mend\u2019 fansat - Foto - Lajme nga Ulqini","isPartOf":{"@id":"https:\/\/www.visit-ulcinj.com\/blog\/#website"},"primaryImageOfPage":{"@id":"https:\/\/www.visit-ulcinj.com\/blog\/2012\/01\/06\/noizy-cmend-fansat-foto\/#primaryimage"},"datePublished":"2012-01-06T21:47:30+00:00","dateModified":"2012-01-06T21:47:30+00:00","author":{"@id":"https:\/\/www.visit-ulcinj.com\/blog\/#\/schema\/person\/dcab619c614d3038751c63bc2aadc06d"},"description":"Reperi i famsh\u00ebm Noizy mbr\u00ebm\u00eb ka mbajtur koncert n\u00eb Prizren. \u201cMe Pub\u201d, nj\u00eb klub nate n\u00eb Prizren, mbr\u00ebm\u00eb ka mbledhur plot t\u00eb rinj t\u00eb cil\u00ebt kishin ardhur","breadcrumb":{"@id":"https:\/\/www.visit-ulcinj.com\/blog\/2012\/01\/06\/noizy-cmend-fansat-foto\/#breadcrumb"},"inLanguage":"en-US","potentialAction":[{"@type":"ReadAction","target":["https:\/\/www.visit-ulcinj.com\/blog\/2012\/01\/06\/noizy-cmend-fansat-foto\/"]}]},{"@type":"BreadcrumbList","@id":"https:\/\/www.visit-ulcinj.com\/blog\/2012\/01\/06\/noizy-cmend-fansat-foto\/#breadcrumb","itemListElement":[{"@type":"ListItem","position":1,"name":"Noizy \u2018\u00e7mend\u2019 fansat &#8211; Foto"}]},{"@type":"Person","@id":"https:\/\/www.visit-ulcinj.com\/blog\/#\/schema\/person\/dcab619c614d3038751c63bc2aadc06d","name":"ulqini","sameAs":["http:\/\/www.visit-ulcinj.com"],"url":"https:\/\/www.visit-ulcinj.com\/blog\/author\/admin\/"}]}},"jetpack_featured_media_url":"","jetpack_sharing_enabled":true,"jetpack_shortlink":"https:\/\/wp.me\/pe6lTn-ete","_links":{"self":[{"href":"https:\/\/www.visit-ulcinj.com\/blog\/wp-json\/wp\/v2\/posts\/55628"}],"collection":[{"href":"https:\/\/www.visit-ulcinj.com\/blog\/wp-json\/wp\/v2\/posts"}],"about":[{"href":"https:\/\/www.visit-ulcinj.com\/blog\/wp-json\/wp\/v2\/types\/post"}],"author":[{"embeddable":true,"href":"https:\/\/www.visit-ulcinj.com\/blog\/wp-json\/wp\/v2\/users\/1"}],"replies":[{"embeddable":true,"href":"https:\/\/www.visit-ulcinj.com\/blog\/wp-json\/wp\/v2\/comments?post=55628"}],"version-history":[{"count":2,"href":"https:\/\/www.visit-ulcinj.com\/blog\/wp-json\/wp\/v2\/posts\/55628\/revisions"}],"predecessor-version":[{"id":55634,"href":"https:\/\/www.visit-ulcinj.com\/blog\/wp-json\/wp\/v2\/posts\/55628\/revisions\/55634"}],"wp:attachment":[{"href":"https:\/\/www.visit-ulcinj.com\/blog\/wp-json\/wp\/v2\/media?parent=55628"}],"wp:term":[{"taxonomy":"category","embeddable":true,"href":"https:\/\/www.visit-ulcinj.com\/blog\/wp-json\/wp\/v2\/categories?post=55628"},{"taxonomy":"post_tag","embeddable":true,"href":"https:\/\/www.visit-ulcinj.com\/blog\/wp-json\/wp\/v2\/tags?post=55628"}],"curies":[{"name":"wp","href":"https:\/\/api.w.org\/{rel}","templated":true}]}}