{"id":55657,"date":"2012-01-07T16:21:44","date_gmt":"2012-01-07T15:21:44","guid":{"rendered":"http:\/\/www.visit-ulcinj.com\/blog\/?p=55657"},"modified":"2012-01-13T20:35:31","modified_gmt":"2012-01-13T19:35:31","slug":"ulja-e-taksave-dhe-investimetcelesi-i-suksesit-ekonomik-per-ulqin","status":"publish","type":"post","link":"https:\/\/www.visit-ulcinj.com\/blog\/2012\/01\/07\/ulja-e-taksave-dhe-investimetcelesi-i-suksesit-ekonomik-per-ulqin\/","title":{"rendered":"Ulja e taksave dhe investimet,\u00e7el\u00ebsi i suksesit ekonomik p\u00ebr Ulqin"},"content":{"rendered":"<p>Kryeministri Berisha \u00a0tha se disa nga arsyet e suksesit t\u00eb modelit ekonomik t\u00eb vendit ton\u00eb ishte edhe ulja e taksave dhe investimet t\u00eb cilat b\u00ebn\u00eb t\u00eb mundur rritjen ekonomike.\u201cShqip\u00ebria \u00ebsht\u00eb nj\u00eb ekonomi e vog\u00ebl por dinamike dhe entuziaste e cila fakton se gjat\u00eb k\u00ebsaj krize t\u00eb r\u00ebnd\u00eb modeli i saj \u00ebsht\u00eb funksionues sepse modeli ekonomik i Shqip\u00ebris\u00eb bazohet tek nj\u00eb qeveri e vog\u00ebl\u201d theksoi Berisha.M\u00eb tej ai theksoi se Shqip\u00ebria ka kaluar n\u00ebp\u00ebr vitet e nj\u00eb revolucioni t\u00eb thell\u00eb fiskal i cili, sipas tij, ka nisur jo si i bazuar n\u00eb parashkimin e autoriteteve p\u00ebr \u201ccunamin\u201d q\u00eb do vinte por nga modeli i taksave t\u00eb ulta.Nd\u00ebrmorr\u00ebn ulje t\u00eb m\u00ebdha taksash si taks\u00ebn e fitimit q\u00eb shkoi rreth 150 p\u00ebrqind, n\u00eb taks\u00ebn e t\u00eb ardhurave p\u00ebr person n\u00eb 130 p\u00ebrqind, n\u00eb taksat p\u00ebr sigurimet shoq\u00ebrore n\u00eb 100 p\u00ebrqind dhe tarifat u shnd\u00ebrruan n\u00eb nj\u00eb euro dhe kjo ishte nj\u00eb nxitje p\u00ebr biznesin shqiptar.M\u00eb tej kryeministri Berisha theksoi se qeveria do t\u00eb nd\u00ebrmarr\u00eb t\u00eb gjitha masat edhe p\u00ebr zhvillimin e turizmit malor nd\u00ebrsa shtoi se t\u00eb gjith\u00eb ato biznese t\u00eb cilat do t\u00eb investojn\u00eb n\u00eb k\u00ebto zona nuk do t\u00eb paguajn\u00eb taksa p\u00ebr 8 vjet. Duke iu referuar borxhit publik, kryeministri Berisha theksoi se fuqizimi i sektorit privat dhe zvog\u00eblimi i portofolit t\u00eb investimeve t\u00eb qeveris\u00eb jan\u00eb edhe m\u00ebnyrat se si mund t\u00eb ulet ky borxh.<br \/>\n<a href=\"http:\/\/www.visit-ulcinj.com\/blog\/wp-content\/uploads\/2012\/01\/Celesi-i-suksesit-ekonomik-p\u00ebr-Ulqin-per-investime.1.jpg\"><img loading=\"lazy\" class=\"alignleft  wp-image-55658\" title=\"Celesi i suksesit ekonomik p\u00ebr Ulqin per investime.1\" src=\"http:\/\/www.visit-ulcinj.com\/blog\/wp-content\/uploads\/2012\/01\/Celesi-i-suksesit-ekonomik-p\u00ebr-Ulqin-per-investime.1.jpg\" alt=\"\" width=\"508\" height=\"620\" \/><\/a><\/p>\n<p><strong>Ulqini t\u00eb ndjek\u00eb shembullin e \u00a0disa vendeve t\u00eb Shqip\u00ebris\u00eb p\u00ebr investimet e huaja<\/strong><br \/>\nP\u00ebr vitin e kaluar, Shqip\u00ebria ishte shembull jo vet\u00ebm p\u00ebr Malin e Zi, por edhe p\u00ebr t\u00eb tjerat vende t\u00eb rajonit se si duhet t\u00eb punohet n\u00eb rritje t\u00eb investimeve t\u00eb huaja.<br \/>\n\u00c7el\u00ebsi i k\u00ebtij rezultati ishte nd\u00ebrtimi i nj\u00eb modeli t\u00ebrheq\u00ebs ekonomik, i bazuar mbi ngarkes\u00ebn tatimore m\u00eb t\u00eb ul\u00ebt n\u00eb Evrop\u00eb, me ngarkes\u00ebn publike mbi sektorin privat m\u00eb t\u00eb ul\u00ebt n\u00eb Evrop\u00eb, q\u00eb bazohet mbi investime t\u00eb m\u00ebdha dhe n\u00eb eliminimin e burokracive t\u00eb tepruara.<\/p>\n<p>R\u00ebnia konstante e t\u00eb hyrave n\u00eb\u00a0euro e kapitalit t\u00eb huaj n\u00eb Mal t\u00eb Zi \u00ebsht\u00eb dominuar\/shkaktuar nga faktor\u00eb t\u00eb ndrysh\u00ebm, prej klim\u00ebs jo t\u00eb mir\u00eb p\u00ebr t\u00eb b\u00ebr\u00eb biznes e deri tek ndodhit\u00eb politike t\u00eb nd\u00ebrlidhura me pavar\u00ebsin\u00eb ende t\u00eb kusht\u00ebzuar dhe t\u00eb mbik\u00ebqyrur t\u00eb vendit.<\/p>\n<p><strong>Duhet t\u00eb ket\u00eb ulje t\u00eb taksave p\u00ebr investitor\u00ebt<\/strong><\/p>\n<p><strong>Ekzekutivi I Ulqinit duhet t\u2019i hap\u00eb dyert p\u00ebr investitor\u00ebt e jasht\u00ebm dhe t\u2019iu mund\u00ebsoj\u00eb atyre q\u00eb t\u00eb ken\u00eb taksa m\u00eb t\u00eb ul\u00ebta, pasi q\u00eb gjat\u00eb investimit t\u00eb tyre ata prap\u00eb do t\u2019ia kthejn\u00eb ato taksa shtetit t\u00eb Malit t\u00eb Zi dhe komun\u00ebs s\u00eb Ulqinit, dhe nj\u00ebkoh\u00ebsisht do t\u00eb p\u00ebrfitohet n\u00eb uljen e papun\u00ebsis\u00eb, zhvillimin ekonomik dhe mbushjen e buxhetit.<\/strong><\/p>\n<p>Niveli i ul\u00ebt i investimeve n\u00eb Ulqin mbi t\u00eb gjitha \u00ebsht\u00eb edhe rezultat\/pasoj\u00eb e nj\u00eb trash\u00ebgimie negative t\u00eb d\u00ebmtimit t\u00eb r\u00ebnde t\u00eb klim\u00ebs se biznesit, p\u00ebr shkak t\u00eb pengesave t\u00eb konsiderueshme burokratike, korrupsionit tejet t\u00eb p\u00ebrhapur n\u00ebp\u00ebr institucione, munges\u00ebs s\u00eb infrastruktur\u00ebs energjetike e rrugore si dhe rreziqeve ekonomike e telasheve politike t\u00eb vendit.<br \/>\nNuk b\u00ebn\u00eb pa u p\u00ebrmendur edhe qasja e gabuar p\u00ebr t\u00ebrheqjen e investimeve t\u00eb huaja apo promovimi aspak i mjaftuesh\u00ebm dhe mungesa e nj\u00eb strategjie afatgjate si dhe mungesa e koordinimit t\u00eb mir\u00ebfillt\u00eb midis p\u00ebrgjegj\u00ebsve institucional t\u00eb sektor\u00ebve t\u00eb ndrysh\u00ebm ekonomik vendor.<br \/>\n<a href=\"http:\/\/www.visit-ulcinj.com\/blog\/wp-content\/uploads\/2012\/01\/Celesi-i-suksesit-ekonomik-p\u00ebr-Ulqin-per-investime.2.jpg\"><img loading=\"lazy\" class=\"alignleft  wp-image-55659\" title=\"Celesi i suksesit ekonomik p\u00ebr Ulqin per investime.2\" src=\"http:\/\/www.visit-ulcinj.com\/blog\/wp-content\/uploads\/2012\/01\/Celesi-i-suksesit-ekonomik-p\u00ebr-Ulqin-per-investime.2.jpg\" alt=\"\" width=\"490\" height=\"298\" \/><\/a><\/p>\n<p><strong>Si duhet t\u00eb veproj Ulqini?<\/strong><br \/>\nNd\u00ebr shkaqet kryesore q\u00eb kan\u00eb ndikuar n\u00eb mos ardhjen e investitor\u00ebve t\u00eb huaj n\u00eb Ulqin por edhe ikjen e disave prej tyre nga Ulqini, jan\u00eb klima e pap\u00ebrshtatshme p\u00ebr investime; moszbatimi i ligjeve n\u00eb fuqi; niveli i lart\u00eb i korrupsionit; ekonomia joformale&#8230; Po ashtu, r\u00ebnia e vazhdueshme e investimeve t\u00eb huaja n\u00eb \u00a0Mal t\u00eb Zi,\u00ebsht\u00eb edhe pasoj\u00eb e munges\u00ebs s\u00eb politikave investuese, tregtare dhe fiskale.<br \/>\nInvestimet e pakta t\u00eb huaja q\u00eb kan\u00eb ndodhur n\u00eb Ulqin kryesisht jan\u00eb p\u00ebrshkuar me nj\u00eb proces t\u00eb gabuesh\u00ebm t\u00eb privatizimit t\u00eb p\u00ebrcjell\u00eb me politik\u00eb t\u00eb d\u00ebmshme n\u00eb sektorin bankar dhe ato si t\u00eb tilla natyrisht se nuk soll\u00ebn ndonj\u00eb rezultat t\u00eb k\u00ebnaqsh\u00ebm.<br \/>\nMir\u00ebpo rezultate t\u00eb mira nuk ka patur as n\u00eb investimet nga biznesi (nd\u00ebrmarrjet) vendore. Sektori bankar (bart\u00ebs i t\u00eb cilit kryesisht jan\u00eb bankat e huaja) n\u00eb vend se ta ndihmoj\u00eb ekonomin\u00eb vendore, p\u00ebrkundrazi e ka bllokuar biznesin vendor dhe potencialin investues t\u00eb tij duke e v\u00ebn\u00eb at\u00eb n\u00eb nj\u00eb situat\u00eb shum\u00eb t\u00eb v\u00ebshtir\u00eb p\u00ebrmes zbatimit t\u00eb normave t\u00eb larta t\u00eb kamatave si dhe kusht\u00ebzimeve shum\u00eb t\u00eb r\u00ebnda kreditore n\u00eb treg.<\/p>\n<p>N\u00eb Mal t\u00eb Zi \u00a0investimet e huaja sh\u00ebnuan r\u00ebnie t\u00eb vazhdueshme, nd\u00ebrsa n\u00eb Shqip\u00ebri rritje.<\/p>\n<p>T\u00eb gjitha k\u00ebto masa (t\u00eb p\u00eblqyera nga biznesi apo t\u00eb pap\u00eblqyera nga qytetari\/konsumatori) kan\u00eb p\u00ebr synim gjetjen e paras\u00eb (kryesisht) brenda Ulqinit p\u00ebr nj\u00eb stabilitet buxhetor, mir\u00ebpo n\u00eb horizont ende nuk kemi nj\u00eb qasje madhore nga klasa politike e tashme p\u00ebr investime serioze nga biznesi vendor e as nga ai i huaj.<br \/>\nN\u00ebse ky trend negativ do t\u00eb vazhdoj\u00eb edhe m\u00eb tutje, Ulqini do t\u00eb vazhdoj\u00eb t\u00eb humbas nj\u00eb rast t\u00eb madh ashtu si\u00e7 e humbi edhe gjat\u00eb k\u00ebtyre 10 viteve p\u00ebr t\u00eb t\u00ebrhequr investitor\u00ebt e huaj (sidomos ata n\u00eb sektor\u00ebt prodhuese) t\u00eb mos shfryt\u00ebzimit t\u00eb faktit tejet t\u00eb favorsh\u00ebm t\u00eb fuqis\u00eb s\u00eb lir\u00eb pun\u00ebtore.<\/p>\n<p>Jetojm\u00eb n\u00eb nj\u00eb koh\u00eb kur problemi m\u00eb i vog\u00ebl \u00a0\u00ebsht\u00eb t\u00eb arrish deri tek informacioni. Rrjeti i internetit e mund\u00ebson k\u00ebt\u00eb. Komuna e Ulqinit si dhe t\u00eb gjitha komunat dhe institucionet tjera, kan\u00eb (ose duhet t\u00eb ken\u00eb) faqen zyrtare t\u00eb internetit. Informacionet q\u00eb jepen n\u00eb ueb faqe jan\u00eb t\u00eb qasshme p\u00ebr \u00e7dok\u00ebnd, n\u00eb \u00e7do vend dhe n\u00eb \u00e7do koh\u00eb.Mirpo ska asnj\u00eb information ditor,javor\u00eb apo mujor\u00eb.Komuna Ulqinit ka munges\u00eb informacioni\u2026?!<\/p>\n<p><strong>Lexuesi\u00a0 nga Diaspora<br \/>\n[flv]http:\/\/www.velikaplaza.info\/gallery\/video\/stream.php?f=Velika_Plaza_movie_Jan_2009.flv[\/flv]<\/strong><\/p>\n<p>&nbsp;<\/p>\n","protected":false},"excerpt":{"rendered":"<p>Kryeministri Berisha \u00a0tha se disa nga arsyet e suksesit t\u00eb modelit ekonomik t\u00eb vendit ton\u00eb ishte edhe ulja e taksave dhe investimet t\u00eb cilat b\u00ebn\u00eb t\u00eb mundur rritjen ekonomike.\u201cShqip\u00ebria \u00ebsht\u00eb nj\u00eb ekonomi e vog\u00ebl por dinamike dhe entuziaste e cila fakton se gjat\u00eb k\u00ebsaj krize t\u00eb r\u00ebnd\u00eb modeli i saj \u00ebsht\u00eb funksionues sepse modeli ekonomik [&hellip;]<\/p>\n","protected":false},"author":1,"featured_media":0,"comment_status":"open","ping_status":"closed","sticky":false,"template":"","format":"standard","meta":{"spay_email":"","jetpack_publicize_message":"","jetpack_is_tweetstorm":false,"jetpack_publicize_feature_enabled":true},"categories":[2451],"tags":[138,18417,15122,11140,15123,14215,15124,15125,3403,18412,4630,16066,20,3408,16106,3409,14224,14218,4633,855,3398,14219,4635,4625,4637,4626,4631,3386,3390,3389,3388,3387,12510,4442,3401,95,4627,79,14617,1842,4628,1761,4634,19432,3396,4441,14214,4438,16105,16333,4632,3399,18415,3385,22015,14221,14216,14222,14220,3405,16334,16336,16335,14217,4629,3397,18419,16065,18418,3404,18413,4439,3799,18414,12567,3400,12509,18416,3402,16341,12566,19,14223,11531,3407,3406,16337,200,3394,18,136,4636,1437,4624,1843,4440],"jetpack_publicize_connections":[],"yoast_head":"<!-- This site is optimized with the Yoast SEO plugin v19.1 - https:\/\/yoast.com\/wordpress\/plugins\/seo\/ -->\n<title>Ulja e taksave dhe investimet,\u00e7el\u00ebsi i suksesit ekonomik p\u00ebr Ulqin - Lajme nga Ulqini<\/title>\n<meta name=\"description\" content=\"Kryeministri Berisha \u00a0tha se disa nga arsyet e suksesit t\u00eb modelit ekonomik t\u00eb vendit ton\u00eb ishte edhe ulja e taksave dhe investimet t\u00eb cilat b\u00ebn\u00eb t\u00eb\" \/>\n<meta name=\"robots\" content=\"index, follow, max-snippet:-1, max-image-preview:large, max-video-preview:-1\" \/>\n<link rel=\"canonical\" href=\"https:\/\/www.visit-ulcinj.com\/blog\/2012\/01\/07\/ulja-e-taksave-dhe-investimetcelesi-i-suksesit-ekonomik-per-ulqin\/\" \/>\n<meta property=\"og:locale\" content=\"en_US\" \/>\n<meta property=\"og:type\" content=\"article\" \/>\n<meta property=\"og:title\" content=\"Ulja e taksave dhe investimet,\u00e7el\u00ebsi i suksesit ekonomik p\u00ebr Ulqin - Lajme nga Ulqini\" \/>\n<meta property=\"og:description\" content=\"Kryeministri Berisha \u00a0tha se disa nga arsyet e suksesit t\u00eb modelit ekonomik t\u00eb vendit ton\u00eb ishte edhe ulja e taksave dhe investimet t\u00eb cilat b\u00ebn\u00eb t\u00eb\" \/>\n<meta property=\"og:url\" content=\"https:\/\/www.visit-ulcinj.com\/blog\/2012\/01\/07\/ulja-e-taksave-dhe-investimetcelesi-i-suksesit-ekonomik-per-ulqin\/\" \/>\n<meta property=\"og:site_name\" content=\"Lajme nga Ulqini\" \/>\n<meta property=\"article:published_time\" content=\"2012-01-07T15:21:44+00:00\" \/>\n<meta property=\"article:modified_time\" content=\"2012-01-13T19:35:31+00:00\" \/>\n<meta name=\"twitter:label1\" content=\"Written by\" \/>\n\t<meta name=\"twitter:data1\" content=\"ulqini\" \/>\n\t<meta name=\"twitter:label2\" content=\"Est. reading time\" \/>\n\t<meta name=\"twitter:data2\" content=\"5 minutes\" \/>\n<script type=\"application\/ld+json\" class=\"yoast-schema-graph\">{\"@context\":\"https:\/\/schema.org\",\"@graph\":[{\"@type\":\"WebSite\",\"@id\":\"https:\/\/www.visit-ulcinj.com\/blog\/#website\",\"url\":\"https:\/\/www.visit-ulcinj.com\/blog\/\",\"name\":\"Lajme nga Ulqini\",\"description\":\"Lajme,Vijesti,Ulqini,Ulqin,Crna Gora,Mali i Zi\",\"potentialAction\":[{\"@type\":\"SearchAction\",\"target\":{\"@type\":\"EntryPoint\",\"urlTemplate\":\"https:\/\/www.visit-ulcinj.com\/blog\/?s={search_term_string}\"},\"query-input\":\"required name=search_term_string\"}],\"inLanguage\":\"en-US\"},{\"@type\":\"WebPage\",\"@id\":\"https:\/\/www.visit-ulcinj.com\/blog\/2012\/01\/07\/ulja-e-taksave-dhe-investimetcelesi-i-suksesit-ekonomik-per-ulqin\/#webpage\",\"url\":\"https:\/\/www.visit-ulcinj.com\/blog\/2012\/01\/07\/ulja-e-taksave-dhe-investimetcelesi-i-suksesit-ekonomik-per-ulqin\/\",\"name\":\"Ulja e taksave dhe investimet,\u00e7el\u00ebsi i suksesit ekonomik p\u00ebr Ulqin - Lajme nga Ulqini\",\"isPartOf\":{\"@id\":\"https:\/\/www.visit-ulcinj.com\/blog\/#website\"},\"datePublished\":\"2012-01-07T15:21:44+00:00\",\"dateModified\":\"2012-01-13T19:35:31+00:00\",\"author\":{\"@id\":\"https:\/\/www.visit-ulcinj.com\/blog\/#\/schema\/person\/dcab619c614d3038751c63bc2aadc06d\"},\"description\":\"Kryeministri Berisha \u00a0tha se disa nga arsyet e suksesit t\u00eb modelit ekonomik t\u00eb vendit ton\u00eb ishte edhe ulja e taksave dhe investimet t\u00eb cilat b\u00ebn\u00eb t\u00eb\",\"breadcrumb\":{\"@id\":\"https:\/\/www.visit-ulcinj.com\/blog\/2012\/01\/07\/ulja-e-taksave-dhe-investimetcelesi-i-suksesit-ekonomik-per-ulqin\/#breadcrumb\"},\"inLanguage\":\"en-US\",\"potentialAction\":[{\"@type\":\"ReadAction\",\"target\":[\"https:\/\/www.visit-ulcinj.com\/blog\/2012\/01\/07\/ulja-e-taksave-dhe-investimetcelesi-i-suksesit-ekonomik-per-ulqin\/\"]}]},{\"@type\":\"BreadcrumbList\",\"@id\":\"https:\/\/www.visit-ulcinj.com\/blog\/2012\/01\/07\/ulja-e-taksave-dhe-investimetcelesi-i-suksesit-ekonomik-per-ulqin\/#breadcrumb\",\"itemListElement\":[{\"@type\":\"ListItem\",\"position\":1,\"name\":\"Ulja e taksave dhe investimet,\u00e7el\u00ebsi i suksesit ekonomik p\u00ebr Ulqin\"}]},{\"@type\":\"Person\",\"@id\":\"https:\/\/www.visit-ulcinj.com\/blog\/#\/schema\/person\/dcab619c614d3038751c63bc2aadc06d\",\"name\":\"ulqini\",\"sameAs\":[\"http:\/\/www.visit-ulcinj.com\"],\"url\":\"https:\/\/www.visit-ulcinj.com\/blog\/author\/admin\/\"}]}<\/script>\n<!-- \/ Yoast SEO plugin. -->","yoast_head_json":{"title":"Ulja e taksave dhe investimet,\u00e7el\u00ebsi i suksesit ekonomik p\u00ebr Ulqin - Lajme nga Ulqini","description":"Kryeministri Berisha \u00a0tha se disa nga arsyet e suksesit t\u00eb modelit ekonomik t\u00eb vendit ton\u00eb ishte edhe ulja e taksave dhe investimet t\u00eb cilat b\u00ebn\u00eb t\u00eb","robots":{"index":"index","follow":"follow","max-snippet":"max-snippet:-1","max-image-preview":"max-image-preview:large","max-video-preview":"max-video-preview:-1"},"canonical":"https:\/\/www.visit-ulcinj.com\/blog\/2012\/01\/07\/ulja-e-taksave-dhe-investimetcelesi-i-suksesit-ekonomik-per-ulqin\/","og_locale":"en_US","og_type":"article","og_title":"Ulja e taksave dhe investimet,\u00e7el\u00ebsi i suksesit ekonomik p\u00ebr Ulqin - Lajme nga Ulqini","og_description":"Kryeministri Berisha \u00a0tha se disa nga arsyet e suksesit t\u00eb modelit ekonomik t\u00eb vendit ton\u00eb ishte edhe ulja e taksave dhe investimet t\u00eb cilat b\u00ebn\u00eb t\u00eb","og_url":"https:\/\/www.visit-ulcinj.com\/blog\/2012\/01\/07\/ulja-e-taksave-dhe-investimetcelesi-i-suksesit-ekonomik-per-ulqin\/","og_site_name":"Lajme nga Ulqini","article_published_time":"2012-01-07T15:21:44+00:00","article_modified_time":"2012-01-13T19:35:31+00:00","twitter_misc":{"Written by":"ulqini","Est. reading time":"5 minutes"},"schema":{"@context":"https:\/\/schema.org","@graph":[{"@type":"WebSite","@id":"https:\/\/www.visit-ulcinj.com\/blog\/#website","url":"https:\/\/www.visit-ulcinj.com\/blog\/","name":"Lajme nga Ulqini","description":"Lajme,Vijesti,Ulqini,Ulqin,Crna Gora,Mali i Zi","potentialAction":[{"@type":"SearchAction","target":{"@type":"EntryPoint","urlTemplate":"https:\/\/www.visit-ulcinj.com\/blog\/?s={search_term_string}"},"query-input":"required name=search_term_string"}],"inLanguage":"en-US"},{"@type":"WebPage","@id":"https:\/\/www.visit-ulcinj.com\/blog\/2012\/01\/07\/ulja-e-taksave-dhe-investimetcelesi-i-suksesit-ekonomik-per-ulqin\/#webpage","url":"https:\/\/www.visit-ulcinj.com\/blog\/2012\/01\/07\/ulja-e-taksave-dhe-investimetcelesi-i-suksesit-ekonomik-per-ulqin\/","name":"Ulja e taksave dhe investimet,\u00e7el\u00ebsi i suksesit ekonomik p\u00ebr Ulqin - Lajme nga Ulqini","isPartOf":{"@id":"https:\/\/www.visit-ulcinj.com\/blog\/#website"},"datePublished":"2012-01-07T15:21:44+00:00","dateModified":"2012-01-13T19:35:31+00:00","author":{"@id":"https:\/\/www.visit-ulcinj.com\/blog\/#\/schema\/person\/dcab619c614d3038751c63bc2aadc06d"},"description":"Kryeministri Berisha \u00a0tha se disa nga arsyet e suksesit t\u00eb modelit ekonomik t\u00eb vendit ton\u00eb ishte edhe ulja e taksave dhe investimet t\u00eb cilat b\u00ebn\u00eb t\u00eb","breadcrumb":{"@id":"https:\/\/www.visit-ulcinj.com\/blog\/2012\/01\/07\/ulja-e-taksave-dhe-investimetcelesi-i-suksesit-ekonomik-per-ulqin\/#breadcrumb"},"inLanguage":"en-US","potentialAction":[{"@type":"ReadAction","target":["https:\/\/www.visit-ulcinj.com\/blog\/2012\/01\/07\/ulja-e-taksave-dhe-investimetcelesi-i-suksesit-ekonomik-per-ulqin\/"]}]},{"@type":"BreadcrumbList","@id":"https:\/\/www.visit-ulcinj.com\/blog\/2012\/01\/07\/ulja-e-taksave-dhe-investimetcelesi-i-suksesit-ekonomik-per-ulqin\/#breadcrumb","itemListElement":[{"@type":"ListItem","position":1,"name":"Ulja e taksave dhe investimet,\u00e7el\u00ebsi i suksesit ekonomik p\u00ebr Ulqin"}]},{"@type":"Person","@id":"https:\/\/www.visit-ulcinj.com\/blog\/#\/schema\/person\/dcab619c614d3038751c63bc2aadc06d","name":"ulqini","sameAs":["http:\/\/www.visit-ulcinj.com"],"url":"https:\/\/www.visit-ulcinj.com\/blog\/author\/admin\/"}]}},"jetpack_featured_media_url":"","jetpack_sharing_enabled":true,"jetpack_shortlink":"https:\/\/wp.me\/pe6lTn-etH","_links":{"self":[{"href":"https:\/\/www.visit-ulcinj.com\/blog\/wp-json\/wp\/v2\/posts\/55657"}],"collection":[{"href":"https:\/\/www.visit-ulcinj.com\/blog\/wp-json\/wp\/v2\/posts"}],"about":[{"href":"https:\/\/www.visit-ulcinj.com\/blog\/wp-json\/wp\/v2\/types\/post"}],"author":[{"embeddable":true,"href":"https:\/\/www.visit-ulcinj.com\/blog\/wp-json\/wp\/v2\/users\/1"}],"replies":[{"embeddable":true,"href":"https:\/\/www.visit-ulcinj.com\/blog\/wp-json\/wp\/v2\/comments?post=55657"}],"version-history":[{"count":8,"href":"https:\/\/www.visit-ulcinj.com\/blog\/wp-json\/wp\/v2\/posts\/55657\/revisions"}],"predecessor-version":[{"id":57572,"href":"https:\/\/www.visit-ulcinj.com\/blog\/wp-json\/wp\/v2\/posts\/55657\/revisions\/57572"}],"wp:attachment":[{"href":"https:\/\/www.visit-ulcinj.com\/blog\/wp-json\/wp\/v2\/media?parent=55657"}],"wp:term":[{"taxonomy":"category","embeddable":true,"href":"https:\/\/www.visit-ulcinj.com\/blog\/wp-json\/wp\/v2\/categories?post=55657"},{"taxonomy":"post_tag","embeddable":true,"href":"https:\/\/www.visit-ulcinj.com\/blog\/wp-json\/wp\/v2\/tags?post=55657"}],"curies":[{"name":"wp","href":"https:\/\/api.w.org\/{rel}","templated":true}]}}