{"id":55686,"date":"2012-01-08T02:29:20","date_gmt":"2012-01-08T01:29:20","guid":{"rendered":"http:\/\/www.visit-ulcinj.com\/blog\/?p=55686"},"modified":"2012-01-13T20:35:03","modified_gmt":"2012-01-13T19:35:03","slug":"kumtese-keshilli-i-bashkesise-islame-ne-ulqin","status":"publish","type":"post","link":"https:\/\/www.visit-ulcinj.com\/blog\/2012\/01\/08\/kumtese-keshilli-i-bashkesise-islame-ne-ulqin\/","title":{"rendered":"Kumtes\u00eb: K\u00ebshilli i Bashk\u00ebsis\u00eb Islame n\u00eb Ulqin"},"content":{"rendered":"<p align=\"center\"><strong><a href=\"http:\/\/www.visit-ulcinj.com\/blog\/wp-content\/uploads\/2012\/01\/Varrezet-n\u00eb-Pinjesh-Ulqin.2.jpg\"><img loading=\"lazy\" class=\"alignleft  wp-image-55689\" title=\"Varrezet n\u00eb Pinjesh Ulqin.2\" src=\"http:\/\/www.visit-ulcinj.com\/blog\/wp-content\/uploads\/2012\/01\/Varrezet-n\u00eb-Pinjesh-Ulqin.2.jpg\" alt=\"\" width=\"508\" height=\"380\" srcset=\"https:\/\/www.visit-ulcinj.com\/blog\/wp-content\/uploads\/2012\/01\/Varrezet-n\u00eb-Pinjesh-Ulqin.2.jpg 640w, https:\/\/www.visit-ulcinj.com\/blog\/wp-content\/uploads\/2012\/01\/Varrezet-n\u00eb-Pinjesh-Ulqin.2-300x225.jpg 300w\" sizes=\"(max-width: 508px) 100vw, 508px\" \/><\/a>BASHK\u00cbSIA ISLAME ULQIN N\u00cb RRUG\u00cb P\u00cbR T\u00cb RREGULLUAR M\u00cb MIR\u00cb \u00c7\u00cbSHTJET E VARRIMEVE DHE VARREZEVE<\/strong><\/p>\n<p>Duke filluar prej dat\u00ebs 01.01.2012, jan\u00eb futur n\u00eb fuqi disa Vendime t\u00eb cilat i ka sjellur K\u00ebshilli i BI Ulqin, e q\u00eb kan\u00eb t\u00eb b\u00ebjn\u00eb me varrime, me t\u00eb cilat d\u00ebshirojm\u00eb ti njoftojm\u00eb t\u00eb gjith\u00eb besimtar\u00ebt musliman. Q\u00ebndrimi i t\u00eb gjith\u00eb stafit t\u00eb KBI Ulqin \u00ebsht\u00eb se varrezet, mir\u00ebmbajtja dhe nd\u00ebrtimi i tyre kan\u00eb dalur jasht\u00eb kontrollit dhe se medoemos duhet t\u00eb vendoset nj\u00eb rregull n\u00eb lidhje me to. D\u00ebshirojm\u00eb q\u00eb besimtar\u00ebve musliman t\u2019ia b\u00ebjm\u00eb t\u00eb qarta rregullat e mir\u00ebfillta islame q\u00eb kan\u00eb t\u00eb b\u00ebjn\u00eb me varrin dhe pamjen e tij. Sipas dispozitave t\u00eb ligjit fetar islam, nd\u00ebrtimi i varrit lejohet vet\u00ebm n\u00eb at\u00eb mas\u00eb sa t\u00eb mos humbet varri, pra p\u00ebraf\u00ebrsiht nj\u00eb p\u00ebll\u00ebmb\u00eb mbi tok\u00eb, pamja e tij t\u00eb jet\u00eb sa m\u00eb modeste, mund t\u00eb vendosen nishanet (shenjat) te koka dhe k\u00ebmb\u00ebt, dhe n\u00eb te t\u00eb shkruhet emri, mbiemri dhe data e lindjes dhe e vdekjes. Dukuria e vendosjes s\u00eb fotografive, busteve dhe figurave t\u00eb ndryshme n\u00ebp\u00ebr nishane \u00ebsht\u00eb di\u00e7ka q\u00eb e d\u00ebmton shenjt\u00ebrin\u00eb e varrit t\u00eb muslimanit. Pothuajse e nj\u00ebjta gj\u00eb mund t\u00eb thuhet edhe p\u00ebr lulet pllastike q\u00eb vehen mbi varre. Varri mund t\u00eb ket\u00eb nj\u00eb gjelb\u00ebrim mbi t\u00eb, sepse bari e madh\u00ebron Zotin e gjith\u00ebm\u00ebshirsh\u00ebm, dhe i vdekuri mund t\u00eb p\u00ebrfitoj\u00eb nga kjo, por kjo nuk mund t\u00eb thuhet edhe p\u00ebr lulet pllastike, t\u00eb cilat, pas disa koh\u00ebve er\u00ebrat e ndryshme i shp\u00ebrndajn\u00eb n\u00eb mes varreve t\u00eb tjer\u00eb, edhepse ato, n\u00eb shikimin e par\u00eb, mund t\u00eb duken t\u00eb bukura. N\u00eb lidhje me k\u00ebt\u00eb apelojm\u00eb te t\u00eb gjith\u00eb, q\u00eb t\u2019i heqin fotografit\u00eb, bustet apo figuarat e ndryshme nga varret e familjar\u00ebve t\u00eb tyre. N\u00eb vend q\u00eb t\u00eb b\u00ebjn\u00eb k\u00ebso lloj shpenzimesh, i udh\u00ebzojm\u00eb ata q\u00eb t\u00eb ndihmoj\u00eb nj\u00eb t\u00eb varf\u00ebr n\u00eb em\u00ebr t\u00eb t\u00eb vdekurit apo t\u00eb b\u00ebj\u00eb nj\u00eb mir\u00ebsi (hajrat) nga e cila kan\u00eb dobi njer\u00ebztit e tjer\u00eb. Vet\u00ebm n\u00eb k\u00ebt\u00eb m\u00ebnyr\u00eb i vdekuri do t\u00eb ken\u00eb dobi nga ai shpenzim. Poashtu, dukuria e rrethimit t\u00eb vendeve t\u00eb rezervuara t\u00eb varreve me llojlloj telash, gardhesh me materiale t\u00eb ndryshme, jan\u00eb pasoj\u00eb e s\u00eb kaluar\u00ebs, m\u00eb sakt\u00eb e frik\u00ebs q\u00eb t\u00eb mos i uzurpohet vendi i rezervuar. Si pasoj\u00eb e k\u00ebsaj, kemi vakuume t\u00eb m\u00ebdha t\u00eb krijuara mes varreve, e \u00e7ka \u00ebsht\u00eb m\u00eb keq edhe rr\u00ebzime t\u00eb njer\u00ebzve n\u00ebp\u00ebr varre, sidomos t\u00eb pleq\u00ebve. Prandaj, apelojm\u00eb te t\u00eb gjith\u00eb ata q\u00eb e kan\u00eb b\u00ebr\u00eb nj\u00eb gj\u00eb t\u00eb till\u00eb, q\u00eb sa m\u00eb par\u00eb t\u2019i heqin rrethimet q\u00eb kan\u00eb b\u00ebr\u00eb, nd\u00ebrsa KBI Ulqin me stafin e tij garanton sigurin\u00eb e vendeve t\u00eb rezervuara. BI Ulqin ka dy muaj q\u00eb ka pun\u00ebsuar nj\u00eb pun\u00ebtor\u00eb, me pag\u00eb mujore, me q\u00ebllim t\u00eb mir\u00ebmbajtjes s\u00eb varreve, i cili \u00ebsht\u00eb \u00e7do dit\u00eb prezent n\u00eb varreze dhe do t\u00eb mir\u00ebmbaj\u00eb varrezet q\u00eb jan\u00eb pron\u00eb e BI Ulqin, si edhe disa varreze private me t\u00eb cilat KBI Ulqin ka b\u00ebr\u00eb marr\u00ebveshje. P\u00ebr k\u00ebt\u00eb, secili familjar i cili ka t\u00eb varrosur nj\u00eb apo m\u00eb shum\u00eb persona t\u00eb af\u00ebrm n\u00eb k\u00ebto varreze obligohet q\u00eb t\u00eb paguaj\u00eb shum\u00ebn vjetore prej 5,00 \u20ac p\u00ebr nj\u00eb varr, duke filluar me vitin 2012. Personat q\u00eb kan\u00eb familjar\u00ebt e vet t\u00eb varrosur n\u00eb k\u00ebto parcela, duhen t\u00eb lajm\u00ebrohen n\u00eb zyren e KBI Ulqin, \u00e7do dit\u00eb prej 8-14h, p\u00ebr ta b\u00ebr\u00eb k\u00ebt\u00eb pages\u00eb. P\u00ebr k\u00ebt\u00eb risi, familjar\u00ebt do t\u00eb njoftohen nga KBI Ulqin edhe p\u00ebrmes telefonat\u00ebs apo ndonj\u00eb m\u00ebnyre tjet\u00ebr.<\/p>\n<p>Me rastin e lajm\u00ebrimit t\u00eb rastit t\u00eb vdekjes, n\u00ebse xhenazja varroset n\u00eb varrezet q\u00eb jan\u00eb pron\u00eb e BI Ulqin (Sallakut dhe Meterizit), pala do t\u00eb n\u00ebnshkruaj\u00eb nj\u00eb kontrat\u00eb me KBI Ulqin n\u00eb t\u00eb cilat jan\u00eb t\u00eb parapar\u00eb t\u00eb gjitha kushtet t\u00eb cilave duhet t\u2019i p\u00ebrmbahet pala, sidomos kur \u00ebsht\u00eb fjala p\u00ebr nd\u00ebrtimin e varrit. Sipas Vendimit t\u00eb ri, pamja e varreve prej tani e tutje duhet t\u00eb jet\u00eb unike p\u00ebr t\u00eb gjith\u00eb varret. Secili njeri i cili t\u00eb af\u00ebrmve t\u00eb vet d\u00ebshiron t\u2019ia nd\u00ebrtoj\u00eb varrin mund ta b\u00ebj\u00eb ate vet\u00ebm sipas modelit q\u00eb ka p\u00ebrcaktuar KBI Ulqin. P\u00ebr k\u00ebt\u00eb, s\u00eb pari duhet t\u00eb lajm\u00ebrohet n\u00eb zyren e KBI Ulqin dhe t\u00eb pajiset me nj\u00eb leje t\u00eb posa\u00e7me, t\u00eb cil\u00ebn e l\u00ebshon sekretari i KBI Ulqin. Pa k\u00ebt\u00eb leje, askujt nuk do t\u2019i lejohet nd\u00ebrtimi i varrit! KBI Ulqin n\u00eb p\u00ebrpjekje p\u00ebr t\u2019ia leht\u00ebsuar familjar\u00ebve q\u00eb kan\u00eb rastin e vdekjes, ofron edhe sh\u00ebrbimin e transportit t\u00eb karrigave dhe filxhaneve p\u00ebr kafe e \u00e7aj, deri te sht\u00ebpia dhe anasjelltas, sh\u00ebrbim ky i cili do t\u00eb paguhet 20,00 \u20ac p\u00ebr t\u00eb dy drejtimet.<\/p>\n<p>Edhepse rregullat e reja n\u00eb fjal\u00eb mund t\u00eb mos jen\u00eb n\u00eb pajtueshm\u00ebri t\u00eb plot\u00eb me t\u00eb gjitha konceptet njer\u00ebzore, k\u00ebrkojm\u00eb mir\u00ebkuptim nga t\u00eb gjith\u00eb qytetar\u00ebt, sepse kjo, mesiguri, do t\u00eb jet\u00eb n\u00eb t\u00eb mir\u00ebn e t\u00eb gjith\u00eb neve. Kemi vendosur t\u2019i themi stop dukuris\u00eb \u201cvarret e turqve\u201d!!!<\/p>\n<p>&nbsp;<\/p>\n<p><strong>K\u00ebshilli i Bashk\u00ebsis\u00eb Islame<\/strong><\/p>\n<p><strong>ULQIN<br \/>\n\n\t\t<style type=\"text\/css\">\n\t\t\t#gallery-1 {\n\t\t\t\tmargin: auto;\n\t\t\t}\n\t\t\t#gallery-1 .gallery-item {\n\t\t\t\tfloat: left;\n\t\t\t\tmargin-top: 10px;\n\t\t\t\ttext-align: center;\n\t\t\t\twidth: 33%;\n\t\t\t}\n\t\t\t#gallery-1 img {\n\t\t\t\tborder: 2px solid #cfcfcf;\n\t\t\t}\n\t\t\t#gallery-1 .gallery-caption {\n\t\t\t\tmargin-left: 0;\n\t\t\t}\n\t\t\t\/* see gallery_shortcode() in wp-includes\/media.php *\/\n\t\t<\/style>\n\t\t<div id='gallery-1' class='gallery galleryid-55686 gallery-columns-3 gallery-size-thumbnail'><dl class='gallery-item'>\n\t\t\t<dt class='gallery-icon landscape'>\n\t\t\t\t<a href='https:\/\/www.visit-ulcinj.com\/blog\/wp-content\/uploads\/2012\/01\/Varrezet-n\u00eb-Pinjesh-Ulqin.1.jpg'><img width=\"150\" height=\"150\" src=\"https:\/\/www.visit-ulcinj.com\/blog\/wp-content\/uploads\/2012\/01\/Varrezet-n\u00eb-Pinjesh-Ulqin.1-150x150.jpg\" class=\"attachment-thumbnail size-thumbnail\" alt=\"\" loading=\"lazy\" \/><\/a>\n\t\t\t<\/dt><\/dl><dl class='gallery-item'>\n\t\t\t<dt class='gallery-icon landscape'>\n\t\t\t\t<a href='https:\/\/www.visit-ulcinj.com\/blog\/wp-content\/uploads\/2012\/01\/Varrezet-n\u00eb-Pinjesh-Ulqin.2.jpg'><img width=\"150\" height=\"150\" src=\"https:\/\/www.visit-ulcinj.com\/blog\/wp-content\/uploads\/2012\/01\/Varrezet-n\u00eb-Pinjesh-Ulqin.2-150x150.jpg\" class=\"attachment-thumbnail size-thumbnail\" alt=\"\" loading=\"lazy\" \/><\/a>\n\t\t\t<\/dt><\/dl><dl class='gallery-item'>\n\t\t\t<dt class='gallery-icon portrait'>\n\t\t\t\t<a href='https:\/\/www.visit-ulcinj.com\/blog\/wp-content\/uploads\/2012\/01\/Varrezet-n\u00eb-Pinjesh-Ulqin.jpg'><img width=\"150\" height=\"150\" src=\"https:\/\/www.visit-ulcinj.com\/blog\/wp-content\/uploads\/2012\/01\/Varrezet-n\u00eb-Pinjesh-Ulqin-150x150.jpg\" class=\"attachment-thumbnail size-thumbnail\" alt=\"\" loading=\"lazy\" \/><\/a>\n\t\t\t<\/dt><\/dl><br style=\"clear: both\" \/>\n\t\t<\/div>\n<br \/>\n<\/strong><\/p>\n","protected":false},"excerpt":{"rendered":"<p>BASHK\u00cbSIA ISLAME ULQIN N\u00cb RRUG\u00cb P\u00cbR T\u00cb RREGULLUAR M\u00cb MIR\u00cb \u00c7\u00cbSHTJET E VARRIMEVE DHE VARREZEVE Duke filluar prej dat\u00ebs 01.01.2012, jan\u00eb futur n\u00eb fuqi disa Vendime t\u00eb cilat i ka sjellur K\u00ebshilli i BI Ulqin, e q\u00eb kan\u00eb t\u00eb b\u00ebjn\u00eb me varrime, me t\u00eb cilat d\u00ebshirojm\u00eb ti njoftojm\u00eb t\u00eb gjith\u00eb besimtar\u00ebt musliman. Q\u00ebndrimi i t\u00eb [&hellip;]<\/p>\n","protected":false},"author":1,"featured_media":0,"comment_status":"open","ping_status":"closed","sticky":false,"template":"","format":"standard","meta":{"spay_email":"","jetpack_publicize_message":"","jetpack_is_tweetstorm":false,"jetpack_publicize_feature_enabled":true},"categories":[11],"tags":[19807,19808,200,18],"jetpack_publicize_connections":[],"yoast_head":"<!-- This site is optimized with the Yoast SEO plugin v19.1 - https:\/\/yoast.com\/wordpress\/plugins\/seo\/ -->\n<title>Kumtes\u00eb: K\u00ebshilli i Bashk\u00ebsis\u00eb Islame n\u00eb Ulqin - Lajme nga Ulqini<\/title>\n<meta name=\"description\" content=\"BASHK\u00cbSIA ISLAME ULQIN N\u00cb RRUG\u00cb P\u00cbR T\u00cb RREGULLUAR M\u00cb MIR\u00cb \u00c7\u00cbSHTJET E VARRIMEVE DHE VARREZEVE Duke filluar prej dat\u00ebs 01.01.2012, jan\u00eb futur n\u00eb fuqi disa\" \/>\n<meta name=\"robots\" content=\"index, follow, max-snippet:-1, max-image-preview:large, max-video-preview:-1\" \/>\n<link rel=\"canonical\" href=\"https:\/\/www.visit-ulcinj.com\/blog\/2012\/01\/08\/kumtese-keshilli-i-bashkesise-islame-ne-ulqin\/\" \/>\n<meta property=\"og:locale\" content=\"en_US\" \/>\n<meta property=\"og:type\" content=\"article\" \/>\n<meta property=\"og:title\" content=\"Kumtes\u00eb: K\u00ebshilli i Bashk\u00ebsis\u00eb Islame n\u00eb Ulqin - Lajme nga Ulqini\" \/>\n<meta property=\"og:description\" content=\"BASHK\u00cbSIA ISLAME ULQIN N\u00cb RRUG\u00cb P\u00cbR T\u00cb RREGULLUAR M\u00cb MIR\u00cb \u00c7\u00cbSHTJET E VARRIMEVE DHE VARREZEVE Duke filluar prej dat\u00ebs 01.01.2012, jan\u00eb futur n\u00eb fuqi disa\" \/>\n<meta property=\"og:url\" content=\"https:\/\/www.visit-ulcinj.com\/blog\/2012\/01\/08\/kumtese-keshilli-i-bashkesise-islame-ne-ulqin\/\" \/>\n<meta property=\"og:site_name\" content=\"Lajme nga Ulqini\" \/>\n<meta property=\"article:published_time\" content=\"2012-01-08T01:29:20+00:00\" \/>\n<meta property=\"article:modified_time\" content=\"2012-01-13T19:35:03+00:00\" \/>\n<meta property=\"og:image\" content=\"https:\/\/www.visit-ulcinj.com\/blog\/wp-content\/uploads\/2012\/01\/Varrezet-n\u00eb-Pinjesh-Ulqin.1-150x150.jpg\" \/>\n<meta name=\"twitter:label1\" content=\"Written by\" \/>\n\t<meta name=\"twitter:data1\" content=\"ulqini\" \/>\n\t<meta name=\"twitter:label2\" content=\"Est. reading time\" \/>\n\t<meta name=\"twitter:data2\" content=\"5 minutes\" \/>\n<script type=\"application\/ld+json\" class=\"yoast-schema-graph\">{\"@context\":\"https:\/\/schema.org\",\"@graph\":[{\"@type\":\"WebSite\",\"@id\":\"https:\/\/www.visit-ulcinj.com\/blog\/#website\",\"url\":\"https:\/\/www.visit-ulcinj.com\/blog\/\",\"name\":\"Lajme nga Ulqini\",\"description\":\"Lajme,Vijesti,Ulqini,Ulqin,Crna Gora,Mali i Zi\",\"potentialAction\":[{\"@type\":\"SearchAction\",\"target\":{\"@type\":\"EntryPoint\",\"urlTemplate\":\"https:\/\/www.visit-ulcinj.com\/blog\/?s={search_term_string}\"},\"query-input\":\"required name=search_term_string\"}],\"inLanguage\":\"en-US\"},{\"@type\":\"WebPage\",\"@id\":\"https:\/\/www.visit-ulcinj.com\/blog\/2012\/01\/08\/kumtese-keshilli-i-bashkesise-islame-ne-ulqin\/#webpage\",\"url\":\"https:\/\/www.visit-ulcinj.com\/blog\/2012\/01\/08\/kumtese-keshilli-i-bashkesise-islame-ne-ulqin\/\",\"name\":\"Kumtes\u00eb: K\u00ebshilli i Bashk\u00ebsis\u00eb Islame n\u00eb Ulqin - Lajme nga Ulqini\",\"isPartOf\":{\"@id\":\"https:\/\/www.visit-ulcinj.com\/blog\/#website\"},\"datePublished\":\"2012-01-08T01:29:20+00:00\",\"dateModified\":\"2012-01-13T19:35:03+00:00\",\"author\":{\"@id\":\"https:\/\/www.visit-ulcinj.com\/blog\/#\/schema\/person\/dcab619c614d3038751c63bc2aadc06d\"},\"description\":\"BASHK\u00cbSIA ISLAME ULQIN N\u00cb RRUG\u00cb P\u00cbR T\u00cb RREGULLUAR M\u00cb MIR\u00cb \u00c7\u00cbSHTJET E VARRIMEVE DHE VARREZEVE Duke filluar prej dat\u00ebs 01.01.2012, jan\u00eb futur n\u00eb fuqi disa\",\"breadcrumb\":{\"@id\":\"https:\/\/www.visit-ulcinj.com\/blog\/2012\/01\/08\/kumtese-keshilli-i-bashkesise-islame-ne-ulqin\/#breadcrumb\"},\"inLanguage\":\"en-US\",\"potentialAction\":[{\"@type\":\"ReadAction\",\"target\":[\"https:\/\/www.visit-ulcinj.com\/blog\/2012\/01\/08\/kumtese-keshilli-i-bashkesise-islame-ne-ulqin\/\"]}]},{\"@type\":\"BreadcrumbList\",\"@id\":\"https:\/\/www.visit-ulcinj.com\/blog\/2012\/01\/08\/kumtese-keshilli-i-bashkesise-islame-ne-ulqin\/#breadcrumb\",\"itemListElement\":[{\"@type\":\"ListItem\",\"position\":1,\"name\":\"Kumtes\u00eb: K\u00ebshilli i Bashk\u00ebsis\u00eb Islame n\u00eb Ulqin\"}]},{\"@type\":\"Person\",\"@id\":\"https:\/\/www.visit-ulcinj.com\/blog\/#\/schema\/person\/dcab619c614d3038751c63bc2aadc06d\",\"name\":\"ulqini\",\"sameAs\":[\"http:\/\/www.visit-ulcinj.com\"],\"url\":\"https:\/\/www.visit-ulcinj.com\/blog\/author\/admin\/\"}]}<\/script>\n<!-- \/ Yoast SEO plugin. -->","yoast_head_json":{"title":"Kumtes\u00eb: K\u00ebshilli i Bashk\u00ebsis\u00eb Islame n\u00eb Ulqin - Lajme nga Ulqini","description":"BASHK\u00cbSIA ISLAME ULQIN N\u00cb RRUG\u00cb P\u00cbR T\u00cb RREGULLUAR M\u00cb MIR\u00cb \u00c7\u00cbSHTJET E VARRIMEVE DHE VARREZEVE Duke filluar prej dat\u00ebs 01.01.2012, jan\u00eb futur n\u00eb fuqi disa","robots":{"index":"index","follow":"follow","max-snippet":"max-snippet:-1","max-image-preview":"max-image-preview:large","max-video-preview":"max-video-preview:-1"},"canonical":"https:\/\/www.visit-ulcinj.com\/blog\/2012\/01\/08\/kumtese-keshilli-i-bashkesise-islame-ne-ulqin\/","og_locale":"en_US","og_type":"article","og_title":"Kumtes\u00eb: K\u00ebshilli i Bashk\u00ebsis\u00eb Islame n\u00eb Ulqin - Lajme nga Ulqini","og_description":"BASHK\u00cbSIA ISLAME ULQIN N\u00cb RRUG\u00cb P\u00cbR T\u00cb RREGULLUAR M\u00cb MIR\u00cb \u00c7\u00cbSHTJET E VARRIMEVE DHE VARREZEVE Duke filluar prej dat\u00ebs 01.01.2012, jan\u00eb futur n\u00eb fuqi disa","og_url":"https:\/\/www.visit-ulcinj.com\/blog\/2012\/01\/08\/kumtese-keshilli-i-bashkesise-islame-ne-ulqin\/","og_site_name":"Lajme nga Ulqini","article_published_time":"2012-01-08T01:29:20+00:00","article_modified_time":"2012-01-13T19:35:03+00:00","og_image":[{"url":"https:\/\/www.visit-ulcinj.com\/blog\/wp-content\/uploads\/2012\/01\/Varrezet-n\u00eb-Pinjesh-Ulqin.1-150x150.jpg"}],"twitter_misc":{"Written by":"ulqini","Est. reading time":"5 minutes"},"schema":{"@context":"https:\/\/schema.org","@graph":[{"@type":"WebSite","@id":"https:\/\/www.visit-ulcinj.com\/blog\/#website","url":"https:\/\/www.visit-ulcinj.com\/blog\/","name":"Lajme nga Ulqini","description":"Lajme,Vijesti,Ulqini,Ulqin,Crna Gora,Mali i Zi","potentialAction":[{"@type":"SearchAction","target":{"@type":"EntryPoint","urlTemplate":"https:\/\/www.visit-ulcinj.com\/blog\/?s={search_term_string}"},"query-input":"required name=search_term_string"}],"inLanguage":"en-US"},{"@type":"WebPage","@id":"https:\/\/www.visit-ulcinj.com\/blog\/2012\/01\/08\/kumtese-keshilli-i-bashkesise-islame-ne-ulqin\/#webpage","url":"https:\/\/www.visit-ulcinj.com\/blog\/2012\/01\/08\/kumtese-keshilli-i-bashkesise-islame-ne-ulqin\/","name":"Kumtes\u00eb: K\u00ebshilli i Bashk\u00ebsis\u00eb Islame n\u00eb Ulqin - Lajme nga Ulqini","isPartOf":{"@id":"https:\/\/www.visit-ulcinj.com\/blog\/#website"},"datePublished":"2012-01-08T01:29:20+00:00","dateModified":"2012-01-13T19:35:03+00:00","author":{"@id":"https:\/\/www.visit-ulcinj.com\/blog\/#\/schema\/person\/dcab619c614d3038751c63bc2aadc06d"},"description":"BASHK\u00cbSIA ISLAME ULQIN N\u00cb RRUG\u00cb P\u00cbR T\u00cb RREGULLUAR M\u00cb MIR\u00cb \u00c7\u00cbSHTJET E VARRIMEVE DHE VARREZEVE Duke filluar prej dat\u00ebs 01.01.2012, jan\u00eb futur n\u00eb fuqi disa","breadcrumb":{"@id":"https:\/\/www.visit-ulcinj.com\/blog\/2012\/01\/08\/kumtese-keshilli-i-bashkesise-islame-ne-ulqin\/#breadcrumb"},"inLanguage":"en-US","potentialAction":[{"@type":"ReadAction","target":["https:\/\/www.visit-ulcinj.com\/blog\/2012\/01\/08\/kumtese-keshilli-i-bashkesise-islame-ne-ulqin\/"]}]},{"@type":"BreadcrumbList","@id":"https:\/\/www.visit-ulcinj.com\/blog\/2012\/01\/08\/kumtese-keshilli-i-bashkesise-islame-ne-ulqin\/#breadcrumb","itemListElement":[{"@type":"ListItem","position":1,"name":"Kumtes\u00eb: K\u00ebshilli i Bashk\u00ebsis\u00eb Islame n\u00eb Ulqin"}]},{"@type":"Person","@id":"https:\/\/www.visit-ulcinj.com\/blog\/#\/schema\/person\/dcab619c614d3038751c63bc2aadc06d","name":"ulqini","sameAs":["http:\/\/www.visit-ulcinj.com"],"url":"https:\/\/www.visit-ulcinj.com\/blog\/author\/admin\/"}]}},"jetpack_featured_media_url":"","jetpack_sharing_enabled":true,"jetpack_shortlink":"https:\/\/wp.me\/pe6lTn-eua","_links":{"self":[{"href":"https:\/\/www.visit-ulcinj.com\/blog\/wp-json\/wp\/v2\/posts\/55686"}],"collection":[{"href":"https:\/\/www.visit-ulcinj.com\/blog\/wp-json\/wp\/v2\/posts"}],"about":[{"href":"https:\/\/www.visit-ulcinj.com\/blog\/wp-json\/wp\/v2\/types\/post"}],"author":[{"embeddable":true,"href":"https:\/\/www.visit-ulcinj.com\/blog\/wp-json\/wp\/v2\/users\/1"}],"replies":[{"embeddable":true,"href":"https:\/\/www.visit-ulcinj.com\/blog\/wp-json\/wp\/v2\/comments?post=55686"}],"version-history":[{"count":3,"href":"https:\/\/www.visit-ulcinj.com\/blog\/wp-json\/wp\/v2\/posts\/55686\/revisions"}],"predecessor-version":[{"id":55953,"href":"https:\/\/www.visit-ulcinj.com\/blog\/wp-json\/wp\/v2\/posts\/55686\/revisions\/55953"}],"wp:attachment":[{"href":"https:\/\/www.visit-ulcinj.com\/blog\/wp-json\/wp\/v2\/media?parent=55686"}],"wp:term":[{"taxonomy":"category","embeddable":true,"href":"https:\/\/www.visit-ulcinj.com\/blog\/wp-json\/wp\/v2\/categories?post=55686"},{"taxonomy":"post_tag","embeddable":true,"href":"https:\/\/www.visit-ulcinj.com\/blog\/wp-json\/wp\/v2\/tags?post=55686"}],"curies":[{"name":"wp","href":"https:\/\/api.w.org\/{rel}","templated":true}]}}