{"id":55704,"date":"2012-01-08T18:03:23","date_gmt":"2012-01-08T17:03:23","guid":{"rendered":"http:\/\/www.visit-ulcinj.com\/blog\/?p=55704"},"modified":"2012-01-08T18:04:51","modified_gmt":"2012-01-08T17:04:51","slug":"si-u-prit-viti-i-ri-ne-ulqin-e-ju-si-e-pritet","status":"publish","type":"post","link":"https:\/\/www.visit-ulcinj.com\/blog\/2012\/01\/08\/si-u-prit-viti-i-ri-ne-ulqin-e-ju-si-e-pritet\/","title":{"rendered":"Si u prit Viti i Ri ne Ulqin e  ju si e prit\u00ebt&#8230;"},"content":{"rendered":"<p><a href=\"http:\/\/www.visit-ulcinj.com\/blog\/wp-content\/uploads\/2012\/01\/Si-u-prit-Viti-i-Ri-ne-Ulqin.jpg\"><img loading=\"lazy\" class=\"alignleft size-full wp-image-55706\" title=\"Si u prit Viti i Ri ne Ulqin\" src=\"http:\/\/www.visit-ulcinj.com\/blog\/wp-content\/uploads\/2012\/01\/Si-u-prit-Viti-i-Ri-ne-Ulqin.jpg\" alt=\"\" width=\"508\" height=\"380\" srcset=\"https:\/\/www.visit-ulcinj.com\/blog\/wp-content\/uploads\/2012\/01\/Si-u-prit-Viti-i-Ri-ne-Ulqin.jpg 1080w, https:\/\/www.visit-ulcinj.com\/blog\/wp-content\/uploads\/2012\/01\/Si-u-prit-Viti-i-Ri-ne-Ulqin-300x223.jpg 300w, https:\/\/www.visit-ulcinj.com\/blog\/wp-content\/uploads\/2012\/01\/Si-u-prit-Viti-i-Ri-ne-Ulqin-1024x763.jpg 1024w\" sizes=\"(max-width: 508px) 100vw, 508px\" \/><\/a>Si kudo n\u00eb bot\u00eb, edhe tek ne n\u00eb Ulqin, nata e vitit t\u00eb ri festohet n\u00eb m\u00ebnyrat nga m\u00eb t\u00eb ndryshmet. Pritja e vitit t\u00eb ri nuk b\u00ebhet m\u00eb n\u00eb m\u00ebnyre t\u00eb organizuar si vite m\u00eb par\u00eb, por q\u00eb kohen e fundit rinia ka festuar duk\u00eb b\u00ebr mini organizime n\u00eb lokale t\u00eb caktuara.<br \/>\nGjith\u00eb ata djelmo\u00e7a t\u00eb ri n\u00eb Ulqin, gjith\u00eb ata biznismena, gjith\u00eb ata kafexhi e restoranxhi, gjith\u00eb ata njer\u00ebz pa pun\u00eb,askujt nuk i ra n\u00eb mend me u organizu, me u angazhu, me nd\u00ebrmarr\u00eb di\u00e7ka p\u00ebr festimin e Vitit t\u00eb Ri, me &#8220;vra dy miza me nji t\u00eb ramun&#8221;: edhe me i mledh\u00eb Ulqinak\u00ebt familiar n\u00eb nj\u00eb sall\u00eb, lokal, hotel,apo restorant,etj.<\/p>\n<p>Festa mbaroi, nd\u00ebrsa qyteti Ulqinit vazhdon t\u00eb jet\u00eb i heshtur. Pas festimeve q\u00eb jan\u00eb b\u00ebr\u00eb tet\u00eb dit\u00eb me radh\u00eb, tani mungon gjall\u00ebria dhe se n\u00eb rrug\u00ebt e boshatisura nuk ka m\u00eb babadim\u00ebr.<br \/>\nQyteti vazhdon t\u00eb jet\u00eb ende i heshtur dhe se heshtjen e prish vet\u00ebm nj\u00eb num\u00ebr i vog\u00ebl i qytetar\u00ebve t\u00eb cil\u00ebt sh\u00ebtisin rrug\u00ebve t\u00eb Ulqinit sikur me qen\u00eb 15 janari thot Dritan Abazi n\u00eb talk show \u201cPiramida\u201d.<\/p>\n<p>Gjall\u00ebri v\u00ebrehet vet\u00ebm n\u00eb kafenet\u00eb e qytetit, n\u00eb t\u00eb cilat si gjithmon\u00eb edhe n\u00eb raste t\u00eb tilla festash nuk mungojn\u00eb t\u00eb rinjt\u00eb, t\u00eb cil\u00ebt pas festimeve q\u00eb kan\u00eb b\u00ebr\u00eb, dalin ta pin\u00eb kafen e nj\u00eb viti t\u00eb ri q\u00eb kaloi.<\/p>\n<p>Dikur organizimi p\u00ebrq\u00ebndrohej n\u00eb qendr\u00ebn e qytetit apo n\u00eb plazhin e vog\u00ebl (n\u00eb Ran\u00eb) ku atmosfer\u00ebs me muzik live i bashkangjitej turma e madhe e njer\u00ebzve, t\u00eb kapur p\u00ebrdore n\u00eb valle, aty k\u00ebtu duke cakruar gotat n\u00eb duar, dhe gjithnj\u00eb n\u00eb shoq\u00ebrim t\u00eb zhurm\u00ebs s\u00eb fishekzjarreve paralajm\u00ebruese t\u00eb nat\u00ebs s\u00eb vitit t\u00eb ri q\u00eb po vjen. Nd\u00ebrsa tani, kjo tradite u shua me kalimin e koh\u00ebs, duke mos pas nj\u00eb arsye t\u00eb sh\u00ebndosh se pse!<br \/>\nQytetar\u00ebt e Ulqinit si zakonisht edhe k\u00ebt\u00eb vit, kan\u00eb pasur preferenca t\u00eb ndryshme se si ta kalojn\u00eb nat\u00ebn e nd\u00ebrrimit t\u00eb moteve. Disa nga ta kan\u00eb preferuar t\u00eb q\u00ebndrojn\u00eb n\u00eb sht\u00ebpi dhe t\u00eb festojn\u00eb me familje, nd\u00ebrsa disa t\u00eb tjer\u00eb kan\u00eb zgjedhur edhe lokalet e ndryshme, q\u00eb k\u00ebto net festive t\u2019i kalojn\u00eb me shoq\u00ebri.<\/p>\n<p>Organizimi i vitit t\u00eb ri n\u00eb Ulqin nuk ka ndonj\u00eb r\u00ebnd\u00ebsi t\u00eb vecant sikur n\u00eb vendet e tjera, dhe nuk arrin kulmin e fest\u00ebs p\u00ebrderisa n\u00eb vendet e europ\u00ebs r\u00ebnd\u00ebsi t\u00eb vecant i kushton vet komuna dhe organet shtet\u00ebrore duke organizuar pritjen e nd\u00ebrrimit t\u00eb motmoteve n\u00eb sheshet kryesore t\u00eb qytetit dhe me nj\u00eb turm masive q\u00eb ndoshta p\u00ebrfshin nj\u00eb shumic\u00eb t\u00eb vet qytetit.<br \/>\nNj\u00eb vend si Ulqini, me kaq num\u00ebr t\u00eb rinjve, dhe nivel edukativ, meriton nj\u00eb organizim prestigjioz mu n\u00eb mes t\u00eb qendr\u00ebs s\u00eb k\u00ebtij qyteti t\u00eb vogel, por ja q\u00eb politika e mjerueshme , dhe rrethanat q\u00eb jan krijuar nga vet politika shtet\u00ebrore, ka ndikuar q\u00eb nj\u00eb gj\u00eb e till t\u00eb shuhet dhe t\u00eb jet e pamundur t\u00eb organizohet. Esht\u00eb fakt q\u00eb mjerimit q\u00eb \u00ebshte krijuar, n\u00eb nj\u00eb vend si ky, n\u00eb skaj t\u00eb bot\u00ebs, i ka kontribuar vet politika e gabuar e pushtetit dhe vet shtetit, m\u00eb njerezit q\u00eb udheheqin pushtet, dhe q\u00eb si fryt i pun\u00ebs s\u00eb tyre rrjedh i t\u00ebr ky pasivitet, bastardim i traditave, kultur\u00ebs dhe tjerave q\u00eb gjithnj\u00eb e kan mbajt t\u00eb gjall k\u00ebt\u00eb popull, dhe q\u00eb me vite e kan trash\u00ebguar.<br \/>\nSikur baba dim\u00ebr ka humb rrug\u00ebn p\u00ebr n\u00eb &#8220;qytetin e harruar t\u00eb Ulqinit&#8221;, prandaj edhe sensi i nat\u00ebs s\u00eb vitit t\u00eb ri shpesh e humb kuptimin bashk me d\u00ebshirat e shumta q\u00eb mbeten t\u00eb zymta n\u00eb vitet q\u00eb vin e shkojn mes nesh.<br \/>\nPa ambicione, pa vullnet t\u00eb fort\u00eb, pa vet\u00ebdijeni, pa seriozitet, angazhim t\u00eb parezervur, investim (faktori kryesor- se prej asgjas nuk vjen asgja), pa marketing pa p\u00ebrgatitje sistematike, kontrata t\u00eb forta me shkrim dhe verifikimin e tyre para organeve gjegj\u00ebse t\u00eb komun\u00ebs nuk mundet me u fillu as mbaru me sukses asnji pune.<br \/>\nNe vazhdojn t\u00eb jetojm dhe punojn n\u00eb Ulqin, p\u00ebrderisa d\u00ebshirat e vitit t\u00eb ri, s\u00eb pari p\u00ebr nj\u00eb jet m\u00eb t\u00eb mir, nuk u realizuan asnj\u00ebher.<\/p>\n<p><strong>Lexuesi nga Ulqini<\/strong><br \/>\n<!--YouTube Error: bad URL entered--><\/p>\n","protected":false},"excerpt":{"rendered":"<p>Si kudo n\u00eb bot\u00eb, edhe tek ne n\u00eb Ulqin, nata e vitit t\u00eb ri festohet n\u00eb m\u00ebnyrat nga m\u00eb t\u00eb ndryshmet. Pritja e vitit t\u00eb ri nuk b\u00ebhet m\u00eb n\u00eb m\u00ebnyre t\u00eb organizuar si vite m\u00eb par\u00eb, por q\u00eb kohen e fundit rinia ka festuar duk\u00eb b\u00ebr mini organizime n\u00eb lokale t\u00eb caktuara. Gjith\u00eb ata [&hellip;]<\/p>\n","protected":false},"author":1,"featured_media":0,"comment_status":"open","ping_status":"closed","sticky":false,"template":"","format":"standard","meta":{"spay_email":"","jetpack_publicize_message":"","jetpack_is_tweetstorm":false,"jetpack_publicize_feature_enabled":true},"categories":[4],"tags":[200,18,283,19815,19816],"jetpack_publicize_connections":[],"yoast_head":"<!-- This site is optimized with the Yoast SEO plugin v19.1 - https:\/\/yoast.com\/wordpress\/plugins\/seo\/ -->\n<title>Si u prit Viti i Ri ne Ulqin e ju si e prit\u00ebt... - Lajme nga Ulqini<\/title>\n<meta name=\"description\" content=\"Si kudo n\u00eb bot\u00eb, edhe tek ne n\u00eb Ulqin, nata e vitit t\u00eb ri festohet n\u00eb m\u00ebnyrat nga m\u00eb t\u00eb ndryshmet. Pritja e vitit t\u00eb ri nuk b\u00ebhet m\u00eb n\u00eb m\u00ebnyre t\u00eb\" \/>\n<meta name=\"robots\" content=\"index, follow, max-snippet:-1, max-image-preview:large, max-video-preview:-1\" \/>\n<link rel=\"canonical\" href=\"https:\/\/www.visit-ulcinj.com\/blog\/2012\/01\/08\/si-u-prit-viti-i-ri-ne-ulqin-e-ju-si-e-pritet\/\" \/>\n<meta property=\"og:locale\" content=\"en_US\" \/>\n<meta property=\"og:type\" content=\"article\" \/>\n<meta property=\"og:title\" content=\"Si u prit Viti i Ri ne Ulqin e ju si e prit\u00ebt... - Lajme nga Ulqini\" \/>\n<meta property=\"og:description\" content=\"Si kudo n\u00eb bot\u00eb, edhe tek ne n\u00eb Ulqin, nata e vitit t\u00eb ri festohet n\u00eb m\u00ebnyrat nga m\u00eb t\u00eb ndryshmet. Pritja e vitit t\u00eb ri nuk b\u00ebhet m\u00eb n\u00eb m\u00ebnyre t\u00eb\" \/>\n<meta property=\"og:url\" content=\"https:\/\/www.visit-ulcinj.com\/blog\/2012\/01\/08\/si-u-prit-viti-i-ri-ne-ulqin-e-ju-si-e-pritet\/\" \/>\n<meta property=\"og:site_name\" content=\"Lajme nga Ulqini\" \/>\n<meta property=\"article:published_time\" content=\"2012-01-08T17:03:23+00:00\" \/>\n<meta property=\"article:modified_time\" content=\"2012-01-08T17:04:51+00:00\" \/>\n<meta property=\"og:image\" content=\"http:\/\/www.visit-ulcinj.com\/blog\/wp-content\/uploads\/2012\/01\/Si-u-prit-Viti-i-Ri-ne-Ulqin.jpg\" \/>\n<meta name=\"twitter:label1\" content=\"Written by\" \/>\n\t<meta name=\"twitter:data1\" content=\"ulqini\" \/>\n\t<meta name=\"twitter:label2\" content=\"Est. reading time\" \/>\n\t<meta name=\"twitter:data2\" content=\"4 minutes\" \/>\n<script type=\"application\/ld+json\" class=\"yoast-schema-graph\">{\"@context\":\"https:\/\/schema.org\",\"@graph\":[{\"@type\":\"WebSite\",\"@id\":\"https:\/\/www.visit-ulcinj.com\/blog\/#website\",\"url\":\"https:\/\/www.visit-ulcinj.com\/blog\/\",\"name\":\"Lajme nga Ulqini\",\"description\":\"Lajme,Vijesti,Ulqini,Ulqin,Crna Gora,Mali i Zi\",\"potentialAction\":[{\"@type\":\"SearchAction\",\"target\":{\"@type\":\"EntryPoint\",\"urlTemplate\":\"https:\/\/www.visit-ulcinj.com\/blog\/?s={search_term_string}\"},\"query-input\":\"required name=search_term_string\"}],\"inLanguage\":\"en-US\"},{\"@type\":\"ImageObject\",\"inLanguage\":\"en-US\",\"@id\":\"https:\/\/www.visit-ulcinj.com\/blog\/2012\/01\/08\/si-u-prit-viti-i-ri-ne-ulqin-e-ju-si-e-pritet\/#primaryimage\",\"url\":\"https:\/\/www.visit-ulcinj.com\/blog\/wp-content\/uploads\/2012\/01\/Si-u-prit-Viti-i-Ri-ne-Ulqin.jpg\",\"contentUrl\":\"https:\/\/www.visit-ulcinj.com\/blog\/wp-content\/uploads\/2012\/01\/Si-u-prit-Viti-i-Ri-ne-Ulqin.jpg\",\"width\":\"1080\",\"height\":\"805\"},{\"@type\":\"WebPage\",\"@id\":\"https:\/\/www.visit-ulcinj.com\/blog\/2012\/01\/08\/si-u-prit-viti-i-ri-ne-ulqin-e-ju-si-e-pritet\/#webpage\",\"url\":\"https:\/\/www.visit-ulcinj.com\/blog\/2012\/01\/08\/si-u-prit-viti-i-ri-ne-ulqin-e-ju-si-e-pritet\/\",\"name\":\"Si u prit Viti i Ri ne Ulqin e ju si e prit\u00ebt... - Lajme nga Ulqini\",\"isPartOf\":{\"@id\":\"https:\/\/www.visit-ulcinj.com\/blog\/#website\"},\"primaryImageOfPage\":{\"@id\":\"https:\/\/www.visit-ulcinj.com\/blog\/2012\/01\/08\/si-u-prit-viti-i-ri-ne-ulqin-e-ju-si-e-pritet\/#primaryimage\"},\"datePublished\":\"2012-01-08T17:03:23+00:00\",\"dateModified\":\"2012-01-08T17:04:51+00:00\",\"author\":{\"@id\":\"https:\/\/www.visit-ulcinj.com\/blog\/#\/schema\/person\/dcab619c614d3038751c63bc2aadc06d\"},\"description\":\"Si kudo n\u00eb bot\u00eb, edhe tek ne n\u00eb Ulqin, nata e vitit t\u00eb ri festohet n\u00eb m\u00ebnyrat nga m\u00eb t\u00eb ndryshmet. Pritja e vitit t\u00eb ri nuk b\u00ebhet m\u00eb n\u00eb m\u00ebnyre t\u00eb\",\"breadcrumb\":{\"@id\":\"https:\/\/www.visit-ulcinj.com\/blog\/2012\/01\/08\/si-u-prit-viti-i-ri-ne-ulqin-e-ju-si-e-pritet\/#breadcrumb\"},\"inLanguage\":\"en-US\",\"potentialAction\":[{\"@type\":\"ReadAction\",\"target\":[\"https:\/\/www.visit-ulcinj.com\/blog\/2012\/01\/08\/si-u-prit-viti-i-ri-ne-ulqin-e-ju-si-e-pritet\/\"]}]},{\"@type\":\"BreadcrumbList\",\"@id\":\"https:\/\/www.visit-ulcinj.com\/blog\/2012\/01\/08\/si-u-prit-viti-i-ri-ne-ulqin-e-ju-si-e-pritet\/#breadcrumb\",\"itemListElement\":[{\"@type\":\"ListItem\",\"position\":1,\"name\":\"Si u prit Viti i Ri ne Ulqin e ju si e prit\u00ebt&#8230;\"}]},{\"@type\":\"Person\",\"@id\":\"https:\/\/www.visit-ulcinj.com\/blog\/#\/schema\/person\/dcab619c614d3038751c63bc2aadc06d\",\"name\":\"ulqini\",\"sameAs\":[\"http:\/\/www.visit-ulcinj.com\"],\"url\":\"https:\/\/www.visit-ulcinj.com\/blog\/author\/admin\/\"}]}<\/script>\n<!-- \/ Yoast SEO plugin. -->","yoast_head_json":{"title":"Si u prit Viti i Ri ne Ulqin e ju si e prit\u00ebt... - Lajme nga Ulqini","description":"Si kudo n\u00eb bot\u00eb, edhe tek ne n\u00eb Ulqin, nata e vitit t\u00eb ri festohet n\u00eb m\u00ebnyrat nga m\u00eb t\u00eb ndryshmet. Pritja e vitit t\u00eb ri nuk b\u00ebhet m\u00eb n\u00eb m\u00ebnyre t\u00eb","robots":{"index":"index","follow":"follow","max-snippet":"max-snippet:-1","max-image-preview":"max-image-preview:large","max-video-preview":"max-video-preview:-1"},"canonical":"https:\/\/www.visit-ulcinj.com\/blog\/2012\/01\/08\/si-u-prit-viti-i-ri-ne-ulqin-e-ju-si-e-pritet\/","og_locale":"en_US","og_type":"article","og_title":"Si u prit Viti i Ri ne Ulqin e ju si e prit\u00ebt... - Lajme nga Ulqini","og_description":"Si kudo n\u00eb bot\u00eb, edhe tek ne n\u00eb Ulqin, nata e vitit t\u00eb ri festohet n\u00eb m\u00ebnyrat nga m\u00eb t\u00eb ndryshmet. Pritja e vitit t\u00eb ri nuk b\u00ebhet m\u00eb n\u00eb m\u00ebnyre t\u00eb","og_url":"https:\/\/www.visit-ulcinj.com\/blog\/2012\/01\/08\/si-u-prit-viti-i-ri-ne-ulqin-e-ju-si-e-pritet\/","og_site_name":"Lajme nga Ulqini","article_published_time":"2012-01-08T17:03:23+00:00","article_modified_time":"2012-01-08T17:04:51+00:00","og_image":[{"url":"http:\/\/www.visit-ulcinj.com\/blog\/wp-content\/uploads\/2012\/01\/Si-u-prit-Viti-i-Ri-ne-Ulqin.jpg"}],"twitter_misc":{"Written by":"ulqini","Est. reading time":"4 minutes"},"schema":{"@context":"https:\/\/schema.org","@graph":[{"@type":"WebSite","@id":"https:\/\/www.visit-ulcinj.com\/blog\/#website","url":"https:\/\/www.visit-ulcinj.com\/blog\/","name":"Lajme nga Ulqini","description":"Lajme,Vijesti,Ulqini,Ulqin,Crna Gora,Mali i Zi","potentialAction":[{"@type":"SearchAction","target":{"@type":"EntryPoint","urlTemplate":"https:\/\/www.visit-ulcinj.com\/blog\/?s={search_term_string}"},"query-input":"required name=search_term_string"}],"inLanguage":"en-US"},{"@type":"ImageObject","inLanguage":"en-US","@id":"https:\/\/www.visit-ulcinj.com\/blog\/2012\/01\/08\/si-u-prit-viti-i-ri-ne-ulqin-e-ju-si-e-pritet\/#primaryimage","url":"https:\/\/www.visit-ulcinj.com\/blog\/wp-content\/uploads\/2012\/01\/Si-u-prit-Viti-i-Ri-ne-Ulqin.jpg","contentUrl":"https:\/\/www.visit-ulcinj.com\/blog\/wp-content\/uploads\/2012\/01\/Si-u-prit-Viti-i-Ri-ne-Ulqin.jpg","width":"1080","height":"805"},{"@type":"WebPage","@id":"https:\/\/www.visit-ulcinj.com\/blog\/2012\/01\/08\/si-u-prit-viti-i-ri-ne-ulqin-e-ju-si-e-pritet\/#webpage","url":"https:\/\/www.visit-ulcinj.com\/blog\/2012\/01\/08\/si-u-prit-viti-i-ri-ne-ulqin-e-ju-si-e-pritet\/","name":"Si u prit Viti i Ri ne Ulqin e ju si e prit\u00ebt... - Lajme nga Ulqini","isPartOf":{"@id":"https:\/\/www.visit-ulcinj.com\/blog\/#website"},"primaryImageOfPage":{"@id":"https:\/\/www.visit-ulcinj.com\/blog\/2012\/01\/08\/si-u-prit-viti-i-ri-ne-ulqin-e-ju-si-e-pritet\/#primaryimage"},"datePublished":"2012-01-08T17:03:23+00:00","dateModified":"2012-01-08T17:04:51+00:00","author":{"@id":"https:\/\/www.visit-ulcinj.com\/blog\/#\/schema\/person\/dcab619c614d3038751c63bc2aadc06d"},"description":"Si kudo n\u00eb bot\u00eb, edhe tek ne n\u00eb Ulqin, nata e vitit t\u00eb ri festohet n\u00eb m\u00ebnyrat nga m\u00eb t\u00eb ndryshmet. Pritja e vitit t\u00eb ri nuk b\u00ebhet m\u00eb n\u00eb m\u00ebnyre t\u00eb","breadcrumb":{"@id":"https:\/\/www.visit-ulcinj.com\/blog\/2012\/01\/08\/si-u-prit-viti-i-ri-ne-ulqin-e-ju-si-e-pritet\/#breadcrumb"},"inLanguage":"en-US","potentialAction":[{"@type":"ReadAction","target":["https:\/\/www.visit-ulcinj.com\/blog\/2012\/01\/08\/si-u-prit-viti-i-ri-ne-ulqin-e-ju-si-e-pritet\/"]}]},{"@type":"BreadcrumbList","@id":"https:\/\/www.visit-ulcinj.com\/blog\/2012\/01\/08\/si-u-prit-viti-i-ri-ne-ulqin-e-ju-si-e-pritet\/#breadcrumb","itemListElement":[{"@type":"ListItem","position":1,"name":"Si u prit Viti i Ri ne Ulqin e ju si e prit\u00ebt&#8230;"}]},{"@type":"Person","@id":"https:\/\/www.visit-ulcinj.com\/blog\/#\/schema\/person\/dcab619c614d3038751c63bc2aadc06d","name":"ulqini","sameAs":["http:\/\/www.visit-ulcinj.com"],"url":"https:\/\/www.visit-ulcinj.com\/blog\/author\/admin\/"}]}},"jetpack_featured_media_url":"","jetpack_sharing_enabled":true,"jetpack_shortlink":"https:\/\/wp.me\/pe6lTn-eus","_links":{"self":[{"href":"https:\/\/www.visit-ulcinj.com\/blog\/wp-json\/wp\/v2\/posts\/55704"}],"collection":[{"href":"https:\/\/www.visit-ulcinj.com\/blog\/wp-json\/wp\/v2\/posts"}],"about":[{"href":"https:\/\/www.visit-ulcinj.com\/blog\/wp-json\/wp\/v2\/types\/post"}],"author":[{"embeddable":true,"href":"https:\/\/www.visit-ulcinj.com\/blog\/wp-json\/wp\/v2\/users\/1"}],"replies":[{"embeddable":true,"href":"https:\/\/www.visit-ulcinj.com\/blog\/wp-json\/wp\/v2\/comments?post=55704"}],"version-history":[{"count":5,"href":"https:\/\/www.visit-ulcinj.com\/blog\/wp-json\/wp\/v2\/posts\/55704\/revisions"}],"predecessor-version":[{"id":55710,"href":"https:\/\/www.visit-ulcinj.com\/blog\/wp-json\/wp\/v2\/posts\/55704\/revisions\/55710"}],"wp:attachment":[{"href":"https:\/\/www.visit-ulcinj.com\/blog\/wp-json\/wp\/v2\/media?parent=55704"}],"wp:term":[{"taxonomy":"category","embeddable":true,"href":"https:\/\/www.visit-ulcinj.com\/blog\/wp-json\/wp\/v2\/categories?post=55704"},{"taxonomy":"post_tag","embeddable":true,"href":"https:\/\/www.visit-ulcinj.com\/blog\/wp-json\/wp\/v2\/tags?post=55704"}],"curies":[{"name":"wp","href":"https:\/\/api.w.org\/{rel}","templated":true}]}}