{"id":55715,"date":"2012-01-08T21:19:02","date_gmt":"2012-01-08T20:19:02","guid":{"rendered":"http:\/\/www.visit-ulcinj.com\/blog\/?p=55715"},"modified":"2012-01-08T21:19:02","modified_gmt":"2012-01-08T20:19:02","slug":"vukovic-ko-hoce-neka-govori-albanski","status":"publish","type":"post","link":"https:\/\/www.visit-ulcinj.com\/blog\/2012\/01\/08\/vukovic-ko-hoce-neka-govori-albanski\/","title":{"rendered":"Vukovic: Ko ho\u0107e, neka govori albanski"},"content":{"rendered":"<p><a href=\"http:\/\/www.visit-ulcinj.com\/blog\/wp-content\/uploads\/2012\/01\/Misko-Vukovic.jpg\"><img loading=\"lazy\" class=\"alignleft  wp-image-55716\" title=\"Misko Vukovic\" src=\"http:\/\/www.visit-ulcinj.com\/blog\/wp-content\/uploads\/2012\/01\/Misko-Vukovic.jpg\" alt=\"\" width=\"508\" height=\"316\" \/><\/a>Poslanik Demokratske partije socijalista Mi\u0161ko Vukovi\u0107 smatra da predstavnicima albanskog naroda u crnogorskom parlamentu treba omogu\u0107iti da govore na svom jeziku. On je istakao da je to pitanje demokratije i institucija, a ne dozvole i volje onoga ko odlu\u010duje.<br \/>\n\u0160ef kluba poslanika albanskih partija Mehmet Bardhi nedavno je poru\u010dio da \u0107e zahtijevati da se predstavnicima Albanaca omogu\u0107i upotreba albanskog jezika i pisma u okviru rada Skup\u0161tine, ali i Vlade.<br \/>\nVukovi\u0107 je u izjavi za \u201eDan\u201d kazao da prevodi na jezike koji nijesu iz jednog jezi\u010dkog korijena, kao \u0161to je albanski, imaju pravo da u crnogorskim dr\u017eavnim institucijama budu zastupljeni kao i ostali jezici.<br \/>\n\u2013 Svim kolegama albanske nacionalnosti treba da se omogu\u0107i da govore na svom jeziku \u2013 naveo je Vukovi\u0107.<br \/>\nOn je dodao da je problem u tome \u0161to Skup\u0161tina trenutno nema uslove u kojima se mo\u017ee ostvariti ovo pravo.<br \/>\n\u2013 Parlament je dosta ograni\u010denih materijalnih i prostornih mogu\u0107nosti. Neophodno je da se dobiju uslovi koji \u0107e ga na\u010diniti institucijom u kojoj se crnogorska razli\u010ditost u dr\u017eavnom i politi\u010dkom smislu mo\u017ee iskazati \u2013 zaklju\u010dio je Vukovi\u0107.<\/p>\n<p><a href=\"http:\/\/www.dan.co.me\/?nivo=3&amp;rubrika=Politika&amp;clanak=314555&amp;datum=2012-01-08\" target=\"_blank\"><strong>Bo.M.<\/strong><br \/>\n<strong> Izvor: DAN<\/strong><\/a><\/p>\n","protected":false},"excerpt":{"rendered":"<p>Poslanik Demokratske partije socijalista Mi\u0161ko Vukovi\u0107 smatra da predstavnicima albanskog naroda u crnogorskom parlamentu treba omogu\u0107iti da govore na svom jeziku. On je istakao da je to pitanje demokratije i institucija, a ne dozvole i volje onoga ko odlu\u010duje. \u0160ef kluba poslanika albanskih partija Mehmet Bardhi nedavno je poru\u010dio da \u0107e zahtijevati da se predstavnicima [&hellip;]<\/p>\n","protected":false},"author":1,"featured_media":0,"comment_status":"open","ping_status":"closed","sticky":false,"template":"","format":"standard","meta":{"spay_email":"","jetpack_publicize_message":"","jetpack_is_tweetstorm":false,"jetpack_publicize_feature_enabled":true},"categories":[8337],"tags":[19818,19817,4196],"jetpack_publicize_connections":[],"yoast_head":"<!-- This site is optimized with the Yoast SEO plugin v19.1 - https:\/\/yoast.com\/wordpress\/plugins\/seo\/ -->\n<title>Vukovic: Ko ho\u0107e, neka govori albanski - Lajme nga Ulqini<\/title>\n<meta name=\"description\" content=\"Poslanik Demokratske partije socijalista Mi\u0161ko Vukovi\u0107 smatra da predstavnicima albanskog naroda u crnogorskom parlamentu treba omogu\u0107iti da govore na\" \/>\n<meta name=\"robots\" content=\"index, follow, max-snippet:-1, max-image-preview:large, max-video-preview:-1\" \/>\n<link rel=\"canonical\" href=\"https:\/\/www.visit-ulcinj.com\/blog\/2012\/01\/08\/vukovic-ko-hoce-neka-govori-albanski\/\" \/>\n<meta property=\"og:locale\" content=\"en_US\" \/>\n<meta property=\"og:type\" content=\"article\" \/>\n<meta property=\"og:title\" content=\"Vukovic: Ko ho\u0107e, neka govori albanski - Lajme nga Ulqini\" \/>\n<meta property=\"og:description\" content=\"Poslanik Demokratske partije socijalista Mi\u0161ko Vukovi\u0107 smatra da predstavnicima albanskog naroda u crnogorskom parlamentu treba omogu\u0107iti da govore na\" \/>\n<meta property=\"og:url\" content=\"https:\/\/www.visit-ulcinj.com\/blog\/2012\/01\/08\/vukovic-ko-hoce-neka-govori-albanski\/\" \/>\n<meta property=\"og:site_name\" content=\"Lajme nga Ulqini\" \/>\n<meta property=\"article:published_time\" content=\"2012-01-08T20:19:02+00:00\" \/>\n<meta property=\"og:image\" content=\"http:\/\/www.visit-ulcinj.com\/blog\/wp-content\/uploads\/2012\/01\/Misko-Vukovic.jpg\" \/>\n<meta name=\"twitter:label1\" content=\"Written by\" \/>\n\t<meta name=\"twitter:data1\" content=\"ulqini\" \/>\n\t<meta name=\"twitter:label2\" content=\"Est. reading time\" \/>\n\t<meta name=\"twitter:data2\" content=\"1 minute\" \/>\n<script type=\"application\/ld+json\" class=\"yoast-schema-graph\">{\"@context\":\"https:\/\/schema.org\",\"@graph\":[{\"@type\":\"WebSite\",\"@id\":\"https:\/\/www.visit-ulcinj.com\/blog\/#website\",\"url\":\"https:\/\/www.visit-ulcinj.com\/blog\/\",\"name\":\"Lajme nga Ulqini\",\"description\":\"Lajme,Vijesti,Ulqini,Ulqin,Crna Gora,Mali i Zi\",\"potentialAction\":[{\"@type\":\"SearchAction\",\"target\":{\"@type\":\"EntryPoint\",\"urlTemplate\":\"https:\/\/www.visit-ulcinj.com\/blog\/?s={search_term_string}\"},\"query-input\":\"required name=search_term_string\"}],\"inLanguage\":\"en-US\"},{\"@type\":\"ImageObject\",\"inLanguage\":\"en-US\",\"@id\":\"https:\/\/www.visit-ulcinj.com\/blog\/2012\/01\/08\/vukovic-ko-hoce-neka-govori-albanski\/#primaryimage\",\"url\":\"https:\/\/www.visit-ulcinj.com\/blog\/wp-content\/uploads\/2012\/01\/Misko-Vukovic.jpg\",\"contentUrl\":\"https:\/\/www.visit-ulcinj.com\/blog\/wp-content\/uploads\/2012\/01\/Misko-Vukovic.jpg\",\"width\":\"519\",\"height\":\"316\"},{\"@type\":\"WebPage\",\"@id\":\"https:\/\/www.visit-ulcinj.com\/blog\/2012\/01\/08\/vukovic-ko-hoce-neka-govori-albanski\/#webpage\",\"url\":\"https:\/\/www.visit-ulcinj.com\/blog\/2012\/01\/08\/vukovic-ko-hoce-neka-govori-albanski\/\",\"name\":\"Vukovic: Ko ho\u0107e, neka govori albanski - Lajme nga Ulqini\",\"isPartOf\":{\"@id\":\"https:\/\/www.visit-ulcinj.com\/blog\/#website\"},\"primaryImageOfPage\":{\"@id\":\"https:\/\/www.visit-ulcinj.com\/blog\/2012\/01\/08\/vukovic-ko-hoce-neka-govori-albanski\/#primaryimage\"},\"datePublished\":\"2012-01-08T20:19:02+00:00\",\"dateModified\":\"2012-01-08T20:19:02+00:00\",\"author\":{\"@id\":\"https:\/\/www.visit-ulcinj.com\/blog\/#\/schema\/person\/dcab619c614d3038751c63bc2aadc06d\"},\"description\":\"Poslanik Demokratske partije socijalista Mi\u0161ko Vukovi\u0107 smatra da predstavnicima albanskog naroda u crnogorskom parlamentu treba omogu\u0107iti da govore na\",\"breadcrumb\":{\"@id\":\"https:\/\/www.visit-ulcinj.com\/blog\/2012\/01\/08\/vukovic-ko-hoce-neka-govori-albanski\/#breadcrumb\"},\"inLanguage\":\"en-US\",\"potentialAction\":[{\"@type\":\"ReadAction\",\"target\":[\"https:\/\/www.visit-ulcinj.com\/blog\/2012\/01\/08\/vukovic-ko-hoce-neka-govori-albanski\/\"]}]},{\"@type\":\"BreadcrumbList\",\"@id\":\"https:\/\/www.visit-ulcinj.com\/blog\/2012\/01\/08\/vukovic-ko-hoce-neka-govori-albanski\/#breadcrumb\",\"itemListElement\":[{\"@type\":\"ListItem\",\"position\":1,\"name\":\"Vukovic: Ko ho\u0107e, neka govori albanski\"}]},{\"@type\":\"Person\",\"@id\":\"https:\/\/www.visit-ulcinj.com\/blog\/#\/schema\/person\/dcab619c614d3038751c63bc2aadc06d\",\"name\":\"ulqini\",\"sameAs\":[\"http:\/\/www.visit-ulcinj.com\"],\"url\":\"https:\/\/www.visit-ulcinj.com\/blog\/author\/admin\/\"}]}<\/script>\n<!-- \/ Yoast SEO plugin. -->","yoast_head_json":{"title":"Vukovic: Ko ho\u0107e, neka govori albanski - Lajme nga Ulqini","description":"Poslanik Demokratske partije socijalista Mi\u0161ko Vukovi\u0107 smatra da predstavnicima albanskog naroda u crnogorskom parlamentu treba omogu\u0107iti da govore na","robots":{"index":"index","follow":"follow","max-snippet":"max-snippet:-1","max-image-preview":"max-image-preview:large","max-video-preview":"max-video-preview:-1"},"canonical":"https:\/\/www.visit-ulcinj.com\/blog\/2012\/01\/08\/vukovic-ko-hoce-neka-govori-albanski\/","og_locale":"en_US","og_type":"article","og_title":"Vukovic: Ko ho\u0107e, neka govori albanski - Lajme nga Ulqini","og_description":"Poslanik Demokratske partije socijalista Mi\u0161ko Vukovi\u0107 smatra da predstavnicima albanskog naroda u crnogorskom parlamentu treba omogu\u0107iti da govore na","og_url":"https:\/\/www.visit-ulcinj.com\/blog\/2012\/01\/08\/vukovic-ko-hoce-neka-govori-albanski\/","og_site_name":"Lajme nga Ulqini","article_published_time":"2012-01-08T20:19:02+00:00","og_image":[{"url":"http:\/\/www.visit-ulcinj.com\/blog\/wp-content\/uploads\/2012\/01\/Misko-Vukovic.jpg"}],"twitter_misc":{"Written by":"ulqini","Est. reading time":"1 minute"},"schema":{"@context":"https:\/\/schema.org","@graph":[{"@type":"WebSite","@id":"https:\/\/www.visit-ulcinj.com\/blog\/#website","url":"https:\/\/www.visit-ulcinj.com\/blog\/","name":"Lajme nga Ulqini","description":"Lajme,Vijesti,Ulqini,Ulqin,Crna Gora,Mali i Zi","potentialAction":[{"@type":"SearchAction","target":{"@type":"EntryPoint","urlTemplate":"https:\/\/www.visit-ulcinj.com\/blog\/?s={search_term_string}"},"query-input":"required name=search_term_string"}],"inLanguage":"en-US"},{"@type":"ImageObject","inLanguage":"en-US","@id":"https:\/\/www.visit-ulcinj.com\/blog\/2012\/01\/08\/vukovic-ko-hoce-neka-govori-albanski\/#primaryimage","url":"https:\/\/www.visit-ulcinj.com\/blog\/wp-content\/uploads\/2012\/01\/Misko-Vukovic.jpg","contentUrl":"https:\/\/www.visit-ulcinj.com\/blog\/wp-content\/uploads\/2012\/01\/Misko-Vukovic.jpg","width":"519","height":"316"},{"@type":"WebPage","@id":"https:\/\/www.visit-ulcinj.com\/blog\/2012\/01\/08\/vukovic-ko-hoce-neka-govori-albanski\/#webpage","url":"https:\/\/www.visit-ulcinj.com\/blog\/2012\/01\/08\/vukovic-ko-hoce-neka-govori-albanski\/","name":"Vukovic: Ko ho\u0107e, neka govori albanski - Lajme nga Ulqini","isPartOf":{"@id":"https:\/\/www.visit-ulcinj.com\/blog\/#website"},"primaryImageOfPage":{"@id":"https:\/\/www.visit-ulcinj.com\/blog\/2012\/01\/08\/vukovic-ko-hoce-neka-govori-albanski\/#primaryimage"},"datePublished":"2012-01-08T20:19:02+00:00","dateModified":"2012-01-08T20:19:02+00:00","author":{"@id":"https:\/\/www.visit-ulcinj.com\/blog\/#\/schema\/person\/dcab619c614d3038751c63bc2aadc06d"},"description":"Poslanik Demokratske partije socijalista Mi\u0161ko Vukovi\u0107 smatra da predstavnicima albanskog naroda u crnogorskom parlamentu treba omogu\u0107iti da govore na","breadcrumb":{"@id":"https:\/\/www.visit-ulcinj.com\/blog\/2012\/01\/08\/vukovic-ko-hoce-neka-govori-albanski\/#breadcrumb"},"inLanguage":"en-US","potentialAction":[{"@type":"ReadAction","target":["https:\/\/www.visit-ulcinj.com\/blog\/2012\/01\/08\/vukovic-ko-hoce-neka-govori-albanski\/"]}]},{"@type":"BreadcrumbList","@id":"https:\/\/www.visit-ulcinj.com\/blog\/2012\/01\/08\/vukovic-ko-hoce-neka-govori-albanski\/#breadcrumb","itemListElement":[{"@type":"ListItem","position":1,"name":"Vukovic: Ko ho\u0107e, neka govori albanski"}]},{"@type":"Person","@id":"https:\/\/www.visit-ulcinj.com\/blog\/#\/schema\/person\/dcab619c614d3038751c63bc2aadc06d","name":"ulqini","sameAs":["http:\/\/www.visit-ulcinj.com"],"url":"https:\/\/www.visit-ulcinj.com\/blog\/author\/admin\/"}]}},"jetpack_featured_media_url":"","jetpack_sharing_enabled":true,"jetpack_shortlink":"https:\/\/wp.me\/pe6lTn-euD","_links":{"self":[{"href":"https:\/\/www.visit-ulcinj.com\/blog\/wp-json\/wp\/v2\/posts\/55715"}],"collection":[{"href":"https:\/\/www.visit-ulcinj.com\/blog\/wp-json\/wp\/v2\/posts"}],"about":[{"href":"https:\/\/www.visit-ulcinj.com\/blog\/wp-json\/wp\/v2\/types\/post"}],"author":[{"embeddable":true,"href":"https:\/\/www.visit-ulcinj.com\/blog\/wp-json\/wp\/v2\/users\/1"}],"replies":[{"embeddable":true,"href":"https:\/\/www.visit-ulcinj.com\/blog\/wp-json\/wp\/v2\/comments?post=55715"}],"version-history":[{"count":1,"href":"https:\/\/www.visit-ulcinj.com\/blog\/wp-json\/wp\/v2\/posts\/55715\/revisions"}],"predecessor-version":[{"id":55717,"href":"https:\/\/www.visit-ulcinj.com\/blog\/wp-json\/wp\/v2\/posts\/55715\/revisions\/55717"}],"wp:attachment":[{"href":"https:\/\/www.visit-ulcinj.com\/blog\/wp-json\/wp\/v2\/media?parent=55715"}],"wp:term":[{"taxonomy":"category","embeddable":true,"href":"https:\/\/www.visit-ulcinj.com\/blog\/wp-json\/wp\/v2\/categories?post=55715"},{"taxonomy":"post_tag","embeddable":true,"href":"https:\/\/www.visit-ulcinj.com\/blog\/wp-json\/wp\/v2\/tags?post=55715"}],"curies":[{"name":"wp","href":"https:\/\/api.w.org\/{rel}","templated":true}]}}