{"id":55723,"date":"2012-01-08T21:46:33","date_gmt":"2012-01-08T20:46:33","guid":{"rendered":"http:\/\/www.visit-ulcinj.com\/blog\/?p=55723"},"modified":"2012-01-08T21:46:33","modified_gmt":"2012-01-08T20:46:33","slug":"ronela-dhe-visari-behen-perseri-bashke","status":"publish","type":"post","link":"https:\/\/www.visit-ulcinj.com\/blog\/2012\/01\/08\/ronela-dhe-visari-behen-perseri-bashke\/","title":{"rendered":"Ronela dhe Visari b\u00ebhen p\u00ebrs\u00ebri bashk\u00eb"},"content":{"rendered":"<p><strong><a href=\"http:\/\/www.visit-ulcinj.com\/blog\/?attachment_id=55724\" rel=\"attachment wp-att-55724\"><img loading=\"lazy\" class=\"alignleft  wp-image-55724\" title=\"Ronela dhe Visari\" src=\"http:\/\/www.visit-ulcinj.com\/blog\/wp-content\/uploads\/2012\/01\/Ronela-dhe-Visari.jpg\" alt=\"\" width=\"350\" height=\"450\" \/><\/a>Jan\u00eb b\u00ebr\u00eb p\u00ebrs\u00ebri bashk\u00eb dy k\u00ebng\u00ebtar\u00ebt, p\u00ebr t\u00eb cil\u00ebt u p\u00ebrfol shum\u00eb se mund t\u00eb ket\u00eb nj\u00eb lidhje dashurie mes tyre. Ronela Hajati ka udh\u00ebtuar drejt Prishtin\u00ebs p\u00ebr t\u00eb qen\u00eb pjes\u00eb e xhirimeve televizive pik\u00ebrisht me k\u00ebng\u00ebn e fundit, \u2018\u2019Nel\u00ebs\u2019\u2019, n\u00eb duet me Visarin e grupit Skillz.<\/strong><\/p>\n<p>Duke respektuar kodin e veshjes n\u00eb nj\u00eb program n\u00eb Kosov\u00eb, q\u00eb t\u00eb dy u shfaq\u00ebn t\u00eb veshur n\u00eb kombinim ngjyrash kuq e bardh\u00eb, duke b\u00ebr\u00eb nj\u00eb performanc\u00eb t\u00eb jasht\u00ebzakonshme e duke l\u00ebn\u00eb goj\u00ebhapur t\u00eb gjith\u00eb koleg\u00ebt e pranish\u00ebm n\u00eb at\u00eb emision.<\/p>\n<p>Fjal\u00ebt p\u00ebr lidhjen e tyre dol\u00ebn pas performanc\u00ebs n\u00eb \u201cK\u00ebnga Magjike\u201d, kur Ronela gjat\u00eb k\u00ebrcimit reagoi me gjeste intimiteti ndaj Visarit, por m\u00eb von\u00eb kjo lidhje u p\u00ebrg\u00ebnjeshtrua nga t\u00eb dy k\u00ebng\u00ebtar\u00ebt, duke th\u00ebn\u00eb se ata jan\u00eb vet\u00ebm miq dhe asgj\u00eb m\u00eb shum\u00eb.<\/p>\n<p>Ndryshe nga Visari, i cili \u00ebsht\u00eb shum\u00eb i njohur n\u00eb Kosov\u00eb, Ronela tani ka filluar t\u00eb njihet n\u00eb Kosov\u00eb, pasi \u00ebsht\u00eb e vetmja k\u00ebng\u00ebtare nga muzika shqiptare q\u00eb deri m\u00eb tani nuk ka realizuar asnj\u00eb videoklip, por \u00ebsht\u00eb b\u00ebr\u00eb shum\u00eb e njohur fal\u00eb fizikut dhe vokalit t\u00eb saj.<\/p>\n<p><strong>Panorama Plus<br \/>\n<!--YouTube Error: bad URL entered--><br \/>\n<\/strong><\/p>\n<p>&nbsp;<\/p>\n","protected":false},"excerpt":{"rendered":"<p>Jan\u00eb b\u00ebr\u00eb p\u00ebrs\u00ebri bashk\u00eb dy k\u00ebng\u00ebtar\u00ebt, p\u00ebr t\u00eb cil\u00ebt u p\u00ebrfol shum\u00eb se mund t\u00eb ket\u00eb nj\u00eb lidhje dashurie mes tyre. Ronela Hajati ka udh\u00ebtuar drejt Prishtin\u00ebs p\u00ebr t\u00eb qen\u00eb pjes\u00eb e xhirimeve televizive pik\u00ebrisht me k\u00ebng\u00ebn e fundit, \u2018\u2019Nel\u00ebs\u2019\u2019, n\u00eb duet me Visarin e grupit Skillz. Duke respektuar kodin e veshjes n\u00eb nj\u00eb program [&hellip;]<\/p>\n","protected":false},"author":1,"featured_media":0,"comment_status":"open","ping_status":"closed","sticky":false,"template":"","format":"standard","meta":{"spay_email":"","jetpack_publicize_message":"","jetpack_is_tweetstorm":false,"jetpack_publicize_feature_enabled":true},"categories":[1],"tags":[19677,19806,19514,19511,19819,19820,19513,4684,19460],"jetpack_publicize_connections":[],"yoast_head":"<!-- This site is optimized with the Yoast SEO plugin v19.1 - https:\/\/yoast.com\/wordpress\/plugins\/seo\/ -->\n<title>Ronela dhe Visari b\u00ebhen p\u00ebrs\u00ebri bashk\u00eb - Lajme nga Ulqini<\/title>\n<meta name=\"description\" content=\"Jan\u00eb b\u00ebr\u00eb p\u00ebrs\u00ebri bashk\u00eb dy k\u00ebng\u00ebtar\u00ebt, p\u00ebr t\u00eb cil\u00ebt u p\u00ebrfol shum\u00eb se mund t\u00eb ket\u00eb nj\u00eb lidhje dashurie mes tyre. Ronela Hajati ka udh\u00ebtuar drejt\" \/>\n<meta name=\"robots\" content=\"index, follow, max-snippet:-1, max-image-preview:large, max-video-preview:-1\" \/>\n<link rel=\"canonical\" href=\"https:\/\/www.visit-ulcinj.com\/blog\/2012\/01\/08\/ronela-dhe-visari-behen-perseri-bashke\/\" \/>\n<meta property=\"og:locale\" content=\"en_US\" \/>\n<meta property=\"og:type\" content=\"article\" \/>\n<meta property=\"og:title\" content=\"Ronela dhe Visari b\u00ebhen p\u00ebrs\u00ebri bashk\u00eb - Lajme nga Ulqini\" \/>\n<meta property=\"og:description\" content=\"Jan\u00eb b\u00ebr\u00eb p\u00ebrs\u00ebri bashk\u00eb dy k\u00ebng\u00ebtar\u00ebt, p\u00ebr t\u00eb cil\u00ebt u p\u00ebrfol shum\u00eb se mund t\u00eb ket\u00eb nj\u00eb lidhje dashurie mes tyre. Ronela Hajati ka udh\u00ebtuar drejt\" \/>\n<meta property=\"og:url\" content=\"https:\/\/www.visit-ulcinj.com\/blog\/2012\/01\/08\/ronela-dhe-visari-behen-perseri-bashke\/\" \/>\n<meta property=\"og:site_name\" content=\"Lajme nga Ulqini\" \/>\n<meta property=\"article:published_time\" content=\"2012-01-08T20:46:33+00:00\" \/>\n<meta property=\"og:image\" content=\"http:\/\/www.visit-ulcinj.com\/blog\/wp-content\/uploads\/2012\/01\/Ronela-dhe-Visari.jpg\" \/>\n<meta name=\"twitter:label1\" content=\"Written by\" \/>\n\t<meta name=\"twitter:data1\" content=\"ulqini\" \/>\n\t<meta name=\"twitter:label2\" content=\"Est. reading time\" \/>\n\t<meta name=\"twitter:data2\" content=\"1 minute\" \/>\n<script type=\"application\/ld+json\" class=\"yoast-schema-graph\">{\"@context\":\"https:\/\/schema.org\",\"@graph\":[{\"@type\":\"WebSite\",\"@id\":\"https:\/\/www.visit-ulcinj.com\/blog\/#website\",\"url\":\"https:\/\/www.visit-ulcinj.com\/blog\/\",\"name\":\"Lajme nga Ulqini\",\"description\":\"Lajme,Vijesti,Ulqini,Ulqin,Crna Gora,Mali i Zi\",\"potentialAction\":[{\"@type\":\"SearchAction\",\"target\":{\"@type\":\"EntryPoint\",\"urlTemplate\":\"https:\/\/www.visit-ulcinj.com\/blog\/?s={search_term_string}\"},\"query-input\":\"required name=search_term_string\"}],\"inLanguage\":\"en-US\"},{\"@type\":\"ImageObject\",\"inLanguage\":\"en-US\",\"@id\":\"https:\/\/www.visit-ulcinj.com\/blog\/2012\/01\/08\/ronela-dhe-visari-behen-perseri-bashke\/#primaryimage\",\"url\":\"http:\/\/www.visit-ulcinj.com\/blog\/wp-content\/uploads\/2012\/01\/Ronela-dhe-Visari.jpg\",\"contentUrl\":\"http:\/\/www.visit-ulcinj.com\/blog\/wp-content\/uploads\/2012\/01\/Ronela-dhe-Visari.jpg\"},{\"@type\":\"WebPage\",\"@id\":\"https:\/\/www.visit-ulcinj.com\/blog\/2012\/01\/08\/ronela-dhe-visari-behen-perseri-bashke\/#webpage\",\"url\":\"https:\/\/www.visit-ulcinj.com\/blog\/2012\/01\/08\/ronela-dhe-visari-behen-perseri-bashke\/\",\"name\":\"Ronela dhe Visari b\u00ebhen p\u00ebrs\u00ebri bashk\u00eb - Lajme nga Ulqini\",\"isPartOf\":{\"@id\":\"https:\/\/www.visit-ulcinj.com\/blog\/#website\"},\"primaryImageOfPage\":{\"@id\":\"https:\/\/www.visit-ulcinj.com\/blog\/2012\/01\/08\/ronela-dhe-visari-behen-perseri-bashke\/#primaryimage\"},\"datePublished\":\"2012-01-08T20:46:33+00:00\",\"dateModified\":\"2012-01-08T20:46:33+00:00\",\"author\":{\"@id\":\"https:\/\/www.visit-ulcinj.com\/blog\/#\/schema\/person\/dcab619c614d3038751c63bc2aadc06d\"},\"description\":\"Jan\u00eb b\u00ebr\u00eb p\u00ebrs\u00ebri bashk\u00eb dy k\u00ebng\u00ebtar\u00ebt, p\u00ebr t\u00eb cil\u00ebt u p\u00ebrfol shum\u00eb se mund t\u00eb ket\u00eb nj\u00eb lidhje dashurie mes tyre. Ronela Hajati ka udh\u00ebtuar drejt\",\"breadcrumb\":{\"@id\":\"https:\/\/www.visit-ulcinj.com\/blog\/2012\/01\/08\/ronela-dhe-visari-behen-perseri-bashke\/#breadcrumb\"},\"inLanguage\":\"en-US\",\"potentialAction\":[{\"@type\":\"ReadAction\",\"target\":[\"https:\/\/www.visit-ulcinj.com\/blog\/2012\/01\/08\/ronela-dhe-visari-behen-perseri-bashke\/\"]}]},{\"@type\":\"BreadcrumbList\",\"@id\":\"https:\/\/www.visit-ulcinj.com\/blog\/2012\/01\/08\/ronela-dhe-visari-behen-perseri-bashke\/#breadcrumb\",\"itemListElement\":[{\"@type\":\"ListItem\",\"position\":1,\"name\":\"Ronela dhe Visari b\u00ebhen p\u00ebrs\u00ebri bashk\u00eb\"}]},{\"@type\":\"Person\",\"@id\":\"https:\/\/www.visit-ulcinj.com\/blog\/#\/schema\/person\/dcab619c614d3038751c63bc2aadc06d\",\"name\":\"ulqini\",\"sameAs\":[\"http:\/\/www.visit-ulcinj.com\"],\"url\":\"https:\/\/www.visit-ulcinj.com\/blog\/author\/admin\/\"}]}<\/script>\n<!-- \/ Yoast SEO plugin. -->","yoast_head_json":{"title":"Ronela dhe Visari b\u00ebhen p\u00ebrs\u00ebri bashk\u00eb - Lajme nga Ulqini","description":"Jan\u00eb b\u00ebr\u00eb p\u00ebrs\u00ebri bashk\u00eb dy k\u00ebng\u00ebtar\u00ebt, p\u00ebr t\u00eb cil\u00ebt u p\u00ebrfol shum\u00eb se mund t\u00eb ket\u00eb nj\u00eb lidhje dashurie mes tyre. Ronela Hajati ka udh\u00ebtuar drejt","robots":{"index":"index","follow":"follow","max-snippet":"max-snippet:-1","max-image-preview":"max-image-preview:large","max-video-preview":"max-video-preview:-1"},"canonical":"https:\/\/www.visit-ulcinj.com\/blog\/2012\/01\/08\/ronela-dhe-visari-behen-perseri-bashke\/","og_locale":"en_US","og_type":"article","og_title":"Ronela dhe Visari b\u00ebhen p\u00ebrs\u00ebri bashk\u00eb - Lajme nga Ulqini","og_description":"Jan\u00eb b\u00ebr\u00eb p\u00ebrs\u00ebri bashk\u00eb dy k\u00ebng\u00ebtar\u00ebt, p\u00ebr t\u00eb cil\u00ebt u p\u00ebrfol shum\u00eb se mund t\u00eb ket\u00eb nj\u00eb lidhje dashurie mes tyre. Ronela Hajati ka udh\u00ebtuar drejt","og_url":"https:\/\/www.visit-ulcinj.com\/blog\/2012\/01\/08\/ronela-dhe-visari-behen-perseri-bashke\/","og_site_name":"Lajme nga Ulqini","article_published_time":"2012-01-08T20:46:33+00:00","og_image":[{"url":"http:\/\/www.visit-ulcinj.com\/blog\/wp-content\/uploads\/2012\/01\/Ronela-dhe-Visari.jpg"}],"twitter_misc":{"Written by":"ulqini","Est. reading time":"1 minute"},"schema":{"@context":"https:\/\/schema.org","@graph":[{"@type":"WebSite","@id":"https:\/\/www.visit-ulcinj.com\/blog\/#website","url":"https:\/\/www.visit-ulcinj.com\/blog\/","name":"Lajme nga Ulqini","description":"Lajme,Vijesti,Ulqini,Ulqin,Crna Gora,Mali i Zi","potentialAction":[{"@type":"SearchAction","target":{"@type":"EntryPoint","urlTemplate":"https:\/\/www.visit-ulcinj.com\/blog\/?s={search_term_string}"},"query-input":"required name=search_term_string"}],"inLanguage":"en-US"},{"@type":"ImageObject","inLanguage":"en-US","@id":"https:\/\/www.visit-ulcinj.com\/blog\/2012\/01\/08\/ronela-dhe-visari-behen-perseri-bashke\/#primaryimage","url":"http:\/\/www.visit-ulcinj.com\/blog\/wp-content\/uploads\/2012\/01\/Ronela-dhe-Visari.jpg","contentUrl":"http:\/\/www.visit-ulcinj.com\/blog\/wp-content\/uploads\/2012\/01\/Ronela-dhe-Visari.jpg"},{"@type":"WebPage","@id":"https:\/\/www.visit-ulcinj.com\/blog\/2012\/01\/08\/ronela-dhe-visari-behen-perseri-bashke\/#webpage","url":"https:\/\/www.visit-ulcinj.com\/blog\/2012\/01\/08\/ronela-dhe-visari-behen-perseri-bashke\/","name":"Ronela dhe Visari b\u00ebhen p\u00ebrs\u00ebri bashk\u00eb - Lajme nga Ulqini","isPartOf":{"@id":"https:\/\/www.visit-ulcinj.com\/blog\/#website"},"primaryImageOfPage":{"@id":"https:\/\/www.visit-ulcinj.com\/blog\/2012\/01\/08\/ronela-dhe-visari-behen-perseri-bashke\/#primaryimage"},"datePublished":"2012-01-08T20:46:33+00:00","dateModified":"2012-01-08T20:46:33+00:00","author":{"@id":"https:\/\/www.visit-ulcinj.com\/blog\/#\/schema\/person\/dcab619c614d3038751c63bc2aadc06d"},"description":"Jan\u00eb b\u00ebr\u00eb p\u00ebrs\u00ebri bashk\u00eb dy k\u00ebng\u00ebtar\u00ebt, p\u00ebr t\u00eb cil\u00ebt u p\u00ebrfol shum\u00eb se mund t\u00eb ket\u00eb nj\u00eb lidhje dashurie mes tyre. Ronela Hajati ka udh\u00ebtuar drejt","breadcrumb":{"@id":"https:\/\/www.visit-ulcinj.com\/blog\/2012\/01\/08\/ronela-dhe-visari-behen-perseri-bashke\/#breadcrumb"},"inLanguage":"en-US","potentialAction":[{"@type":"ReadAction","target":["https:\/\/www.visit-ulcinj.com\/blog\/2012\/01\/08\/ronela-dhe-visari-behen-perseri-bashke\/"]}]},{"@type":"BreadcrumbList","@id":"https:\/\/www.visit-ulcinj.com\/blog\/2012\/01\/08\/ronela-dhe-visari-behen-perseri-bashke\/#breadcrumb","itemListElement":[{"@type":"ListItem","position":1,"name":"Ronela dhe Visari b\u00ebhen p\u00ebrs\u00ebri bashk\u00eb"}]},{"@type":"Person","@id":"https:\/\/www.visit-ulcinj.com\/blog\/#\/schema\/person\/dcab619c614d3038751c63bc2aadc06d","name":"ulqini","sameAs":["http:\/\/www.visit-ulcinj.com"],"url":"https:\/\/www.visit-ulcinj.com\/blog\/author\/admin\/"}]}},"jetpack_featured_media_url":"","jetpack_sharing_enabled":true,"jetpack_shortlink":"https:\/\/wp.me\/pe6lTn-euL","_links":{"self":[{"href":"https:\/\/www.visit-ulcinj.com\/blog\/wp-json\/wp\/v2\/posts\/55723"}],"collection":[{"href":"https:\/\/www.visit-ulcinj.com\/blog\/wp-json\/wp\/v2\/posts"}],"about":[{"href":"https:\/\/www.visit-ulcinj.com\/blog\/wp-json\/wp\/v2\/types\/post"}],"author":[{"embeddable":true,"href":"https:\/\/www.visit-ulcinj.com\/blog\/wp-json\/wp\/v2\/users\/1"}],"replies":[{"embeddable":true,"href":"https:\/\/www.visit-ulcinj.com\/blog\/wp-json\/wp\/v2\/comments?post=55723"}],"version-history":[{"count":1,"href":"https:\/\/www.visit-ulcinj.com\/blog\/wp-json\/wp\/v2\/posts\/55723\/revisions"}],"predecessor-version":[{"id":55725,"href":"https:\/\/www.visit-ulcinj.com\/blog\/wp-json\/wp\/v2\/posts\/55723\/revisions\/55725"}],"wp:attachment":[{"href":"https:\/\/www.visit-ulcinj.com\/blog\/wp-json\/wp\/v2\/media?parent=55723"}],"wp:term":[{"taxonomy":"category","embeddable":true,"href":"https:\/\/www.visit-ulcinj.com\/blog\/wp-json\/wp\/v2\/categories?post=55723"},{"taxonomy":"post_tag","embeddable":true,"href":"https:\/\/www.visit-ulcinj.com\/blog\/wp-json\/wp\/v2\/tags?post=55723"}],"curies":[{"name":"wp","href":"https:\/\/api.w.org\/{rel}","templated":true}]}}