{"id":55742,"date":"2012-01-09T12:09:15","date_gmt":"2012-01-09T11:09:15","guid":{"rendered":"http:\/\/www.visit-ulcinj.com\/blog\/?p=55742"},"modified":"2012-01-09T15:39:06","modified_gmt":"2012-01-09T14:39:06","slug":"hana-cakuli-e-nisi-vitin-e-ri-me-shetitje-buze-detit-te-ulqinit","status":"publish","type":"post","link":"https:\/\/www.visit-ulcinj.com\/blog\/2012\/01\/09\/hana-cakuli-e-nisi-vitin-e-ri-me-shetitje-buze-detit-te-ulqinit\/","title":{"rendered":"Hana Cakuli e nisi Vitin e Ri me sh\u00ebtitje buz\u00eb detit t\u00eb Ulqinit"},"content":{"rendered":"<p><a href=\"http:\/\/www.visit-ulcinj.com\/blog\/?attachment_id=55743\" rel=\"attachment wp-att-55743\"><img loading=\"lazy\" class=\"alignleft  wp-image-55743\" title=\"Hana Cakuli e nisi Vitin e Ri me sh\u00ebtitje buz\u00eb detit te Ulqinit.1\" src=\"http:\/\/www.visit-ulcinj.com\/blog\/wp-content\/uploads\/2012\/01\/Hana-Cakuli-e-nisi-Vitin-e-Ri-me-sh\u00ebtitje-buz\u00eb-detit-te-Ulqinit.1.jpg\" alt=\"\" width=\"508\" height=\"380\" \/><\/a>Hana Cakuli ka zgjedhur t\u00eb sh\u00ebtis buz\u00eb detit n\u00eb dit\u00ebt e para t\u00eb vitit 2012, t\u00eb cilat jan\u00eb edhe dit\u00eb pushimi. Plazhi i vog\u00ebl i Ulqinit ka q\u00ebn\u00eb pjesa m\u00eb e vizituar nga qytetar\u00ebt, t\u00eb cil\u00ebt edhe pse t\u00eb lodhur nga festa e fundvitit kan\u00eb preferuar t\u00eb \u00e7lodhen buz\u00eb detit.K\u00ebte e b\u00ebri edhe Hana Cakuli.<br \/>\n<a href=\"http:\/\/www.visit-ulcinj.com\/blog\/?attachment_id=55744\" rel=\"attachment wp-att-55744\"><img loading=\"lazy\" class=\"alignleft  wp-image-55744\" title=\"Hana Cakuli e nisi Vitin e Ri me sh\u00ebtitje buz\u00eb detit te Ulqinit.2\" src=\"http:\/\/www.visit-ulcinj.com\/blog\/wp-content\/uploads\/2012\/01\/Hana-Cakuli-e-nisi-Vitin-e-Ri-me-sh\u00ebtitje-buz\u00eb-detit-te-Ulqinit.2.jpg\" alt=\"\" width=\"508\" height=\"300\" \/><\/a><br \/>\nDuke u shprehur se e \u201cKaluam shum\u00eb mir\u00eb fest\u00ebn, tani po kalojm\u00eb ca caste relaksi pran\u00eb detit\u201d.<\/p>\n<p>Ajo ka zgjedhur t\u00eb sh\u00ebtis buz\u00eb detit e dikush tjet\u00ebr t\u00eb luan me f\u00ebmij\u00eb, dikujt tjet\u00ebr i p\u00eblqen fotogafia,sikurse Hana ose thjesht asaj i p\u00eblqen t\u00eb meditoj\u00eb p\u00ebr vitin q\u00eb lam\u00eb pas dhe p\u00ebr at\u00eb q\u00eb erdhi, n\u00ebn zhurmat relaksuese t\u00eb dallg\u00ebve.<br \/>\n<a href=\"http:\/\/www.visit-ulcinj.com\/blog\/?attachment_id=55745\" rel=\"attachment wp-att-55745\"><img loading=\"lazy\" class=\"alignleft  wp-image-55745\" title=\"Hana Cakuli e nisi Vitin e Ri me sh\u00ebtitje buz\u00eb detit te Ulqinit\" src=\"http:\/\/www.visit-ulcinj.com\/blog\/wp-content\/uploads\/2012\/01\/Hana-Cakuli-e-nisi-Vitin-e-Ri-me-sh\u00ebtitje-buz\u00eb-detit-te-Ulqinit.jpg\" alt=\"\" width=\"508\" height=\"300\" \/><\/a><br \/>\nFatmir\u00ebsisht edhe koha ka q\u00ebn\u00eb shum\u00eb e p\u00ebrshtatshme p\u00ebr sh\u00ebtitje. Edhe pse temperaturat ishin t\u00eb ul\u00ebta, dielli dhe kthjellt\u00ebsia e qiellit e b\u00ebnin m\u00eb t\u00eb k\u00ebndshme sh\u00ebtitjen n\u00eb bregun e Rivier\u00ebs s\u00eb Ulqinit.<br \/>\n<strong><br \/>\nLajme nga Ulqini<\/strong><br \/>\n<!--YouTube Error: bad URL entered--><\/p>\n","protected":false},"excerpt":{"rendered":"<p>Hana Cakuli ka zgjedhur t\u00eb sh\u00ebtis buz\u00eb detit n\u00eb dit\u00ebt e para t\u00eb vitit 2012, t\u00eb cilat jan\u00eb edhe dit\u00eb pushimi. Plazhi i vog\u00ebl i Ulqinit ka q\u00ebn\u00eb pjesa m\u00eb e vizituar nga qytetar\u00ebt, t\u00eb cil\u00ebt edhe pse t\u00eb lodhur nga festa e fundvitit kan\u00eb preferuar t\u00eb \u00e7lodhen buz\u00eb detit.K\u00ebte e b\u00ebri edhe Hana Cakuli. [&hellip;]<\/p>\n","protected":false},"author":1,"featured_media":0,"comment_status":"open","ping_status":"closed","sticky":false,"template":"","format":"standard","meta":{"spay_email":"","jetpack_publicize_message":"","jetpack_is_tweetstorm":false,"jetpack_publicize_feature_enabled":true},"categories":[1],"tags":[5057,6506,19823,3901,4888,3201,9996,6693,200,18,19460],"jetpack_publicize_connections":[],"yoast_head":"<!-- This site is optimized with the Yoast SEO plugin v19.1 - https:\/\/yoast.com\/wordpress\/plugins\/seo\/ -->\n<title>Hana Cakuli e nisi Vitin e Ri me sh\u00ebtitje buz\u00eb detit t\u00eb Ulqinit - Lajme nga Ulqini<\/title>\n<meta name=\"description\" content=\"Hana Cakuli ka zgjedhur t\u00eb sh\u00ebtis buz\u00eb detit n\u00eb dit\u00ebt e para t\u00eb vitit 2012, t\u00eb cilat jan\u00eb edhe dit\u00eb pushimi. Plazhi i vog\u00ebl i Ulqinit ka q\u00ebn\u00eb pjesa m\u00eb e\" \/>\n<meta name=\"robots\" content=\"index, follow, max-snippet:-1, max-image-preview:large, max-video-preview:-1\" \/>\n<link rel=\"canonical\" href=\"https:\/\/www.visit-ulcinj.com\/blog\/2012\/01\/09\/hana-cakuli-e-nisi-vitin-e-ri-me-shetitje-buze-detit-te-ulqinit\/\" \/>\n<meta property=\"og:locale\" content=\"en_US\" \/>\n<meta property=\"og:type\" content=\"article\" \/>\n<meta property=\"og:title\" content=\"Hana Cakuli e nisi Vitin e Ri me sh\u00ebtitje buz\u00eb detit t\u00eb Ulqinit - Lajme nga Ulqini\" \/>\n<meta property=\"og:description\" content=\"Hana Cakuli ka zgjedhur t\u00eb sh\u00ebtis buz\u00eb detit n\u00eb dit\u00ebt e para t\u00eb vitit 2012, t\u00eb cilat jan\u00eb edhe dit\u00eb pushimi. Plazhi i vog\u00ebl i Ulqinit ka q\u00ebn\u00eb pjesa m\u00eb e\" \/>\n<meta property=\"og:url\" content=\"https:\/\/www.visit-ulcinj.com\/blog\/2012\/01\/09\/hana-cakuli-e-nisi-vitin-e-ri-me-shetitje-buze-detit-te-ulqinit\/\" \/>\n<meta property=\"og:site_name\" content=\"Lajme nga Ulqini\" \/>\n<meta property=\"article:published_time\" content=\"2012-01-09T11:09:15+00:00\" \/>\n<meta property=\"article:modified_time\" content=\"2012-01-09T14:39:06+00:00\" \/>\n<meta name=\"twitter:label1\" content=\"Written by\" \/>\n\t<meta name=\"twitter:data1\" content=\"ulqini\" \/>\n\t<meta name=\"twitter:label2\" content=\"Est. reading time\" \/>\n\t<meta name=\"twitter:data2\" content=\"1 minute\" \/>\n<script type=\"application\/ld+json\" class=\"yoast-schema-graph\">{\"@context\":\"https:\/\/schema.org\",\"@graph\":[{\"@type\":\"WebSite\",\"@id\":\"https:\/\/www.visit-ulcinj.com\/blog\/#website\",\"url\":\"https:\/\/www.visit-ulcinj.com\/blog\/\",\"name\":\"Lajme nga Ulqini\",\"description\":\"Lajme,Vijesti,Ulqini,Ulqin,Crna Gora,Mali i Zi\",\"potentialAction\":[{\"@type\":\"SearchAction\",\"target\":{\"@type\":\"EntryPoint\",\"urlTemplate\":\"https:\/\/www.visit-ulcinj.com\/blog\/?s={search_term_string}\"},\"query-input\":\"required name=search_term_string\"}],\"inLanguage\":\"en-US\"},{\"@type\":\"WebPage\",\"@id\":\"https:\/\/www.visit-ulcinj.com\/blog\/2012\/01\/09\/hana-cakuli-e-nisi-vitin-e-ri-me-shetitje-buze-detit-te-ulqinit\/#webpage\",\"url\":\"https:\/\/www.visit-ulcinj.com\/blog\/2012\/01\/09\/hana-cakuli-e-nisi-vitin-e-ri-me-shetitje-buze-detit-te-ulqinit\/\",\"name\":\"Hana Cakuli e nisi Vitin e Ri me sh\u00ebtitje buz\u00eb detit t\u00eb Ulqinit - Lajme nga Ulqini\",\"isPartOf\":{\"@id\":\"https:\/\/www.visit-ulcinj.com\/blog\/#website\"},\"datePublished\":\"2012-01-09T11:09:15+00:00\",\"dateModified\":\"2012-01-09T14:39:06+00:00\",\"author\":{\"@id\":\"https:\/\/www.visit-ulcinj.com\/blog\/#\/schema\/person\/dcab619c614d3038751c63bc2aadc06d\"},\"description\":\"Hana Cakuli ka zgjedhur t\u00eb sh\u00ebtis buz\u00eb detit n\u00eb dit\u00ebt e para t\u00eb vitit 2012, t\u00eb cilat jan\u00eb edhe dit\u00eb pushimi. Plazhi i vog\u00ebl i Ulqinit ka q\u00ebn\u00eb pjesa m\u00eb e\",\"breadcrumb\":{\"@id\":\"https:\/\/www.visit-ulcinj.com\/blog\/2012\/01\/09\/hana-cakuli-e-nisi-vitin-e-ri-me-shetitje-buze-detit-te-ulqinit\/#breadcrumb\"},\"inLanguage\":\"en-US\",\"potentialAction\":[{\"@type\":\"ReadAction\",\"target\":[\"https:\/\/www.visit-ulcinj.com\/blog\/2012\/01\/09\/hana-cakuli-e-nisi-vitin-e-ri-me-shetitje-buze-detit-te-ulqinit\/\"]}]},{\"@type\":\"BreadcrumbList\",\"@id\":\"https:\/\/www.visit-ulcinj.com\/blog\/2012\/01\/09\/hana-cakuli-e-nisi-vitin-e-ri-me-shetitje-buze-detit-te-ulqinit\/#breadcrumb\",\"itemListElement\":[{\"@type\":\"ListItem\",\"position\":1,\"name\":\"Hana Cakuli e nisi Vitin e Ri me sh\u00ebtitje buz\u00eb detit t\u00eb Ulqinit\"}]},{\"@type\":\"Person\",\"@id\":\"https:\/\/www.visit-ulcinj.com\/blog\/#\/schema\/person\/dcab619c614d3038751c63bc2aadc06d\",\"name\":\"ulqini\",\"sameAs\":[\"http:\/\/www.visit-ulcinj.com\"],\"url\":\"https:\/\/www.visit-ulcinj.com\/blog\/author\/admin\/\"}]}<\/script>\n<!-- \/ Yoast SEO plugin. -->","yoast_head_json":{"title":"Hana Cakuli e nisi Vitin e Ri me sh\u00ebtitje buz\u00eb detit t\u00eb Ulqinit - Lajme nga Ulqini","description":"Hana Cakuli ka zgjedhur t\u00eb sh\u00ebtis buz\u00eb detit n\u00eb dit\u00ebt e para t\u00eb vitit 2012, t\u00eb cilat jan\u00eb edhe dit\u00eb pushimi. Plazhi i vog\u00ebl i Ulqinit ka q\u00ebn\u00eb pjesa m\u00eb e","robots":{"index":"index","follow":"follow","max-snippet":"max-snippet:-1","max-image-preview":"max-image-preview:large","max-video-preview":"max-video-preview:-1"},"canonical":"https:\/\/www.visit-ulcinj.com\/blog\/2012\/01\/09\/hana-cakuli-e-nisi-vitin-e-ri-me-shetitje-buze-detit-te-ulqinit\/","og_locale":"en_US","og_type":"article","og_title":"Hana Cakuli e nisi Vitin e Ri me sh\u00ebtitje buz\u00eb detit t\u00eb Ulqinit - Lajme nga Ulqini","og_description":"Hana Cakuli ka zgjedhur t\u00eb sh\u00ebtis buz\u00eb detit n\u00eb dit\u00ebt e para t\u00eb vitit 2012, t\u00eb cilat jan\u00eb edhe dit\u00eb pushimi. Plazhi i vog\u00ebl i Ulqinit ka q\u00ebn\u00eb pjesa m\u00eb e","og_url":"https:\/\/www.visit-ulcinj.com\/blog\/2012\/01\/09\/hana-cakuli-e-nisi-vitin-e-ri-me-shetitje-buze-detit-te-ulqinit\/","og_site_name":"Lajme nga Ulqini","article_published_time":"2012-01-09T11:09:15+00:00","article_modified_time":"2012-01-09T14:39:06+00:00","twitter_misc":{"Written by":"ulqini","Est. reading time":"1 minute"},"schema":{"@context":"https:\/\/schema.org","@graph":[{"@type":"WebSite","@id":"https:\/\/www.visit-ulcinj.com\/blog\/#website","url":"https:\/\/www.visit-ulcinj.com\/blog\/","name":"Lajme nga Ulqini","description":"Lajme,Vijesti,Ulqini,Ulqin,Crna Gora,Mali i Zi","potentialAction":[{"@type":"SearchAction","target":{"@type":"EntryPoint","urlTemplate":"https:\/\/www.visit-ulcinj.com\/blog\/?s={search_term_string}"},"query-input":"required name=search_term_string"}],"inLanguage":"en-US"},{"@type":"WebPage","@id":"https:\/\/www.visit-ulcinj.com\/blog\/2012\/01\/09\/hana-cakuli-e-nisi-vitin-e-ri-me-shetitje-buze-detit-te-ulqinit\/#webpage","url":"https:\/\/www.visit-ulcinj.com\/blog\/2012\/01\/09\/hana-cakuli-e-nisi-vitin-e-ri-me-shetitje-buze-detit-te-ulqinit\/","name":"Hana Cakuli e nisi Vitin e Ri me sh\u00ebtitje buz\u00eb detit t\u00eb Ulqinit - Lajme nga Ulqini","isPartOf":{"@id":"https:\/\/www.visit-ulcinj.com\/blog\/#website"},"datePublished":"2012-01-09T11:09:15+00:00","dateModified":"2012-01-09T14:39:06+00:00","author":{"@id":"https:\/\/www.visit-ulcinj.com\/blog\/#\/schema\/person\/dcab619c614d3038751c63bc2aadc06d"},"description":"Hana Cakuli ka zgjedhur t\u00eb sh\u00ebtis buz\u00eb detit n\u00eb dit\u00ebt e para t\u00eb vitit 2012, t\u00eb cilat jan\u00eb edhe dit\u00eb pushimi. Plazhi i vog\u00ebl i Ulqinit ka q\u00ebn\u00eb pjesa m\u00eb e","breadcrumb":{"@id":"https:\/\/www.visit-ulcinj.com\/blog\/2012\/01\/09\/hana-cakuli-e-nisi-vitin-e-ri-me-shetitje-buze-detit-te-ulqinit\/#breadcrumb"},"inLanguage":"en-US","potentialAction":[{"@type":"ReadAction","target":["https:\/\/www.visit-ulcinj.com\/blog\/2012\/01\/09\/hana-cakuli-e-nisi-vitin-e-ri-me-shetitje-buze-detit-te-ulqinit\/"]}]},{"@type":"BreadcrumbList","@id":"https:\/\/www.visit-ulcinj.com\/blog\/2012\/01\/09\/hana-cakuli-e-nisi-vitin-e-ri-me-shetitje-buze-detit-te-ulqinit\/#breadcrumb","itemListElement":[{"@type":"ListItem","position":1,"name":"Hana Cakuli e nisi Vitin e Ri me sh\u00ebtitje buz\u00eb detit t\u00eb Ulqinit"}]},{"@type":"Person","@id":"https:\/\/www.visit-ulcinj.com\/blog\/#\/schema\/person\/dcab619c614d3038751c63bc2aadc06d","name":"ulqini","sameAs":["http:\/\/www.visit-ulcinj.com"],"url":"https:\/\/www.visit-ulcinj.com\/blog\/author\/admin\/"}]}},"jetpack_featured_media_url":"","jetpack_sharing_enabled":true,"jetpack_shortlink":"https:\/\/wp.me\/pe6lTn-ev4","_links":{"self":[{"href":"https:\/\/www.visit-ulcinj.com\/blog\/wp-json\/wp\/v2\/posts\/55742"}],"collection":[{"href":"https:\/\/www.visit-ulcinj.com\/blog\/wp-json\/wp\/v2\/posts"}],"about":[{"href":"https:\/\/www.visit-ulcinj.com\/blog\/wp-json\/wp\/v2\/types\/post"}],"author":[{"embeddable":true,"href":"https:\/\/www.visit-ulcinj.com\/blog\/wp-json\/wp\/v2\/users\/1"}],"replies":[{"embeddable":true,"href":"https:\/\/www.visit-ulcinj.com\/blog\/wp-json\/wp\/v2\/comments?post=55742"}],"version-history":[{"count":2,"href":"https:\/\/www.visit-ulcinj.com\/blog\/wp-json\/wp\/v2\/posts\/55742\/revisions"}],"predecessor-version":[{"id":55755,"href":"https:\/\/www.visit-ulcinj.com\/blog\/wp-json\/wp\/v2\/posts\/55742\/revisions\/55755"}],"wp:attachment":[{"href":"https:\/\/www.visit-ulcinj.com\/blog\/wp-json\/wp\/v2\/media?parent=55742"}],"wp:term":[{"taxonomy":"category","embeddable":true,"href":"https:\/\/www.visit-ulcinj.com\/blog\/wp-json\/wp\/v2\/categories?post=55742"},{"taxonomy":"post_tag","embeddable":true,"href":"https:\/\/www.visit-ulcinj.com\/blog\/wp-json\/wp\/v2\/tags?post=55742"}],"curies":[{"name":"wp","href":"https:\/\/api.w.org\/{rel}","templated":true}]}}