{"id":55749,"date":"2012-01-09T15:23:12","date_gmt":"2012-01-09T14:23:12","guid":{"rendered":"http:\/\/www.visit-ulcinj.com\/blog\/?p=55749"},"modified":"2012-02-05T17:58:49","modified_gmt":"2012-02-05T16:58:49","slug":"cakuli-paralajmeron-rrenimin-e-objekteve-te-jashteligjshme-ne-ulqin","status":"publish","type":"post","link":"https:\/\/www.visit-ulcinj.com\/blog\/2012\/01\/09\/cakuli-paralajmeron-rrenimin-e-objekteve-te-jashteligjshme-ne-ulqin\/","title":{"rendered":"Cakuli paralajm\u00ebron rr\u00ebnimin e objekteve t\u00eb jasht\u00ebligjshme n\u00eb Ulqin"},"content":{"rendered":"<p><a href=\"http:\/\/www.visit-ulcinj.com\/blog\/wp-content\/uploads\/2012\/01\/Plani-hapesinor-i-Ulqinit-.jpg\"><img loading=\"lazy\" class=\"alignleft  wp-image-55750\" title=\"Plani hapesinor i Ulqinit\" src=\"http:\/\/www.visit-ulcinj.com\/blog\/wp-content\/uploads\/2012\/01\/Plani-hapesinor-i-Ulqinit-.jpg\" alt=\"\" width=\"508\" height=\"400\" \/><\/a>Forca e Re Demokratike, edhe gjat\u00eb fushatave elektorale q\u00eb nga dalja e saj n\u00eb sken\u00ebn politike (2005), \u00ebsht\u00eb shprehur z\u00ebsh\u00ebm se Ulqini nuk mund t\u00eb ket\u00eb asnj\u00eb hap zhvillimor pa plane urbanistike dhe se ata q\u00eb jan\u00eb nd\u00ebrtuar pa leje duhet t\u00eb legalizohen, ose rr\u00ebnohen.<\/p>\n<p><strong>KosovaLive<\/strong><\/p>\n<p><strong>Shtes\u00eb \u2013 Lajme nga Ulqini<\/strong><br \/>\nKy ishte padyshim nje lajm i\u00a0gezueshem sidomos per ata te Forces se Re\u00a0Demokratike sepse ceshtja e legalizimit te ndertimeve\u00a0pa leje ka qene pjese perberese e programit\u00a0tone qe ne momentin e krijimit te kesaj\u00a0partie.<br \/>\nPlani hap\u00ebsinor i Ulqinit i cili kan\u00eb qen\u00eb nj\u00eb problem p\u00ebr vete komun\u00ebn, duhet t\u00eb miratohet brenda 2 muajve tha sot Xhaudet Cakuli n\u00ebnkryetar I komun\u00ebs s\u00eb Ulqini,p\u00ebr portalin Antena M.<\/p>\n<p>N\u00eb anen tjeter ai thot\u00eb se nuk e di numrin e sakt\u00eb t\u00eb objekteve q\u00eb jan\u00eb nd\u00ebrtuar n\u00eb m\u00ebnyr\u00eb t\u00eb paligjshme n\u00eb komun t\u00eb Ulqinit,dhe\u00a0 t\u00eb cil\u00ebt pas miratimit planit urbanistik do t\u00eb shemben,duke cekur se ka shum\u00eb .<br \/>\nN\u00ebnkryetari ikomun\u00ebs s\u00eb Ulqinit ceku gjithasht se ky problem do t\u00eb zgjidhet deri n\u00eb fund t\u00eb janarit,ku afati i fundit p\u00ebr miratimin e tyre \u00ebsht\u00eb 20 janari.<\/p>\n<p>A do t\u00eb ket\u00eb shpallje publike nga ana e komun\u00ebs s\u00eb Ulqinit n\u00eb ueb sajtin e saj kjo ende nuk dihet.<\/p>\n<p><a href=\"http:\/\/www.visit-ulcinj.com\/blog\/wp-content\/uploads\/2012\/01\/Xhaudet-Cakuli_nenkryetar-i-komunes-se-Ulqinit.jpg\"><img loading=\"lazy\" class=\"alignleft  wp-image-55751\" title=\"Xhaudet Cakuli_nenkryetar i komunes se  Ulqinit\" src=\"http:\/\/www.visit-ulcinj.com\/blog\/wp-content\/uploads\/2012\/01\/Xhaudet-Cakuli_nenkryetar-i-komunes-se-Ulqinit.jpg\" alt=\"\" width=\"508\" height=\"300\" \/><\/a><br \/>\nSot ky problem eshte jashtezakonisht evident\u00a0ne Komunen e Ulqinit ku ne ndertimet pa leje\u00a0gjenden te varrosura qindra milione euro kapital.\u00a0Mijera pronare te ndertesave pa leje nuk kane\u00a0mundesi te marrin kredi bankare duke lene si\u00a0kolateral shtepine. Ata gjithashtu nuk mund ta\u00a0lene kete shtepi si garanci per kontrata apo ta\u00a0shesin pasi nuk zoterojne dokumentet ligjor te\u00a0pronesise. Kjo do te thote qe ne Komunen e\u00a0Ulqinit gjendet nje pasuri e madhe e patundshmerie\u00a0qe nuk njihet ligjerisht por qe po te formalizohej\u00a0do te siguronte te ardhura te konsiderueshme\u00a0per Buxhetin e komunes dhe do te\u00a0sherbente si nje impuls i madh per ekonomine\u00a0tone. Pronaret e ketyre ndertesave shpesh jane\u00a0detyruar qe t\u2019i ndertojne keto shtepi mbi token\u00a0e tyre edhe pa marre leje pasi Komuna ka qene\u00a0joefikase ne administrimin e kerkesave te shtuara\u00a0dhe nevojave zhvillimore. Si pasoje e\u00a0mungeses se vullnetit dhe aftesive te pushtetareve\u00a0te deritanishem Komunes i kane\u00a0munguar Plani hapesinor, planet gjenerale dhe\u00a0planet detaje urbanistike te cilat do mund ta\u00a0zhvillonin ne menyre te organizuar ndertimtarine.<br \/>\nPushteti e ka keqperdorur kete situate\u00a0pasi i mban peng ose i kushtezon per qellime\u00a0politike pronaret e ndertesave pa leje e\u00a0kete situata e prandaj ketij problemi i duhet\u00a0vene fund sa me shpejt.\u00a0Mirepo i duhet kujtuar qeverise qendrore, qe\u00a0procesi i legalizimit nuk duhet perdorur vetem\u00a0si retorike zgjedhore por duhet marre seriozisht\u00a0sepse do te kete nje impakt te madh cilesor ne\u00a0ekonomine e vendit.\u00a0Gjithashtu duhet vene ne dukje se legalizimi i\u00a0objekteve te ndertuara pa leje eshte ne perputhje\u00a0me Deklaraten e Vjenes per ndertime pa leje.\u00a0Edhe Republika e Malit te Zi eshte nenshkruese\u00a0e ketij dokumenti te se drejtes nderkombetare\u00a0qe ka per qellim legalizimin dhe regullimin e\u00a0zonave te ndertuara pa dokumentacione\u00a0perkatese.\u00a0Principet themelore te deklarates se Vjenes\u00a0jane: barazia e te gjithe qytetareve per te pasur\u00a0standard te njejte jetesor dhe e drejta per te\u00a0shfrytezuar te drejtat e barabarta si dhe obligimiet\u00a0ligjore, \u00a0rregullimi i qendrueshem i\u00a0hapesires me te cilen kerkohet qe vendbanimet\u00a0joformale,pra pa leje,te integrohen ne suaza\u00a0sociale,ekonomike,hapesinore dhe suaza ligjore\u00a0posacarisht ne nivel lokal.\u00a0Kjo do te thote qe ceshtja e legalizimit nuk\u00a0eshte vetem nje nevoje sociale dhe dobi\u00a0ekonomike por tanime eshte shnderruar edhe ne\u00a0nje detyrim ligjor per shtetin e Malit te Zi. Ky\u00a0process legalizimi eshte bere tashme ne nje faktor\u00a0vendimtar ne pergatitjet per tu anetaresuar\u00a0ne Bashkimin Evropian.<br \/>\n[flv]http:\/\/www.velikaplaza.info\/gallery\/video\/stream.php?f=Velika_Plaza_movie_Jan_2009.flv[\/flv]<\/p>\n","protected":false},"excerpt":{"rendered":"<p>Forca e Re Demokratike, edhe gjat\u00eb fushatave elektorale q\u00eb nga dalja e saj n\u00eb sken\u00ebn politike (2005), \u00ebsht\u00eb shprehur z\u00ebsh\u00ebm se Ulqini nuk mund t\u00eb ket\u00eb asnj\u00eb hap zhvillimor pa plane urbanistike dhe se ata q\u00eb jan\u00eb nd\u00ebrtuar pa leje duhet t\u00eb legalizohen, ose rr\u00ebnohen. KosovaLive Shtes\u00eb \u2013 Lajme nga Ulqini Ky ishte padyshim nje [&hellip;]<\/p>\n","protected":false},"author":1,"featured_media":0,"comment_status":"open","ping_status":"closed","sticky":false,"template":"","format":"standard","meta":{"spay_email":"","jetpack_publicize_message":"","jetpack_is_tweetstorm":false,"jetpack_publicize_feature_enabled":true},"categories":[6],"tags":[297,95,3911,19824,18423,16021,19826,200,18,19825],"jetpack_publicize_connections":[],"yoast_head":"<!-- This site is optimized with the Yoast SEO plugin v19.1 - https:\/\/yoast.com\/wordpress\/plugins\/seo\/ -->\n<title>Cakuli paralajm\u00ebron rr\u00ebnimin e objekteve t\u00eb jasht\u00ebligjshme n\u00eb Ulqin - Lajme nga Ulqini<\/title>\n<meta name=\"description\" content=\"Forca e Re Demokratike, edhe gjat\u00eb fushatave elektorale q\u00eb nga dalja e saj n\u00eb sken\u00ebn politike (2005), \u00ebsht\u00eb shprehur z\u00ebsh\u00ebm se Ulqini nuk mund t\u00eb ket\u00eb\" \/>\n<meta name=\"robots\" content=\"index, follow, max-snippet:-1, max-image-preview:large, max-video-preview:-1\" \/>\n<link rel=\"canonical\" href=\"https:\/\/www.visit-ulcinj.com\/blog\/2012\/01\/09\/cakuli-paralajmeron-rrenimin-e-objekteve-te-jashteligjshme-ne-ulqin\/\" \/>\n<meta property=\"og:locale\" content=\"en_US\" \/>\n<meta property=\"og:type\" content=\"article\" \/>\n<meta property=\"og:title\" content=\"Cakuli paralajm\u00ebron rr\u00ebnimin e objekteve t\u00eb jasht\u00ebligjshme n\u00eb Ulqin - Lajme nga Ulqini\" \/>\n<meta property=\"og:description\" content=\"Forca e Re Demokratike, edhe gjat\u00eb fushatave elektorale q\u00eb nga dalja e saj n\u00eb sken\u00ebn politike (2005), \u00ebsht\u00eb shprehur z\u00ebsh\u00ebm se Ulqini nuk mund t\u00eb ket\u00eb\" \/>\n<meta property=\"og:url\" content=\"https:\/\/www.visit-ulcinj.com\/blog\/2012\/01\/09\/cakuli-paralajmeron-rrenimin-e-objekteve-te-jashteligjshme-ne-ulqin\/\" \/>\n<meta property=\"og:site_name\" content=\"Lajme nga Ulqini\" \/>\n<meta property=\"article:published_time\" content=\"2012-01-09T14:23:12+00:00\" \/>\n<meta property=\"article:modified_time\" content=\"2012-02-05T16:58:49+00:00\" \/>\n<meta property=\"og:image\" content=\"http:\/\/www.visit-ulcinj.com\/blog\/wp-content\/uploads\/2012\/01\/Plani-hapesinor-i-Ulqinit-.jpg\" \/>\n<meta name=\"twitter:label1\" content=\"Written by\" \/>\n\t<meta name=\"twitter:data1\" content=\"ulqini\" \/>\n\t<meta name=\"twitter:label2\" content=\"Est. reading time\" \/>\n\t<meta name=\"twitter:data2\" content=\"3 minutes\" \/>\n<script type=\"application\/ld+json\" class=\"yoast-schema-graph\">{\"@context\":\"https:\/\/schema.org\",\"@graph\":[{\"@type\":\"WebSite\",\"@id\":\"https:\/\/www.visit-ulcinj.com\/blog\/#website\",\"url\":\"https:\/\/www.visit-ulcinj.com\/blog\/\",\"name\":\"Lajme nga Ulqini\",\"description\":\"Lajme,Vijesti,Ulqini,Ulqin,Crna Gora,Mali i Zi\",\"potentialAction\":[{\"@type\":\"SearchAction\",\"target\":{\"@type\":\"EntryPoint\",\"urlTemplate\":\"https:\/\/www.visit-ulcinj.com\/blog\/?s={search_term_string}\"},\"query-input\":\"required name=search_term_string\"}],\"inLanguage\":\"en-US\"},{\"@type\":\"ImageObject\",\"inLanguage\":\"en-US\",\"@id\":\"https:\/\/www.visit-ulcinj.com\/blog\/2012\/01\/09\/cakuli-paralajmeron-rrenimin-e-objekteve-te-jashteligjshme-ne-ulqin\/#primaryimage\",\"url\":\"https:\/\/www.visit-ulcinj.com\/blog\/wp-content\/uploads\/2012\/01\/Plani-hapesinor-i-Ulqinit-.jpg\",\"contentUrl\":\"https:\/\/www.visit-ulcinj.com\/blog\/wp-content\/uploads\/2012\/01\/Plani-hapesinor-i-Ulqinit-.jpg\",\"width\":\"831\",\"height\":\"520\"},{\"@type\":\"WebPage\",\"@id\":\"https:\/\/www.visit-ulcinj.com\/blog\/2012\/01\/09\/cakuli-paralajmeron-rrenimin-e-objekteve-te-jashteligjshme-ne-ulqin\/#webpage\",\"url\":\"https:\/\/www.visit-ulcinj.com\/blog\/2012\/01\/09\/cakuli-paralajmeron-rrenimin-e-objekteve-te-jashteligjshme-ne-ulqin\/\",\"name\":\"Cakuli paralajm\u00ebron rr\u00ebnimin e objekteve t\u00eb jasht\u00ebligjshme n\u00eb Ulqin - Lajme nga Ulqini\",\"isPartOf\":{\"@id\":\"https:\/\/www.visit-ulcinj.com\/blog\/#website\"},\"primaryImageOfPage\":{\"@id\":\"https:\/\/www.visit-ulcinj.com\/blog\/2012\/01\/09\/cakuli-paralajmeron-rrenimin-e-objekteve-te-jashteligjshme-ne-ulqin\/#primaryimage\"},\"datePublished\":\"2012-01-09T14:23:12+00:00\",\"dateModified\":\"2012-02-05T16:58:49+00:00\",\"author\":{\"@id\":\"https:\/\/www.visit-ulcinj.com\/blog\/#\/schema\/person\/dcab619c614d3038751c63bc2aadc06d\"},\"description\":\"Forca e Re Demokratike, edhe gjat\u00eb fushatave elektorale q\u00eb nga dalja e saj n\u00eb sken\u00ebn politike (2005), \u00ebsht\u00eb shprehur z\u00ebsh\u00ebm se Ulqini nuk mund t\u00eb ket\u00eb\",\"breadcrumb\":{\"@id\":\"https:\/\/www.visit-ulcinj.com\/blog\/2012\/01\/09\/cakuli-paralajmeron-rrenimin-e-objekteve-te-jashteligjshme-ne-ulqin\/#breadcrumb\"},\"inLanguage\":\"en-US\",\"potentialAction\":[{\"@type\":\"ReadAction\",\"target\":[\"https:\/\/www.visit-ulcinj.com\/blog\/2012\/01\/09\/cakuli-paralajmeron-rrenimin-e-objekteve-te-jashteligjshme-ne-ulqin\/\"]}]},{\"@type\":\"BreadcrumbList\",\"@id\":\"https:\/\/www.visit-ulcinj.com\/blog\/2012\/01\/09\/cakuli-paralajmeron-rrenimin-e-objekteve-te-jashteligjshme-ne-ulqin\/#breadcrumb\",\"itemListElement\":[{\"@type\":\"ListItem\",\"position\":1,\"name\":\"Cakuli paralajm\u00ebron rr\u00ebnimin e objekteve t\u00eb jasht\u00ebligjshme n\u00eb Ulqin\"}]},{\"@type\":\"Person\",\"@id\":\"https:\/\/www.visit-ulcinj.com\/blog\/#\/schema\/person\/dcab619c614d3038751c63bc2aadc06d\",\"name\":\"ulqini\",\"sameAs\":[\"http:\/\/www.visit-ulcinj.com\"],\"url\":\"https:\/\/www.visit-ulcinj.com\/blog\/author\/admin\/\"}]}<\/script>\n<!-- \/ Yoast SEO plugin. -->","yoast_head_json":{"title":"Cakuli paralajm\u00ebron rr\u00ebnimin e objekteve t\u00eb jasht\u00ebligjshme n\u00eb Ulqin - Lajme nga Ulqini","description":"Forca e Re Demokratike, edhe gjat\u00eb fushatave elektorale q\u00eb nga dalja e saj n\u00eb sken\u00ebn politike (2005), \u00ebsht\u00eb shprehur z\u00ebsh\u00ebm se Ulqini nuk mund t\u00eb ket\u00eb","robots":{"index":"index","follow":"follow","max-snippet":"max-snippet:-1","max-image-preview":"max-image-preview:large","max-video-preview":"max-video-preview:-1"},"canonical":"https:\/\/www.visit-ulcinj.com\/blog\/2012\/01\/09\/cakuli-paralajmeron-rrenimin-e-objekteve-te-jashteligjshme-ne-ulqin\/","og_locale":"en_US","og_type":"article","og_title":"Cakuli paralajm\u00ebron rr\u00ebnimin e objekteve t\u00eb jasht\u00ebligjshme n\u00eb Ulqin - Lajme nga Ulqini","og_description":"Forca e Re Demokratike, edhe gjat\u00eb fushatave elektorale q\u00eb nga dalja e saj n\u00eb sken\u00ebn politike (2005), \u00ebsht\u00eb shprehur z\u00ebsh\u00ebm se Ulqini nuk mund t\u00eb ket\u00eb","og_url":"https:\/\/www.visit-ulcinj.com\/blog\/2012\/01\/09\/cakuli-paralajmeron-rrenimin-e-objekteve-te-jashteligjshme-ne-ulqin\/","og_site_name":"Lajme nga Ulqini","article_published_time":"2012-01-09T14:23:12+00:00","article_modified_time":"2012-02-05T16:58:49+00:00","og_image":[{"url":"http:\/\/www.visit-ulcinj.com\/blog\/wp-content\/uploads\/2012\/01\/Plani-hapesinor-i-Ulqinit-.jpg"}],"twitter_misc":{"Written by":"ulqini","Est. reading time":"3 minutes"},"schema":{"@context":"https:\/\/schema.org","@graph":[{"@type":"WebSite","@id":"https:\/\/www.visit-ulcinj.com\/blog\/#website","url":"https:\/\/www.visit-ulcinj.com\/blog\/","name":"Lajme nga Ulqini","description":"Lajme,Vijesti,Ulqini,Ulqin,Crna Gora,Mali i Zi","potentialAction":[{"@type":"SearchAction","target":{"@type":"EntryPoint","urlTemplate":"https:\/\/www.visit-ulcinj.com\/blog\/?s={search_term_string}"},"query-input":"required name=search_term_string"}],"inLanguage":"en-US"},{"@type":"ImageObject","inLanguage":"en-US","@id":"https:\/\/www.visit-ulcinj.com\/blog\/2012\/01\/09\/cakuli-paralajmeron-rrenimin-e-objekteve-te-jashteligjshme-ne-ulqin\/#primaryimage","url":"https:\/\/www.visit-ulcinj.com\/blog\/wp-content\/uploads\/2012\/01\/Plani-hapesinor-i-Ulqinit-.jpg","contentUrl":"https:\/\/www.visit-ulcinj.com\/blog\/wp-content\/uploads\/2012\/01\/Plani-hapesinor-i-Ulqinit-.jpg","width":"831","height":"520"},{"@type":"WebPage","@id":"https:\/\/www.visit-ulcinj.com\/blog\/2012\/01\/09\/cakuli-paralajmeron-rrenimin-e-objekteve-te-jashteligjshme-ne-ulqin\/#webpage","url":"https:\/\/www.visit-ulcinj.com\/blog\/2012\/01\/09\/cakuli-paralajmeron-rrenimin-e-objekteve-te-jashteligjshme-ne-ulqin\/","name":"Cakuli paralajm\u00ebron rr\u00ebnimin e objekteve t\u00eb jasht\u00ebligjshme n\u00eb Ulqin - Lajme nga Ulqini","isPartOf":{"@id":"https:\/\/www.visit-ulcinj.com\/blog\/#website"},"primaryImageOfPage":{"@id":"https:\/\/www.visit-ulcinj.com\/blog\/2012\/01\/09\/cakuli-paralajmeron-rrenimin-e-objekteve-te-jashteligjshme-ne-ulqin\/#primaryimage"},"datePublished":"2012-01-09T14:23:12+00:00","dateModified":"2012-02-05T16:58:49+00:00","author":{"@id":"https:\/\/www.visit-ulcinj.com\/blog\/#\/schema\/person\/dcab619c614d3038751c63bc2aadc06d"},"description":"Forca e Re Demokratike, edhe gjat\u00eb fushatave elektorale q\u00eb nga dalja e saj n\u00eb sken\u00ebn politike (2005), \u00ebsht\u00eb shprehur z\u00ebsh\u00ebm se Ulqini nuk mund t\u00eb ket\u00eb","breadcrumb":{"@id":"https:\/\/www.visit-ulcinj.com\/blog\/2012\/01\/09\/cakuli-paralajmeron-rrenimin-e-objekteve-te-jashteligjshme-ne-ulqin\/#breadcrumb"},"inLanguage":"en-US","potentialAction":[{"@type":"ReadAction","target":["https:\/\/www.visit-ulcinj.com\/blog\/2012\/01\/09\/cakuli-paralajmeron-rrenimin-e-objekteve-te-jashteligjshme-ne-ulqin\/"]}]},{"@type":"BreadcrumbList","@id":"https:\/\/www.visit-ulcinj.com\/blog\/2012\/01\/09\/cakuli-paralajmeron-rrenimin-e-objekteve-te-jashteligjshme-ne-ulqin\/#breadcrumb","itemListElement":[{"@type":"ListItem","position":1,"name":"Cakuli paralajm\u00ebron rr\u00ebnimin e objekteve t\u00eb jasht\u00ebligjshme n\u00eb Ulqin"}]},{"@type":"Person","@id":"https:\/\/www.visit-ulcinj.com\/blog\/#\/schema\/person\/dcab619c614d3038751c63bc2aadc06d","name":"ulqini","sameAs":["http:\/\/www.visit-ulcinj.com"],"url":"https:\/\/www.visit-ulcinj.com\/blog\/author\/admin\/"}]}},"jetpack_featured_media_url":"","jetpack_sharing_enabled":true,"jetpack_shortlink":"https:\/\/wp.me\/pe6lTn-evb","_links":{"self":[{"href":"https:\/\/www.visit-ulcinj.com\/blog\/wp-json\/wp\/v2\/posts\/55749"}],"collection":[{"href":"https:\/\/www.visit-ulcinj.com\/blog\/wp-json\/wp\/v2\/posts"}],"about":[{"href":"https:\/\/www.visit-ulcinj.com\/blog\/wp-json\/wp\/v2\/types\/post"}],"author":[{"embeddable":true,"href":"https:\/\/www.visit-ulcinj.com\/blog\/wp-json\/wp\/v2\/users\/1"}],"replies":[{"embeddable":true,"href":"https:\/\/www.visit-ulcinj.com\/blog\/wp-json\/wp\/v2\/comments?post=55749"}],"version-history":[{"count":5,"href":"https:\/\/www.visit-ulcinj.com\/blog\/wp-json\/wp\/v2\/posts\/55749\/revisions"}],"predecessor-version":[{"id":55967,"href":"https:\/\/www.visit-ulcinj.com\/blog\/wp-json\/wp\/v2\/posts\/55749\/revisions\/55967"}],"wp:attachment":[{"href":"https:\/\/www.visit-ulcinj.com\/blog\/wp-json\/wp\/v2\/media?parent=55749"}],"wp:term":[{"taxonomy":"category","embeddable":true,"href":"https:\/\/www.visit-ulcinj.com\/blog\/wp-json\/wp\/v2\/categories?post=55749"},{"taxonomy":"post_tag","embeddable":true,"href":"https:\/\/www.visit-ulcinj.com\/blog\/wp-json\/wp\/v2\/tags?post=55749"}],"curies":[{"name":"wp","href":"https:\/\/api.w.org\/{rel}","templated":true}]}}