{"id":55761,"date":"2012-01-09T18:07:44","date_gmt":"2012-01-09T17:07:44","guid":{"rendered":"http:\/\/www.visit-ulcinj.com\/blog\/?p=55761"},"modified":"2012-01-09T18:07:44","modified_gmt":"2012-01-09T17:07:44","slug":"albanski-poslanici-zale-se-taciju-na-podgoricu","status":"publish","type":"post","link":"https:\/\/www.visit-ulcinj.com\/blog\/2012\/01\/09\/albanski-poslanici-zale-se-taciju-na-podgoricu\/","title":{"rendered":"Albanski poslanici: \u017dale se Ta\u010diju na Podgoricu"},"content":{"rendered":"<p><a href=\"http:\/\/www.visit-ulcinj.com\/blog\/wp-content\/uploads\/2012\/01\/Albanski-poslanici_Mehmet-Bardhi_Meto-Zenka_Vasel-Sinistaj_Genci-Nimanbegu_.jpg\"><img loading=\"lazy\" class=\"alignleft  wp-image-55762\" title=\"Albanski poslanici_Mehmet-Bardhi_Meto-Zenka_Vasel-Sinistaj_Genci-Nimanbegu_\" src=\"http:\/\/www.visit-ulcinj.com\/blog\/wp-content\/uploads\/2012\/01\/Albanski-poslanici_Mehmet-Bardhi_Meto-Zenka_Vasel-Sinistaj_Genci-Nimanbegu_.jpg\" alt=\"\" width=\"508\" height=\"360\" \/><\/a>Predstavnici albanskih parlamentarnih partija u bilateralnim kontaktima sa kolegama\u2013sunarodnicima iz Albanije i sa Kosova ukazivali su proteklih dana na klju\u010dne probleme sa kojima su suo\u010deni Albanci u Crnoj Gori. Poslanik Force Genci Nimanbegu potvrdio je za \u201eDan\u201d ovu informaciju. Kako je objasnio, svi predstavnici Albanaca u crnogorskom parlamentu individualno kontaktiraju sa sunarodnicima iz Tirane i Pri\u0161tine.<br \/>\n\u2013 U zvani\u010dnoj formi nijesmo se za sada obra\u0107ali nikom, ali koristimo svaku priliku da u neformalnim susretima uka\u017eemo na klju\u010dne probleme. Razgovarao sam sa predstavnicima Demokratskog saveza i Demokratske partije Kosova. Kao najzna\u010dajnije probleme izdvojio sam izborno zakonodavstvo, kojim su Albancima u Crnoj Gori ukinuta ste\u010dena prava, kao i ponovno odbijanje zahtjeva da se Melesiji da status punopravne op\u0161tine \u2013 naglasio je Nimanbegu.<br \/>\nLider Demokratske partije Kosova je Ha\u0161im Ta\u010di.<br \/>\nJedna od tema u razgovorima sa kosovskim kolegama bila je, po njegovim rije\u010dima, i razmjena ambasadora izme\u0111u Podgorice i Pri\u0161tine.<br \/>\n\u2013 Na Kosovu smatraju da \u0107e se ovo pitanje rije\u0161iti uskoro u komunikaciji sa zvani\u010dnom Podgoricom \u2013 ka\u017ee funkcioner Force.<br \/>\nPoliti\u010dki predstavnici Albanaca nezadovoljni su, \u0161to su prenijeli i kolegama iz Pri\u0161tine, i dinamikom procesa restitucije ranije oduzete imovine.<br \/>\nSusreti sa sunarodnicima sa Kosova uklju\u010denim u tamo\u0161nji politi\u010dki \u017eivot, dodaje Nimanbegu, bili su prilika i da se upozori na neka konkretna \u017eivotna pitanja koja optere\u0107uju Albance u Crnoj Gori. Kako obja\u0161njava, to se, izme\u0111u ostalog, odnosi i na rje\u0161avanje pitanja radnog sta\u017ea ljudi koji su radili na Kosovu i Metohiji a porijeklom su iz Crne Gore.<br \/>\n\u2013 I u narednom periodu koristi\u0107emo svaki neformalni, ali i zvani\u010dni susret, da upozorimo na probleme pripadnika albanske manjine u Crnoj Gori zaklju\u010dio je Nimanbegu.<\/p>\n<p><a href=\"http:\/\/www.dan.co.me\/?nivo=3&amp;rubrika=Politika&amp;datum=2012-01-09&amp;clanak=314757\" target=\"_blank\"><strong>V.R<\/strong><br \/>\n<strong> Izvor: DAN<\/strong><\/a><\/p>\n","protected":false},"excerpt":{"rendered":"<p>Predstavnici albanskih parlamentarnih partija u bilateralnim kontaktima sa kolegama\u2013sunarodnicima iz Albanije i sa Kosova ukazivali su proteklih dana na klju\u010dne probleme sa kojima su suo\u010deni Albanci u Crnoj Gori. Poslanik Force Genci Nimanbegu potvrdio je za \u201eDan\u201d ovu informaciju. Kako je objasnio, svi predstavnici Albanaca u crnogorskom parlamentu individualno kontaktiraju sa sunarodnicima iz Tirane i [&hellip;]<\/p>\n","protected":false},"author":1,"featured_media":0,"comment_status":"open","ping_status":"closed","sticky":false,"template":"","format":"standard","meta":{"spay_email":"","jetpack_publicize_message":"","jetpack_is_tweetstorm":false,"jetpack_publicize_feature_enabled":true},"categories":[8337],"tags":[19673,19],"jetpack_publicize_connections":[],"yoast_head":"<!-- This site is optimized with the Yoast SEO plugin v19.1 - https:\/\/yoast.com\/wordpress\/plugins\/seo\/ -->\n<title>Albanski poslanici: \u017dale se Ta\u010diju na Podgoricu - Lajme nga Ulqini<\/title>\n<meta name=\"description\" content=\"Predstavnici albanskih parlamentarnih partija u bilateralnim kontaktima sa kolegama\u2013sunarodnicima iz Albanije i sa Kosova ukazivali su proteklih dana na\" \/>\n<meta name=\"robots\" content=\"index, follow, max-snippet:-1, max-image-preview:large, max-video-preview:-1\" \/>\n<link rel=\"canonical\" href=\"https:\/\/www.visit-ulcinj.com\/blog\/2012\/01\/09\/albanski-poslanici-zale-se-taciju-na-podgoricu\/\" \/>\n<meta property=\"og:locale\" content=\"en_US\" \/>\n<meta property=\"og:type\" content=\"article\" \/>\n<meta property=\"og:title\" content=\"Albanski poslanici: \u017dale se Ta\u010diju na Podgoricu - Lajme nga Ulqini\" \/>\n<meta property=\"og:description\" content=\"Predstavnici albanskih parlamentarnih partija u bilateralnim kontaktima sa kolegama\u2013sunarodnicima iz Albanije i sa Kosova ukazivali su proteklih dana na\" \/>\n<meta property=\"og:url\" content=\"https:\/\/www.visit-ulcinj.com\/blog\/2012\/01\/09\/albanski-poslanici-zale-se-taciju-na-podgoricu\/\" \/>\n<meta property=\"og:site_name\" content=\"Lajme nga Ulqini\" \/>\n<meta property=\"article:published_time\" content=\"2012-01-09T17:07:44+00:00\" \/>\n<meta property=\"og:image\" content=\"http:\/\/www.visit-ulcinj.com\/blog\/wp-content\/uploads\/2012\/01\/Albanski-poslanici_Mehmet-Bardhi_Meto-Zenka_Vasel-Sinistaj_Genci-Nimanbegu_.jpg\" \/>\n<meta name=\"twitter:label1\" content=\"Written by\" \/>\n\t<meta name=\"twitter:data1\" content=\"ulqini\" \/>\n\t<meta name=\"twitter:label2\" content=\"Est. reading time\" \/>\n\t<meta name=\"twitter:data2\" content=\"1 minute\" \/>\n<script type=\"application\/ld+json\" class=\"yoast-schema-graph\">{\"@context\":\"https:\/\/schema.org\",\"@graph\":[{\"@type\":\"WebSite\",\"@id\":\"https:\/\/www.visit-ulcinj.com\/blog\/#website\",\"url\":\"https:\/\/www.visit-ulcinj.com\/blog\/\",\"name\":\"Lajme nga Ulqini\",\"description\":\"Lajme,Vijesti,Ulqini,Ulqin,Crna Gora,Mali i Zi\",\"potentialAction\":[{\"@type\":\"SearchAction\",\"target\":{\"@type\":\"EntryPoint\",\"urlTemplate\":\"https:\/\/www.visit-ulcinj.com\/blog\/?s={search_term_string}\"},\"query-input\":\"required name=search_term_string\"}],\"inLanguage\":\"en-US\"},{\"@type\":\"ImageObject\",\"inLanguage\":\"en-US\",\"@id\":\"https:\/\/www.visit-ulcinj.com\/blog\/2012\/01\/09\/albanski-poslanici-zale-se-taciju-na-podgoricu\/#primaryimage\",\"url\":\"https:\/\/www.visit-ulcinj.com\/blog\/wp-content\/uploads\/2012\/01\/Albanski-poslanici_Mehmet-Bardhi_Meto-Zenka_Vasel-Sinistaj_Genci-Nimanbegu_.jpg\",\"contentUrl\":\"https:\/\/www.visit-ulcinj.com\/blog\/wp-content\/uploads\/2012\/01\/Albanski-poslanici_Mehmet-Bardhi_Meto-Zenka_Vasel-Sinistaj_Genci-Nimanbegu_.jpg\",\"width\":\"1000\",\"height\":\"677\"},{\"@type\":\"WebPage\",\"@id\":\"https:\/\/www.visit-ulcinj.com\/blog\/2012\/01\/09\/albanski-poslanici-zale-se-taciju-na-podgoricu\/#webpage\",\"url\":\"https:\/\/www.visit-ulcinj.com\/blog\/2012\/01\/09\/albanski-poslanici-zale-se-taciju-na-podgoricu\/\",\"name\":\"Albanski poslanici: \u017dale se Ta\u010diju na Podgoricu - Lajme nga Ulqini\",\"isPartOf\":{\"@id\":\"https:\/\/www.visit-ulcinj.com\/blog\/#website\"},\"primaryImageOfPage\":{\"@id\":\"https:\/\/www.visit-ulcinj.com\/blog\/2012\/01\/09\/albanski-poslanici-zale-se-taciju-na-podgoricu\/#primaryimage\"},\"datePublished\":\"2012-01-09T17:07:44+00:00\",\"dateModified\":\"2012-01-09T17:07:44+00:00\",\"author\":{\"@id\":\"https:\/\/www.visit-ulcinj.com\/blog\/#\/schema\/person\/dcab619c614d3038751c63bc2aadc06d\"},\"description\":\"Predstavnici albanskih parlamentarnih partija u bilateralnim kontaktima sa kolegama\u2013sunarodnicima iz Albanije i sa Kosova ukazivali su proteklih dana na\",\"breadcrumb\":{\"@id\":\"https:\/\/www.visit-ulcinj.com\/blog\/2012\/01\/09\/albanski-poslanici-zale-se-taciju-na-podgoricu\/#breadcrumb\"},\"inLanguage\":\"en-US\",\"potentialAction\":[{\"@type\":\"ReadAction\",\"target\":[\"https:\/\/www.visit-ulcinj.com\/blog\/2012\/01\/09\/albanski-poslanici-zale-se-taciju-na-podgoricu\/\"]}]},{\"@type\":\"BreadcrumbList\",\"@id\":\"https:\/\/www.visit-ulcinj.com\/blog\/2012\/01\/09\/albanski-poslanici-zale-se-taciju-na-podgoricu\/#breadcrumb\",\"itemListElement\":[{\"@type\":\"ListItem\",\"position\":1,\"name\":\"Albanski poslanici: \u017dale se Ta\u010diju na Podgoricu\"}]},{\"@type\":\"Person\",\"@id\":\"https:\/\/www.visit-ulcinj.com\/blog\/#\/schema\/person\/dcab619c614d3038751c63bc2aadc06d\",\"name\":\"ulqini\",\"sameAs\":[\"http:\/\/www.visit-ulcinj.com\"],\"url\":\"https:\/\/www.visit-ulcinj.com\/blog\/author\/admin\/\"}]}<\/script>\n<!-- \/ Yoast SEO plugin. -->","yoast_head_json":{"title":"Albanski poslanici: \u017dale se Ta\u010diju na Podgoricu - Lajme nga Ulqini","description":"Predstavnici albanskih parlamentarnih partija u bilateralnim kontaktima sa kolegama\u2013sunarodnicima iz Albanije i sa Kosova ukazivali su proteklih dana na","robots":{"index":"index","follow":"follow","max-snippet":"max-snippet:-1","max-image-preview":"max-image-preview:large","max-video-preview":"max-video-preview:-1"},"canonical":"https:\/\/www.visit-ulcinj.com\/blog\/2012\/01\/09\/albanski-poslanici-zale-se-taciju-na-podgoricu\/","og_locale":"en_US","og_type":"article","og_title":"Albanski poslanici: \u017dale se Ta\u010diju na Podgoricu - Lajme nga Ulqini","og_description":"Predstavnici albanskih parlamentarnih partija u bilateralnim kontaktima sa kolegama\u2013sunarodnicima iz Albanije i sa Kosova ukazivali su proteklih dana na","og_url":"https:\/\/www.visit-ulcinj.com\/blog\/2012\/01\/09\/albanski-poslanici-zale-se-taciju-na-podgoricu\/","og_site_name":"Lajme nga Ulqini","article_published_time":"2012-01-09T17:07:44+00:00","og_image":[{"url":"http:\/\/www.visit-ulcinj.com\/blog\/wp-content\/uploads\/2012\/01\/Albanski-poslanici_Mehmet-Bardhi_Meto-Zenka_Vasel-Sinistaj_Genci-Nimanbegu_.jpg"}],"twitter_misc":{"Written by":"ulqini","Est. reading time":"1 minute"},"schema":{"@context":"https:\/\/schema.org","@graph":[{"@type":"WebSite","@id":"https:\/\/www.visit-ulcinj.com\/blog\/#website","url":"https:\/\/www.visit-ulcinj.com\/blog\/","name":"Lajme nga Ulqini","description":"Lajme,Vijesti,Ulqini,Ulqin,Crna Gora,Mali i Zi","potentialAction":[{"@type":"SearchAction","target":{"@type":"EntryPoint","urlTemplate":"https:\/\/www.visit-ulcinj.com\/blog\/?s={search_term_string}"},"query-input":"required name=search_term_string"}],"inLanguage":"en-US"},{"@type":"ImageObject","inLanguage":"en-US","@id":"https:\/\/www.visit-ulcinj.com\/blog\/2012\/01\/09\/albanski-poslanici-zale-se-taciju-na-podgoricu\/#primaryimage","url":"https:\/\/www.visit-ulcinj.com\/blog\/wp-content\/uploads\/2012\/01\/Albanski-poslanici_Mehmet-Bardhi_Meto-Zenka_Vasel-Sinistaj_Genci-Nimanbegu_.jpg","contentUrl":"https:\/\/www.visit-ulcinj.com\/blog\/wp-content\/uploads\/2012\/01\/Albanski-poslanici_Mehmet-Bardhi_Meto-Zenka_Vasel-Sinistaj_Genci-Nimanbegu_.jpg","width":"1000","height":"677"},{"@type":"WebPage","@id":"https:\/\/www.visit-ulcinj.com\/blog\/2012\/01\/09\/albanski-poslanici-zale-se-taciju-na-podgoricu\/#webpage","url":"https:\/\/www.visit-ulcinj.com\/blog\/2012\/01\/09\/albanski-poslanici-zale-se-taciju-na-podgoricu\/","name":"Albanski poslanici: \u017dale se Ta\u010diju na Podgoricu - Lajme nga Ulqini","isPartOf":{"@id":"https:\/\/www.visit-ulcinj.com\/blog\/#website"},"primaryImageOfPage":{"@id":"https:\/\/www.visit-ulcinj.com\/blog\/2012\/01\/09\/albanski-poslanici-zale-se-taciju-na-podgoricu\/#primaryimage"},"datePublished":"2012-01-09T17:07:44+00:00","dateModified":"2012-01-09T17:07:44+00:00","author":{"@id":"https:\/\/www.visit-ulcinj.com\/blog\/#\/schema\/person\/dcab619c614d3038751c63bc2aadc06d"},"description":"Predstavnici albanskih parlamentarnih partija u bilateralnim kontaktima sa kolegama\u2013sunarodnicima iz Albanije i sa Kosova ukazivali su proteklih dana na","breadcrumb":{"@id":"https:\/\/www.visit-ulcinj.com\/blog\/2012\/01\/09\/albanski-poslanici-zale-se-taciju-na-podgoricu\/#breadcrumb"},"inLanguage":"en-US","potentialAction":[{"@type":"ReadAction","target":["https:\/\/www.visit-ulcinj.com\/blog\/2012\/01\/09\/albanski-poslanici-zale-se-taciju-na-podgoricu\/"]}]},{"@type":"BreadcrumbList","@id":"https:\/\/www.visit-ulcinj.com\/blog\/2012\/01\/09\/albanski-poslanici-zale-se-taciju-na-podgoricu\/#breadcrumb","itemListElement":[{"@type":"ListItem","position":1,"name":"Albanski poslanici: \u017dale se Ta\u010diju na Podgoricu"}]},{"@type":"Person","@id":"https:\/\/www.visit-ulcinj.com\/blog\/#\/schema\/person\/dcab619c614d3038751c63bc2aadc06d","name":"ulqini","sameAs":["http:\/\/www.visit-ulcinj.com"],"url":"https:\/\/www.visit-ulcinj.com\/blog\/author\/admin\/"}]}},"jetpack_featured_media_url":"","jetpack_sharing_enabled":true,"jetpack_shortlink":"https:\/\/wp.me\/pe6lTn-evn","_links":{"self":[{"href":"https:\/\/www.visit-ulcinj.com\/blog\/wp-json\/wp\/v2\/posts\/55761"}],"collection":[{"href":"https:\/\/www.visit-ulcinj.com\/blog\/wp-json\/wp\/v2\/posts"}],"about":[{"href":"https:\/\/www.visit-ulcinj.com\/blog\/wp-json\/wp\/v2\/types\/post"}],"author":[{"embeddable":true,"href":"https:\/\/www.visit-ulcinj.com\/blog\/wp-json\/wp\/v2\/users\/1"}],"replies":[{"embeddable":true,"href":"https:\/\/www.visit-ulcinj.com\/blog\/wp-json\/wp\/v2\/comments?post=55761"}],"version-history":[{"count":1,"href":"https:\/\/www.visit-ulcinj.com\/blog\/wp-json\/wp\/v2\/posts\/55761\/revisions"}],"predecessor-version":[{"id":55763,"href":"https:\/\/www.visit-ulcinj.com\/blog\/wp-json\/wp\/v2\/posts\/55761\/revisions\/55763"}],"wp:attachment":[{"href":"https:\/\/www.visit-ulcinj.com\/blog\/wp-json\/wp\/v2\/media?parent=55761"}],"wp:term":[{"taxonomy":"category","embeddable":true,"href":"https:\/\/www.visit-ulcinj.com\/blog\/wp-json\/wp\/v2\/categories?post=55761"},{"taxonomy":"post_tag","embeddable":true,"href":"https:\/\/www.visit-ulcinj.com\/blog\/wp-json\/wp\/v2\/tags?post=55761"}],"curies":[{"name":"wp","href":"https:\/\/api.w.org\/{rel}","templated":true}]}}