{"id":55764,"date":"2012-01-09T18:36:02","date_gmt":"2012-01-09T17:36:02","guid":{"rendered":"http:\/\/www.visit-ulcinj.com\/blog\/?p=55764"},"modified":"2012-01-09T18:36:02","modified_gmt":"2012-01-09T17:36:02","slug":"nazif-cungu-ulcinj-iduce-decenije-u-drustvu-razvijenih","status":"publish","type":"post","link":"https:\/\/www.visit-ulcinj.com\/blog\/2012\/01\/09\/nazif-cungu-ulcinj-iduce-decenije-u-drustvu-razvijenih\/","title":{"rendered":"Nazif Cungu: Ulcinj idu\u0107e decenije u dru\u0161tvu razvijenih"},"content":{"rendered":"<p><strong><a href=\"http:\/\/www.visit-ulcinj.com\/blog\/wp-content\/uploads\/2012\/01\/NAZIF-CUNGU_ULCINJ.jpg\"><img loading=\"lazy\" class=\"alignleft  wp-image-55765\" title=\"NAZIF-CUNGU_ULCINJ\" src=\"http:\/\/www.visit-ulcinj.com\/blog\/wp-content\/uploads\/2012\/01\/NAZIF-CUNGU_ULCINJ.jpg\" alt=\"\" width=\"508\" height=\"527\" \/><\/a>Ukazuju\u0107i na uzroke nerazvijenosti, po \u010demu je Ulcinj \u010detvrta op\u0161tina u Crnoj Gori, predsjednik Nazif Cungu je uvjeren da \u0107e se, uz najavljenu podr\u0161ku resornih ministarstava, stanje promijeniti i za deset godina grad svrstati me\u0111u najrazvijenije op\u0161tine<\/strong><\/p>\n<p>U moru crnogorskih paradoksa \u201epliva\u201c i demografska stagnacija Ulcinja (20.265 stanovnika), dok je u gotovo svim ostalim primorskim op\u0161tinama dvocifreni rast. Neshvatljivo je i da je najju\u017enija op\u0161tina sa velikim turisti\u010dkim potencijalima \u010detvrta po nerazvijenosti u zemlji, iza \u0160avnika, Plava i Plu\u017eina. Ukazuju\u0107i na uzroke zaostalosti, predsjednik Nazif Cungu je uvjeren da \u0107e se \u201euz najavljenu podr\u0161ku resornih ministarstava, stanje promijeniti i Ulcinj za deset godina svrstati me\u0111u najrazvijenije op\u0161tine u Crnoj Gori\u201c.<\/p>\n<p><strong>Urbanisti\u010dki planovi<\/strong><\/p>\n<p>Zarad toga, opredjeljenje nove vlasti je, ka\u017ee predsjednik op\u0161tine, da uredi sistem naplate poreza na imovinu i svih taksi, koja je lo\u0161a zbog nepotpune evidencije, ali i selektivnog napla\u0107ivanja u prethodnom periodu.<\/p>\n<h3><a href=\"http:\/\/www.pobjeda.me\/2012\/01\/09\/nazif-cungu-ulcinj-iduce-decenije-u-drustvu-razvijenih\/\" target=\"_blank\"><strong><strong><strong><strong><strong><strong><strong><strong><strong><strong><strong><strong><strong>Pro\u010ditaj vijest do kraja &gt;&gt; Pobjeda Online &gt;&gt;<strong>Gojko Kne\u017eevi\u0107<\/strong><\/strong><\/strong><\/strong><\/strong><\/strong><\/strong><\/strong><\/strong><\/strong><\/strong><\/strong><\/strong><\/strong><\/a><\/h3>\n<p>[flv]http:\/\/www.velikaplaza.info\/gallery\/video\/stream.php?f=Velika_Plaza_movie_Jan_2009.flv[\/flv]<\/p>\n","protected":false},"excerpt":{"rendered":"<p>Ukazuju\u0107i na uzroke nerazvijenosti, po \u010demu je Ulcinj \u010detvrta op\u0161tina u Crnoj Gori, predsjednik Nazif Cungu je uvjeren da \u0107e se, uz najavljenu podr\u0161ku resornih ministarstava, stanje promijeniti i za deset godina grad svrstati me\u0111u najrazvijenije op\u0161tine U moru crnogorskih paradoksa \u201epliva\u201c i demografska stagnacija Ulcinja (20.265 stanovnika), dok je u gotovo svim ostalim primorskim [&hellip;]<\/p>\n","protected":false},"author":1,"featured_media":0,"comment_status":"open","ping_status":"closed","sticky":false,"template":"","format":"standard","meta":{"spay_email":"","jetpack_publicize_message":"","jetpack_is_tweetstorm":false,"jetpack_publicize_feature_enabled":true},"categories":[8337],"tags":[150,118,19],"jetpack_publicize_connections":[],"yoast_head":"<!-- This site is optimized with the Yoast SEO plugin v19.1 - https:\/\/yoast.com\/wordpress\/plugins\/seo\/ -->\n<title>Nazif Cungu: Ulcinj idu\u0107e decenije u dru\u0161tvu razvijenih - Lajme nga Ulqini<\/title>\n<meta name=\"description\" content=\"Ukazuju\u0107i na uzroke nerazvijenosti, po \u010demu je Ulcinj \u010detvrta op\u0161tina u Crnoj Gori, predsjednik Nazif Cungu je uvjeren da \u0107e se, uz najavljenu podr\u0161ku\" \/>\n<meta name=\"robots\" content=\"index, follow, max-snippet:-1, max-image-preview:large, max-video-preview:-1\" \/>\n<link rel=\"canonical\" href=\"https:\/\/www.visit-ulcinj.com\/blog\/2012\/01\/09\/nazif-cungu-ulcinj-iduce-decenije-u-drustvu-razvijenih\/\" \/>\n<meta property=\"og:locale\" content=\"en_US\" \/>\n<meta property=\"og:type\" content=\"article\" \/>\n<meta property=\"og:title\" content=\"Nazif Cungu: Ulcinj idu\u0107e decenije u dru\u0161tvu razvijenih - Lajme nga Ulqini\" \/>\n<meta property=\"og:description\" content=\"Ukazuju\u0107i na uzroke nerazvijenosti, po \u010demu je Ulcinj \u010detvrta op\u0161tina u Crnoj Gori, predsjednik Nazif Cungu je uvjeren da \u0107e se, uz najavljenu podr\u0161ku\" \/>\n<meta property=\"og:url\" content=\"https:\/\/www.visit-ulcinj.com\/blog\/2012\/01\/09\/nazif-cungu-ulcinj-iduce-decenije-u-drustvu-razvijenih\/\" \/>\n<meta property=\"og:site_name\" content=\"Lajme nga Ulqini\" \/>\n<meta property=\"article:published_time\" content=\"2012-01-09T17:36:02+00:00\" \/>\n<meta property=\"og:image\" content=\"http:\/\/www.visit-ulcinj.com\/blog\/wp-content\/uploads\/2012\/01\/NAZIF-CUNGU_ULCINJ.jpg\" \/>\n<meta name=\"twitter:label1\" content=\"Written by\" \/>\n\t<meta name=\"twitter:data1\" content=\"ulqini\" \/>\n\t<meta name=\"twitter:label2\" content=\"Est. reading time\" \/>\n\t<meta name=\"twitter:data2\" content=\"1 minute\" \/>\n<script type=\"application\/ld+json\" class=\"yoast-schema-graph\">{\"@context\":\"https:\/\/schema.org\",\"@graph\":[{\"@type\":\"WebSite\",\"@id\":\"https:\/\/www.visit-ulcinj.com\/blog\/#website\",\"url\":\"https:\/\/www.visit-ulcinj.com\/blog\/\",\"name\":\"Lajme nga Ulqini\",\"description\":\"Lajme,Vijesti,Ulqini,Ulqin,Crna Gora,Mali i Zi\",\"potentialAction\":[{\"@type\":\"SearchAction\",\"target\":{\"@type\":\"EntryPoint\",\"urlTemplate\":\"https:\/\/www.visit-ulcinj.com\/blog\/?s={search_term_string}\"},\"query-input\":\"required name=search_term_string\"}],\"inLanguage\":\"en-US\"},{\"@type\":\"ImageObject\",\"inLanguage\":\"en-US\",\"@id\":\"https:\/\/www.visit-ulcinj.com\/blog\/2012\/01\/09\/nazif-cungu-ulcinj-iduce-decenije-u-drustvu-razvijenih\/#primaryimage\",\"url\":\"https:\/\/www.visit-ulcinj.com\/blog\/wp-content\/uploads\/2012\/01\/NAZIF-CUNGU_ULCINJ.jpg\",\"contentUrl\":\"https:\/\/www.visit-ulcinj.com\/blog\/wp-content\/uploads\/2012\/01\/NAZIF-CUNGU_ULCINJ.jpg\",\"width\":\"506\",\"height\":\"527\"},{\"@type\":\"WebPage\",\"@id\":\"https:\/\/www.visit-ulcinj.com\/blog\/2012\/01\/09\/nazif-cungu-ulcinj-iduce-decenije-u-drustvu-razvijenih\/#webpage\",\"url\":\"https:\/\/www.visit-ulcinj.com\/blog\/2012\/01\/09\/nazif-cungu-ulcinj-iduce-decenije-u-drustvu-razvijenih\/\",\"name\":\"Nazif Cungu: Ulcinj idu\u0107e decenije u dru\u0161tvu razvijenih - Lajme nga Ulqini\",\"isPartOf\":{\"@id\":\"https:\/\/www.visit-ulcinj.com\/blog\/#website\"},\"primaryImageOfPage\":{\"@id\":\"https:\/\/www.visit-ulcinj.com\/blog\/2012\/01\/09\/nazif-cungu-ulcinj-iduce-decenije-u-drustvu-razvijenih\/#primaryimage\"},\"datePublished\":\"2012-01-09T17:36:02+00:00\",\"dateModified\":\"2012-01-09T17:36:02+00:00\",\"author\":{\"@id\":\"https:\/\/www.visit-ulcinj.com\/blog\/#\/schema\/person\/dcab619c614d3038751c63bc2aadc06d\"},\"description\":\"Ukazuju\u0107i na uzroke nerazvijenosti, po \u010demu je Ulcinj \u010detvrta op\u0161tina u Crnoj Gori, predsjednik Nazif Cungu je uvjeren da \u0107e se, uz najavljenu podr\u0161ku\",\"breadcrumb\":{\"@id\":\"https:\/\/www.visit-ulcinj.com\/blog\/2012\/01\/09\/nazif-cungu-ulcinj-iduce-decenije-u-drustvu-razvijenih\/#breadcrumb\"},\"inLanguage\":\"en-US\",\"potentialAction\":[{\"@type\":\"ReadAction\",\"target\":[\"https:\/\/www.visit-ulcinj.com\/blog\/2012\/01\/09\/nazif-cungu-ulcinj-iduce-decenije-u-drustvu-razvijenih\/\"]}]},{\"@type\":\"BreadcrumbList\",\"@id\":\"https:\/\/www.visit-ulcinj.com\/blog\/2012\/01\/09\/nazif-cungu-ulcinj-iduce-decenije-u-drustvu-razvijenih\/#breadcrumb\",\"itemListElement\":[{\"@type\":\"ListItem\",\"position\":1,\"name\":\"Nazif Cungu: Ulcinj idu\u0107e decenije u dru\u0161tvu razvijenih\"}]},{\"@type\":\"Person\",\"@id\":\"https:\/\/www.visit-ulcinj.com\/blog\/#\/schema\/person\/dcab619c614d3038751c63bc2aadc06d\",\"name\":\"ulqini\",\"sameAs\":[\"http:\/\/www.visit-ulcinj.com\"],\"url\":\"https:\/\/www.visit-ulcinj.com\/blog\/author\/admin\/\"}]}<\/script>\n<!-- \/ Yoast SEO plugin. -->","yoast_head_json":{"title":"Nazif Cungu: Ulcinj idu\u0107e decenije u dru\u0161tvu razvijenih - Lajme nga Ulqini","description":"Ukazuju\u0107i na uzroke nerazvijenosti, po \u010demu je Ulcinj \u010detvrta op\u0161tina u Crnoj Gori, predsjednik Nazif Cungu je uvjeren da \u0107e se, uz najavljenu podr\u0161ku","robots":{"index":"index","follow":"follow","max-snippet":"max-snippet:-1","max-image-preview":"max-image-preview:large","max-video-preview":"max-video-preview:-1"},"canonical":"https:\/\/www.visit-ulcinj.com\/blog\/2012\/01\/09\/nazif-cungu-ulcinj-iduce-decenije-u-drustvu-razvijenih\/","og_locale":"en_US","og_type":"article","og_title":"Nazif Cungu: Ulcinj idu\u0107e decenije u dru\u0161tvu razvijenih - Lajme nga Ulqini","og_description":"Ukazuju\u0107i na uzroke nerazvijenosti, po \u010demu je Ulcinj \u010detvrta op\u0161tina u Crnoj Gori, predsjednik Nazif Cungu je uvjeren da \u0107e se, uz najavljenu podr\u0161ku","og_url":"https:\/\/www.visit-ulcinj.com\/blog\/2012\/01\/09\/nazif-cungu-ulcinj-iduce-decenije-u-drustvu-razvijenih\/","og_site_name":"Lajme nga Ulqini","article_published_time":"2012-01-09T17:36:02+00:00","og_image":[{"url":"http:\/\/www.visit-ulcinj.com\/blog\/wp-content\/uploads\/2012\/01\/NAZIF-CUNGU_ULCINJ.jpg"}],"twitter_misc":{"Written by":"ulqini","Est. reading time":"1 minute"},"schema":{"@context":"https:\/\/schema.org","@graph":[{"@type":"WebSite","@id":"https:\/\/www.visit-ulcinj.com\/blog\/#website","url":"https:\/\/www.visit-ulcinj.com\/blog\/","name":"Lajme nga Ulqini","description":"Lajme,Vijesti,Ulqini,Ulqin,Crna Gora,Mali i Zi","potentialAction":[{"@type":"SearchAction","target":{"@type":"EntryPoint","urlTemplate":"https:\/\/www.visit-ulcinj.com\/blog\/?s={search_term_string}"},"query-input":"required name=search_term_string"}],"inLanguage":"en-US"},{"@type":"ImageObject","inLanguage":"en-US","@id":"https:\/\/www.visit-ulcinj.com\/blog\/2012\/01\/09\/nazif-cungu-ulcinj-iduce-decenije-u-drustvu-razvijenih\/#primaryimage","url":"https:\/\/www.visit-ulcinj.com\/blog\/wp-content\/uploads\/2012\/01\/NAZIF-CUNGU_ULCINJ.jpg","contentUrl":"https:\/\/www.visit-ulcinj.com\/blog\/wp-content\/uploads\/2012\/01\/NAZIF-CUNGU_ULCINJ.jpg","width":"506","height":"527"},{"@type":"WebPage","@id":"https:\/\/www.visit-ulcinj.com\/blog\/2012\/01\/09\/nazif-cungu-ulcinj-iduce-decenije-u-drustvu-razvijenih\/#webpage","url":"https:\/\/www.visit-ulcinj.com\/blog\/2012\/01\/09\/nazif-cungu-ulcinj-iduce-decenije-u-drustvu-razvijenih\/","name":"Nazif Cungu: Ulcinj idu\u0107e decenije u dru\u0161tvu razvijenih - Lajme nga Ulqini","isPartOf":{"@id":"https:\/\/www.visit-ulcinj.com\/blog\/#website"},"primaryImageOfPage":{"@id":"https:\/\/www.visit-ulcinj.com\/blog\/2012\/01\/09\/nazif-cungu-ulcinj-iduce-decenije-u-drustvu-razvijenih\/#primaryimage"},"datePublished":"2012-01-09T17:36:02+00:00","dateModified":"2012-01-09T17:36:02+00:00","author":{"@id":"https:\/\/www.visit-ulcinj.com\/blog\/#\/schema\/person\/dcab619c614d3038751c63bc2aadc06d"},"description":"Ukazuju\u0107i na uzroke nerazvijenosti, po \u010demu je Ulcinj \u010detvrta op\u0161tina u Crnoj Gori, predsjednik Nazif Cungu je uvjeren da \u0107e se, uz najavljenu podr\u0161ku","breadcrumb":{"@id":"https:\/\/www.visit-ulcinj.com\/blog\/2012\/01\/09\/nazif-cungu-ulcinj-iduce-decenije-u-drustvu-razvijenih\/#breadcrumb"},"inLanguage":"en-US","potentialAction":[{"@type":"ReadAction","target":["https:\/\/www.visit-ulcinj.com\/blog\/2012\/01\/09\/nazif-cungu-ulcinj-iduce-decenije-u-drustvu-razvijenih\/"]}]},{"@type":"BreadcrumbList","@id":"https:\/\/www.visit-ulcinj.com\/blog\/2012\/01\/09\/nazif-cungu-ulcinj-iduce-decenije-u-drustvu-razvijenih\/#breadcrumb","itemListElement":[{"@type":"ListItem","position":1,"name":"Nazif Cungu: Ulcinj idu\u0107e decenije u dru\u0161tvu razvijenih"}]},{"@type":"Person","@id":"https:\/\/www.visit-ulcinj.com\/blog\/#\/schema\/person\/dcab619c614d3038751c63bc2aadc06d","name":"ulqini","sameAs":["http:\/\/www.visit-ulcinj.com"],"url":"https:\/\/www.visit-ulcinj.com\/blog\/author\/admin\/"}]}},"jetpack_featured_media_url":"","jetpack_sharing_enabled":true,"jetpack_shortlink":"https:\/\/wp.me\/pe6lTn-evq","_links":{"self":[{"href":"https:\/\/www.visit-ulcinj.com\/blog\/wp-json\/wp\/v2\/posts\/55764"}],"collection":[{"href":"https:\/\/www.visit-ulcinj.com\/blog\/wp-json\/wp\/v2\/posts"}],"about":[{"href":"https:\/\/www.visit-ulcinj.com\/blog\/wp-json\/wp\/v2\/types\/post"}],"author":[{"embeddable":true,"href":"https:\/\/www.visit-ulcinj.com\/blog\/wp-json\/wp\/v2\/users\/1"}],"replies":[{"embeddable":true,"href":"https:\/\/www.visit-ulcinj.com\/blog\/wp-json\/wp\/v2\/comments?post=55764"}],"version-history":[{"count":1,"href":"https:\/\/www.visit-ulcinj.com\/blog\/wp-json\/wp\/v2\/posts\/55764\/revisions"}],"predecessor-version":[{"id":55766,"href":"https:\/\/www.visit-ulcinj.com\/blog\/wp-json\/wp\/v2\/posts\/55764\/revisions\/55766"}],"wp:attachment":[{"href":"https:\/\/www.visit-ulcinj.com\/blog\/wp-json\/wp\/v2\/media?parent=55764"}],"wp:term":[{"taxonomy":"category","embeddable":true,"href":"https:\/\/www.visit-ulcinj.com\/blog\/wp-json\/wp\/v2\/categories?post=55764"},{"taxonomy":"post_tag","embeddable":true,"href":"https:\/\/www.visit-ulcinj.com\/blog\/wp-json\/wp\/v2\/tags?post=55764"}],"curies":[{"name":"wp","href":"https:\/\/api.w.org\/{rel}","templated":true}]}}