{"id":55775,"date":"2012-01-10T12:55:45","date_gmt":"2012-01-10T11:55:45","guid":{"rendered":"http:\/\/www.visit-ulcinj.com\/blog\/?p=55775"},"modified":"2012-01-10T12:56:17","modified_gmt":"2012-01-10T11:56:17","slug":"saveljic-upoznacemo-luksica-sa-problemom-solane","status":"publish","type":"post","link":"https:\/\/www.visit-ulcinj.com\/blog\/2012\/01\/10\/saveljic-upoznacemo-luksica-sa-problemom-solane\/","title":{"rendered":"Savelji\u0107: Upozna\u0107emo Luk\u0161i\u0107a sa problemom Solane"},"content":{"rendered":"<p>&nbsp;<\/p>\n<p><a href=\"http:\/\/www.visit-ulcinj.com\/blog\/wp-content\/uploads\/2012\/01\/Martin-Schneider-Jacoby-i-Darko-Saveljic.jpg\"><img loading=\"lazy\" class=\"alignleft  wp-image-55776\" title=\"Martin Schneider-Jacoby i Darko Saveljic\" src=\"http:\/\/www.visit-ulcinj.com\/blog\/wp-content\/uploads\/2012\/01\/Martin-Schneider-Jacoby-i-Darko-Saveljic.jpg\" alt=\"\" width=\"508\" height=\"380\" srcset=\"https:\/\/www.visit-ulcinj.com\/blog\/wp-content\/uploads\/2012\/01\/Martin-Schneider-Jacoby-i-Darko-Saveljic.jpg 700w, https:\/\/www.visit-ulcinj.com\/blog\/wp-content\/uploads\/2012\/01\/Martin-Schneider-Jacoby-i-Darko-Saveljic-300x225.jpg 300w\" sizes=\"(max-width: 508px) 100vw, 508px\" \/><\/a>Centar za za\u0161titu i prou\u010davanje ptica sjutra \u0107e premijeru Igoru Luk\u0161i\u0107u uru\u010diti brojne nau\u010dne publikacije u kojima je predstavljen me\u0111unarodni zna\u010daj Ulcinjske solane. Tako\u0111e, upozna\u0107emo ga sa na\u0161om peticijom \u00a0kojom o\u0161tro protestvujemo protiv prenamjene 15 km2 Ulcinjske solane u turisti\u010dko-razvojnu zonu, namjenjenu izgradnji hotela i golf terena, kazao je za portal Analitika predsjednik ove NVO Darko Savelji\u0107.<\/p>\n<p>-Solana je izuzetno zna\u010dajan lokalitet i posljednjih deset godina bila je poligon za istra\u017eivanje brojnim stru\u010dnim institucijama u Evropi. Uvjereni smo da namjere vlasnika da istu prenamjeni ne\u0107e biti pozdravljene od strane tih organizacija, pa ni najzna\u010dajnijih institucija Evropske Unije, ka\u017ee Savelji\u0107, nagla\u0161avaju\u0107i da su pokrenuli peticiju kako bi ukazali na zna\u010daj ovog lokaliteta.<\/p>\n<p>Incijativa je do\u0161la u vrijeme vjerskih praznika i Nove godine i mo\u017ee se ra\u010dunati, ka\u017ee na\u0161 sagovornik, da je potpisivanje peticije tek po\u010delo.<\/p>\n<p>&#8211; Na\u0161 cilj nije da skupimo milion potpisa, jer se peticijama te\u0161ko rije\u0161avaju stvari, ali je ona ujedno informativni akt za brojne insitucije i organizacije van zemlje, koje su zainteresovanie za za\u0161itu ptica, te uskoro treba o\u010dekivati njihovu reakciju, ka\u017ee Savelji\u0107, nagla\u0161avaju\u0107i da su \u00a0za\u0161titinici prirode u Crnoj Gori iznena\u0111eni ovakvom najavom, iako\u00a0 je Prostorni Plan dr\u017eave otvorio mogu\u0107nost prenamjene solane.<\/p>\n<p>-U prijedlogu ovog Prostronog Plana solani je bio namjenjen status spomenika prirode i vremenski okvir do 2009. godine da bude progla\u0161ena za\u0161ti\u0107enim podru\u010djem. U finalnom dokumentu, bez znanja lokalne samouprave, gra\u0111ana i civilnog sektora data je mogu\u0107nost prenamjene solane u turisti\u010dko razvojni kompleks.<\/p>\n<p>Savelji\u0107 podsje\u0107a da je Solana 1989. godine prepoznata kao IBA-podru\u010dje od me\u0111unarodnog\u00a0 zna\u010daja za boravak ptica. 2004. godine Upravni odbor Solane proglasio je prvim privatnim parkom prirode u Crnoj Gori, 2006. godine prepoznata je kao Emerald stani\u0161te Bernske konvencije, a 2007. godine ispunjen je formular za njeno progla\u0161enje\u00a0 Ramsarskom mo\u010dvarom od me\u0111unarodnog zna\u010daja, jer od 9 u potpunosti ispunjava 6 kriterijuma. Od 2008. godine Solana se nalazi na listi potencijalnih\u00a0 Natura 2000 stani\u0161ta u Crnoj Gori.<\/p>\n<p>Ulcinjska solana je najzna\u010dajnije gnijezdili\u0161te, zimovali\u0161te i odmori\u0161te pri seobi ptica na isto\u010dnoj obali Jadrana. Od oko 500 vrsta evropskih ptica, na Solani je registrovano 250 vrsta ili 50%. \u010cetvrtina ukupnog broja gnjezdarica Crne Gore gnijezdi na Ulcinjskoj solani. Solana pru\u017ea servis za vi\u0161e ugro\u017eenih vrsta riba, vodozemaca i gmizavaca, te vi\u0161e od 70 vrsta ptica sa Anexa I Pti\u010dje direktive.Petnaest vrsta ptica registrovanih na Solani u odre\u0111enim periodima godine prelaze jedan procenat regionalne-globalne populacije ovih vrsta, ka\u017ee Savelji\u0107, isti\u010du\u0107i da je ovaj lokalitet toliko zna\u010dajan u me\u0111unarodnim okvirima da mora ostati sa\u010duvan. \u00a0U protivnom, ka\u017ee, slijedi veliki \u0161amar ekolo\u0161koj dr\u017eavi na njenom evropskom putu.<\/p>\n<p>&nbsp;<\/p>\n<p><a href=\"http:\/\/www.portalanalitika.me\/drustvo\/vijesti\/47585-savelji-upoznaemo-lukia-sa-problemom-solane.html\" target=\"_blank\"><strong>Analitika &#8211; Informativni Portal<\/strong><\/a><\/p>\n<p>[flv width=&#8221;508&#8243; height=&#8221;360&#8243;]http:\/\/solana-ulcinj.com\/VTS_01_1.flv[\/flv]<\/p>\n","protected":false},"excerpt":{"rendered":"<p>&nbsp; Centar za za\u0161titu i prou\u010davanje ptica sjutra \u0107e premijeru Igoru Luk\u0161i\u0107u uru\u010diti brojne nau\u010dne publikacije u kojima je predstavljen me\u0111unarodni zna\u010daj Ulcinjske solane. Tako\u0111e, upozna\u0107emo ga sa na\u0161om peticijom \u00a0kojom o\u0161tro protestvujemo protiv prenamjene 15 km2 Ulcinjske solane u turisti\u010dko-razvojnu zonu, namjenjenu izgradnji hotela i golf terena, kazao je za portal Analitika predsjednik ove [&hellip;]<\/p>\n","protected":false},"author":1,"featured_media":0,"comment_status":"open","ping_status":"closed","sticky":false,"template":"","format":"standard","meta":{"spay_email":"","jetpack_publicize_message":"","jetpack_is_tweetstorm":false,"jetpack_publicize_feature_enabled":true},"categories":[8337],"tags":[19,1968],"jetpack_publicize_connections":[],"yoast_head":"<!-- This site is optimized with the Yoast SEO plugin v19.1 - https:\/\/yoast.com\/wordpress\/plugins\/seo\/ -->\n<title>Savelji\u0107: Upozna\u0107emo Luk\u0161i\u0107a sa problemom Solane - Lajme nga Ulqini<\/title>\n<meta name=\"description\" content=\"&nbsp; Centar za za\u0161titu i prou\u010davanje ptica sjutra \u0107e premijeru Igoru Luk\u0161i\u0107u uru\u010diti brojne nau\u010dne publikacije u kojima je predstavljen me\u0111unarodni\" \/>\n<meta name=\"robots\" content=\"index, follow, max-snippet:-1, max-image-preview:large, max-video-preview:-1\" \/>\n<link rel=\"canonical\" href=\"https:\/\/www.visit-ulcinj.com\/blog\/2012\/01\/10\/saveljic-upoznacemo-luksica-sa-problemom-solane\/\" \/>\n<meta property=\"og:locale\" content=\"en_US\" \/>\n<meta property=\"og:type\" content=\"article\" \/>\n<meta property=\"og:title\" content=\"Savelji\u0107: Upozna\u0107emo Luk\u0161i\u0107a sa problemom Solane - Lajme nga Ulqini\" \/>\n<meta property=\"og:description\" content=\"&nbsp; Centar za za\u0161titu i prou\u010davanje ptica sjutra \u0107e premijeru Igoru Luk\u0161i\u0107u uru\u010diti brojne nau\u010dne publikacije u kojima je predstavljen me\u0111unarodni\" \/>\n<meta property=\"og:url\" content=\"https:\/\/www.visit-ulcinj.com\/blog\/2012\/01\/10\/saveljic-upoznacemo-luksica-sa-problemom-solane\/\" \/>\n<meta property=\"og:site_name\" content=\"Lajme nga Ulqini\" \/>\n<meta property=\"article:published_time\" content=\"2012-01-10T11:55:45+00:00\" \/>\n<meta property=\"article:modified_time\" content=\"2012-01-10T11:56:17+00:00\" \/>\n<meta property=\"og:image\" content=\"http:\/\/www.visit-ulcinj.com\/blog\/wp-content\/uploads\/2012\/01\/Martin-Schneider-Jacoby-i-Darko-Saveljic.jpg\" \/>\n<meta name=\"twitter:label1\" content=\"Written by\" \/>\n\t<meta name=\"twitter:data1\" content=\"ulqini\" \/>\n\t<meta name=\"twitter:label2\" content=\"Est. reading time\" \/>\n\t<meta name=\"twitter:data2\" content=\"2 minutes\" \/>\n<script type=\"application\/ld+json\" class=\"yoast-schema-graph\">{\"@context\":\"https:\/\/schema.org\",\"@graph\":[{\"@type\":\"WebSite\",\"@id\":\"https:\/\/www.visit-ulcinj.com\/blog\/#website\",\"url\":\"https:\/\/www.visit-ulcinj.com\/blog\/\",\"name\":\"Lajme nga Ulqini\",\"description\":\"Lajme,Vijesti,Ulqini,Ulqin,Crna Gora,Mali i Zi\",\"potentialAction\":[{\"@type\":\"SearchAction\",\"target\":{\"@type\":\"EntryPoint\",\"urlTemplate\":\"https:\/\/www.visit-ulcinj.com\/blog\/?s={search_term_string}\"},\"query-input\":\"required name=search_term_string\"}],\"inLanguage\":\"en-US\"},{\"@type\":\"ImageObject\",\"inLanguage\":\"en-US\",\"@id\":\"https:\/\/www.visit-ulcinj.com\/blog\/2012\/01\/10\/saveljic-upoznacemo-luksica-sa-problemom-solane\/#primaryimage\",\"url\":\"https:\/\/www.visit-ulcinj.com\/blog\/wp-content\/uploads\/2012\/01\/Martin-Schneider-Jacoby-i-Darko-Saveljic.jpg\",\"contentUrl\":\"https:\/\/www.visit-ulcinj.com\/blog\/wp-content\/uploads\/2012\/01\/Martin-Schneider-Jacoby-i-Darko-Saveljic.jpg\",\"width\":\"700\",\"height\":\"525\"},{\"@type\":\"WebPage\",\"@id\":\"https:\/\/www.visit-ulcinj.com\/blog\/2012\/01\/10\/saveljic-upoznacemo-luksica-sa-problemom-solane\/#webpage\",\"url\":\"https:\/\/www.visit-ulcinj.com\/blog\/2012\/01\/10\/saveljic-upoznacemo-luksica-sa-problemom-solane\/\",\"name\":\"Savelji\u0107: Upozna\u0107emo Luk\u0161i\u0107a sa problemom Solane - Lajme nga Ulqini\",\"isPartOf\":{\"@id\":\"https:\/\/www.visit-ulcinj.com\/blog\/#website\"},\"primaryImageOfPage\":{\"@id\":\"https:\/\/www.visit-ulcinj.com\/blog\/2012\/01\/10\/saveljic-upoznacemo-luksica-sa-problemom-solane\/#primaryimage\"},\"datePublished\":\"2012-01-10T11:55:45+00:00\",\"dateModified\":\"2012-01-10T11:56:17+00:00\",\"author\":{\"@id\":\"https:\/\/www.visit-ulcinj.com\/blog\/#\/schema\/person\/dcab619c614d3038751c63bc2aadc06d\"},\"description\":\"&nbsp; Centar za za\u0161titu i prou\u010davanje ptica sjutra \u0107e premijeru Igoru Luk\u0161i\u0107u uru\u010diti brojne nau\u010dne publikacije u kojima je predstavljen me\u0111unarodni\",\"breadcrumb\":{\"@id\":\"https:\/\/www.visit-ulcinj.com\/blog\/2012\/01\/10\/saveljic-upoznacemo-luksica-sa-problemom-solane\/#breadcrumb\"},\"inLanguage\":\"en-US\",\"potentialAction\":[{\"@type\":\"ReadAction\",\"target\":[\"https:\/\/www.visit-ulcinj.com\/blog\/2012\/01\/10\/saveljic-upoznacemo-luksica-sa-problemom-solane\/\"]}]},{\"@type\":\"BreadcrumbList\",\"@id\":\"https:\/\/www.visit-ulcinj.com\/blog\/2012\/01\/10\/saveljic-upoznacemo-luksica-sa-problemom-solane\/#breadcrumb\",\"itemListElement\":[{\"@type\":\"ListItem\",\"position\":1,\"name\":\"Savelji\u0107: Upozna\u0107emo Luk\u0161i\u0107a sa problemom Solane\"}]},{\"@type\":\"Person\",\"@id\":\"https:\/\/www.visit-ulcinj.com\/blog\/#\/schema\/person\/dcab619c614d3038751c63bc2aadc06d\",\"name\":\"ulqini\",\"sameAs\":[\"http:\/\/www.visit-ulcinj.com\"],\"url\":\"https:\/\/www.visit-ulcinj.com\/blog\/author\/admin\/\"}]}<\/script>\n<!-- \/ Yoast SEO plugin. -->","yoast_head_json":{"title":"Savelji\u0107: Upozna\u0107emo Luk\u0161i\u0107a sa problemom Solane - Lajme nga Ulqini","description":"&nbsp; Centar za za\u0161titu i prou\u010davanje ptica sjutra \u0107e premijeru Igoru Luk\u0161i\u0107u uru\u010diti brojne nau\u010dne publikacije u kojima je predstavljen me\u0111unarodni","robots":{"index":"index","follow":"follow","max-snippet":"max-snippet:-1","max-image-preview":"max-image-preview:large","max-video-preview":"max-video-preview:-1"},"canonical":"https:\/\/www.visit-ulcinj.com\/blog\/2012\/01\/10\/saveljic-upoznacemo-luksica-sa-problemom-solane\/","og_locale":"en_US","og_type":"article","og_title":"Savelji\u0107: Upozna\u0107emo Luk\u0161i\u0107a sa problemom Solane - Lajme nga Ulqini","og_description":"&nbsp; Centar za za\u0161titu i prou\u010davanje ptica sjutra \u0107e premijeru Igoru Luk\u0161i\u0107u uru\u010diti brojne nau\u010dne publikacije u kojima je predstavljen me\u0111unarodni","og_url":"https:\/\/www.visit-ulcinj.com\/blog\/2012\/01\/10\/saveljic-upoznacemo-luksica-sa-problemom-solane\/","og_site_name":"Lajme nga Ulqini","article_published_time":"2012-01-10T11:55:45+00:00","article_modified_time":"2012-01-10T11:56:17+00:00","og_image":[{"url":"http:\/\/www.visit-ulcinj.com\/blog\/wp-content\/uploads\/2012\/01\/Martin-Schneider-Jacoby-i-Darko-Saveljic.jpg"}],"twitter_misc":{"Written by":"ulqini","Est. reading time":"2 minutes"},"schema":{"@context":"https:\/\/schema.org","@graph":[{"@type":"WebSite","@id":"https:\/\/www.visit-ulcinj.com\/blog\/#website","url":"https:\/\/www.visit-ulcinj.com\/blog\/","name":"Lajme nga Ulqini","description":"Lajme,Vijesti,Ulqini,Ulqin,Crna Gora,Mali i Zi","potentialAction":[{"@type":"SearchAction","target":{"@type":"EntryPoint","urlTemplate":"https:\/\/www.visit-ulcinj.com\/blog\/?s={search_term_string}"},"query-input":"required name=search_term_string"}],"inLanguage":"en-US"},{"@type":"ImageObject","inLanguage":"en-US","@id":"https:\/\/www.visit-ulcinj.com\/blog\/2012\/01\/10\/saveljic-upoznacemo-luksica-sa-problemom-solane\/#primaryimage","url":"https:\/\/www.visit-ulcinj.com\/blog\/wp-content\/uploads\/2012\/01\/Martin-Schneider-Jacoby-i-Darko-Saveljic.jpg","contentUrl":"https:\/\/www.visit-ulcinj.com\/blog\/wp-content\/uploads\/2012\/01\/Martin-Schneider-Jacoby-i-Darko-Saveljic.jpg","width":"700","height":"525"},{"@type":"WebPage","@id":"https:\/\/www.visit-ulcinj.com\/blog\/2012\/01\/10\/saveljic-upoznacemo-luksica-sa-problemom-solane\/#webpage","url":"https:\/\/www.visit-ulcinj.com\/blog\/2012\/01\/10\/saveljic-upoznacemo-luksica-sa-problemom-solane\/","name":"Savelji\u0107: Upozna\u0107emo Luk\u0161i\u0107a sa problemom Solane - Lajme nga Ulqini","isPartOf":{"@id":"https:\/\/www.visit-ulcinj.com\/blog\/#website"},"primaryImageOfPage":{"@id":"https:\/\/www.visit-ulcinj.com\/blog\/2012\/01\/10\/saveljic-upoznacemo-luksica-sa-problemom-solane\/#primaryimage"},"datePublished":"2012-01-10T11:55:45+00:00","dateModified":"2012-01-10T11:56:17+00:00","author":{"@id":"https:\/\/www.visit-ulcinj.com\/blog\/#\/schema\/person\/dcab619c614d3038751c63bc2aadc06d"},"description":"&nbsp; Centar za za\u0161titu i prou\u010davanje ptica sjutra \u0107e premijeru Igoru Luk\u0161i\u0107u uru\u010diti brojne nau\u010dne publikacije u kojima je predstavljen me\u0111unarodni","breadcrumb":{"@id":"https:\/\/www.visit-ulcinj.com\/blog\/2012\/01\/10\/saveljic-upoznacemo-luksica-sa-problemom-solane\/#breadcrumb"},"inLanguage":"en-US","potentialAction":[{"@type":"ReadAction","target":["https:\/\/www.visit-ulcinj.com\/blog\/2012\/01\/10\/saveljic-upoznacemo-luksica-sa-problemom-solane\/"]}]},{"@type":"BreadcrumbList","@id":"https:\/\/www.visit-ulcinj.com\/blog\/2012\/01\/10\/saveljic-upoznacemo-luksica-sa-problemom-solane\/#breadcrumb","itemListElement":[{"@type":"ListItem","position":1,"name":"Savelji\u0107: Upozna\u0107emo Luk\u0161i\u0107a sa problemom Solane"}]},{"@type":"Person","@id":"https:\/\/www.visit-ulcinj.com\/blog\/#\/schema\/person\/dcab619c614d3038751c63bc2aadc06d","name":"ulqini","sameAs":["http:\/\/www.visit-ulcinj.com"],"url":"https:\/\/www.visit-ulcinj.com\/blog\/author\/admin\/"}]}},"jetpack_featured_media_url":"","jetpack_sharing_enabled":true,"jetpack_shortlink":"https:\/\/wp.me\/pe6lTn-evB","_links":{"self":[{"href":"https:\/\/www.visit-ulcinj.com\/blog\/wp-json\/wp\/v2\/posts\/55775"}],"collection":[{"href":"https:\/\/www.visit-ulcinj.com\/blog\/wp-json\/wp\/v2\/posts"}],"about":[{"href":"https:\/\/www.visit-ulcinj.com\/blog\/wp-json\/wp\/v2\/types\/post"}],"author":[{"embeddable":true,"href":"https:\/\/www.visit-ulcinj.com\/blog\/wp-json\/wp\/v2\/users\/1"}],"replies":[{"embeddable":true,"href":"https:\/\/www.visit-ulcinj.com\/blog\/wp-json\/wp\/v2\/comments?post=55775"}],"version-history":[{"count":3,"href":"https:\/\/www.visit-ulcinj.com\/blog\/wp-json\/wp\/v2\/posts\/55775\/revisions"}],"predecessor-version":[{"id":55865,"href":"https:\/\/www.visit-ulcinj.com\/blog\/wp-json\/wp\/v2\/posts\/55775\/revisions\/55865"}],"wp:attachment":[{"href":"https:\/\/www.visit-ulcinj.com\/blog\/wp-json\/wp\/v2\/media?parent=55775"}],"wp:term":[{"taxonomy":"category","embeddable":true,"href":"https:\/\/www.visit-ulcinj.com\/blog\/wp-json\/wp\/v2\/categories?post=55775"},{"taxonomy":"post_tag","embeddable":true,"href":"https:\/\/www.visit-ulcinj.com\/blog\/wp-json\/wp\/v2\/tags?post=55775"}],"curies":[{"name":"wp","href":"https:\/\/api.w.org\/{rel}","templated":true}]}}