{"id":55786,"date":"2012-01-10T20:03:09","date_gmt":"2012-01-10T19:03:09","guid":{"rendered":"http:\/\/www.visit-ulcinj.com\/blog\/?p=55786"},"modified":"2012-01-12T14:18:31","modified_gmt":"2012-01-12T13:18:31","slug":"dritan-abazoviqi-po-krijohet-fryma-per-partine-e-re","status":"publish","type":"post","link":"https:\/\/www.visit-ulcinj.com\/blog\/2012\/01\/10\/dritan-abazoviqi-po-krijohet-fryma-per-partine-e-re\/","title":{"rendered":"Dritan Abazoviqi: Po krijohet fryma p\u00ebr partin\u00eb e re"},"content":{"rendered":"<p><strong><a href=\"http:\/\/www.visit-ulcinj.com\/blog\/wp-content\/uploads\/2012\/01\/Dritan-Abazoviqi_Po-krijohet-fryma-p\u00ebr-partin\u00eb-e-re.jpg\"><img loading=\"lazy\" class=\"alignleft  wp-image-55787\" title=\"Dritan Abazoviqi_Po krijohet fryma p\u00ebr partin\u00eb e re\" src=\"http:\/\/www.visit-ulcinj.com\/blog\/wp-content\/uploads\/2012\/01\/Dritan-Abazoviqi_Po-krijohet-fryma-p\u00ebr-partin\u00eb-e-re.jpg\" alt=\"\" width=\"508\" height=\"380\" \/><\/a>Mal t\u00eb Zi s\u00eb shpejti do t\u00eb krijohet Partia e re.<br \/>\n<\/strong><br \/>\nPartia e re pritet t\u00eb zyrtarizohet nga fundi i muajit mars 2012. Njoftimi \u00ebsht\u00eb b\u00ebr\u00eb n\u00eb gazeten e p\u00ebrditshme \u00a0Dan ,duke precizuar emrat jo bash t\u00eb panjohur,sikurse Dritan Abazoviq, Darko Pajoviq dhe Azra Jasaviq p\u00ebrmenden si persona q\u00eb jan\u00eb pjes\u00eb e k\u00ebtij projekti, por ato nuk d\u00ebshirojn\u00eb t\u00eb tregojn\u00eb se p\u00ebr \u00e7far\u00eb n\u00eb t\u00eb vertet\u00eb b\u00ebhet fjal\u00eb. Statuti i Partis\u00eb s\u00eb re \u00ebsht\u00eb hartuar tashm\u00eb dhe synimi i saj \u00ebsht\u00eb t\u00eb zyrtarizohet deri n\u00eb fund t\u00eb marsit 2012.<br \/>\n<a href=\"http:\/\/www.visit-ulcinj.com\/blog\/wp-content\/uploads\/2012\/01\/EMISIONI-PIRAMIDA_TV-VIJESTI.jpg\"><img loading=\"lazy\" class=\"alignleft  wp-image-55790\" title=\"EMISIONI PIRAMIDA_TV VIJESTI\" src=\"http:\/\/www.visit-ulcinj.com\/blog\/wp-content\/uploads\/2012\/01\/EMISIONI-PIRAMIDA_TV-VIJESTI.jpg\" alt=\"\" width=\"508\" height=\"333\" \/><\/a><\/p>\n<p>Dritan Abazoviqi n\u00eb nj\u00eb deklarat\u00eb q\u00eb ja dha gazetes se p\u00ebrditshme \u00a0Dan nuk e pohon por as nuk e mohon nj\u00eb gj\u00eb t\u00eb till\u00eb.<br \/>\nAi tha se n\u00eb Mal t\u00eb Zi nuk ka m\u00eb Parti, e cila sipas tij, \u00ebsht\u00eb shnd\u00ebrruar n\u00eb nj\u00eb parti t\u00eb formul\u00ebs, ku mungojn\u00eb forumet dhe debatet. Partia e re q\u00eb pritet t\u00eb krijohet, e cila, si\u00e7 tha ai, \u00ebsht\u00eb ende n\u00eb faz\u00eb projekti.<\/p>\n<p>Mbetet t\u00eb shihet se \u00e7far\u00eb do t\u00eb ndodh\u00eb n\u00eb t\u00eb ardhmen&#8221;, deklaroi Dritan Abazoviqi.<\/p>\n<h3><a href=\"http:\/\/www.dan.co.me\/?nivo=3&amp;rubrika=Politika&amp;datum=2012-01-10&amp;clanak=314899\" target=\"_blank\"><strong>P\u00ebr m\u00eb t\u00ebper lexo versionin origjinal n\u00eb gazet\u00ebn DAN.<\/strong><\/a><\/h3>\n<p><strong><br \/>\n1.Dritan Abazoviq<\/strong><br \/>\n<a href=\"http:\/\/www.visit-ulcinj.com\/blog\/wp-content\/uploads\/2012\/01\/Piramida-Dritan-Abazoviq-Tv-Vijesti.1.jpg\"><img loading=\"lazy\" class=\"alignleft size-full wp-image-55791\" title=\"Piramida-Dritan-Abazoviq-Tv-Vijesti.1\" src=\"http:\/\/www.visit-ulcinj.com\/blog\/wp-content\/uploads\/2012\/01\/Piramida-Dritan-Abazoviq-Tv-Vijesti.1.jpg\" alt=\"\" width=\"508\" height=\"300\" \/><\/a><\/p>\n<p><strong>2.Azra Jasaviq<\/strong><br \/>\n<a href=\"http:\/\/www.visit-ulcinj.com\/blog\/wp-content\/uploads\/2012\/01\/Piramida-Azrom-Jasaviq-Tv-Vijesti.jpg\"><img loading=\"lazy\" class=\"alignleft size-full wp-image-55792\" title=\"Piramida-Azrom-Jasaviq-Tv-Vijesti\" src=\"http:\/\/www.visit-ulcinj.com\/blog\/wp-content\/uploads\/2012\/01\/Piramida-Azrom-Jasaviq-Tv-Vijesti.jpg\" alt=\"\" width=\"508\" height=\"300\" \/><\/a><br \/>\n<strong><br \/>\n3.Darko Pajoviq<\/strong><br \/>\n<a href=\"http:\/\/www.visit-ulcinj.com\/blog\/wp-content\/uploads\/2012\/01\/Piramida-Darko-Pajoviq-Tv-Vijesti.jpg\"><img loading=\"lazy\" class=\"alignleft size-full wp-image-55793\" title=\"Piramida-Darko-Pajoviq-Tv-Vijesti\" src=\"http:\/\/www.visit-ulcinj.com\/blog\/wp-content\/uploads\/2012\/01\/Piramida-Darko-Pajoviq-Tv-Vijesti.jpg\" alt=\"\" width=\"508\" height=\"300\" \/><\/a><\/p>\n<p><strong>VIDEO &#8211; PIRAMIDA TV VIJESTI<\/strong><br \/>\n<!--YouTube Error: bad URL entered--><\/p>\n","protected":false},"excerpt":{"rendered":"<p>Mal t\u00eb Zi s\u00eb shpejti do t\u00eb krijohet Partia e re. Partia e re pritet t\u00eb zyrtarizohet nga fundi i muajit mars 2012. Njoftimi \u00ebsht\u00eb b\u00ebr\u00eb n\u00eb gazeten e p\u00ebrditshme \u00a0Dan ,duke precizuar emrat jo bash t\u00eb panjohur,sikurse Dritan Abazoviq, Darko Pajoviq dhe Azra Jasaviq p\u00ebrmenden si persona q\u00eb jan\u00eb pjes\u00eb e k\u00ebtij projekti, por [&hellip;]<\/p>\n","protected":false},"author":1,"featured_media":0,"comment_status":"open","ping_status":"closed","sticky":false,"template":"","format":"standard","meta":{"spay_email":"","jetpack_publicize_message":"","jetpack_is_tweetstorm":false,"jetpack_publicize_feature_enabled":true},"categories":[6],"tags":[19833,19832,10529,19834],"jetpack_publicize_connections":[],"yoast_head":"<!-- This site is optimized with the Yoast SEO plugin v19.1 - https:\/\/yoast.com\/wordpress\/plugins\/seo\/ -->\n<title>Dritan Abazoviqi: Po krijohet fryma p\u00ebr partin\u00eb e re - Lajme nga Ulqini<\/title>\n<meta name=\"description\" content=\"Mal t\u00eb Zi s\u00eb shpejti do t\u00eb krijohet Partia e re. Partia e re pritet t\u00eb zyrtarizohet nga fundi i muajit mars 2012. Njoftimi \u00ebsht\u00eb b\u00ebr\u00eb n\u00eb gazeten e\" \/>\n<meta name=\"robots\" content=\"index, follow, max-snippet:-1, max-image-preview:large, max-video-preview:-1\" \/>\n<link rel=\"canonical\" href=\"https:\/\/www.visit-ulcinj.com\/blog\/2012\/01\/10\/dritan-abazoviqi-po-krijohet-fryma-per-partine-e-re\/\" \/>\n<meta property=\"og:locale\" content=\"en_US\" \/>\n<meta property=\"og:type\" content=\"article\" \/>\n<meta property=\"og:title\" content=\"Dritan Abazoviqi: Po krijohet fryma p\u00ebr partin\u00eb e re - Lajme nga Ulqini\" \/>\n<meta property=\"og:description\" content=\"Mal t\u00eb Zi s\u00eb shpejti do t\u00eb krijohet Partia e re. Partia e re pritet t\u00eb zyrtarizohet nga fundi i muajit mars 2012. Njoftimi \u00ebsht\u00eb b\u00ebr\u00eb n\u00eb gazeten e\" \/>\n<meta property=\"og:url\" content=\"https:\/\/www.visit-ulcinj.com\/blog\/2012\/01\/10\/dritan-abazoviqi-po-krijohet-fryma-per-partine-e-re\/\" \/>\n<meta property=\"og:site_name\" content=\"Lajme nga Ulqini\" \/>\n<meta property=\"article:published_time\" content=\"2012-01-10T19:03:09+00:00\" \/>\n<meta property=\"article:modified_time\" content=\"2012-01-12T13:18:31+00:00\" \/>\n<meta property=\"og:image\" content=\"http:\/\/www.visit-ulcinj.com\/blog\/wp-content\/uploads\/2012\/01\/EMISIONI-PIRAMIDA_TV-VIJESTI.jpg\" \/>\n<meta name=\"twitter:label1\" content=\"Written by\" \/>\n\t<meta name=\"twitter:data1\" content=\"ulqini\" \/>\n\t<meta name=\"twitter:label2\" content=\"Est. reading time\" \/>\n\t<meta name=\"twitter:data2\" content=\"1 minute\" \/>\n<script type=\"application\/ld+json\" class=\"yoast-schema-graph\">{\"@context\":\"https:\/\/schema.org\",\"@graph\":[{\"@type\":\"WebSite\",\"@id\":\"https:\/\/www.visit-ulcinj.com\/blog\/#website\",\"url\":\"https:\/\/www.visit-ulcinj.com\/blog\/\",\"name\":\"Lajme nga Ulqini\",\"description\":\"Lajme,Vijesti,Ulqini,Ulqin,Crna Gora,Mali i Zi\",\"potentialAction\":[{\"@type\":\"SearchAction\",\"target\":{\"@type\":\"EntryPoint\",\"urlTemplate\":\"https:\/\/www.visit-ulcinj.com\/blog\/?s={search_term_string}\"},\"query-input\":\"required name=search_term_string\"}],\"inLanguage\":\"en-US\"},{\"@type\":\"ImageObject\",\"inLanguage\":\"en-US\",\"@id\":\"https:\/\/www.visit-ulcinj.com\/blog\/2012\/01\/10\/dritan-abazoviqi-po-krijohet-fryma-per-partine-e-re\/#primaryimage\",\"url\":\"https:\/\/www.visit-ulcinj.com\/blog\/wp-content\/uploads\/2012\/01\/EMISIONI-PIRAMIDA_TV-VIJESTI.jpg\",\"contentUrl\":\"https:\/\/www.visit-ulcinj.com\/blog\/wp-content\/uploads\/2012\/01\/EMISIONI-PIRAMIDA_TV-VIJESTI.jpg\",\"width\":\"960\",\"height\":\"533\"},{\"@type\":\"WebPage\",\"@id\":\"https:\/\/www.visit-ulcinj.com\/blog\/2012\/01\/10\/dritan-abazoviqi-po-krijohet-fryma-per-partine-e-re\/#webpage\",\"url\":\"https:\/\/www.visit-ulcinj.com\/blog\/2012\/01\/10\/dritan-abazoviqi-po-krijohet-fryma-per-partine-e-re\/\",\"name\":\"Dritan Abazoviqi: Po krijohet fryma p\u00ebr partin\u00eb e re - Lajme nga Ulqini\",\"isPartOf\":{\"@id\":\"https:\/\/www.visit-ulcinj.com\/blog\/#website\"},\"primaryImageOfPage\":{\"@id\":\"https:\/\/www.visit-ulcinj.com\/blog\/2012\/01\/10\/dritan-abazoviqi-po-krijohet-fryma-per-partine-e-re\/#primaryimage\"},\"datePublished\":\"2012-01-10T19:03:09+00:00\",\"dateModified\":\"2012-01-12T13:18:31+00:00\",\"author\":{\"@id\":\"https:\/\/www.visit-ulcinj.com\/blog\/#\/schema\/person\/dcab619c614d3038751c63bc2aadc06d\"},\"description\":\"Mal t\u00eb Zi s\u00eb shpejti do t\u00eb krijohet Partia e re. Partia e re pritet t\u00eb zyrtarizohet nga fundi i muajit mars 2012. Njoftimi \u00ebsht\u00eb b\u00ebr\u00eb n\u00eb gazeten e\",\"breadcrumb\":{\"@id\":\"https:\/\/www.visit-ulcinj.com\/blog\/2012\/01\/10\/dritan-abazoviqi-po-krijohet-fryma-per-partine-e-re\/#breadcrumb\"},\"inLanguage\":\"en-US\",\"potentialAction\":[{\"@type\":\"ReadAction\",\"target\":[\"https:\/\/www.visit-ulcinj.com\/blog\/2012\/01\/10\/dritan-abazoviqi-po-krijohet-fryma-per-partine-e-re\/\"]}]},{\"@type\":\"BreadcrumbList\",\"@id\":\"https:\/\/www.visit-ulcinj.com\/blog\/2012\/01\/10\/dritan-abazoviqi-po-krijohet-fryma-per-partine-e-re\/#breadcrumb\",\"itemListElement\":[{\"@type\":\"ListItem\",\"position\":1,\"name\":\"Dritan Abazoviqi: Po krijohet fryma p\u00ebr partin\u00eb e re\"}]},{\"@type\":\"Person\",\"@id\":\"https:\/\/www.visit-ulcinj.com\/blog\/#\/schema\/person\/dcab619c614d3038751c63bc2aadc06d\",\"name\":\"ulqini\",\"sameAs\":[\"http:\/\/www.visit-ulcinj.com\"],\"url\":\"https:\/\/www.visit-ulcinj.com\/blog\/author\/admin\/\"}]}<\/script>\n<!-- \/ Yoast SEO plugin. -->","yoast_head_json":{"title":"Dritan Abazoviqi: Po krijohet fryma p\u00ebr partin\u00eb e re - Lajme nga Ulqini","description":"Mal t\u00eb Zi s\u00eb shpejti do t\u00eb krijohet Partia e re. Partia e re pritet t\u00eb zyrtarizohet nga fundi i muajit mars 2012. Njoftimi \u00ebsht\u00eb b\u00ebr\u00eb n\u00eb gazeten e","robots":{"index":"index","follow":"follow","max-snippet":"max-snippet:-1","max-image-preview":"max-image-preview:large","max-video-preview":"max-video-preview:-1"},"canonical":"https:\/\/www.visit-ulcinj.com\/blog\/2012\/01\/10\/dritan-abazoviqi-po-krijohet-fryma-per-partine-e-re\/","og_locale":"en_US","og_type":"article","og_title":"Dritan Abazoviqi: Po krijohet fryma p\u00ebr partin\u00eb e re - Lajme nga Ulqini","og_description":"Mal t\u00eb Zi s\u00eb shpejti do t\u00eb krijohet Partia e re. Partia e re pritet t\u00eb zyrtarizohet nga fundi i muajit mars 2012. Njoftimi \u00ebsht\u00eb b\u00ebr\u00eb n\u00eb gazeten e","og_url":"https:\/\/www.visit-ulcinj.com\/blog\/2012\/01\/10\/dritan-abazoviqi-po-krijohet-fryma-per-partine-e-re\/","og_site_name":"Lajme nga Ulqini","article_published_time":"2012-01-10T19:03:09+00:00","article_modified_time":"2012-01-12T13:18:31+00:00","og_image":[{"url":"http:\/\/www.visit-ulcinj.com\/blog\/wp-content\/uploads\/2012\/01\/EMISIONI-PIRAMIDA_TV-VIJESTI.jpg"}],"twitter_misc":{"Written by":"ulqini","Est. reading time":"1 minute"},"schema":{"@context":"https:\/\/schema.org","@graph":[{"@type":"WebSite","@id":"https:\/\/www.visit-ulcinj.com\/blog\/#website","url":"https:\/\/www.visit-ulcinj.com\/blog\/","name":"Lajme nga Ulqini","description":"Lajme,Vijesti,Ulqini,Ulqin,Crna Gora,Mali i Zi","potentialAction":[{"@type":"SearchAction","target":{"@type":"EntryPoint","urlTemplate":"https:\/\/www.visit-ulcinj.com\/blog\/?s={search_term_string}"},"query-input":"required name=search_term_string"}],"inLanguage":"en-US"},{"@type":"ImageObject","inLanguage":"en-US","@id":"https:\/\/www.visit-ulcinj.com\/blog\/2012\/01\/10\/dritan-abazoviqi-po-krijohet-fryma-per-partine-e-re\/#primaryimage","url":"https:\/\/www.visit-ulcinj.com\/blog\/wp-content\/uploads\/2012\/01\/EMISIONI-PIRAMIDA_TV-VIJESTI.jpg","contentUrl":"https:\/\/www.visit-ulcinj.com\/blog\/wp-content\/uploads\/2012\/01\/EMISIONI-PIRAMIDA_TV-VIJESTI.jpg","width":"960","height":"533"},{"@type":"WebPage","@id":"https:\/\/www.visit-ulcinj.com\/blog\/2012\/01\/10\/dritan-abazoviqi-po-krijohet-fryma-per-partine-e-re\/#webpage","url":"https:\/\/www.visit-ulcinj.com\/blog\/2012\/01\/10\/dritan-abazoviqi-po-krijohet-fryma-per-partine-e-re\/","name":"Dritan Abazoviqi: Po krijohet fryma p\u00ebr partin\u00eb e re - Lajme nga Ulqini","isPartOf":{"@id":"https:\/\/www.visit-ulcinj.com\/blog\/#website"},"primaryImageOfPage":{"@id":"https:\/\/www.visit-ulcinj.com\/blog\/2012\/01\/10\/dritan-abazoviqi-po-krijohet-fryma-per-partine-e-re\/#primaryimage"},"datePublished":"2012-01-10T19:03:09+00:00","dateModified":"2012-01-12T13:18:31+00:00","author":{"@id":"https:\/\/www.visit-ulcinj.com\/blog\/#\/schema\/person\/dcab619c614d3038751c63bc2aadc06d"},"description":"Mal t\u00eb Zi s\u00eb shpejti do t\u00eb krijohet Partia e re. Partia e re pritet t\u00eb zyrtarizohet nga fundi i muajit mars 2012. Njoftimi \u00ebsht\u00eb b\u00ebr\u00eb n\u00eb gazeten e","breadcrumb":{"@id":"https:\/\/www.visit-ulcinj.com\/blog\/2012\/01\/10\/dritan-abazoviqi-po-krijohet-fryma-per-partine-e-re\/#breadcrumb"},"inLanguage":"en-US","potentialAction":[{"@type":"ReadAction","target":["https:\/\/www.visit-ulcinj.com\/blog\/2012\/01\/10\/dritan-abazoviqi-po-krijohet-fryma-per-partine-e-re\/"]}]},{"@type":"BreadcrumbList","@id":"https:\/\/www.visit-ulcinj.com\/blog\/2012\/01\/10\/dritan-abazoviqi-po-krijohet-fryma-per-partine-e-re\/#breadcrumb","itemListElement":[{"@type":"ListItem","position":1,"name":"Dritan Abazoviqi: Po krijohet fryma p\u00ebr partin\u00eb e re"}]},{"@type":"Person","@id":"https:\/\/www.visit-ulcinj.com\/blog\/#\/schema\/person\/dcab619c614d3038751c63bc2aadc06d","name":"ulqini","sameAs":["http:\/\/www.visit-ulcinj.com"],"url":"https:\/\/www.visit-ulcinj.com\/blog\/author\/admin\/"}]}},"jetpack_featured_media_url":"","jetpack_sharing_enabled":true,"jetpack_shortlink":"https:\/\/wp.me\/pe6lTn-evM","_links":{"self":[{"href":"https:\/\/www.visit-ulcinj.com\/blog\/wp-json\/wp\/v2\/posts\/55786"}],"collection":[{"href":"https:\/\/www.visit-ulcinj.com\/blog\/wp-json\/wp\/v2\/posts"}],"about":[{"href":"https:\/\/www.visit-ulcinj.com\/blog\/wp-json\/wp\/v2\/types\/post"}],"author":[{"embeddable":true,"href":"https:\/\/www.visit-ulcinj.com\/blog\/wp-json\/wp\/v2\/users\/1"}],"replies":[{"embeddable":true,"href":"https:\/\/www.visit-ulcinj.com\/blog\/wp-json\/wp\/v2\/comments?post=55786"}],"version-history":[{"count":6,"href":"https:\/\/www.visit-ulcinj.com\/blog\/wp-json\/wp\/v2\/posts\/55786\/revisions"}],"predecessor-version":[{"id":55901,"href":"https:\/\/www.visit-ulcinj.com\/blog\/wp-json\/wp\/v2\/posts\/55786\/revisions\/55901"}],"wp:attachment":[{"href":"https:\/\/www.visit-ulcinj.com\/blog\/wp-json\/wp\/v2\/media?parent=55786"}],"wp:term":[{"taxonomy":"category","embeddable":true,"href":"https:\/\/www.visit-ulcinj.com\/blog\/wp-json\/wp\/v2\/categories?post=55786"},{"taxonomy":"post_tag","embeddable":true,"href":"https:\/\/www.visit-ulcinj.com\/blog\/wp-json\/wp\/v2\/tags?post=55786"}],"curies":[{"name":"wp","href":"https:\/\/api.w.org\/{rel}","templated":true}]}}