{"id":55798,"date":"2012-01-10T20:48:26","date_gmt":"2012-01-10T19:48:26","guid":{"rendered":"http:\/\/www.visit-ulcinj.com\/blog\/?p=55798"},"modified":"2012-01-10T20:49:15","modified_gmt":"2012-01-10T19:49:15","slug":"kengetare-me-masteradelina-emini","status":"publish","type":"post","link":"https:\/\/www.visit-ulcinj.com\/blog\/2012\/01\/10\/kengetare-me-masteradelina-emini\/","title":{"rendered":"K\u00ebng\u00ebtare me master,Adelina Emini"},"content":{"rendered":"<p><a href=\"http:\/\/www.visit-ulcinj.com\/blog\/?attachment_id=55800\" rel=\"attachment wp-att-55800\"><img loading=\"lazy\" class=\"alignleft size-full wp-image-55800\" title=\"K\u00ebng\u00ebtare me master,Adelina Emini\" src=\"http:\/\/www.visit-ulcinj.com\/blog\/wp-content\/uploads\/2012\/01\/K\u00ebng\u00ebtare-me-masterAdelina-Emini.jpg\" alt=\"\" width=\"350\" height=\"450\" \/><\/a><strong>K\u00ebng\u00ebtarja Adelina Emini, pos k\u00ebng\u00ebs, pritet q\u00eb gjat\u00eb janarit t\u00eb magjistroj\u00eb n\u00eb ekonomi. Ajo editoi klipin \u201cB\u00ebhu burr\u00eb\u201d para festave t\u00eb fundvitit 2011, p\u00ebrderisa paralajm\u00ebron edhe album gjat\u00eb k\u00ebtij vit. Adelina Emini flet p\u00ebr Express.<\/strong><\/p>\n<p>K\u00ebng\u00ebtarja Adelina Emini, n\u00eb nj\u00eb bised\u00eb p\u00ebr Gazet\u00ebn Express, ka shpalosur planet e saj p\u00ebr t\u00eb ardhmen si k\u00ebng\u00ebtare, p\u00ebrderisa ka th\u00ebn\u00eb se pos profesionit si k\u00ebng\u00ebtare, do t\u00eb vazhdoj\u00eb t\u00eb merret edhe me profesionin e ekonomistes, n\u00eb \u00e7\u2019drejtim edhe do t\u00eb magjistroj\u00eb gjat\u00eb janarit.<br \/>\nK\u00ebng\u00ebtarja thot\u00eb se klipi i saj i fundit \u201cB\u00ebhu burr\u00eb\u201d ka dal\u00eb nj\u00eb klip shum\u00eb i mir\u00eb dhe i shk\u00eblqyesh\u00ebm.<br \/>\n\u201c\u00cbsht\u00eb nj\u00eb klip i realizuar ashtu si\u00e7 kam d\u00ebshiruar, duke ju fal\u00ebnderuar t\u00eb gjith\u00eb njer\u00ebzve q\u00eb kan\u00eb qen\u00eb pjese e saj. P\u00ebr stylingun \u00ebsht\u00eb p\u00ebrkujdesur Enkelejda Shatri, kurse p\u00ebr flok\u00ebt dhe grimin Kaci dhe Sellma. Klipin e ka punuar produksioni Pulla, muzik\u00ebn e ka punuar Genc Prelvukaj se bashku me Astrit Stafen. Teksti \u00ebsht\u00eb shkruar nga Genci\u201d, ka th\u00ebn\u00eb Adelina.<br \/>\nPor, k\u00ebng\u00ebtarja nuk do t\u00eb ndalet vet\u00ebm m\u00eb k\u00ebt\u00eb k\u00ebng\u00eb, pasi n\u00eb vitin 2012 ka edhe plane t\u00eb tjera.<br \/>\n\u201cK\u00ebt\u00eb vit do t\u00eb b\u00ebhet edhe lansimi i albumit tim m\u00eb t\u00eb ri.<\/p>\n<p><a href=\"http:\/\/www.visit-ulcinj.com\/blog\/wp-content\/uploads\/2012\/01\/Adelina-Emini_Genc-Prelvukaj.jpg\"><img loading=\"lazy\" class=\"alignleft  wp-image-55804\" title=\"Adelina Emini_Genc Prelvukaj\" src=\"http:\/\/www.visit-ulcinj.com\/blog\/wp-content\/uploads\/2012\/01\/Adelina-Emini_Genc-Prelvukaj.jpg\" alt=\"\" width=\"350\" height=\"450\" \/><\/a>Producent i k\u00ebtij albumi do t\u00eb jet\u00eb Genc Prelvukaj, p\u00ebrderisa pritet q\u00eb gjat\u00eb vitit t\u00eb ket\u00eb k\u00ebng\u00eb t\u00eb reja t\u00eb stileve dhe zhanreve t\u00eb ndryshme\u201d.<br \/>\nK\u00ebnga e radh\u00ebs?<br \/>\n\u201cNuk e di sepse nuk e kam menduar se cilit stil do t\u2019i takoj\u00eb, por do ta l\u00eb m\u00eb shum\u00eb befasi p\u00ebr publikun\u201d, ka th\u00ebn\u00eb k\u00ebng\u00ebtarja p\u00ebr Express.<br \/>\nAjo thot\u00eb se nuk ka d\u00ebgjuar ndonj\u00eb thashetheme p\u00ebr t\u00eb.<br \/>\n\u201cNuk kam shum\u00eb d\u00ebshir\u00eb q\u00eb t\u00eb flas p\u00ebr jet\u00ebn time private p\u00ebrderisa \u00ebsht\u00eb private\u201d.<br \/>\nAdelina thot\u00eb se gjat\u00eb 2011 \u2013 \u00ebs ka marr\u00eb komplimente shum\u00eb t\u00eb mira dhe se ka qen\u00eb nj\u00eb vit shum\u00eb i suksessh\u00ebm p\u00ebr t\u00eb.<br \/>\nEdhe pse \u00ebsht\u00eb sharmante dhe me ka\u00e7urrelet e saj ka joshur shum\u00eb djem, Adelina vazhdon t\u00eb jet\u00eb \u201csingle\u201d.<br \/>\n\u201cNuk kam shum\u00eb d\u00ebshir\u00eb t\u00eb flas p\u00ebr jet\u00ebn time private\u201d, thot\u00eb ajo.<br \/>\nAdelina thot\u00eb se gjat\u00eb 2011 \u2013 \u00ebs ka marr\u00eb komplimente shum\u00eb t\u00eb mira dhe se ka qen\u00eb nj\u00eb vit shum\u00eb i suksessh\u00ebm p\u00ebr t\u00eb.<br \/>\nNdryshe, Adelina pos si k\u00ebng\u00ebtare ajo \u00ebsht\u00eb edhe nj\u00eb ekonomiste e suksesshme dhe thot\u00eb se gjat\u00eb muajit janar do t\u00eb mbroj tem\u00ebn e magjistratur\u00ebs.<br \/>\nVe\u00e7 k\u00ebsaj k\u00ebng\u00ebtarja edhe punon n\u00eb Radio Televizionin e Kosov\u00ebs, ku thot\u00eb se trajtohet barabart\u00eb me koleg\u00ebt e tjer\u00eb. \u201cKam trajtim t\u00eb barabart\u00eb m\u00eb t\u00eb gjith\u00eb koleg\u00ebt e tjer\u00eb n\u00eb televizion, pavar\u00ebsisht s\u00eb punoi n\u00eb RTK\u201d, thot\u00eb k\u00ebng\u00ebtarja.<\/p>\n<!--YouTube Error: bad URL entered-->\n","protected":false},"excerpt":{"rendered":"<p>K\u00ebng\u00ebtarja Adelina Emini, pos k\u00ebng\u00ebs, pritet q\u00eb gjat\u00eb janarit t\u00eb magjistroj\u00eb n\u00eb ekonomi. Ajo editoi klipin \u201cB\u00ebhu burr\u00eb\u201d para festave t\u00eb fundvitit 2011, p\u00ebrderisa paralajm\u00ebron edhe album gjat\u00eb k\u00ebtij vit. Adelina Emini flet p\u00ebr Express. K\u00ebng\u00ebtarja Adelina Emini, n\u00eb nj\u00eb bised\u00eb p\u00ebr Gazet\u00ebn Express, ka shpalosur planet e saj p\u00ebr t\u00eb ardhmen si k\u00ebng\u00ebtare, p\u00ebrderisa [&hellip;]<\/p>\n","protected":false},"author":1,"featured_media":0,"comment_status":"open","ping_status":"closed","sticky":false,"template":"","format":"standard","meta":{"spay_email":"","jetpack_publicize_message":"","jetpack_is_tweetstorm":false,"jetpack_publicize_feature_enabled":true},"categories":[1],"tags":[17016,6045],"jetpack_publicize_connections":[],"yoast_head":"<!-- This site is optimized with the Yoast SEO plugin v19.1 - https:\/\/yoast.com\/wordpress\/plugins\/seo\/ -->\n<title>K\u00ebng\u00ebtare me master,Adelina Emini - Lajme nga Ulqini<\/title>\n<meta name=\"description\" content=\"K\u00ebng\u00ebtarja Adelina Emini, pos k\u00ebng\u00ebs, pritet q\u00eb gjat\u00eb janarit t\u00eb magjistroj\u00eb n\u00eb ekonomi. Ajo editoi klipin \u201cB\u00ebhu burr\u00eb\u201d para festave t\u00eb fundvitit 2011,\" \/>\n<meta name=\"robots\" content=\"index, follow, max-snippet:-1, max-image-preview:large, max-video-preview:-1\" \/>\n<link rel=\"canonical\" href=\"https:\/\/www.visit-ulcinj.com\/blog\/2012\/01\/10\/kengetare-me-masteradelina-emini\/\" \/>\n<meta property=\"og:locale\" content=\"en_US\" \/>\n<meta property=\"og:type\" content=\"article\" \/>\n<meta property=\"og:title\" content=\"K\u00ebng\u00ebtare me master,Adelina Emini - Lajme nga Ulqini\" \/>\n<meta property=\"og:description\" content=\"K\u00ebng\u00ebtarja Adelina Emini, pos k\u00ebng\u00ebs, pritet q\u00eb gjat\u00eb janarit t\u00eb magjistroj\u00eb n\u00eb ekonomi. Ajo editoi klipin \u201cB\u00ebhu burr\u00eb\u201d para festave t\u00eb fundvitit 2011,\" \/>\n<meta property=\"og:url\" content=\"https:\/\/www.visit-ulcinj.com\/blog\/2012\/01\/10\/kengetare-me-masteradelina-emini\/\" \/>\n<meta property=\"og:site_name\" content=\"Lajme nga Ulqini\" \/>\n<meta property=\"article:published_time\" content=\"2012-01-10T19:48:26+00:00\" \/>\n<meta property=\"article:modified_time\" content=\"2012-01-10T19:49:15+00:00\" \/>\n<meta property=\"og:image\" content=\"http:\/\/www.visit-ulcinj.com\/blog\/wp-content\/uploads\/2012\/01\/Adelina-Emini_Genc-Prelvukaj.jpg\" \/>\n<meta name=\"twitter:label1\" content=\"Written by\" \/>\n\t<meta name=\"twitter:data1\" content=\"ulqini\" \/>\n\t<meta name=\"twitter:label2\" content=\"Est. reading time\" \/>\n\t<meta name=\"twitter:data2\" content=\"2 minutes\" \/>\n<script type=\"application\/ld+json\" class=\"yoast-schema-graph\">{\"@context\":\"https:\/\/schema.org\",\"@graph\":[{\"@type\":\"WebSite\",\"@id\":\"https:\/\/www.visit-ulcinj.com\/blog\/#website\",\"url\":\"https:\/\/www.visit-ulcinj.com\/blog\/\",\"name\":\"Lajme nga Ulqini\",\"description\":\"Lajme,Vijesti,Ulqini,Ulqin,Crna Gora,Mali i Zi\",\"potentialAction\":[{\"@type\":\"SearchAction\",\"target\":{\"@type\":\"EntryPoint\",\"urlTemplate\":\"https:\/\/www.visit-ulcinj.com\/blog\/?s={search_term_string}\"},\"query-input\":\"required name=search_term_string\"}],\"inLanguage\":\"en-US\"},{\"@type\":\"ImageObject\",\"inLanguage\":\"en-US\",\"@id\":\"https:\/\/www.visit-ulcinj.com\/blog\/2012\/01\/10\/kengetare-me-masteradelina-emini\/#primaryimage\",\"url\":\"http:\/\/www.visit-ulcinj.com\/blog\/wp-content\/uploads\/2012\/01\/Adelina-Emini_Genc-Prelvukaj.jpg\",\"contentUrl\":\"http:\/\/www.visit-ulcinj.com\/blog\/wp-content\/uploads\/2012\/01\/Adelina-Emini_Genc-Prelvukaj.jpg\"},{\"@type\":\"WebPage\",\"@id\":\"https:\/\/www.visit-ulcinj.com\/blog\/2012\/01\/10\/kengetare-me-masteradelina-emini\/#webpage\",\"url\":\"https:\/\/www.visit-ulcinj.com\/blog\/2012\/01\/10\/kengetare-me-masteradelina-emini\/\",\"name\":\"K\u00ebng\u00ebtare me master,Adelina Emini - Lajme nga Ulqini\",\"isPartOf\":{\"@id\":\"https:\/\/www.visit-ulcinj.com\/blog\/#website\"},\"primaryImageOfPage\":{\"@id\":\"https:\/\/www.visit-ulcinj.com\/blog\/2012\/01\/10\/kengetare-me-masteradelina-emini\/#primaryimage\"},\"datePublished\":\"2012-01-10T19:48:26+00:00\",\"dateModified\":\"2012-01-10T19:49:15+00:00\",\"author\":{\"@id\":\"https:\/\/www.visit-ulcinj.com\/blog\/#\/schema\/person\/dcab619c614d3038751c63bc2aadc06d\"},\"description\":\"K\u00ebng\u00ebtarja Adelina Emini, pos k\u00ebng\u00ebs, pritet q\u00eb gjat\u00eb janarit t\u00eb magjistroj\u00eb n\u00eb ekonomi. Ajo editoi klipin \u201cB\u00ebhu burr\u00eb\u201d para festave t\u00eb fundvitit 2011,\",\"breadcrumb\":{\"@id\":\"https:\/\/www.visit-ulcinj.com\/blog\/2012\/01\/10\/kengetare-me-masteradelina-emini\/#breadcrumb\"},\"inLanguage\":\"en-US\",\"potentialAction\":[{\"@type\":\"ReadAction\",\"target\":[\"https:\/\/www.visit-ulcinj.com\/blog\/2012\/01\/10\/kengetare-me-masteradelina-emini\/\"]}]},{\"@type\":\"BreadcrumbList\",\"@id\":\"https:\/\/www.visit-ulcinj.com\/blog\/2012\/01\/10\/kengetare-me-masteradelina-emini\/#breadcrumb\",\"itemListElement\":[{\"@type\":\"ListItem\",\"position\":1,\"name\":\"K\u00ebng\u00ebtare me master,Adelina Emini\"}]},{\"@type\":\"Person\",\"@id\":\"https:\/\/www.visit-ulcinj.com\/blog\/#\/schema\/person\/dcab619c614d3038751c63bc2aadc06d\",\"name\":\"ulqini\",\"sameAs\":[\"http:\/\/www.visit-ulcinj.com\"],\"url\":\"https:\/\/www.visit-ulcinj.com\/blog\/author\/admin\/\"}]}<\/script>\n<!-- \/ Yoast SEO plugin. -->","yoast_head_json":{"title":"K\u00ebng\u00ebtare me master,Adelina Emini - Lajme nga Ulqini","description":"K\u00ebng\u00ebtarja Adelina Emini, pos k\u00ebng\u00ebs, pritet q\u00eb gjat\u00eb janarit t\u00eb magjistroj\u00eb n\u00eb ekonomi. Ajo editoi klipin \u201cB\u00ebhu burr\u00eb\u201d para festave t\u00eb fundvitit 2011,","robots":{"index":"index","follow":"follow","max-snippet":"max-snippet:-1","max-image-preview":"max-image-preview:large","max-video-preview":"max-video-preview:-1"},"canonical":"https:\/\/www.visit-ulcinj.com\/blog\/2012\/01\/10\/kengetare-me-masteradelina-emini\/","og_locale":"en_US","og_type":"article","og_title":"K\u00ebng\u00ebtare me master,Adelina Emini - Lajme nga Ulqini","og_description":"K\u00ebng\u00ebtarja Adelina Emini, pos k\u00ebng\u00ebs, pritet q\u00eb gjat\u00eb janarit t\u00eb magjistroj\u00eb n\u00eb ekonomi. Ajo editoi klipin \u201cB\u00ebhu burr\u00eb\u201d para festave t\u00eb fundvitit 2011,","og_url":"https:\/\/www.visit-ulcinj.com\/blog\/2012\/01\/10\/kengetare-me-masteradelina-emini\/","og_site_name":"Lajme nga Ulqini","article_published_time":"2012-01-10T19:48:26+00:00","article_modified_time":"2012-01-10T19:49:15+00:00","og_image":[{"url":"http:\/\/www.visit-ulcinj.com\/blog\/wp-content\/uploads\/2012\/01\/Adelina-Emini_Genc-Prelvukaj.jpg"}],"twitter_misc":{"Written by":"ulqini","Est. reading time":"2 minutes"},"schema":{"@context":"https:\/\/schema.org","@graph":[{"@type":"WebSite","@id":"https:\/\/www.visit-ulcinj.com\/blog\/#website","url":"https:\/\/www.visit-ulcinj.com\/blog\/","name":"Lajme nga Ulqini","description":"Lajme,Vijesti,Ulqini,Ulqin,Crna Gora,Mali i Zi","potentialAction":[{"@type":"SearchAction","target":{"@type":"EntryPoint","urlTemplate":"https:\/\/www.visit-ulcinj.com\/blog\/?s={search_term_string}"},"query-input":"required name=search_term_string"}],"inLanguage":"en-US"},{"@type":"ImageObject","inLanguage":"en-US","@id":"https:\/\/www.visit-ulcinj.com\/blog\/2012\/01\/10\/kengetare-me-masteradelina-emini\/#primaryimage","url":"http:\/\/www.visit-ulcinj.com\/blog\/wp-content\/uploads\/2012\/01\/Adelina-Emini_Genc-Prelvukaj.jpg","contentUrl":"http:\/\/www.visit-ulcinj.com\/blog\/wp-content\/uploads\/2012\/01\/Adelina-Emini_Genc-Prelvukaj.jpg"},{"@type":"WebPage","@id":"https:\/\/www.visit-ulcinj.com\/blog\/2012\/01\/10\/kengetare-me-masteradelina-emini\/#webpage","url":"https:\/\/www.visit-ulcinj.com\/blog\/2012\/01\/10\/kengetare-me-masteradelina-emini\/","name":"K\u00ebng\u00ebtare me master,Adelina Emini - Lajme nga Ulqini","isPartOf":{"@id":"https:\/\/www.visit-ulcinj.com\/blog\/#website"},"primaryImageOfPage":{"@id":"https:\/\/www.visit-ulcinj.com\/blog\/2012\/01\/10\/kengetare-me-masteradelina-emini\/#primaryimage"},"datePublished":"2012-01-10T19:48:26+00:00","dateModified":"2012-01-10T19:49:15+00:00","author":{"@id":"https:\/\/www.visit-ulcinj.com\/blog\/#\/schema\/person\/dcab619c614d3038751c63bc2aadc06d"},"description":"K\u00ebng\u00ebtarja Adelina Emini, pos k\u00ebng\u00ebs, pritet q\u00eb gjat\u00eb janarit t\u00eb magjistroj\u00eb n\u00eb ekonomi. Ajo editoi klipin \u201cB\u00ebhu burr\u00eb\u201d para festave t\u00eb fundvitit 2011,","breadcrumb":{"@id":"https:\/\/www.visit-ulcinj.com\/blog\/2012\/01\/10\/kengetare-me-masteradelina-emini\/#breadcrumb"},"inLanguage":"en-US","potentialAction":[{"@type":"ReadAction","target":["https:\/\/www.visit-ulcinj.com\/blog\/2012\/01\/10\/kengetare-me-masteradelina-emini\/"]}]},{"@type":"BreadcrumbList","@id":"https:\/\/www.visit-ulcinj.com\/blog\/2012\/01\/10\/kengetare-me-masteradelina-emini\/#breadcrumb","itemListElement":[{"@type":"ListItem","position":1,"name":"K\u00ebng\u00ebtare me master,Adelina Emini"}]},{"@type":"Person","@id":"https:\/\/www.visit-ulcinj.com\/blog\/#\/schema\/person\/dcab619c614d3038751c63bc2aadc06d","name":"ulqini","sameAs":["http:\/\/www.visit-ulcinj.com"],"url":"https:\/\/www.visit-ulcinj.com\/blog\/author\/admin\/"}]}},"jetpack_featured_media_url":"","jetpack_sharing_enabled":true,"jetpack_shortlink":"https:\/\/wp.me\/pe6lTn-evY","_links":{"self":[{"href":"https:\/\/www.visit-ulcinj.com\/blog\/wp-json\/wp\/v2\/posts\/55798"}],"collection":[{"href":"https:\/\/www.visit-ulcinj.com\/blog\/wp-json\/wp\/v2\/posts"}],"about":[{"href":"https:\/\/www.visit-ulcinj.com\/blog\/wp-json\/wp\/v2\/types\/post"}],"author":[{"embeddable":true,"href":"https:\/\/www.visit-ulcinj.com\/blog\/wp-json\/wp\/v2\/users\/1"}],"replies":[{"embeddable":true,"href":"https:\/\/www.visit-ulcinj.com\/blog\/wp-json\/wp\/v2\/comments?post=55798"}],"version-history":[{"count":3,"href":"https:\/\/www.visit-ulcinj.com\/blog\/wp-json\/wp\/v2\/posts\/55798\/revisions"}],"predecessor-version":[{"id":55806,"href":"https:\/\/www.visit-ulcinj.com\/blog\/wp-json\/wp\/v2\/posts\/55798\/revisions\/55806"}],"wp:attachment":[{"href":"https:\/\/www.visit-ulcinj.com\/blog\/wp-json\/wp\/v2\/media?parent=55798"}],"wp:term":[{"taxonomy":"category","embeddable":true,"href":"https:\/\/www.visit-ulcinj.com\/blog\/wp-json\/wp\/v2\/categories?post=55798"},{"taxonomy":"post_tag","embeddable":true,"href":"https:\/\/www.visit-ulcinj.com\/blog\/wp-json\/wp\/v2\/tags?post=55798"}],"curies":[{"name":"wp","href":"https:\/\/api.w.org\/{rel}","templated":true}]}}