{"id":55822,"date":"2012-01-10T21:17:38","date_gmt":"2012-01-10T20:17:38","guid":{"rendered":"http:\/\/www.visit-ulcinj.com\/blog\/?p=55822"},"modified":"2012-01-10T21:18:14","modified_gmt":"2012-01-10T20:18:14","slug":"fatmira-brecani-i-kam-plotesuar-endrrat","status":"publish","type":"post","link":"https:\/\/www.visit-ulcinj.com\/blog\/2012\/01\/10\/fatmira-brecani-i-kam-plotesuar-endrrat\/","title":{"rendered":"Fatmira Bre\u00e7ani: I kam plot\u00ebsuar \u00ebndrrat"},"content":{"rendered":"<p>Me nj\u00eb z\u00eb kumbues dhe energji n\u00eb sken\u00eb Fatmira Bre\u00e7ani do t\u00eb ngelet nj\u00eb nd\u00ebr k\u00ebng\u00ebtaret m\u00eb t\u00eb spikatura t\u00eb zon\u00ebs s\u00eb veriut. Vokali dhe tekstet e k\u00ebng\u00ebs jan\u00eb n\u00eb harmoni me nj\u00ebra-tjetr\u00ebn. \u00cbsht\u00eb krenare p\u00ebr vendlindjen dhe ka shum\u00eb besim tek vetja dhe tek aft\u00ebsit\u00eb e saj. \u00cbsht\u00eb besnike e k\u00ebng\u00ebs s\u00eb mir\u00ebfillt\u00eb popullore shqiptare.<br \/>\nFamilja \u00ebsht\u00eb shum\u00eb e r\u00ebnd\u00ebsishme p\u00ebr t\u00eb dhe gjen gjithmon\u00eb koh\u00eb p\u00ebr t\u00eb q\u00ebndruar pran\u00eb saj. N\u00eb bised\u00eb nuk harron asnj\u00ebher\u00eb t\u2019i fal\u00ebnderoj\u00eb dhe t\u2019u uroj\u00eb gjith\u00eb t\u00eb mirat e k\u00ebsaj bote.<br \/>\n<a href=\"http:\/\/www.visit-ulcinj.com\/blog\/wp-content\/uploads\/2012\/01\/Fatmira-Brecani.jpg\"><img loading=\"lazy\" class=\"alignleft  wp-image-55829\" title=\"Fatmira Brecani\" src=\"http:\/\/www.visit-ulcinj.com\/blog\/wp-content\/uploads\/2012\/01\/Fatmira-Brecani.jpg\" alt=\"\" width=\"508\" height=\"602\" \/><\/a><\/p>\n<p><strong>Si ishte viti i kaluar p\u00ebr ju?<\/strong><\/p>\n<p>I ngarkuar, me shum\u00eb pun\u00eb, koncerte brenda dhe jasht\u00eb Shqip\u00ebris\u00eb, dasma n\u00eb Kosov\u00eb dhe n\u00eb qytete t\u00eb ndryshme n\u00eb vendin ton\u00eb.<\/p>\n<p><strong>Ku ishit nat\u00ebn e nd\u00ebrrimit t\u00eb viteve?<\/strong><\/p>\n<p>\u00c7do vit kam qen\u00eb n\u00eb aktivitete n\u00eb shtete t\u00eb ndryshme, por k\u00ebt\u00eb vit doja t\u00eb festoja me familjen time. Duke qen\u00eb se prej kat\u00ebr vitesh \u00e7do fundjav\u00eb k\u00ebndoj live tek \u201cMrizi i Zanave\u201d nat\u00ebn e nd\u00ebrrimit t\u00eb viteve e kalova aty, n\u00eb pranin\u00eb e dy dashurive t\u00eb mia t\u00eb m\u00ebdha, familjes dhe k\u00ebng\u00ebs.<\/p>\n<p><strong>N\u00eb sht\u00ebpin\u00eb tuaj erdhi babagjyshi i Vitit t\u00eb Ri?<\/strong><\/p>\n<p>Po, erdhi. Erdhi nga oxhaku, por njihte edhe d\u00ebshirat tona. Na solli t\u00eb gjith\u00ebve nga nj\u00eb parfum. Dhurata m\u00eb e mir\u00eb p\u00ebr ne si familje, t\u00eb gjith\u00eb e p\u00eblqejm\u00eb dhe \u00ebsht\u00eb nd\u00ebr gj\u00ebrat m\u00eb t\u00eb r\u00ebnd\u00ebsishme p\u00ebr ne.<\/p>\n<p><strong>Cila ishte dhurata m\u00eb e mir\u00eb q\u00eb more p\u00ebr Vitin e Ri?<\/strong><\/p>\n<p>E para q\u00eb festova mes familjes dhe e dyta parfumi i zgjedhur nga f\u00ebmij\u00ebt e mi.<\/p>\n<p><strong>Jeni shum\u00eb aktive n\u00eb koncerte brenda dhe jasht\u00eb Shqip\u00ebris\u00eb, por n\u00eb media jeni e distancuar. P\u00ebrse kjo zgjedhje?<\/strong><\/p>\n<p>N\u00eb fakt nuk m\u00eb p\u00eblqen shum\u00eb t\u00eb jem vazhdimisht n\u00eb faqet e para t\u00eb gazetave apo revistave. Kam vite q\u00eb k\u00ebndoj dhe jam e njohur p\u00ebr publikun. Kam shum\u00eb aktivitet dhe koh\u00ebn e lir\u00eb dua q\u00eb ta kaloj me f\u00ebmij\u00ebt e mi.<\/p>\n<p><strong>\u00c7\u2019do t\u00eb thot\u00eb p\u00ebr ty t\u00eb k\u00ebndosh live?<\/strong><\/p>\n<p>T\u00eb k\u00ebndosh live \u00ebsht\u00eb gj\u00ebja m\u00eb e bukur q\u00eb mund t\u00eb b\u00ebj\u00eb nj\u00eb k\u00ebng\u00ebtar. Ka shum\u00eb emocione dhe duartrokitjet e publikut jan\u00eb m\u00eb t\u00eb ngrohta. M\u00eb duket se kur k\u00ebndoj live un\u00eb ua shp\u00ebrblej ato duartrokitje. E ndiej m\u00eb thell\u00eb respektin dhe admirimin e tyre. T\u00eb shkakton nj\u00eb ndjesi t\u00eb k\u00ebndshme t\u00eb dish se gjith\u00eb ata njer\u00ebz kan\u00eb ardhur t\u00eb t\u00eb d\u00ebgjojn\u00eb vet\u00ebm ty. Gjithmon\u00eb kam tentuar t\u00eb k\u00ebndoj live dhe z\u00ebri m\u00eb ka ndihmuar shum\u00eb.<\/p>\n<p><strong>Jeni e ftuar shum\u00eb edhe n\u00eb dasma. \u00c7far\u00eb ndien kur k\u00ebndon n\u00eb dasma?<\/strong><\/p>\n<p>N\u00eb dasma \u00ebsht\u00eb nj\u00eb emocion i ve\u00e7ant\u00eb. Jam p\u00ebrzgjedhur p\u00ebr t\u00eb qen\u00eb n\u00eb dit\u00ebn m\u00eb t\u00eb r\u00ebnd\u00ebsishme t\u00eb nj\u00eb \u00e7ifti. T\u00eb gjith\u00eb t\u00eb kushtojn\u00eb v\u00ebmendje. Momenti m\u00eb i bukur \u00ebsht\u00eb kur un\u00eb k\u00ebndoj dhe \u00e7ifti vallzon.<\/p>\n<p><strong>\u00c7far\u00eb k\u00ebng\u00ebsh k\u00ebndon n\u00eb dasma?<\/strong><\/p>\n<p>K\u00ebndoj k\u00ebng\u00eb t\u00eb krahinave t\u00eb ndryshme. Natyrisht jo vet\u00ebm tropojane. Iu p\u00ebrgjigjem gjithmon\u00eb k\u00ebrkesave t\u00eb publikut dhe t\u00eb dasmor\u00ebve.<\/p>\n<p><strong>N\u00eb diaspor\u00eb merrni pjes\u00eb vazhdimisht n\u00eb koncerte. Cilin koncert do t\u00eb ve\u00e7oje?<\/strong><\/p>\n<p>Do t\u00eb ve\u00e7oja nj\u00eb koncert n\u00eb Zvic\u00ebr i organizuar para shum\u00eb vitesh. Merrnin pjes\u00eb shum\u00eb grupe. Aty fituam vendin e par\u00eb un\u00eb si k\u00ebng\u00ebtare dhe ansambli \u201cDardania\u201d i Tropoj\u00ebs si valltar\u00eb. \u00cbsht\u00eb nj\u00eb moment i paharruar p\u00ebr mua, i cili do t\u00eb ngelet gjat\u00eb n\u00eb kujtes\u00ebn time.<\/p>\n<p><strong>A jan\u00eb t\u00eb m\u00ebrzitshme udh\u00ebtimet p\u00ebr ju?<\/strong><\/p>\n<p>Jan\u00eb t\u00eb m\u00ebrzitshme ngaq\u00eb jan\u00eb shum\u00eb. Udh\u00ebtoj vazhdimisht. Por un\u00eb jam shum\u00eb energjike, dhe jo gjithmon\u00eb m\u00eb lodhin. Secili \u00ebsht\u00eb i ve\u00e7ant\u00eb dhe gjithmon\u00eb kam se \u00e7far\u00eb t\u00eb kujtoj jo vet\u00ebm nga koncertet, por edhe nga udh\u00ebtimet.<\/p>\n<p><strong>Nga repertori juaj muzikor, cil\u00ebn k\u00ebng\u00eb do t\u00eb ve\u00e7onit?<\/strong><\/p>\n<p>Mua n\u00ebse nuk m\u00eb p\u00eblqen nj\u00eb k\u00ebng\u00eb, nuk e b\u00ebj pjes\u00eb t\u00eb repertorit tim. T\u00eb gjitha k\u00ebng\u00ebt e mia m\u00eb p\u00eblqejn\u00eb, por ka edhe disa q\u00eb do t\u2019i ve\u00e7oja si: \u201cE vogla e nan\u00ebs\u201d, \u201cLulkuqja e Gjakov\u00ebs\u201d dhe \u201c\u00c7ik\u00eb e bukur nga Tropoja\u201d.<\/p>\n<p><strong>Gjithmon\u00eb me kostume popullore shfaqeni n\u00eb sken\u00eb. P\u00ebrse?<\/strong><\/p>\n<p>Sepse kostumi \u00ebsht\u00eb shum\u00eb i bukur, i kompletuar dhe i larmish\u00ebm. E p\u00eblqejn\u00eb t\u00eb gjith\u00eb, madje n\u00eb dasma m\u00eb k\u00ebrkojn\u00eb shum\u00eb q\u00eb t\u00eb vesh kostumin popullor t\u00eb zon\u00ebs time.<\/p>\n<p><strong>Do t\u00eb k\u00ebndoni gjithmon\u00eb k\u00ebng\u00ebt e Tropoj\u00ebs?<\/strong><\/p>\n<p>Po. Do t\u00eb vazhdoj t\u00eb k\u00ebndoj k\u00ebng\u00ebt tradicionale, por n\u00eb dasma do t\u00eb k\u00ebndoj k\u00ebng\u00eb t\u00eb t\u00eb gjitha trevave shqiptare.<\/p>\n<p><strong>Keni th\u00ebn\u00eb se Shyrete Beluli \u00ebsht\u00eb k\u00ebng\u00ebtarja juaj e preferuar, vazhdon t\u00eb jet\u00eb akoma?<\/strong><\/p>\n<p>Po, vazhdon t\u00eb jet\u00eb akoma. \u00cbsht\u00eb nj\u00eb njeri shum\u00eb i mir\u00eb dhe e kam shum\u00eb shoqe. M\u00eb p\u00eblqen k\u00ebnga e saj, m\u00ebnyra e t\u00eb k\u00ebnduarit, z\u00ebri\u2026 \u00cbsht\u00eb e mrekullueshme.<\/p>\n<p><strong>\u00c7far\u00eb ju ka befasuar, ju ka l\u00ebn\u00eb pa fjal\u00eb?<\/strong><\/p>\n<p>Nj\u00eb dit\u00eb n\u00eb Tiran\u00eb kur po shkoja p\u00ebr nj\u00eb vizit\u00eb n\u00eb rrug\u00eb kam dh\u00ebn\u00eb 80 autografe, p\u00ebr nj\u00eb or\u00eb. Mbeta e befasuar, por edhe e lumtur megjith\u00ebse u vonova p\u00ebr drek\u00ebn ku isha e ftuar.<\/p>\n<p><strong>Sipas jush, \u00e7far\u00eb duhet t\u00eb ket\u00eb nj\u00eb k\u00ebng\u00ebtare q\u00eb t\u00eb quhet e till\u00eb?<\/strong><\/p>\n<p>Kryesorja \u00ebsht\u00eb z\u00ebri. Pa z\u00eb nuk mund t\u00eb jesh dhe as t\u00eb b\u00ebhesh kurr\u00eb k\u00ebng\u00ebtare, por duhet t\u00eb kesh edhe kultur\u00ebn e t\u00eb k\u00ebnduarit. N\u00ebse nj\u00eb k\u00ebng\u00ebtar nuk k\u00ebndon live, at\u00ebher\u00eb ai nuk \u00ebsht\u00eb k\u00ebng\u00ebtar.<\/p>\n<p><strong>Si alternoni pun\u00ebn me familjen, a gjeni koh\u00eb p\u00ebr t\u00eb dyja?<\/strong><\/p>\n<p>Gjithmon\u00eb gjej koh\u00eb p\u00ebr familjen. E organizoj n\u00eb m\u00ebnyr\u00eb t\u00eb till\u00eb q\u00eb t\u00eb jem gjithnj\u00eb e pranishme p\u00ebr f\u00ebmij\u00ebt e mi.<\/p>\n<p><strong>\u00c7far\u00eb marr\u00ebdh\u00ebnie keni me f\u00ebmij\u00ebt?<\/strong><\/p>\n<p>Ata jan\u00eb rritur tashm\u00eb. Kuptohemi shum\u00eb mir\u00eb me nj\u00ebri-tjetrin. M\u00eb d\u00ebgjojn\u00eb dhe m\u00eb mb\u00ebshtesin. Do t\u00eb b\u00ebja gjith\u00e7ka p\u00ebr ta.<\/p>\n<p><strong>Roli i bashk\u00ebshortit n\u00eb karrier\u00ebn tuaj? A ju ka mb\u00ebshtetur gjithmon\u00eb?<\/strong><\/p>\n<p>Ka qen\u00eb dhe \u00ebsht\u00eb mb\u00ebshtetja ime m\u00eb e madhe. N\u00eb \u00e7do aktivitet m\u00eb shoq\u00ebron, ndihem mir\u00eb n\u00eb pranin\u00eb e tij.<\/p>\n<p>&nbsp;<\/p>\n<p><strong>Cili \u00ebsht\u00eb njeriu m\u00eb i r\u00ebnd\u00ebsish\u00ebm n\u00eb jet\u00ebn tuaj?<\/strong><\/p>\n<p>F\u00ebmij\u00ebt e mi.<\/p>\n<p><strong>Kur ke nevoj\u00eb p\u00ebr mb\u00ebshtetje, kujt i drejtohesh?<\/strong><\/p>\n<p>Bashk\u00ebshortit. Ai \u00ebsht\u00eb gjithmon\u00eb pran\u00eb meje dhe m\u00eb p\u00ebrkrah n\u00eb \u00e7do gj\u00eb q\u00eb b\u00ebj.<\/p>\n<p><strong>Gjat\u00eb jet\u00ebs tuaj \u00e7far\u00eb ju ka ngelur peng?<\/strong><\/p>\n<p>Nuk kam ndonj\u00eb peng. \u00c7do gj\u00eb q\u00eb kam dashur e kam arritur. Kam dashur t\u00eb b\u00ebhem k\u00ebng\u00ebtare, jam b\u00ebr\u00eb, kam dashur t\u00eb realizoj nj\u00eb recital dhe e kam realizuar\u2026<\/p>\n<p><strong>A ke nj\u00eb \u00ebnd\u00ebrr?<\/strong><\/p>\n<p>\u00cbndrra ime e vetme dhe m\u00eb e madhja ka qen\u00eb muzika dhe e kam realizuar. Dikur kam pasur shum\u00eb \u00ebndrra, nd\u00ebrsa tani pash\u00eb n\u00eb sirtar dhe nuk kishte asgj\u00eb, ishte bosh! (qesh) Ndoshta do t\u00eb kem n\u00eb t\u00eb ardhmen.<\/p>\n<p><strong>Cilat jan\u00eb planet tuaja p\u00ebr k\u00ebt\u00eb vit?<\/strong><\/p>\n<p>Do t\u00eb realizoj dy k\u00ebng\u00eb, nj\u00eb e p\u00ebrpunuar dhe nj\u00eb k\u00ebng\u00eb t\u00eb re. Sigurisht koncerte brenda dhe jasht\u00eb vendit. Nd\u00ebrsa muajt e ver\u00ebs, korrik dhe gusht, q\u00eb tani i kam t\u00eb z\u00ebn\u00eb me dasma n\u00eb Kosov\u00eb dhe Shqip\u00ebri.<\/p>\n<p><strong>Po ndonj\u00eb bashk\u00ebpunim do t\u00eb realizoni?<\/strong><\/p>\n<p>Do t\u00eb realizoj nj\u00eb bashk\u00ebpunim me Sinan Vllasaliun, i cili p\u00ebr mua \u00ebsht\u00eb k\u00ebng\u00ebtari m\u00eb i mir\u00eb mashkull.<\/p>\n<p><strong>Cila \u00ebsht\u00eb ajo gj\u00eb q\u00eb t\u00eb bezdis pa mas\u00eb?<\/strong><\/p>\n<p>Kur dikush m\u00eb prek makiazhet dhe parfumin.<\/p>\n<p><strong>N\u00ebse do ta kthenit koh\u00ebn pas \u00e7far\u00eb do t\u00eb ndryshonit n\u00eb jet\u00ebn tuaj?<\/strong><\/p>\n<p>Do t\u2019i kushoja m\u00eb shum\u00eb koh\u00eb vetes. Gjithmon\u00eb jam kujdesur p\u00ebr gjith\u00e7ka dhe e kam l\u00ebn\u00eb pas dore veten.<\/p>\n<p><strong>Cila \u00ebsht\u00eb motoja juaj?<\/strong><\/p>\n<p>Dua t\u00eb shoh dhe t\u00eb d\u00ebgjoj mir\u00eb p\u00ebr t\u00eb gjith\u00eb.<\/p>\n<p><strong>\u00c7far\u00eb mesazhi do t\u2019u jepni dashamir\u00ebsve?<\/strong><\/p>\n<p>Kam shum\u00eb dashamir\u00ebs. Familjes sime, v\u00ebllez\u00ebrve, motrave dhe fansave t\u00eb mi u uroj gjith\u00eb t\u00eb mirat e k\u00ebsaj bote.<\/p>\n<p><strong>Albina Hoxha Gazeta Shekulli<\/strong><\/p>\n<!--YouTube Error: bad URL entered-->\n","protected":false},"excerpt":{"rendered":"<p>Me nj\u00eb z\u00eb kumbues dhe energji n\u00eb sken\u00eb Fatmira Bre\u00e7ani do t\u00eb ngelet nj\u00eb nd\u00ebr k\u00ebng\u00ebtaret m\u00eb t\u00eb spikatura t\u00eb zon\u00ebs s\u00eb veriut. Vokali dhe tekstet e k\u00ebng\u00ebs jan\u00eb n\u00eb harmoni me nj\u00ebra-tjetr\u00ebn. \u00cbsht\u00eb krenare p\u00ebr vendlindjen dhe ka shum\u00eb besim tek vetja dhe tek aft\u00ebsit\u00eb e saj. \u00cbsht\u00eb besnike e k\u00ebng\u00ebs s\u00eb mir\u00ebfillt\u00eb popullore [&hellip;]<\/p>\n","protected":false},"author":1,"featured_media":0,"comment_status":"open","ping_status":"closed","sticky":false,"template":"","format":"standard","meta":{"spay_email":"","jetpack_publicize_message":"","jetpack_is_tweetstorm":false,"jetpack_publicize_feature_enabled":true},"categories":[1],"tags":[19677,19836,8966,19514,19511,19460],"jetpack_publicize_connections":[],"yoast_head":"<!-- This site is optimized with the Yoast SEO plugin v19.1 - https:\/\/yoast.com\/wordpress\/plugins\/seo\/ -->\n<title>Fatmira Bre\u00e7ani: I kam plot\u00ebsuar \u00ebndrrat - Lajme nga Ulqini<\/title>\n<meta name=\"description\" content=\"Me nj\u00eb z\u00eb kumbues dhe energji n\u00eb sken\u00eb Fatmira Bre\u00e7ani do t\u00eb ngelet nj\u00eb nd\u00ebr k\u00ebng\u00ebtaret m\u00eb t\u00eb spikatura t\u00eb zon\u00ebs s\u00eb veriut. Vokali dhe tekstet e k\u00ebng\u00ebs\" \/>\n<meta name=\"robots\" content=\"index, follow, max-snippet:-1, max-image-preview:large, max-video-preview:-1\" \/>\n<link rel=\"canonical\" href=\"https:\/\/www.visit-ulcinj.com\/blog\/2012\/01\/10\/fatmira-brecani-i-kam-plotesuar-endrrat\/\" \/>\n<meta property=\"og:locale\" content=\"en_US\" \/>\n<meta property=\"og:type\" content=\"article\" \/>\n<meta property=\"og:title\" content=\"Fatmira Bre\u00e7ani: I kam plot\u00ebsuar \u00ebndrrat - Lajme nga Ulqini\" \/>\n<meta property=\"og:description\" content=\"Me nj\u00eb z\u00eb kumbues dhe energji n\u00eb sken\u00eb Fatmira Bre\u00e7ani do t\u00eb ngelet nj\u00eb nd\u00ebr k\u00ebng\u00ebtaret m\u00eb t\u00eb spikatura t\u00eb zon\u00ebs s\u00eb veriut. Vokali dhe tekstet e k\u00ebng\u00ebs\" \/>\n<meta property=\"og:url\" content=\"https:\/\/www.visit-ulcinj.com\/blog\/2012\/01\/10\/fatmira-brecani-i-kam-plotesuar-endrrat\/\" \/>\n<meta property=\"og:site_name\" content=\"Lajme nga Ulqini\" \/>\n<meta property=\"article:published_time\" content=\"2012-01-10T20:17:38+00:00\" \/>\n<meta property=\"article:modified_time\" content=\"2012-01-10T20:18:14+00:00\" \/>\n<meta property=\"og:image\" content=\"http:\/\/www.visit-ulcinj.com\/blog\/wp-content\/uploads\/2012\/01\/Fatmira-Brecani.jpg\" \/>\n<meta name=\"twitter:label1\" content=\"Written by\" \/>\n\t<meta name=\"twitter:data1\" content=\"ulqini\" \/>\n\t<meta name=\"twitter:label2\" content=\"Est. reading time\" \/>\n\t<meta name=\"twitter:data2\" content=\"7 minutes\" \/>\n<script type=\"application\/ld+json\" class=\"yoast-schema-graph\">{\"@context\":\"https:\/\/schema.org\",\"@graph\":[{\"@type\":\"WebSite\",\"@id\":\"https:\/\/www.visit-ulcinj.com\/blog\/#website\",\"url\":\"https:\/\/www.visit-ulcinj.com\/blog\/\",\"name\":\"Lajme nga Ulqini\",\"description\":\"Lajme,Vijesti,Ulqini,Ulqin,Crna Gora,Mali i Zi\",\"potentialAction\":[{\"@type\":\"SearchAction\",\"target\":{\"@type\":\"EntryPoint\",\"urlTemplate\":\"https:\/\/www.visit-ulcinj.com\/blog\/?s={search_term_string}\"},\"query-input\":\"required name=search_term_string\"}],\"inLanguage\":\"en-US\"},{\"@type\":\"ImageObject\",\"inLanguage\":\"en-US\",\"@id\":\"https:\/\/www.visit-ulcinj.com\/blog\/2012\/01\/10\/fatmira-brecani-i-kam-plotesuar-endrrat\/#primaryimage\",\"url\":\"https:\/\/www.visit-ulcinj.com\/blog\/wp-content\/uploads\/2012\/01\/Fatmira-Brecani.jpg\",\"contentUrl\":\"https:\/\/www.visit-ulcinj.com\/blog\/wp-content\/uploads\/2012\/01\/Fatmira-Brecani.jpg\",\"width\":\"560\",\"height\":\"602\"},{\"@type\":\"WebPage\",\"@id\":\"https:\/\/www.visit-ulcinj.com\/blog\/2012\/01\/10\/fatmira-brecani-i-kam-plotesuar-endrrat\/#webpage\",\"url\":\"https:\/\/www.visit-ulcinj.com\/blog\/2012\/01\/10\/fatmira-brecani-i-kam-plotesuar-endrrat\/\",\"name\":\"Fatmira Bre\u00e7ani: I kam plot\u00ebsuar \u00ebndrrat - Lajme nga Ulqini\",\"isPartOf\":{\"@id\":\"https:\/\/www.visit-ulcinj.com\/blog\/#website\"},\"primaryImageOfPage\":{\"@id\":\"https:\/\/www.visit-ulcinj.com\/blog\/2012\/01\/10\/fatmira-brecani-i-kam-plotesuar-endrrat\/#primaryimage\"},\"datePublished\":\"2012-01-10T20:17:38+00:00\",\"dateModified\":\"2012-01-10T20:18:14+00:00\",\"author\":{\"@id\":\"https:\/\/www.visit-ulcinj.com\/blog\/#\/schema\/person\/dcab619c614d3038751c63bc2aadc06d\"},\"description\":\"Me nj\u00eb z\u00eb kumbues dhe energji n\u00eb sken\u00eb Fatmira Bre\u00e7ani do t\u00eb ngelet nj\u00eb nd\u00ebr k\u00ebng\u00ebtaret m\u00eb t\u00eb spikatura t\u00eb zon\u00ebs s\u00eb veriut. Vokali dhe tekstet e k\u00ebng\u00ebs\",\"breadcrumb\":{\"@id\":\"https:\/\/www.visit-ulcinj.com\/blog\/2012\/01\/10\/fatmira-brecani-i-kam-plotesuar-endrrat\/#breadcrumb\"},\"inLanguage\":\"en-US\",\"potentialAction\":[{\"@type\":\"ReadAction\",\"target\":[\"https:\/\/www.visit-ulcinj.com\/blog\/2012\/01\/10\/fatmira-brecani-i-kam-plotesuar-endrrat\/\"]}]},{\"@type\":\"BreadcrumbList\",\"@id\":\"https:\/\/www.visit-ulcinj.com\/blog\/2012\/01\/10\/fatmira-brecani-i-kam-plotesuar-endrrat\/#breadcrumb\",\"itemListElement\":[{\"@type\":\"ListItem\",\"position\":1,\"name\":\"Fatmira Bre\u00e7ani: I kam plot\u00ebsuar \u00ebndrrat\"}]},{\"@type\":\"Person\",\"@id\":\"https:\/\/www.visit-ulcinj.com\/blog\/#\/schema\/person\/dcab619c614d3038751c63bc2aadc06d\",\"name\":\"ulqini\",\"sameAs\":[\"http:\/\/www.visit-ulcinj.com\"],\"url\":\"https:\/\/www.visit-ulcinj.com\/blog\/author\/admin\/\"}]}<\/script>\n<!-- \/ Yoast SEO plugin. -->","yoast_head_json":{"title":"Fatmira Bre\u00e7ani: I kam plot\u00ebsuar \u00ebndrrat - Lajme nga Ulqini","description":"Me nj\u00eb z\u00eb kumbues dhe energji n\u00eb sken\u00eb Fatmira Bre\u00e7ani do t\u00eb ngelet nj\u00eb nd\u00ebr k\u00ebng\u00ebtaret m\u00eb t\u00eb spikatura t\u00eb zon\u00ebs s\u00eb veriut. Vokali dhe tekstet e k\u00ebng\u00ebs","robots":{"index":"index","follow":"follow","max-snippet":"max-snippet:-1","max-image-preview":"max-image-preview:large","max-video-preview":"max-video-preview:-1"},"canonical":"https:\/\/www.visit-ulcinj.com\/blog\/2012\/01\/10\/fatmira-brecani-i-kam-plotesuar-endrrat\/","og_locale":"en_US","og_type":"article","og_title":"Fatmira Bre\u00e7ani: I kam plot\u00ebsuar \u00ebndrrat - Lajme nga Ulqini","og_description":"Me nj\u00eb z\u00eb kumbues dhe energji n\u00eb sken\u00eb Fatmira Bre\u00e7ani do t\u00eb ngelet nj\u00eb nd\u00ebr k\u00ebng\u00ebtaret m\u00eb t\u00eb spikatura t\u00eb zon\u00ebs s\u00eb veriut. Vokali dhe tekstet e k\u00ebng\u00ebs","og_url":"https:\/\/www.visit-ulcinj.com\/blog\/2012\/01\/10\/fatmira-brecani-i-kam-plotesuar-endrrat\/","og_site_name":"Lajme nga Ulqini","article_published_time":"2012-01-10T20:17:38+00:00","article_modified_time":"2012-01-10T20:18:14+00:00","og_image":[{"url":"http:\/\/www.visit-ulcinj.com\/blog\/wp-content\/uploads\/2012\/01\/Fatmira-Brecani.jpg"}],"twitter_misc":{"Written by":"ulqini","Est. reading time":"7 minutes"},"schema":{"@context":"https:\/\/schema.org","@graph":[{"@type":"WebSite","@id":"https:\/\/www.visit-ulcinj.com\/blog\/#website","url":"https:\/\/www.visit-ulcinj.com\/blog\/","name":"Lajme nga Ulqini","description":"Lajme,Vijesti,Ulqini,Ulqin,Crna Gora,Mali i Zi","potentialAction":[{"@type":"SearchAction","target":{"@type":"EntryPoint","urlTemplate":"https:\/\/www.visit-ulcinj.com\/blog\/?s={search_term_string}"},"query-input":"required name=search_term_string"}],"inLanguage":"en-US"},{"@type":"ImageObject","inLanguage":"en-US","@id":"https:\/\/www.visit-ulcinj.com\/blog\/2012\/01\/10\/fatmira-brecani-i-kam-plotesuar-endrrat\/#primaryimage","url":"https:\/\/www.visit-ulcinj.com\/blog\/wp-content\/uploads\/2012\/01\/Fatmira-Brecani.jpg","contentUrl":"https:\/\/www.visit-ulcinj.com\/blog\/wp-content\/uploads\/2012\/01\/Fatmira-Brecani.jpg","width":"560","height":"602"},{"@type":"WebPage","@id":"https:\/\/www.visit-ulcinj.com\/blog\/2012\/01\/10\/fatmira-brecani-i-kam-plotesuar-endrrat\/#webpage","url":"https:\/\/www.visit-ulcinj.com\/blog\/2012\/01\/10\/fatmira-brecani-i-kam-plotesuar-endrrat\/","name":"Fatmira Bre\u00e7ani: I kam plot\u00ebsuar \u00ebndrrat - Lajme nga Ulqini","isPartOf":{"@id":"https:\/\/www.visit-ulcinj.com\/blog\/#website"},"primaryImageOfPage":{"@id":"https:\/\/www.visit-ulcinj.com\/blog\/2012\/01\/10\/fatmira-brecani-i-kam-plotesuar-endrrat\/#primaryimage"},"datePublished":"2012-01-10T20:17:38+00:00","dateModified":"2012-01-10T20:18:14+00:00","author":{"@id":"https:\/\/www.visit-ulcinj.com\/blog\/#\/schema\/person\/dcab619c614d3038751c63bc2aadc06d"},"description":"Me nj\u00eb z\u00eb kumbues dhe energji n\u00eb sken\u00eb Fatmira Bre\u00e7ani do t\u00eb ngelet nj\u00eb nd\u00ebr k\u00ebng\u00ebtaret m\u00eb t\u00eb spikatura t\u00eb zon\u00ebs s\u00eb veriut. Vokali dhe tekstet e k\u00ebng\u00ebs","breadcrumb":{"@id":"https:\/\/www.visit-ulcinj.com\/blog\/2012\/01\/10\/fatmira-brecani-i-kam-plotesuar-endrrat\/#breadcrumb"},"inLanguage":"en-US","potentialAction":[{"@type":"ReadAction","target":["https:\/\/www.visit-ulcinj.com\/blog\/2012\/01\/10\/fatmira-brecani-i-kam-plotesuar-endrrat\/"]}]},{"@type":"BreadcrumbList","@id":"https:\/\/www.visit-ulcinj.com\/blog\/2012\/01\/10\/fatmira-brecani-i-kam-plotesuar-endrrat\/#breadcrumb","itemListElement":[{"@type":"ListItem","position":1,"name":"Fatmira Bre\u00e7ani: I kam plot\u00ebsuar \u00ebndrrat"}]},{"@type":"Person","@id":"https:\/\/www.visit-ulcinj.com\/blog\/#\/schema\/person\/dcab619c614d3038751c63bc2aadc06d","name":"ulqini","sameAs":["http:\/\/www.visit-ulcinj.com"],"url":"https:\/\/www.visit-ulcinj.com\/blog\/author\/admin\/"}]}},"jetpack_featured_media_url":"","jetpack_sharing_enabled":true,"jetpack_shortlink":"https:\/\/wp.me\/pe6lTn-ewm","_links":{"self":[{"href":"https:\/\/www.visit-ulcinj.com\/blog\/wp-json\/wp\/v2\/posts\/55822"}],"collection":[{"href":"https:\/\/www.visit-ulcinj.com\/blog\/wp-json\/wp\/v2\/posts"}],"about":[{"href":"https:\/\/www.visit-ulcinj.com\/blog\/wp-json\/wp\/v2\/types\/post"}],"author":[{"embeddable":true,"href":"https:\/\/www.visit-ulcinj.com\/blog\/wp-json\/wp\/v2\/users\/1"}],"replies":[{"embeddable":true,"href":"https:\/\/www.visit-ulcinj.com\/blog\/wp-json\/wp\/v2\/comments?post=55822"}],"version-history":[{"count":2,"href":"https:\/\/www.visit-ulcinj.com\/blog\/wp-json\/wp\/v2\/posts\/55822\/revisions"}],"predecessor-version":[{"id":55831,"href":"https:\/\/www.visit-ulcinj.com\/blog\/wp-json\/wp\/v2\/posts\/55822\/revisions\/55831"}],"wp:attachment":[{"href":"https:\/\/www.visit-ulcinj.com\/blog\/wp-json\/wp\/v2\/media?parent=55822"}],"wp:term":[{"taxonomy":"category","embeddable":true,"href":"https:\/\/www.visit-ulcinj.com\/blog\/wp-json\/wp\/v2\/categories?post=55822"},{"taxonomy":"post_tag","embeddable":true,"href":"https:\/\/www.visit-ulcinj.com\/blog\/wp-json\/wp\/v2\/tags?post=55822"}],"curies":[{"name":"wp","href":"https:\/\/api.w.org\/{rel}","templated":true}]}}