{"id":55832,"date":"2012-01-10T21:29:48","date_gmt":"2012-01-10T20:29:48","guid":{"rendered":"http:\/\/www.visit-ulcinj.com\/blog\/?p=55832"},"modified":"2012-01-10T21:29:48","modified_gmt":"2012-01-10T20:29:48","slug":"realizohet-klipi-i-bareshes-nga-nexhmije-pagarusha","status":"publish","type":"post","link":"https:\/\/www.visit-ulcinj.com\/blog\/2012\/01\/10\/realizohet-klipi-i-bareshes-nga-nexhmije-pagarusha\/","title":{"rendered":"Realizohet klipi i \u201cBaresh\u00ebs\u201d nga Nexhmije Pagarusha"},"content":{"rendered":"<p><strong><a href=\"http:\/\/www.visit-ulcinj.com\/blog\/wp-content\/uploads\/2012\/01\/Nexhmije-Pagarusha-by-Avni-Selmani_.jpg\"><img loading=\"lazy\" class=\"alignleft  wp-image-55833\" title=\"Nexhmije Pagarusha by Avni Selmani_\" src=\"http:\/\/www.visit-ulcinj.com\/blog\/wp-content\/uploads\/2012\/01\/Nexhmije-Pagarusha-by-Avni-Selmani_.jpg\" alt=\"\" width=\"508\" height=\"400\" \/><\/a>K\u00ebnga \u201cBaresha\u201d nga k\u00ebng\u00ebtarja e mir\u00ebnjohur kosovare Nexhmije Pagarusha, tashm\u00eb ka edhe videoklipin e saj.<\/strong><\/p>\n<p>K\u00ebng\u00eb kjo e k\u00ebnduar n\u00eb vitet e 60-ta \u00ebsht\u00eb nj\u00ebra nd\u00ebr k\u00ebng\u00ebn e Nexhmijes q\u00eb d\u00ebgjohet me \u00ebndje edhe dit\u00ebt e sotme. Kjo k\u00ebng\u00eb k\u00ebndohet shum\u00eb nga k\u00ebng\u00ebtar\u00ebt e rinj shqiptar n\u00eb versionet e tyre.<\/p>\n<p>Me p\u00ebrkrahjen e Ministris\u00eb s\u00eb Kultur\u00ebs, prodhuar nga produksioni Koperativa, \u00ebsht\u00eb arritur t\u00eb realizohet nj\u00eb klip mjaft i bukur, t\u00eb cilin mund ta shihni m\u00eb posht\u00eb.<\/p>\n<p><strong>Telegrafi<br \/>\n<!--YouTube Error: bad URL entered--><br \/>\n<\/strong><\/p>\n","protected":false},"excerpt":{"rendered":"<p>K\u00ebnga \u201cBaresha\u201d nga k\u00ebng\u00ebtarja e mir\u00ebnjohur kosovare Nexhmije Pagarusha, tashm\u00eb ka edhe videoklipin e saj. K\u00ebng\u00eb kjo e k\u00ebnduar n\u00eb vitet e 60-ta \u00ebsht\u00eb nj\u00ebra nd\u00ebr k\u00ebng\u00ebn e Nexhmijes q\u00eb d\u00ebgjohet me \u00ebndje edhe dit\u00ebt e sotme. Kjo k\u00ebng\u00eb k\u00ebndohet shum\u00eb nga k\u00ebng\u00ebtar\u00ebt e rinj shqiptar n\u00eb versionet e tyre. Me p\u00ebrkrahjen e Ministris\u00eb s\u00eb [&hellip;]<\/p>\n","protected":false},"author":1,"featured_media":0,"comment_status":"open","ping_status":"closed","sticky":false,"template":"","format":"standard","meta":{"spay_email":"","jetpack_publicize_message":"","jetpack_is_tweetstorm":false,"jetpack_publicize_feature_enabled":true},"categories":[1],"tags":[19677,19806,16036,19514,19511,19837,19513,6693,4684,19460],"jetpack_publicize_connections":[],"yoast_head":"<!-- This site is optimized with the Yoast SEO plugin v19.1 - https:\/\/yoast.com\/wordpress\/plugins\/seo\/ -->\n<title>Realizohet klipi i \u201cBaresh\u00ebs\u201d nga Nexhmije Pagarusha - Lajme nga Ulqini<\/title>\n<meta name=\"description\" content=\"K\u00ebnga \u201cBaresha\u201d nga k\u00ebng\u00ebtarja e mir\u00ebnjohur kosovare Nexhmije Pagarusha, tashm\u00eb ka edhe videoklipin e saj. K\u00ebng\u00eb kjo e k\u00ebnduar n\u00eb vitet e 60-ta \u00ebsht\u00eb\" \/>\n<meta name=\"robots\" content=\"index, follow, max-snippet:-1, max-image-preview:large, max-video-preview:-1\" \/>\n<link rel=\"canonical\" href=\"https:\/\/www.visit-ulcinj.com\/blog\/2012\/01\/10\/realizohet-klipi-i-bareshes-nga-nexhmije-pagarusha\/\" \/>\n<meta property=\"og:locale\" content=\"en_US\" \/>\n<meta property=\"og:type\" content=\"article\" \/>\n<meta property=\"og:title\" content=\"Realizohet klipi i \u201cBaresh\u00ebs\u201d nga Nexhmije Pagarusha - Lajme nga Ulqini\" \/>\n<meta property=\"og:description\" content=\"K\u00ebnga \u201cBaresha\u201d nga k\u00ebng\u00ebtarja e mir\u00ebnjohur kosovare Nexhmije Pagarusha, tashm\u00eb ka edhe videoklipin e saj. K\u00ebng\u00eb kjo e k\u00ebnduar n\u00eb vitet e 60-ta \u00ebsht\u00eb\" \/>\n<meta property=\"og:url\" content=\"https:\/\/www.visit-ulcinj.com\/blog\/2012\/01\/10\/realizohet-klipi-i-bareshes-nga-nexhmije-pagarusha\/\" \/>\n<meta property=\"og:site_name\" content=\"Lajme nga Ulqini\" \/>\n<meta property=\"article:published_time\" content=\"2012-01-10T20:29:48+00:00\" \/>\n<meta property=\"og:image\" content=\"http:\/\/www.visit-ulcinj.com\/blog\/wp-content\/uploads\/2012\/01\/Nexhmije-Pagarusha-by-Avni-Selmani_.jpg\" \/>\n<meta name=\"twitter:label1\" content=\"Written by\" \/>\n\t<meta name=\"twitter:data1\" content=\"ulqini\" \/>\n\t<meta name=\"twitter:label2\" content=\"Est. reading time\" \/>\n\t<meta name=\"twitter:data2\" content=\"1 minute\" \/>\n<script type=\"application\/ld+json\" class=\"yoast-schema-graph\">{\"@context\":\"https:\/\/schema.org\",\"@graph\":[{\"@type\":\"WebSite\",\"@id\":\"https:\/\/www.visit-ulcinj.com\/blog\/#website\",\"url\":\"https:\/\/www.visit-ulcinj.com\/blog\/\",\"name\":\"Lajme nga Ulqini\",\"description\":\"Lajme,Vijesti,Ulqini,Ulqin,Crna Gora,Mali i Zi\",\"potentialAction\":[{\"@type\":\"SearchAction\",\"target\":{\"@type\":\"EntryPoint\",\"urlTemplate\":\"https:\/\/www.visit-ulcinj.com\/blog\/?s={search_term_string}\"},\"query-input\":\"required name=search_term_string\"}],\"inLanguage\":\"en-US\"},{\"@type\":\"ImageObject\",\"inLanguage\":\"en-US\",\"@id\":\"https:\/\/www.visit-ulcinj.com\/blog\/2012\/01\/10\/realizohet-klipi-i-bareshes-nga-nexhmije-pagarusha\/#primaryimage\",\"url\":\"https:\/\/www.visit-ulcinj.com\/blog\/wp-content\/uploads\/2012\/01\/Nexhmije-Pagarusha-by-Avni-Selmani_.jpg\",\"contentUrl\":\"https:\/\/www.visit-ulcinj.com\/blog\/wp-content\/uploads\/2012\/01\/Nexhmije-Pagarusha-by-Avni-Selmani_.jpg\",\"width\":\"1024\",\"height\":\"681\"},{\"@type\":\"WebPage\",\"@id\":\"https:\/\/www.visit-ulcinj.com\/blog\/2012\/01\/10\/realizohet-klipi-i-bareshes-nga-nexhmije-pagarusha\/#webpage\",\"url\":\"https:\/\/www.visit-ulcinj.com\/blog\/2012\/01\/10\/realizohet-klipi-i-bareshes-nga-nexhmije-pagarusha\/\",\"name\":\"Realizohet klipi i \u201cBaresh\u00ebs\u201d nga Nexhmije Pagarusha - Lajme nga Ulqini\",\"isPartOf\":{\"@id\":\"https:\/\/www.visit-ulcinj.com\/blog\/#website\"},\"primaryImageOfPage\":{\"@id\":\"https:\/\/www.visit-ulcinj.com\/blog\/2012\/01\/10\/realizohet-klipi-i-bareshes-nga-nexhmije-pagarusha\/#primaryimage\"},\"datePublished\":\"2012-01-10T20:29:48+00:00\",\"dateModified\":\"2012-01-10T20:29:48+00:00\",\"author\":{\"@id\":\"https:\/\/www.visit-ulcinj.com\/blog\/#\/schema\/person\/dcab619c614d3038751c63bc2aadc06d\"},\"description\":\"K\u00ebnga \u201cBaresha\u201d nga k\u00ebng\u00ebtarja e mir\u00ebnjohur kosovare Nexhmije Pagarusha, tashm\u00eb ka edhe videoklipin e saj. K\u00ebng\u00eb kjo e k\u00ebnduar n\u00eb vitet e 60-ta \u00ebsht\u00eb\",\"breadcrumb\":{\"@id\":\"https:\/\/www.visit-ulcinj.com\/blog\/2012\/01\/10\/realizohet-klipi-i-bareshes-nga-nexhmije-pagarusha\/#breadcrumb\"},\"inLanguage\":\"en-US\",\"potentialAction\":[{\"@type\":\"ReadAction\",\"target\":[\"https:\/\/www.visit-ulcinj.com\/blog\/2012\/01\/10\/realizohet-klipi-i-bareshes-nga-nexhmije-pagarusha\/\"]}]},{\"@type\":\"BreadcrumbList\",\"@id\":\"https:\/\/www.visit-ulcinj.com\/blog\/2012\/01\/10\/realizohet-klipi-i-bareshes-nga-nexhmije-pagarusha\/#breadcrumb\",\"itemListElement\":[{\"@type\":\"ListItem\",\"position\":1,\"name\":\"Realizohet klipi i \u201cBaresh\u00ebs\u201d nga Nexhmije Pagarusha\"}]},{\"@type\":\"Person\",\"@id\":\"https:\/\/www.visit-ulcinj.com\/blog\/#\/schema\/person\/dcab619c614d3038751c63bc2aadc06d\",\"name\":\"ulqini\",\"sameAs\":[\"http:\/\/www.visit-ulcinj.com\"],\"url\":\"https:\/\/www.visit-ulcinj.com\/blog\/author\/admin\/\"}]}<\/script>\n<!-- \/ Yoast SEO plugin. -->","yoast_head_json":{"title":"Realizohet klipi i \u201cBaresh\u00ebs\u201d nga Nexhmije Pagarusha - Lajme nga Ulqini","description":"K\u00ebnga \u201cBaresha\u201d nga k\u00ebng\u00ebtarja e mir\u00ebnjohur kosovare Nexhmije Pagarusha, tashm\u00eb ka edhe videoklipin e saj. K\u00ebng\u00eb kjo e k\u00ebnduar n\u00eb vitet e 60-ta \u00ebsht\u00eb","robots":{"index":"index","follow":"follow","max-snippet":"max-snippet:-1","max-image-preview":"max-image-preview:large","max-video-preview":"max-video-preview:-1"},"canonical":"https:\/\/www.visit-ulcinj.com\/blog\/2012\/01\/10\/realizohet-klipi-i-bareshes-nga-nexhmije-pagarusha\/","og_locale":"en_US","og_type":"article","og_title":"Realizohet klipi i \u201cBaresh\u00ebs\u201d nga Nexhmije Pagarusha - Lajme nga Ulqini","og_description":"K\u00ebnga \u201cBaresha\u201d nga k\u00ebng\u00ebtarja e mir\u00ebnjohur kosovare Nexhmije Pagarusha, tashm\u00eb ka edhe videoklipin e saj. K\u00ebng\u00eb kjo e k\u00ebnduar n\u00eb vitet e 60-ta \u00ebsht\u00eb","og_url":"https:\/\/www.visit-ulcinj.com\/blog\/2012\/01\/10\/realizohet-klipi-i-bareshes-nga-nexhmije-pagarusha\/","og_site_name":"Lajme nga Ulqini","article_published_time":"2012-01-10T20:29:48+00:00","og_image":[{"url":"http:\/\/www.visit-ulcinj.com\/blog\/wp-content\/uploads\/2012\/01\/Nexhmije-Pagarusha-by-Avni-Selmani_.jpg"}],"twitter_misc":{"Written by":"ulqini","Est. reading time":"1 minute"},"schema":{"@context":"https:\/\/schema.org","@graph":[{"@type":"WebSite","@id":"https:\/\/www.visit-ulcinj.com\/blog\/#website","url":"https:\/\/www.visit-ulcinj.com\/blog\/","name":"Lajme nga Ulqini","description":"Lajme,Vijesti,Ulqini,Ulqin,Crna Gora,Mali i Zi","potentialAction":[{"@type":"SearchAction","target":{"@type":"EntryPoint","urlTemplate":"https:\/\/www.visit-ulcinj.com\/blog\/?s={search_term_string}"},"query-input":"required name=search_term_string"}],"inLanguage":"en-US"},{"@type":"ImageObject","inLanguage":"en-US","@id":"https:\/\/www.visit-ulcinj.com\/blog\/2012\/01\/10\/realizohet-klipi-i-bareshes-nga-nexhmije-pagarusha\/#primaryimage","url":"https:\/\/www.visit-ulcinj.com\/blog\/wp-content\/uploads\/2012\/01\/Nexhmije-Pagarusha-by-Avni-Selmani_.jpg","contentUrl":"https:\/\/www.visit-ulcinj.com\/blog\/wp-content\/uploads\/2012\/01\/Nexhmije-Pagarusha-by-Avni-Selmani_.jpg","width":"1024","height":"681"},{"@type":"WebPage","@id":"https:\/\/www.visit-ulcinj.com\/blog\/2012\/01\/10\/realizohet-klipi-i-bareshes-nga-nexhmije-pagarusha\/#webpage","url":"https:\/\/www.visit-ulcinj.com\/blog\/2012\/01\/10\/realizohet-klipi-i-bareshes-nga-nexhmije-pagarusha\/","name":"Realizohet klipi i \u201cBaresh\u00ebs\u201d nga Nexhmije Pagarusha - Lajme nga Ulqini","isPartOf":{"@id":"https:\/\/www.visit-ulcinj.com\/blog\/#website"},"primaryImageOfPage":{"@id":"https:\/\/www.visit-ulcinj.com\/blog\/2012\/01\/10\/realizohet-klipi-i-bareshes-nga-nexhmije-pagarusha\/#primaryimage"},"datePublished":"2012-01-10T20:29:48+00:00","dateModified":"2012-01-10T20:29:48+00:00","author":{"@id":"https:\/\/www.visit-ulcinj.com\/blog\/#\/schema\/person\/dcab619c614d3038751c63bc2aadc06d"},"description":"K\u00ebnga \u201cBaresha\u201d nga k\u00ebng\u00ebtarja e mir\u00ebnjohur kosovare Nexhmije Pagarusha, tashm\u00eb ka edhe videoklipin e saj. K\u00ebng\u00eb kjo e k\u00ebnduar n\u00eb vitet e 60-ta \u00ebsht\u00eb","breadcrumb":{"@id":"https:\/\/www.visit-ulcinj.com\/blog\/2012\/01\/10\/realizohet-klipi-i-bareshes-nga-nexhmije-pagarusha\/#breadcrumb"},"inLanguage":"en-US","potentialAction":[{"@type":"ReadAction","target":["https:\/\/www.visit-ulcinj.com\/blog\/2012\/01\/10\/realizohet-klipi-i-bareshes-nga-nexhmije-pagarusha\/"]}]},{"@type":"BreadcrumbList","@id":"https:\/\/www.visit-ulcinj.com\/blog\/2012\/01\/10\/realizohet-klipi-i-bareshes-nga-nexhmije-pagarusha\/#breadcrumb","itemListElement":[{"@type":"ListItem","position":1,"name":"Realizohet klipi i \u201cBaresh\u00ebs\u201d nga Nexhmije Pagarusha"}]},{"@type":"Person","@id":"https:\/\/www.visit-ulcinj.com\/blog\/#\/schema\/person\/dcab619c614d3038751c63bc2aadc06d","name":"ulqini","sameAs":["http:\/\/www.visit-ulcinj.com"],"url":"https:\/\/www.visit-ulcinj.com\/blog\/author\/admin\/"}]}},"jetpack_featured_media_url":"","jetpack_sharing_enabled":true,"jetpack_shortlink":"https:\/\/wp.me\/pe6lTn-eww","_links":{"self":[{"href":"https:\/\/www.visit-ulcinj.com\/blog\/wp-json\/wp\/v2\/posts\/55832"}],"collection":[{"href":"https:\/\/www.visit-ulcinj.com\/blog\/wp-json\/wp\/v2\/posts"}],"about":[{"href":"https:\/\/www.visit-ulcinj.com\/blog\/wp-json\/wp\/v2\/types\/post"}],"author":[{"embeddable":true,"href":"https:\/\/www.visit-ulcinj.com\/blog\/wp-json\/wp\/v2\/users\/1"}],"replies":[{"embeddable":true,"href":"https:\/\/www.visit-ulcinj.com\/blog\/wp-json\/wp\/v2\/comments?post=55832"}],"version-history":[{"count":1,"href":"https:\/\/www.visit-ulcinj.com\/blog\/wp-json\/wp\/v2\/posts\/55832\/revisions"}],"predecessor-version":[{"id":55834,"href":"https:\/\/www.visit-ulcinj.com\/blog\/wp-json\/wp\/v2\/posts\/55832\/revisions\/55834"}],"wp:attachment":[{"href":"https:\/\/www.visit-ulcinj.com\/blog\/wp-json\/wp\/v2\/media?parent=55832"}],"wp:term":[{"taxonomy":"category","embeddable":true,"href":"https:\/\/www.visit-ulcinj.com\/blog\/wp-json\/wp\/v2\/categories?post=55832"},{"taxonomy":"post_tag","embeddable":true,"href":"https:\/\/www.visit-ulcinj.com\/blog\/wp-json\/wp\/v2\/tags?post=55832"}],"curies":[{"name":"wp","href":"https:\/\/api.w.org\/{rel}","templated":true}]}}