{"id":55835,"date":"2012-01-10T21:47:14","date_gmt":"2012-01-10T20:47:14","guid":{"rendered":"http:\/\/www.visit-ulcinj.com\/blog\/?p=55835"},"modified":"2012-02-09T19:17:48","modified_gmt":"2012-02-09T18:17:48","slug":"klubi-i-taekwondo-se-ulqini-falenderon-sponsoret-2011","status":"publish","type":"post","link":"https:\/\/www.visit-ulcinj.com\/blog\/2012\/01\/10\/klubi-i-taekwondo-se-ulqini-falenderon-sponsoret-2011\/","title":{"rendered":"Klubi i Taekwondo-s\u00eb Ulqini falenderon Sponsoret 2011"},"content":{"rendered":"<p><a href=\"http:\/\/www.visit-ulcinj.com\/blog\/wp-content\/uploads\/2012\/01\/Klubi-i-Taekwondo-s\u00eb-Ulqini.jpg\"><img loading=\"lazy\" class=\"alignleft  wp-image-55836\" title=\"Klubi i Taekwondo-s\u00eb Ulqini\" src=\"http:\/\/www.visit-ulcinj.com\/blog\/wp-content\/uploads\/2012\/01\/Klubi-i-Taekwondo-s\u00eb-Ulqini.jpg\" alt=\"\" width=\"508\" height=\"400\" \/><\/a>Klubi i Taekwondo-s\u00eb Ulqini falenderon t\u00eb gjith\u00eb sponsor\u00ebt q\u00eb kontribuan p\u00ebr sukseset tona, t\u00eb gjith\u00eb sportist\u00ebt, dashamir\u00ebt e sportit, t\u00eb gjitha klubet sportive n\u00eb qytetit ton\u00eb, prind\u00ebrit q\u00eb dhan\u00eb kontributin m\u00eb t\u00eb madh\u00eb, trajner\u00ebt, fansat dhe t\u00eb gjith\u00eb ata q\u00eb na p\u00ebrkrahen n\u00eb sukseset tona duke ju uruar suksese ne jet\u00eb.<\/p>\n<p><strong>Klubi i Taekwondo-s\u00eb Ulqini<\/strong><\/p>\n<!--YouTube Error: bad URL entered-->\n<p>&nbsp;<\/p>\n","protected":false},"excerpt":{"rendered":"<p>Klubi i Taekwondo-s\u00eb Ulqini falenderon t\u00eb gjith\u00eb sponsor\u00ebt q\u00eb kontribuan p\u00ebr sukseset tona, t\u00eb gjith\u00eb sportist\u00ebt, dashamir\u00ebt e sportit, t\u00eb gjitha klubet sportive n\u00eb qytetit ton\u00eb, prind\u00ebrit q\u00eb dhan\u00eb kontributin m\u00eb t\u00eb madh\u00eb, trajner\u00ebt, fansat dhe t\u00eb gjith\u00eb ata q\u00eb na p\u00ebrkrahen n\u00eb sukseset tona duke ju uruar suksese ne jet\u00eb. Klubi i Taekwondo-s\u00eb Ulqini [&hellip;]<\/p>\n","protected":false},"author":1,"featured_media":0,"comment_status":"open","ping_status":"closed","sticky":false,"template":"","format":"standard","meta":{"spay_email":"","jetpack_publicize_message":"","jetpack_is_tweetstorm":false,"jetpack_publicize_feature_enabled":true},"categories":[3],"tags":[6336,19838,200],"jetpack_publicize_connections":[],"yoast_head":"<!-- This site is optimized with the Yoast SEO plugin v19.1 - https:\/\/yoast.com\/wordpress\/plugins\/seo\/ -->\n<title>Klubi i Taekwondo-s\u00eb Ulqini falenderon Sponsoret 2011 - Lajme nga Ulqini<\/title>\n<meta name=\"description\" content=\"Klubi i Taekwondo-s\u00eb Ulqini falenderon t\u00eb gjith\u00eb sponsor\u00ebt q\u00eb kontribuan p\u00ebr sukseset tona, t\u00eb gjith\u00eb sportist\u00ebt, dashamir\u00ebt e sportit, t\u00eb gjitha klubet\" \/>\n<meta name=\"robots\" content=\"index, follow, max-snippet:-1, max-image-preview:large, max-video-preview:-1\" \/>\n<link rel=\"canonical\" href=\"https:\/\/www.visit-ulcinj.com\/blog\/2012\/01\/10\/klubi-i-taekwondo-se-ulqini-falenderon-sponsoret-2011\/\" \/>\n<meta property=\"og:locale\" content=\"en_US\" \/>\n<meta property=\"og:type\" content=\"article\" \/>\n<meta property=\"og:title\" content=\"Klubi i Taekwondo-s\u00eb Ulqini falenderon Sponsoret 2011 - Lajme nga Ulqini\" \/>\n<meta property=\"og:description\" content=\"Klubi i Taekwondo-s\u00eb Ulqini falenderon t\u00eb gjith\u00eb sponsor\u00ebt q\u00eb kontribuan p\u00ebr sukseset tona, t\u00eb gjith\u00eb sportist\u00ebt, dashamir\u00ebt e sportit, t\u00eb gjitha klubet\" \/>\n<meta property=\"og:url\" content=\"https:\/\/www.visit-ulcinj.com\/blog\/2012\/01\/10\/klubi-i-taekwondo-se-ulqini-falenderon-sponsoret-2011\/\" \/>\n<meta property=\"og:site_name\" content=\"Lajme nga Ulqini\" \/>\n<meta property=\"article:published_time\" content=\"2012-01-10T20:47:14+00:00\" \/>\n<meta property=\"article:modified_time\" content=\"2012-02-09T18:17:48+00:00\" \/>\n<meta name=\"twitter:label1\" content=\"Written by\" \/>\n\t<meta name=\"twitter:data1\" content=\"ulqini\" \/>\n<script type=\"application\/ld+json\" class=\"yoast-schema-graph\">{\"@context\":\"https:\/\/schema.org\",\"@graph\":[{\"@type\":\"WebSite\",\"@id\":\"https:\/\/www.visit-ulcinj.com\/blog\/#website\",\"url\":\"https:\/\/www.visit-ulcinj.com\/blog\/\",\"name\":\"Lajme nga Ulqini\",\"description\":\"Lajme,Vijesti,Ulqini,Ulqin,Crna Gora,Mali i Zi\",\"potentialAction\":[{\"@type\":\"SearchAction\",\"target\":{\"@type\":\"EntryPoint\",\"urlTemplate\":\"https:\/\/www.visit-ulcinj.com\/blog\/?s={search_term_string}\"},\"query-input\":\"required name=search_term_string\"}],\"inLanguage\":\"en-US\"},{\"@type\":\"WebPage\",\"@id\":\"https:\/\/www.visit-ulcinj.com\/blog\/2012\/01\/10\/klubi-i-taekwondo-se-ulqini-falenderon-sponsoret-2011\/#webpage\",\"url\":\"https:\/\/www.visit-ulcinj.com\/blog\/2012\/01\/10\/klubi-i-taekwondo-se-ulqini-falenderon-sponsoret-2011\/\",\"name\":\"Klubi i Taekwondo-s\u00eb Ulqini falenderon Sponsoret 2011 - Lajme nga Ulqini\",\"isPartOf\":{\"@id\":\"https:\/\/www.visit-ulcinj.com\/blog\/#website\"},\"datePublished\":\"2012-01-10T20:47:14+00:00\",\"dateModified\":\"2012-02-09T18:17:48+00:00\",\"author\":{\"@id\":\"https:\/\/www.visit-ulcinj.com\/blog\/#\/schema\/person\/dcab619c614d3038751c63bc2aadc06d\"},\"description\":\"Klubi i Taekwondo-s\u00eb Ulqini falenderon t\u00eb gjith\u00eb sponsor\u00ebt q\u00eb kontribuan p\u00ebr sukseset tona, t\u00eb gjith\u00eb sportist\u00ebt, dashamir\u00ebt e sportit, t\u00eb gjitha klubet\",\"breadcrumb\":{\"@id\":\"https:\/\/www.visit-ulcinj.com\/blog\/2012\/01\/10\/klubi-i-taekwondo-se-ulqini-falenderon-sponsoret-2011\/#breadcrumb\"},\"inLanguage\":\"en-US\",\"potentialAction\":[{\"@type\":\"ReadAction\",\"target\":[\"https:\/\/www.visit-ulcinj.com\/blog\/2012\/01\/10\/klubi-i-taekwondo-se-ulqini-falenderon-sponsoret-2011\/\"]}]},{\"@type\":\"BreadcrumbList\",\"@id\":\"https:\/\/www.visit-ulcinj.com\/blog\/2012\/01\/10\/klubi-i-taekwondo-se-ulqini-falenderon-sponsoret-2011\/#breadcrumb\",\"itemListElement\":[{\"@type\":\"ListItem\",\"position\":1,\"name\":\"Klubi i Taekwondo-s\u00eb Ulqini falenderon Sponsoret 2011\"}]},{\"@type\":\"Person\",\"@id\":\"https:\/\/www.visit-ulcinj.com\/blog\/#\/schema\/person\/dcab619c614d3038751c63bc2aadc06d\",\"name\":\"ulqini\",\"sameAs\":[\"http:\/\/www.visit-ulcinj.com\"],\"url\":\"https:\/\/www.visit-ulcinj.com\/blog\/author\/admin\/\"}]}<\/script>\n<!-- \/ Yoast SEO plugin. -->","yoast_head_json":{"title":"Klubi i Taekwondo-s\u00eb Ulqini falenderon Sponsoret 2011 - Lajme nga Ulqini","description":"Klubi i Taekwondo-s\u00eb Ulqini falenderon t\u00eb gjith\u00eb sponsor\u00ebt q\u00eb kontribuan p\u00ebr sukseset tona, t\u00eb gjith\u00eb sportist\u00ebt, dashamir\u00ebt e sportit, t\u00eb gjitha klubet","robots":{"index":"index","follow":"follow","max-snippet":"max-snippet:-1","max-image-preview":"max-image-preview:large","max-video-preview":"max-video-preview:-1"},"canonical":"https:\/\/www.visit-ulcinj.com\/blog\/2012\/01\/10\/klubi-i-taekwondo-se-ulqini-falenderon-sponsoret-2011\/","og_locale":"en_US","og_type":"article","og_title":"Klubi i Taekwondo-s\u00eb Ulqini falenderon Sponsoret 2011 - Lajme nga Ulqini","og_description":"Klubi i Taekwondo-s\u00eb Ulqini falenderon t\u00eb gjith\u00eb sponsor\u00ebt q\u00eb kontribuan p\u00ebr sukseset tona, t\u00eb gjith\u00eb sportist\u00ebt, dashamir\u00ebt e sportit, t\u00eb gjitha klubet","og_url":"https:\/\/www.visit-ulcinj.com\/blog\/2012\/01\/10\/klubi-i-taekwondo-se-ulqini-falenderon-sponsoret-2011\/","og_site_name":"Lajme nga Ulqini","article_published_time":"2012-01-10T20:47:14+00:00","article_modified_time":"2012-02-09T18:17:48+00:00","twitter_misc":{"Written by":"ulqini"},"schema":{"@context":"https:\/\/schema.org","@graph":[{"@type":"WebSite","@id":"https:\/\/www.visit-ulcinj.com\/blog\/#website","url":"https:\/\/www.visit-ulcinj.com\/blog\/","name":"Lajme nga Ulqini","description":"Lajme,Vijesti,Ulqini,Ulqin,Crna Gora,Mali i Zi","potentialAction":[{"@type":"SearchAction","target":{"@type":"EntryPoint","urlTemplate":"https:\/\/www.visit-ulcinj.com\/blog\/?s={search_term_string}"},"query-input":"required name=search_term_string"}],"inLanguage":"en-US"},{"@type":"WebPage","@id":"https:\/\/www.visit-ulcinj.com\/blog\/2012\/01\/10\/klubi-i-taekwondo-se-ulqini-falenderon-sponsoret-2011\/#webpage","url":"https:\/\/www.visit-ulcinj.com\/blog\/2012\/01\/10\/klubi-i-taekwondo-se-ulqini-falenderon-sponsoret-2011\/","name":"Klubi i Taekwondo-s\u00eb Ulqini falenderon Sponsoret 2011 - Lajme nga Ulqini","isPartOf":{"@id":"https:\/\/www.visit-ulcinj.com\/blog\/#website"},"datePublished":"2012-01-10T20:47:14+00:00","dateModified":"2012-02-09T18:17:48+00:00","author":{"@id":"https:\/\/www.visit-ulcinj.com\/blog\/#\/schema\/person\/dcab619c614d3038751c63bc2aadc06d"},"description":"Klubi i Taekwondo-s\u00eb Ulqini falenderon t\u00eb gjith\u00eb sponsor\u00ebt q\u00eb kontribuan p\u00ebr sukseset tona, t\u00eb gjith\u00eb sportist\u00ebt, dashamir\u00ebt e sportit, t\u00eb gjitha klubet","breadcrumb":{"@id":"https:\/\/www.visit-ulcinj.com\/blog\/2012\/01\/10\/klubi-i-taekwondo-se-ulqini-falenderon-sponsoret-2011\/#breadcrumb"},"inLanguage":"en-US","potentialAction":[{"@type":"ReadAction","target":["https:\/\/www.visit-ulcinj.com\/blog\/2012\/01\/10\/klubi-i-taekwondo-se-ulqini-falenderon-sponsoret-2011\/"]}]},{"@type":"BreadcrumbList","@id":"https:\/\/www.visit-ulcinj.com\/blog\/2012\/01\/10\/klubi-i-taekwondo-se-ulqini-falenderon-sponsoret-2011\/#breadcrumb","itemListElement":[{"@type":"ListItem","position":1,"name":"Klubi i Taekwondo-s\u00eb Ulqini falenderon Sponsoret 2011"}]},{"@type":"Person","@id":"https:\/\/www.visit-ulcinj.com\/blog\/#\/schema\/person\/dcab619c614d3038751c63bc2aadc06d","name":"ulqini","sameAs":["http:\/\/www.visit-ulcinj.com"],"url":"https:\/\/www.visit-ulcinj.com\/blog\/author\/admin\/"}]}},"jetpack_featured_media_url":"","jetpack_sharing_enabled":true,"jetpack_shortlink":"https:\/\/wp.me\/pe6lTn-ewz","_links":{"self":[{"href":"https:\/\/www.visit-ulcinj.com\/blog\/wp-json\/wp\/v2\/posts\/55835"}],"collection":[{"href":"https:\/\/www.visit-ulcinj.com\/blog\/wp-json\/wp\/v2\/posts"}],"about":[{"href":"https:\/\/www.visit-ulcinj.com\/blog\/wp-json\/wp\/v2\/types\/post"}],"author":[{"embeddable":true,"href":"https:\/\/www.visit-ulcinj.com\/blog\/wp-json\/wp\/v2\/users\/1"}],"replies":[{"embeddable":true,"href":"https:\/\/www.visit-ulcinj.com\/blog\/wp-json\/wp\/v2\/comments?post=55835"}],"version-history":[{"count":4,"href":"https:\/\/www.visit-ulcinj.com\/blog\/wp-json\/wp\/v2\/posts\/55835\/revisions"}],"predecessor-version":[{"id":57199,"href":"https:\/\/www.visit-ulcinj.com\/blog\/wp-json\/wp\/v2\/posts\/55835\/revisions\/57199"}],"wp:attachment":[{"href":"https:\/\/www.visit-ulcinj.com\/blog\/wp-json\/wp\/v2\/media?parent=55835"}],"wp:term":[{"taxonomy":"category","embeddable":true,"href":"https:\/\/www.visit-ulcinj.com\/blog\/wp-json\/wp\/v2\/categories?post=55835"},{"taxonomy":"post_tag","embeddable":true,"href":"https:\/\/www.visit-ulcinj.com\/blog\/wp-json\/wp\/v2\/tags?post=55835"}],"curies":[{"name":"wp","href":"https:\/\/api.w.org\/{rel}","templated":true}]}}