{"id":55838,"date":"2012-01-11T10:37:14","date_gmt":"2012-01-11T09:37:14","guid":{"rendered":"http:\/\/www.visit-ulcinj.com\/blog\/?p=55838"},"modified":"2012-01-11T11:28:22","modified_gmt":"2012-01-11T10:28:22","slug":"medunarodna-ulicna-trka-u-ulcinju-meritor-hasanaj-prvi","status":"publish","type":"post","link":"https:\/\/www.visit-ulcinj.com\/blog\/2012\/01\/11\/medunarodna-ulicna-trka-u-ulcinju-meritor-hasanaj-prvi\/","title":{"rendered":"Me\u0111unarodna uli\u010dna trka u Ulcinju &#8211; Meritor Hasanaj prvi"},"content":{"rendered":"<div id=\"attachment_55839\" style=\"width: 518px\" class=\"wp-caption alignleft\"><a href=\"http:\/\/www.visit-ulcinj.com\/blog\/wp-content\/uploads\/2012\/01\/Medjunarodna-ulicna-trka-u-Ulcinju.jpg\"><img aria-describedby=\"caption-attachment-55839\" loading=\"lazy\" class=\" wp-image-55839\" title=\"Medjunarodna ulicna trka u Ulcinju\" src=\"http:\/\/www.visit-ulcinj.com\/blog\/wp-content\/uploads\/2012\/01\/Medjunarodna-ulicna-trka-u-Ulcinju.jpg\" alt=\"\" width=\"508\" height=\"400\" \/><\/a><p id=\"caption-attachment-55839\" class=\"wp-caption-text\">Foto: Samir Adrovic - Vijesti<\/p><\/div>\n<p>Meritor Hasanaj iz Atletskog kluba &#8220;Besa&#8221; iz Pe\u0107i, pobjednik je uli\u010dne trke na 3.000 metara, koja je, u popodnevnim satima, odr\u017eana u Ulcinju.<\/p>\n<p>Drugo mjesto osvojio je Muamer Hasanovi\u0107 iz Novog Pazara, a tre\u0107e njegov klupski kolega Jasmin Ljaji\u0107.<\/p>\n<p>U centralnoj trci, u kojoj je u\u010destvovalo oko 15 atleti\u010dara, u \u017eenskoj konkurenciji ubjedljivo je slavila juniorska prvakinja Evrope Amela Terzi\u0107 iz Novog Pazara, koja je iza sebe ostavila i ve\u0107i dio mu\u0161ke takmi\u010darske ekipe. Drugo mjesto osvojila je Teodora Simovi\u0107 iz Novog Pazara, a tre\u0107e Gresa Bahro\u010di iz Pe\u0107i.<\/p>\n<p>Atleti\u010dari su tr\u010dali dva kruga, od zgrade Op\u0161tinje do kru\u017enog toka.<\/p>\n<p>U konkurenciji mali\u0161ana iz Ulicnja do deset godina na 800 metara prvo mjesto osvojio je Ibrahim Zogaj, drugo Rinor Jahija, a tre\u0107e Filip Kikovi\u0107. Me\u0111u djevoj\u010dicama je slavila Deleza Rama, ispred Bie Mulabe\u0107irovi\u0107.<\/p>\n<p>U me\u0111unarodnoj trci u istoj kategoriji slavila je Ivana \u0110uri\u0107 iz Smederevske Palanke, drugo mjesto zauzela je Medija Ni\u010devi\u0107 iz Novog Pazara, a tre\u0107e Sofija Bankovi\u0107 iz Smederevske Palanke.<\/p>\n<p>Na 1.500 metara, me\u0111u Ulcinjanima slavila je Selma Muji\u0107, ispred Fljake Avdiu i Kristinje Junkovi\u0107. U mu\u0161koj konkurenciji slavio je Vuk \u0110akonovi\u0107, drugi je bio Milija \u010cau\u0161i\u0107, a tre\u0107i Emir Mustafi\u0107.<\/p>\n<p>U me\u0111unarodnoj konkurenciji, na istoj stazi, slavila je Ilda Dautovi\u0107 iz Novog Pazara, ispred Ognjena Mihailovi\u0107a iz Smedereva i Tafila Flojovi\u0107a iz Novog Pazara.<\/p>\n<p>U trci koja je bila planirana na 3.000 hiljade metara, a odr\u017eana je na duplo kra\u0107oj stazi, me\u0111u Ulcinjanima u \u017eenskoj konkurenciji pobijedila je Radica Da\u0161i\u0107. Ona je iza sebe ostavila Enu Kova\u010devi\u0107. U mu\u0161koj konkurenciji prvo mjesto osvojio je Nikola Marovi\u0107, drugo Luka \u0110akonovi\u0107, a tre\u0107e Enes Red\u017eematovi\u0107.<\/p>\n<p>U me\u0111unarodnoj konkurenciji slavio je Rom Krasni\u0107i iz Pe\u0107i, drugi je bio Kristijan Risti\u0107 iz Smedereva, a tre\u0107i Milan Vladisavljevi\u0107 tako\u0111e iz Smedereva.<\/p>\n<p>Prvu uli\u010dnu trku, sa ambicijom da postane tradicija, organizovali su NVO \u201cUlcinj sport\u201d i SRD \u201cBelvi\u201d, pod pokroviteljstvom Op\u0161tine i suorganizatorima AK \u201cMarovi\u0107\u201d, ASCG i atletskim kampom &#8220;A\u0161kovi\u0107&#8221;.<\/p>\n<p>Predsjednik NVO &#8220;Ulcinj sport&#8221; Mi\u0161o Cau\u0161evi\u0107 kazao je da je trka organizovana sa cijlem da obilje\u017ei po\u010detak zimske sezone u Ulcinju.<\/p>\n<p><a href=\"http:\/\/www.vijesti.me\/sport\/na-medunarodnoj-ulicnoj-trci-ulcinju-slavili-amela-meritor-clanak-55580\" target=\"_blank\"><strong>Samir Adrovi\u0107<\/strong><br \/>\n<strong> Vijesti<\/strong><\/a><\/p>\n\n\t\t<style type=\"text\/css\">\n\t\t\t#gallery-1 {\n\t\t\t\tmargin: auto;\n\t\t\t}\n\t\t\t#gallery-1 .gallery-item {\n\t\t\t\tfloat: left;\n\t\t\t\tmargin-top: 10px;\n\t\t\t\ttext-align: center;\n\t\t\t\twidth: 33%;\n\t\t\t}\n\t\t\t#gallery-1 img {\n\t\t\t\tborder: 2px solid #cfcfcf;\n\t\t\t}\n\t\t\t#gallery-1 .gallery-caption {\n\t\t\t\tmargin-left: 0;\n\t\t\t}\n\t\t\t\/* see gallery_shortcode() in wp-includes\/media.php *\/\n\t\t<\/style>\n\t\t<div id='gallery-1' class='gallery galleryid-55838 gallery-columns-3 gallery-size-thumbnail'><dl class='gallery-item'>\n\t\t\t<dt class='gallery-icon landscape'>\n\t\t\t\t<a href='https:\/\/www.visit-ulcinj.com\/blog\/wp-content\/uploads\/2012\/01\/Medjunarodna-ulicna-trka-u-Ulcinju.jpg'><img width=\"150\" height=\"150\" src=\"https:\/\/www.visit-ulcinj.com\/blog\/wp-content\/uploads\/2012\/01\/Medjunarodna-ulicna-trka-u-Ulcinju-150x150.jpg\" class=\"attachment-thumbnail size-thumbnail\" alt=\"\" loading=\"lazy\" \/><\/a>\n\t\t\t<\/dt><\/dl><dl class='gallery-item'>\n\t\t\t<dt class='gallery-icon portrait'>\n\t\t\t\t<a href='https:\/\/www.visit-ulcinj.com\/blog\/wp-content\/uploads\/2012\/01\/Meritor-Hasanaj-se-priprema-u-Ulcinj.1.jpg'><img width=\"150\" height=\"150\" src=\"https:\/\/www.visit-ulcinj.com\/blog\/wp-content\/uploads\/2012\/01\/Meritor-Hasanaj-se-priprema-u-Ulcinj.1-150x150.jpg\" class=\"attachment-thumbnail size-thumbnail\" alt=\"\" loading=\"lazy\" \/><\/a>\n\t\t\t<\/dt><\/dl><dl class='gallery-item'>\n\t\t\t<dt class='gallery-icon landscape'>\n\t\t\t\t<a href='https:\/\/www.visit-ulcinj.com\/blog\/wp-content\/uploads\/2012\/01\/Meritor-Hasanaj-se-priprema-u-Ulcinj.2.jpg'><img width=\"150\" height=\"150\" src=\"https:\/\/www.visit-ulcinj.com\/blog\/wp-content\/uploads\/2012\/01\/Meritor-Hasanaj-se-priprema-u-Ulcinj.2-150x150.jpg\" class=\"attachment-thumbnail size-thumbnail\" alt=\"\" loading=\"lazy\" \/><\/a>\n\t\t\t<\/dt><\/dl><br style=\"clear: both\" \/><dl class='gallery-item'>\n\t\t\t<dt class='gallery-icon landscape'>\n\t\t\t\t<a href='https:\/\/www.visit-ulcinj.com\/blog\/wp-content\/uploads\/2012\/01\/Meritor-Hasanaj-se-priprema-u-Ulcinj.3.jpg'><img width=\"150\" height=\"150\" src=\"https:\/\/www.visit-ulcinj.com\/blog\/wp-content\/uploads\/2012\/01\/Meritor-Hasanaj-se-priprema-u-Ulcinj.3-150x150.jpg\" class=\"attachment-thumbnail size-thumbnail\" alt=\"\" loading=\"lazy\" \/><\/a>\n\t\t\t<\/dt><\/dl><dl class='gallery-item'>\n\t\t\t<dt class='gallery-icon portrait'>\n\t\t\t\t<a href='https:\/\/www.visit-ulcinj.com\/blog\/wp-content\/uploads\/2012\/01\/Meritor-Hasanaj-se-priprema-u-Ulcinj.4.jpg'><img width=\"150\" height=\"150\" src=\"https:\/\/www.visit-ulcinj.com\/blog\/wp-content\/uploads\/2012\/01\/Meritor-Hasanaj-se-priprema-u-Ulcinj.4-150x150.jpg\" class=\"attachment-thumbnail size-thumbnail\" alt=\"\" loading=\"lazy\" \/><\/a>\n\t\t\t<\/dt><\/dl><dl class='gallery-item'>\n\t\t\t<dt class='gallery-icon landscape'>\n\t\t\t\t<a href='https:\/\/www.visit-ulcinj.com\/blog\/wp-content\/uploads\/2012\/01\/Meritor-Hasanaj-se-priprema-u-Ulcinj.jpg'><img width=\"150\" height=\"150\" src=\"https:\/\/www.visit-ulcinj.com\/blog\/wp-content\/uploads\/2012\/01\/Meritor-Hasanaj-se-priprema-u-Ulcinj-150x150.jpg\" class=\"attachment-thumbnail size-thumbnail\" alt=\"\" loading=\"lazy\" \/><\/a>\n\t\t\t<\/dt><\/dl><br style=\"clear: both\" \/>\n\t\t<\/div>\n\n","protected":false},"excerpt":{"rendered":"<p>Meritor Hasanaj iz Atletskog kluba &#8220;Besa&#8221; iz Pe\u0107i, pobjednik je uli\u010dne trke na 3.000 metara, koja je, u popodnevnim satima, odr\u017eana u Ulcinju. Drugo mjesto osvojio je Muamer Hasanovi\u0107 iz Novog Pazara, a tre\u0107e njegov klupski kolega Jasmin Ljaji\u0107. U centralnoj trci, u kojoj je u\u010destvovalo oko 15 atleti\u010dara, u \u017eenskoj konkurenciji ubjedljivo je slavila [&hellip;]<\/p>\n","protected":false},"author":1,"featured_media":0,"comment_status":"open","ping_status":"closed","sticky":false,"template":"","format":"standard","meta":{"spay_email":"","jetpack_publicize_message":"","jetpack_is_tweetstorm":false,"jetpack_publicize_feature_enabled":true},"categories":[8337],"tags":[19473,19839,19840,19841],"jetpack_publicize_connections":[],"yoast_head":"<!-- This site is optimized with the Yoast SEO plugin v19.1 - https:\/\/yoast.com\/wordpress\/plugins\/seo\/ -->\n<title>Me\u0111unarodna uli\u010dna trka u Ulcinju - Meritor Hasanaj prvi - Lajme nga Ulqini<\/title>\n<meta name=\"description\" content=\"Meritor Hasanaj iz Atletskog kluba &quot;Besa&quot; iz Pe\u0107i, pobjednik je uli\u010dne trke na 3.000 metara, koja je, u popodnevnim satima, odr\u017eana u Ulcinju. Drugo\" \/>\n<meta name=\"robots\" content=\"index, follow, max-snippet:-1, max-image-preview:large, max-video-preview:-1\" \/>\n<link rel=\"canonical\" href=\"https:\/\/www.visit-ulcinj.com\/blog\/2012\/01\/11\/medunarodna-ulicna-trka-u-ulcinju-meritor-hasanaj-prvi\/\" \/>\n<meta property=\"og:locale\" content=\"en_US\" \/>\n<meta property=\"og:type\" content=\"article\" \/>\n<meta property=\"og:title\" content=\"Me\u0111unarodna uli\u010dna trka u Ulcinju - Meritor Hasanaj prvi - Lajme nga Ulqini\" \/>\n<meta property=\"og:description\" content=\"Meritor Hasanaj iz Atletskog kluba &quot;Besa&quot; iz Pe\u0107i, pobjednik je uli\u010dne trke na 3.000 metara, koja je, u popodnevnim satima, odr\u017eana u Ulcinju. Drugo\" \/>\n<meta property=\"og:url\" content=\"https:\/\/www.visit-ulcinj.com\/blog\/2012\/01\/11\/medunarodna-ulicna-trka-u-ulcinju-meritor-hasanaj-prvi\/\" \/>\n<meta property=\"og:site_name\" content=\"Lajme nga Ulqini\" \/>\n<meta property=\"article:published_time\" content=\"2012-01-11T09:37:14+00:00\" \/>\n<meta property=\"article:modified_time\" content=\"2012-01-11T10:28:22+00:00\" \/>\n<meta property=\"og:image\" content=\"https:\/\/www.visit-ulcinj.com\/blog\/wp-content\/uploads\/2012\/01\/Medjunarodna-ulicna-trka-u-Ulcinju-150x150.jpg\" \/>\n<meta name=\"twitter:label1\" content=\"Written by\" \/>\n\t<meta name=\"twitter:data1\" content=\"ulqini\" \/>\n\t<meta name=\"twitter:label2\" content=\"Est. reading time\" \/>\n\t<meta name=\"twitter:data2\" content=\"2 minutes\" \/>\n<script type=\"application\/ld+json\" class=\"yoast-schema-graph\">{\"@context\":\"https:\/\/schema.org\",\"@graph\":[{\"@type\":\"WebSite\",\"@id\":\"https:\/\/www.visit-ulcinj.com\/blog\/#website\",\"url\":\"https:\/\/www.visit-ulcinj.com\/blog\/\",\"name\":\"Lajme nga Ulqini\",\"description\":\"Lajme,Vijesti,Ulqini,Ulqin,Crna Gora,Mali i Zi\",\"potentialAction\":[{\"@type\":\"SearchAction\",\"target\":{\"@type\":\"EntryPoint\",\"urlTemplate\":\"https:\/\/www.visit-ulcinj.com\/blog\/?s={search_term_string}\"},\"query-input\":\"required name=search_term_string\"}],\"inLanguage\":\"en-US\"},{\"@type\":\"ImageObject\",\"inLanguage\":\"en-US\",\"@id\":\"https:\/\/www.visit-ulcinj.com\/blog\/2012\/01\/11\/medunarodna-ulicna-trka-u-ulcinju-meritor-hasanaj-prvi\/#primaryimage\",\"url\":\"https:\/\/www.visit-ulcinj.com\/blog\/wp-content\/uploads\/2012\/01\/Medjunarodna-ulicna-trka-u-Ulcinju.jpg\",\"contentUrl\":\"https:\/\/www.visit-ulcinj.com\/blog\/wp-content\/uploads\/2012\/01\/Medjunarodna-ulicna-trka-u-Ulcinju.jpg\",\"width\":\"768\",\"height\":\"576\"},{\"@type\":\"WebPage\",\"@id\":\"https:\/\/www.visit-ulcinj.com\/blog\/2012\/01\/11\/medunarodna-ulicna-trka-u-ulcinju-meritor-hasanaj-prvi\/#webpage\",\"url\":\"https:\/\/www.visit-ulcinj.com\/blog\/2012\/01\/11\/medunarodna-ulicna-trka-u-ulcinju-meritor-hasanaj-prvi\/\",\"name\":\"Me\u0111unarodna uli\u010dna trka u Ulcinju - Meritor Hasanaj prvi - Lajme nga Ulqini\",\"isPartOf\":{\"@id\":\"https:\/\/www.visit-ulcinj.com\/blog\/#website\"},\"primaryImageOfPage\":{\"@id\":\"https:\/\/www.visit-ulcinj.com\/blog\/2012\/01\/11\/medunarodna-ulicna-trka-u-ulcinju-meritor-hasanaj-prvi\/#primaryimage\"},\"datePublished\":\"2012-01-11T09:37:14+00:00\",\"dateModified\":\"2012-01-11T10:28:22+00:00\",\"author\":{\"@id\":\"https:\/\/www.visit-ulcinj.com\/blog\/#\/schema\/person\/dcab619c614d3038751c63bc2aadc06d\"},\"description\":\"Meritor Hasanaj iz Atletskog kluba \\\"Besa\\\" iz Pe\u0107i, pobjednik je uli\u010dne trke na 3.000 metara, koja je, u popodnevnim satima, odr\u017eana u Ulcinju. Drugo\",\"breadcrumb\":{\"@id\":\"https:\/\/www.visit-ulcinj.com\/blog\/2012\/01\/11\/medunarodna-ulicna-trka-u-ulcinju-meritor-hasanaj-prvi\/#breadcrumb\"},\"inLanguage\":\"en-US\",\"potentialAction\":[{\"@type\":\"ReadAction\",\"target\":[\"https:\/\/www.visit-ulcinj.com\/blog\/2012\/01\/11\/medunarodna-ulicna-trka-u-ulcinju-meritor-hasanaj-prvi\/\"]}]},{\"@type\":\"BreadcrumbList\",\"@id\":\"https:\/\/www.visit-ulcinj.com\/blog\/2012\/01\/11\/medunarodna-ulicna-trka-u-ulcinju-meritor-hasanaj-prvi\/#breadcrumb\",\"itemListElement\":[{\"@type\":\"ListItem\",\"position\":1,\"name\":\"Me\u0111unarodna uli\u010dna trka u Ulcinju &#8211; Meritor Hasanaj prvi\"}]},{\"@type\":\"Person\",\"@id\":\"https:\/\/www.visit-ulcinj.com\/blog\/#\/schema\/person\/dcab619c614d3038751c63bc2aadc06d\",\"name\":\"ulqini\",\"sameAs\":[\"http:\/\/www.visit-ulcinj.com\"],\"url\":\"https:\/\/www.visit-ulcinj.com\/blog\/author\/admin\/\"}]}<\/script>\n<!-- \/ Yoast SEO plugin. -->","yoast_head_json":{"title":"Me\u0111unarodna uli\u010dna trka u Ulcinju - Meritor Hasanaj prvi - Lajme nga Ulqini","description":"Meritor Hasanaj iz Atletskog kluba \"Besa\" iz Pe\u0107i, pobjednik je uli\u010dne trke na 3.000 metara, koja je, u popodnevnim satima, odr\u017eana u Ulcinju. Drugo","robots":{"index":"index","follow":"follow","max-snippet":"max-snippet:-1","max-image-preview":"max-image-preview:large","max-video-preview":"max-video-preview:-1"},"canonical":"https:\/\/www.visit-ulcinj.com\/blog\/2012\/01\/11\/medunarodna-ulicna-trka-u-ulcinju-meritor-hasanaj-prvi\/","og_locale":"en_US","og_type":"article","og_title":"Me\u0111unarodna uli\u010dna trka u Ulcinju - Meritor Hasanaj prvi - Lajme nga Ulqini","og_description":"Meritor Hasanaj iz Atletskog kluba \"Besa\" iz Pe\u0107i, pobjednik je uli\u010dne trke na 3.000 metara, koja je, u popodnevnim satima, odr\u017eana u Ulcinju. Drugo","og_url":"https:\/\/www.visit-ulcinj.com\/blog\/2012\/01\/11\/medunarodna-ulicna-trka-u-ulcinju-meritor-hasanaj-prvi\/","og_site_name":"Lajme nga Ulqini","article_published_time":"2012-01-11T09:37:14+00:00","article_modified_time":"2012-01-11T10:28:22+00:00","og_image":[{"url":"https:\/\/www.visit-ulcinj.com\/blog\/wp-content\/uploads\/2012\/01\/Medjunarodna-ulicna-trka-u-Ulcinju-150x150.jpg"}],"twitter_misc":{"Written by":"ulqini","Est. reading time":"2 minutes"},"schema":{"@context":"https:\/\/schema.org","@graph":[{"@type":"WebSite","@id":"https:\/\/www.visit-ulcinj.com\/blog\/#website","url":"https:\/\/www.visit-ulcinj.com\/blog\/","name":"Lajme nga Ulqini","description":"Lajme,Vijesti,Ulqini,Ulqin,Crna Gora,Mali i Zi","potentialAction":[{"@type":"SearchAction","target":{"@type":"EntryPoint","urlTemplate":"https:\/\/www.visit-ulcinj.com\/blog\/?s={search_term_string}"},"query-input":"required name=search_term_string"}],"inLanguage":"en-US"},{"@type":"ImageObject","inLanguage":"en-US","@id":"https:\/\/www.visit-ulcinj.com\/blog\/2012\/01\/11\/medunarodna-ulicna-trka-u-ulcinju-meritor-hasanaj-prvi\/#primaryimage","url":"https:\/\/www.visit-ulcinj.com\/blog\/wp-content\/uploads\/2012\/01\/Medjunarodna-ulicna-trka-u-Ulcinju.jpg","contentUrl":"https:\/\/www.visit-ulcinj.com\/blog\/wp-content\/uploads\/2012\/01\/Medjunarodna-ulicna-trka-u-Ulcinju.jpg","width":"768","height":"576"},{"@type":"WebPage","@id":"https:\/\/www.visit-ulcinj.com\/blog\/2012\/01\/11\/medunarodna-ulicna-trka-u-ulcinju-meritor-hasanaj-prvi\/#webpage","url":"https:\/\/www.visit-ulcinj.com\/blog\/2012\/01\/11\/medunarodna-ulicna-trka-u-ulcinju-meritor-hasanaj-prvi\/","name":"Me\u0111unarodna uli\u010dna trka u Ulcinju - Meritor Hasanaj prvi - Lajme nga Ulqini","isPartOf":{"@id":"https:\/\/www.visit-ulcinj.com\/blog\/#website"},"primaryImageOfPage":{"@id":"https:\/\/www.visit-ulcinj.com\/blog\/2012\/01\/11\/medunarodna-ulicna-trka-u-ulcinju-meritor-hasanaj-prvi\/#primaryimage"},"datePublished":"2012-01-11T09:37:14+00:00","dateModified":"2012-01-11T10:28:22+00:00","author":{"@id":"https:\/\/www.visit-ulcinj.com\/blog\/#\/schema\/person\/dcab619c614d3038751c63bc2aadc06d"},"description":"Meritor Hasanaj iz Atletskog kluba \"Besa\" iz Pe\u0107i, pobjednik je uli\u010dne trke na 3.000 metara, koja je, u popodnevnim satima, odr\u017eana u Ulcinju. Drugo","breadcrumb":{"@id":"https:\/\/www.visit-ulcinj.com\/blog\/2012\/01\/11\/medunarodna-ulicna-trka-u-ulcinju-meritor-hasanaj-prvi\/#breadcrumb"},"inLanguage":"en-US","potentialAction":[{"@type":"ReadAction","target":["https:\/\/www.visit-ulcinj.com\/blog\/2012\/01\/11\/medunarodna-ulicna-trka-u-ulcinju-meritor-hasanaj-prvi\/"]}]},{"@type":"BreadcrumbList","@id":"https:\/\/www.visit-ulcinj.com\/blog\/2012\/01\/11\/medunarodna-ulicna-trka-u-ulcinju-meritor-hasanaj-prvi\/#breadcrumb","itemListElement":[{"@type":"ListItem","position":1,"name":"Me\u0111unarodna uli\u010dna trka u Ulcinju &#8211; Meritor Hasanaj prvi"}]},{"@type":"Person","@id":"https:\/\/www.visit-ulcinj.com\/blog\/#\/schema\/person\/dcab619c614d3038751c63bc2aadc06d","name":"ulqini","sameAs":["http:\/\/www.visit-ulcinj.com"],"url":"https:\/\/www.visit-ulcinj.com\/blog\/author\/admin\/"}]}},"jetpack_featured_media_url":"","jetpack_sharing_enabled":true,"jetpack_shortlink":"https:\/\/wp.me\/pe6lTn-ewC","_links":{"self":[{"href":"https:\/\/www.visit-ulcinj.com\/blog\/wp-json\/wp\/v2\/posts\/55838"}],"collection":[{"href":"https:\/\/www.visit-ulcinj.com\/blog\/wp-json\/wp\/v2\/posts"}],"about":[{"href":"https:\/\/www.visit-ulcinj.com\/blog\/wp-json\/wp\/v2\/types\/post"}],"author":[{"embeddable":true,"href":"https:\/\/www.visit-ulcinj.com\/blog\/wp-json\/wp\/v2\/users\/1"}],"replies":[{"embeddable":true,"href":"https:\/\/www.visit-ulcinj.com\/blog\/wp-json\/wp\/v2\/comments?post=55838"}],"version-history":[{"count":4,"href":"https:\/\/www.visit-ulcinj.com\/blog\/wp-json\/wp\/v2\/posts\/55838\/revisions"}],"predecessor-version":[{"id":55848,"href":"https:\/\/www.visit-ulcinj.com\/blog\/wp-json\/wp\/v2\/posts\/55838\/revisions\/55848"}],"wp:attachment":[{"href":"https:\/\/www.visit-ulcinj.com\/blog\/wp-json\/wp\/v2\/media?parent=55838"}],"wp:term":[{"taxonomy":"category","embeddable":true,"href":"https:\/\/www.visit-ulcinj.com\/blog\/wp-json\/wp\/v2\/categories?post=55838"},{"taxonomy":"post_tag","embeddable":true,"href":"https:\/\/www.visit-ulcinj.com\/blog\/wp-json\/wp\/v2\/tags?post=55838"}],"curies":[{"name":"wp","href":"https:\/\/api.w.org\/{rel}","templated":true}]}}