{"id":5584,"date":"2008-11-07T09:03:40","date_gmt":"2008-11-07T14:03:40","guid":{"rendered":"http:\/\/www.visit-ulcinj.com\/blog\/?p=5584"},"modified":"2008-11-07T09:03:40","modified_gmt":"2008-11-07T14:03:40","slug":"mat-me-labin-nga-kosova","status":"publish","type":"post","link":"https:\/\/www.visit-ulcinj.com\/blog\/2008\/11\/07\/mat-me-labin-nga-kosova\/","title":{"rendered":"Mat me Labin nga Kosova"},"content":{"rendered":"<p><a href=\"http:\/\/www.visit-ulcinj.com\/blog\/wp-content\/uploads\/2008\/11\/mariza-_-ikonomi.jpg\"><img loading=\"lazy\" class=\"alignleft size-medium wp-image-5586\" title=\"mariza-_-ikonomi\" src=\"http:\/\/www.visit-ulcinj.com\/blog\/wp-content\/uploads\/2008\/11\/mariza-_-ikonomi-300x173.jpg\" alt=\"\" width=\"300\" height=\"173\" srcset=\"https:\/\/www.visit-ulcinj.com\/blog\/wp-content\/uploads\/2008\/11\/mariza-_-ikonomi-300x173.jpg 300w, https:\/\/www.visit-ulcinj.com\/blog\/wp-content\/uploads\/2008\/11\/mariza-_-ikonomi.jpg 600w\" sizes=\"(max-width: 300px) 100vw, 300px\" \/><\/a>Ajo \u00ebsht\u00eb e \u00e7mendur p\u00ebr jet\u00ebn e nat\u00ebs dhe ta fotografosh teksa rri miqt\u00eb apo k\u00ebrcen n\u00eb lokalet e nat\u00ebs \u00ebsht\u00eb gj\u00ebja m\u00eb e leht\u00eb n\u00eb bot\u00eb. N\u00eb fakt ka t\u00eb drejt\u00eb, po t\u00eb kemi parasysh se t\u00eb shkosh n\u00eb nj\u00eb pub, para s\u00eb gjithash do t\u00eb thot\u00eb t\u00eb shijosh muzik\u00ebn dhe ne e dim\u00eb mir\u00eb se Mariza ka lindur me muzik\u00ebn, ka k\u00ebnduar q\u00eb f\u00ebmij\u00eb i vog\u00ebl dhe vijon t\u00eb jet\u00eb akoma mjaft e suksesshme dhe e ve\u00e7ant\u00eb n\u00eb stilin e saj. Nd\u00ebrkoh\u00eb ka vite tashm\u00eb q\u00eb jet\u00ebn e nat\u00ebs e frekuenton si kliente por edhe si e pun\u00ebsuar. Jan\u00eb t\u00eb shumt\u00eb baret dhe pubet m\u00eb me em\u00ebr t\u00eb Tiran\u00ebs ku Mariza ka k\u00ebnduar live duke b\u00ebr\u00eb q\u00eb k\u00ebto lokale t\u00eb superpopullohen nga fansat e saj. Nd\u00ebrkoh\u00eb tani Mariza po k\u00ebndon te pubi \u201cGolden time\u201d. Por nuk l\u00eb pas dore edhe aktivitetet e saja t\u00eb shumta artistike nd\u00ebr t\u00eb cilat edhe festivalet.<br \/>\nMariz\u00ebn do ta shikojm\u00eb dhe shijojm\u00eb shum\u00eb shpejt te \u201cK\u00ebnga Magjike\u201d dhe k\u00ebsaj radhe surpriza \u00ebsht\u00eb se Mariza k\u00ebng\u00ebn e ka kompozuar vet\u00eb nd\u00ebrkoh\u00eb q\u00eb tekstin ia ka shkruar e motra. Jeta artistike e vajz\u00ebs s\u00eb \u00ebmb\u00ebl ndahet shpesh mes Shqip\u00ebris\u00eb dhe Kosov\u00ebs pasi edhe atje ajo ka shum\u00eb fansa por edhe miq. Pik\u00ebrisht me nj\u00ebrin nga k\u00ebto miq, me Labin e ka kapur mat paparaci yn\u00eb fundjav\u00ebn e kaluar n\u00eb nj\u00eb nga pubet e Tiran\u00ebs. Labi \u00ebsht\u00eb shum\u00eb i njohur n\u00eb Kosov\u00eb pasi drejton nj\u00eb program t\u00eb rinjsh n\u00eb televizionin shtet\u00ebror ku dhe fton shpesh artist\u00eb.<br \/>\nKjo \u00ebsht\u00eb arsyeja pse Labi ka dhe shum\u00eb miq artist\u00eb. At\u00eb nat\u00eb vemendnja e paparacit ishte tek m\u00ebnyra sesi sillej Mariza me Labin, tek k\u00ebrcimet e tyre shum\u00eb intime aq sa nuk mund t\u00eb kuptoje n\u00ebse ishin miq, shum\u00eb miq apo&#8230;.Nejse n\u00eb nj\u00eb dark\u00eb n\u00eb pub ku edhe ambienti b\u00ebhet shum\u00eb ekzaltues, natyrish\u00ebm sfumohen kufinjt\u00eb dhe m\u00ebnyrat tejet etike t\u00eb t\u00eb ndenjurit me miq. Por ama nuk mund t\u00eb kaloj\u00eb pa u v\u00ebn\u00eb re dhe pa u komentuar n\u00eb kronikat roz\u00eb p\u00ebr aq koh\u00eb sa nuk ia kemi zbuluar akoma t\u00eb dashurin.<\/p>\n<p><strong>PanoramaPlus<\/strong><\/p>\n<!--YouTube Error: bad URL entered-->\n","protected":false},"excerpt":{"rendered":"<p>Ajo \u00ebsht\u00eb e \u00e7mendur p\u00ebr jet\u00ebn e nat\u00ebs dhe ta fotografosh teksa rri miqt\u00eb apo k\u00ebrcen n\u00eb lokalet e nat\u00ebs \u00ebsht\u00eb gj\u00ebja m\u00eb e leht\u00eb n\u00eb bot\u00eb. N\u00eb fakt ka t\u00eb drejt\u00eb, po t\u00eb kemi parasysh se t\u00eb shkosh n\u00eb nj\u00eb pub, para s\u00eb gjithash do t\u00eb thot\u00eb t\u00eb shijosh muzik\u00ebn dhe ne e dim\u00eb [&hellip;]<\/p>\n","protected":false},"author":1,"featured_media":0,"comment_status":"open","ping_status":"closed","sticky":false,"template":"","format":"standard","meta":{"spay_email":"","jetpack_publicize_message":"","jetpack_is_tweetstorm":false,"jetpack_publicize_feature_enabled":true},"categories":[1],"tags":[4948,4949],"jetpack_publicize_connections":[],"yoast_head":"<!-- This site is optimized with the Yoast SEO plugin v19.1 - https:\/\/yoast.com\/wordpress\/plugins\/seo\/ -->\n<title>Mat me Labin nga Kosova - Lajme nga Ulqini<\/title>\n<meta name=\"description\" content=\"Ajo \u00ebsht\u00eb e \u00e7mendur p\u00ebr jet\u00ebn e nat\u00ebs dhe ta fotografosh teksa rri miqt\u00eb apo k\u00ebrcen n\u00eb lokalet e nat\u00ebs \u00ebsht\u00eb gj\u00ebja m\u00eb e leht\u00eb n\u00eb bot\u00eb. N\u00eb fakt ka t\u00eb\" \/>\n<meta name=\"robots\" content=\"index, follow, max-snippet:-1, max-image-preview:large, max-video-preview:-1\" \/>\n<link rel=\"canonical\" href=\"https:\/\/www.visit-ulcinj.com\/blog\/2008\/11\/07\/mat-me-labin-nga-kosova\/\" \/>\n<meta property=\"og:locale\" content=\"en_US\" \/>\n<meta property=\"og:type\" content=\"article\" \/>\n<meta property=\"og:title\" content=\"Mat me Labin nga Kosova - Lajme nga Ulqini\" \/>\n<meta property=\"og:description\" content=\"Ajo \u00ebsht\u00eb e \u00e7mendur p\u00ebr jet\u00ebn e nat\u00ebs dhe ta fotografosh teksa rri miqt\u00eb apo k\u00ebrcen n\u00eb lokalet e nat\u00ebs \u00ebsht\u00eb gj\u00ebja m\u00eb e leht\u00eb n\u00eb bot\u00eb. N\u00eb fakt ka t\u00eb\" \/>\n<meta property=\"og:url\" content=\"https:\/\/www.visit-ulcinj.com\/blog\/2008\/11\/07\/mat-me-labin-nga-kosova\/\" \/>\n<meta property=\"og:site_name\" content=\"Lajme nga Ulqini\" \/>\n<meta property=\"article:published_time\" content=\"2008-11-07T14:03:40+00:00\" \/>\n<meta property=\"og:image\" content=\"http:\/\/www.visit-ulcinj.com\/blog\/wp-content\/uploads\/2008\/11\/mariza-_-ikonomi-300x173.jpg\" \/>\n<meta name=\"twitter:label1\" content=\"Written by\" \/>\n\t<meta name=\"twitter:data1\" content=\"ulqini\" \/>\n\t<meta name=\"twitter:label2\" content=\"Est. reading time\" \/>\n\t<meta name=\"twitter:data2\" content=\"2 minutes\" \/>\n<script type=\"application\/ld+json\" class=\"yoast-schema-graph\">{\"@context\":\"https:\/\/schema.org\",\"@graph\":[{\"@type\":\"WebSite\",\"@id\":\"https:\/\/www.visit-ulcinj.com\/blog\/#website\",\"url\":\"https:\/\/www.visit-ulcinj.com\/blog\/\",\"name\":\"Lajme nga Ulqini\",\"description\":\"Lajme,Vijesti,Ulqini,Ulqin,Crna Gora,Mali i Zi\",\"potentialAction\":[{\"@type\":\"SearchAction\",\"target\":{\"@type\":\"EntryPoint\",\"urlTemplate\":\"https:\/\/www.visit-ulcinj.com\/blog\/?s={search_term_string}\"},\"query-input\":\"required name=search_term_string\"}],\"inLanguage\":\"en-US\"},{\"@type\":\"ImageObject\",\"inLanguage\":\"en-US\",\"@id\":\"https:\/\/www.visit-ulcinj.com\/blog\/2008\/11\/07\/mat-me-labin-nga-kosova\/#primaryimage\",\"url\":\"http:\/\/www.visit-ulcinj.com\/blog\/wp-content\/uploads\/2008\/11\/mariza-_-ikonomi-300x173.jpg\",\"contentUrl\":\"http:\/\/www.visit-ulcinj.com\/blog\/wp-content\/uploads\/2008\/11\/mariza-_-ikonomi-300x173.jpg\"},{\"@type\":\"WebPage\",\"@id\":\"https:\/\/www.visit-ulcinj.com\/blog\/2008\/11\/07\/mat-me-labin-nga-kosova\/#webpage\",\"url\":\"https:\/\/www.visit-ulcinj.com\/blog\/2008\/11\/07\/mat-me-labin-nga-kosova\/\",\"name\":\"Mat me Labin nga Kosova - Lajme nga Ulqini\",\"isPartOf\":{\"@id\":\"https:\/\/www.visit-ulcinj.com\/blog\/#website\"},\"primaryImageOfPage\":{\"@id\":\"https:\/\/www.visit-ulcinj.com\/blog\/2008\/11\/07\/mat-me-labin-nga-kosova\/#primaryimage\"},\"datePublished\":\"2008-11-07T14:03:40+00:00\",\"dateModified\":\"2008-11-07T14:03:40+00:00\",\"author\":{\"@id\":\"https:\/\/www.visit-ulcinj.com\/blog\/#\/schema\/person\/dcab619c614d3038751c63bc2aadc06d\"},\"description\":\"Ajo \u00ebsht\u00eb e \u00e7mendur p\u00ebr jet\u00ebn e nat\u00ebs dhe ta fotografosh teksa rri miqt\u00eb apo k\u00ebrcen n\u00eb lokalet e nat\u00ebs \u00ebsht\u00eb gj\u00ebja m\u00eb e leht\u00eb n\u00eb bot\u00eb. N\u00eb fakt ka t\u00eb\",\"breadcrumb\":{\"@id\":\"https:\/\/www.visit-ulcinj.com\/blog\/2008\/11\/07\/mat-me-labin-nga-kosova\/#breadcrumb\"},\"inLanguage\":\"en-US\",\"potentialAction\":[{\"@type\":\"ReadAction\",\"target\":[\"https:\/\/www.visit-ulcinj.com\/blog\/2008\/11\/07\/mat-me-labin-nga-kosova\/\"]}]},{\"@type\":\"BreadcrumbList\",\"@id\":\"https:\/\/www.visit-ulcinj.com\/blog\/2008\/11\/07\/mat-me-labin-nga-kosova\/#breadcrumb\",\"itemListElement\":[{\"@type\":\"ListItem\",\"position\":1,\"name\":\"Mat me Labin nga Kosova\"}]},{\"@type\":\"Person\",\"@id\":\"https:\/\/www.visit-ulcinj.com\/blog\/#\/schema\/person\/dcab619c614d3038751c63bc2aadc06d\",\"name\":\"ulqini\",\"sameAs\":[\"http:\/\/www.visit-ulcinj.com\"],\"url\":\"https:\/\/www.visit-ulcinj.com\/blog\/author\/admin\/\"}]}<\/script>\n<!-- \/ Yoast SEO plugin. -->","yoast_head_json":{"title":"Mat me Labin nga Kosova - Lajme nga Ulqini","description":"Ajo \u00ebsht\u00eb e \u00e7mendur p\u00ebr jet\u00ebn e nat\u00ebs dhe ta fotografosh teksa rri miqt\u00eb apo k\u00ebrcen n\u00eb lokalet e nat\u00ebs \u00ebsht\u00eb gj\u00ebja m\u00eb e leht\u00eb n\u00eb bot\u00eb. N\u00eb fakt ka t\u00eb","robots":{"index":"index","follow":"follow","max-snippet":"max-snippet:-1","max-image-preview":"max-image-preview:large","max-video-preview":"max-video-preview:-1"},"canonical":"https:\/\/www.visit-ulcinj.com\/blog\/2008\/11\/07\/mat-me-labin-nga-kosova\/","og_locale":"en_US","og_type":"article","og_title":"Mat me Labin nga Kosova - Lajme nga Ulqini","og_description":"Ajo \u00ebsht\u00eb e \u00e7mendur p\u00ebr jet\u00ebn e nat\u00ebs dhe ta fotografosh teksa rri miqt\u00eb apo k\u00ebrcen n\u00eb lokalet e nat\u00ebs \u00ebsht\u00eb gj\u00ebja m\u00eb e leht\u00eb n\u00eb bot\u00eb. N\u00eb fakt ka t\u00eb","og_url":"https:\/\/www.visit-ulcinj.com\/blog\/2008\/11\/07\/mat-me-labin-nga-kosova\/","og_site_name":"Lajme nga Ulqini","article_published_time":"2008-11-07T14:03:40+00:00","og_image":[{"url":"http:\/\/www.visit-ulcinj.com\/blog\/wp-content\/uploads\/2008\/11\/mariza-_-ikonomi-300x173.jpg"}],"twitter_misc":{"Written by":"ulqini","Est. reading time":"2 minutes"},"schema":{"@context":"https:\/\/schema.org","@graph":[{"@type":"WebSite","@id":"https:\/\/www.visit-ulcinj.com\/blog\/#website","url":"https:\/\/www.visit-ulcinj.com\/blog\/","name":"Lajme nga Ulqini","description":"Lajme,Vijesti,Ulqini,Ulqin,Crna Gora,Mali i Zi","potentialAction":[{"@type":"SearchAction","target":{"@type":"EntryPoint","urlTemplate":"https:\/\/www.visit-ulcinj.com\/blog\/?s={search_term_string}"},"query-input":"required name=search_term_string"}],"inLanguage":"en-US"},{"@type":"ImageObject","inLanguage":"en-US","@id":"https:\/\/www.visit-ulcinj.com\/blog\/2008\/11\/07\/mat-me-labin-nga-kosova\/#primaryimage","url":"http:\/\/www.visit-ulcinj.com\/blog\/wp-content\/uploads\/2008\/11\/mariza-_-ikonomi-300x173.jpg","contentUrl":"http:\/\/www.visit-ulcinj.com\/blog\/wp-content\/uploads\/2008\/11\/mariza-_-ikonomi-300x173.jpg"},{"@type":"WebPage","@id":"https:\/\/www.visit-ulcinj.com\/blog\/2008\/11\/07\/mat-me-labin-nga-kosova\/#webpage","url":"https:\/\/www.visit-ulcinj.com\/blog\/2008\/11\/07\/mat-me-labin-nga-kosova\/","name":"Mat me Labin nga Kosova - Lajme nga Ulqini","isPartOf":{"@id":"https:\/\/www.visit-ulcinj.com\/blog\/#website"},"primaryImageOfPage":{"@id":"https:\/\/www.visit-ulcinj.com\/blog\/2008\/11\/07\/mat-me-labin-nga-kosova\/#primaryimage"},"datePublished":"2008-11-07T14:03:40+00:00","dateModified":"2008-11-07T14:03:40+00:00","author":{"@id":"https:\/\/www.visit-ulcinj.com\/blog\/#\/schema\/person\/dcab619c614d3038751c63bc2aadc06d"},"description":"Ajo \u00ebsht\u00eb e \u00e7mendur p\u00ebr jet\u00ebn e nat\u00ebs dhe ta fotografosh teksa rri miqt\u00eb apo k\u00ebrcen n\u00eb lokalet e nat\u00ebs \u00ebsht\u00eb gj\u00ebja m\u00eb e leht\u00eb n\u00eb bot\u00eb. N\u00eb fakt ka t\u00eb","breadcrumb":{"@id":"https:\/\/www.visit-ulcinj.com\/blog\/2008\/11\/07\/mat-me-labin-nga-kosova\/#breadcrumb"},"inLanguage":"en-US","potentialAction":[{"@type":"ReadAction","target":["https:\/\/www.visit-ulcinj.com\/blog\/2008\/11\/07\/mat-me-labin-nga-kosova\/"]}]},{"@type":"BreadcrumbList","@id":"https:\/\/www.visit-ulcinj.com\/blog\/2008\/11\/07\/mat-me-labin-nga-kosova\/#breadcrumb","itemListElement":[{"@type":"ListItem","position":1,"name":"Mat me Labin nga Kosova"}]},{"@type":"Person","@id":"https:\/\/www.visit-ulcinj.com\/blog\/#\/schema\/person\/dcab619c614d3038751c63bc2aadc06d","name":"ulqini","sameAs":["http:\/\/www.visit-ulcinj.com"],"url":"https:\/\/www.visit-ulcinj.com\/blog\/author\/admin\/"}]}},"jetpack_featured_media_url":"","jetpack_sharing_enabled":true,"jetpack_shortlink":"https:\/\/wp.me\/pe6lTn-1s4","_links":{"self":[{"href":"https:\/\/www.visit-ulcinj.com\/blog\/wp-json\/wp\/v2\/posts\/5584"}],"collection":[{"href":"https:\/\/www.visit-ulcinj.com\/blog\/wp-json\/wp\/v2\/posts"}],"about":[{"href":"https:\/\/www.visit-ulcinj.com\/blog\/wp-json\/wp\/v2\/types\/post"}],"author":[{"embeddable":true,"href":"https:\/\/www.visit-ulcinj.com\/blog\/wp-json\/wp\/v2\/users\/1"}],"replies":[{"embeddable":true,"href":"https:\/\/www.visit-ulcinj.com\/blog\/wp-json\/wp\/v2\/comments?post=5584"}],"version-history":[{"count":0,"href":"https:\/\/www.visit-ulcinj.com\/blog\/wp-json\/wp\/v2\/posts\/5584\/revisions"}],"wp:attachment":[{"href":"https:\/\/www.visit-ulcinj.com\/blog\/wp-json\/wp\/v2\/media?parent=5584"}],"wp:term":[{"taxonomy":"category","embeddable":true,"href":"https:\/\/www.visit-ulcinj.com\/blog\/wp-json\/wp\/v2\/categories?post=5584"},{"taxonomy":"post_tag","embeddable":true,"href":"https:\/\/www.visit-ulcinj.com\/blog\/wp-json\/wp\/v2\/tags?post=5584"}],"curies":[{"name":"wp","href":"https:\/\/api.w.org\/{rel}","templated":true}]}}