{"id":55856,"date":"2012-01-11T11:55:41","date_gmt":"2012-01-11T10:55:41","guid":{"rendered":"http:\/\/www.visit-ulcinj.com\/blog\/?p=55856"},"modified":"2012-01-11T11:57:33","modified_gmt":"2012-01-11T10:57:33","slug":"milo-dukanovic-crna-gora-ne-duguje-albancima","status":"publish","type":"post","link":"https:\/\/www.visit-ulcinj.com\/blog\/2012\/01\/11\/milo-dukanovic-crna-gora-ne-duguje-albancima\/","title":{"rendered":"Milo \u0110ukanovi\u0107: Crna Gora ne duguje Albancima"},"content":{"rendered":"<p><a href=\"http:\/\/www.visit-ulcinj.com\/blog\/wp-content\/uploads\/2012\/01\/Milo-Djukanovic.jpg\"><img loading=\"lazy\" class=\"alignleft  wp-image-55857\" title=\"milo djukanovic\" src=\"http:\/\/www.visit-ulcinj.com\/blog\/wp-content\/uploads\/2012\/01\/Milo-Djukanovic.jpg\" alt=\"\" width=\"508\" height=\"380\" \/><\/a>Vlast u Crnoj Gori nije ostala du\u017ena Albancima u Crnoj Gori zbog podr\u0161ke na referendumu, jer u novoj dr\u017eavi ta manjina danas u\u017eiva sva prava, izjavio je predsjednik DPS-a Milo \u0110ukanovi\u0107.<\/p>\n<p>On je, u intervjuu za kosovsku televiziju &#8220;Ora 24&#8221;, kazao da je uo\u010di referenduma crnogorskoj Vladi i Albancima nezavisna dr\u017eava bila zajedni\u010dki interes.<\/p>\n<p>\u0110ukanovi\u0107 smatra da su Albanci u Crnoj Gori iskreno \u017eeljeli obnavljanje nezavisnosti kako bi u toj dr\u017eavi ostvarili sva gra\u0111anska prava.<\/p>\n<p>\u201cAlbanska manjina je dobila ono \u0161to je tra\u017eila crnogorskom nezavisno\u0161\u0107u &#8211; dr\u017eavu u kojoj ostvaruje zavidan nivo svojih prava\u201d, rekao je \u0110ukanovi\u0107.<\/p>\n<p>Prvi \u010dovjek DPS-a je kazao da ne podr\u017eava prijedloge za podjelu Kosova, navode\u0107i da bi to moglo da otvori put sli\u010dnim rje\u0161enjima u drugim zemljama regiona.<\/p>\n<p><strong>TANJUG<br \/>\n<!--YouTube Error: bad URL entered--><br \/>\n<\/strong><\/p>\n","protected":false},"excerpt":{"rendered":"<p>Vlast u Crnoj Gori nije ostala du\u017ena Albancima u Crnoj Gori zbog podr\u0161ke na referendumu, jer u novoj dr\u017eavi ta manjina danas u\u017eiva sva prava, izjavio je predsjednik DPS-a Milo \u0110ukanovi\u0107. On je, u intervjuu za kosovsku televiziju &#8220;Ora 24&#8221;, kazao da je uo\u010di referenduma crnogorskoj Vladi i Albancima nezavisna dr\u017eava bila zajedni\u010dki interes. \u0110ukanovi\u0107 [&hellip;]<\/p>\n","protected":false},"author":1,"featured_media":0,"comment_status":"open","ping_status":"closed","sticky":false,"template":"","format":"standard","meta":{"spay_email":"","jetpack_publicize_message":"","jetpack_is_tweetstorm":false,"jetpack_publicize_feature_enabled":true},"categories":[8337],"tags":[1520,1964],"jetpack_publicize_connections":[],"yoast_head":"<!-- This site is optimized with the Yoast SEO plugin v19.1 - https:\/\/yoast.com\/wordpress\/plugins\/seo\/ -->\n<title>Milo \u0110ukanovi\u0107: Crna Gora ne duguje Albancima - Lajme nga Ulqini<\/title>\n<meta name=\"description\" content=\"Vlast u Crnoj Gori nije ostala du\u017ena Albancima u Crnoj Gori zbog podr\u0161ke na referendumu, jer u novoj dr\u017eavi ta manjina danas u\u017eiva sva prava, izjavio je\" \/>\n<meta name=\"robots\" content=\"index, follow, max-snippet:-1, max-image-preview:large, max-video-preview:-1\" \/>\n<link rel=\"canonical\" href=\"https:\/\/www.visit-ulcinj.com\/blog\/2012\/01\/11\/milo-dukanovic-crna-gora-ne-duguje-albancima\/\" \/>\n<meta property=\"og:locale\" content=\"en_US\" \/>\n<meta property=\"og:type\" content=\"article\" \/>\n<meta property=\"og:title\" content=\"Milo \u0110ukanovi\u0107: Crna Gora ne duguje Albancima - Lajme nga Ulqini\" \/>\n<meta property=\"og:description\" content=\"Vlast u Crnoj Gori nije ostala du\u017ena Albancima u Crnoj Gori zbog podr\u0161ke na referendumu, jer u novoj dr\u017eavi ta manjina danas u\u017eiva sva prava, izjavio je\" \/>\n<meta property=\"og:url\" content=\"https:\/\/www.visit-ulcinj.com\/blog\/2012\/01\/11\/milo-dukanovic-crna-gora-ne-duguje-albancima\/\" \/>\n<meta property=\"og:site_name\" content=\"Lajme nga Ulqini\" \/>\n<meta property=\"article:published_time\" content=\"2012-01-11T10:55:41+00:00\" \/>\n<meta property=\"article:modified_time\" content=\"2012-01-11T10:57:33+00:00\" \/>\n<meta property=\"og:image\" content=\"http:\/\/www.visit-ulcinj.com\/blog\/wp-content\/uploads\/2012\/01\/Milo-Djukanovic.jpg\" \/>\n<meta name=\"twitter:label1\" content=\"Written by\" \/>\n\t<meta name=\"twitter:data1\" content=\"ulqini\" \/>\n\t<meta name=\"twitter:label2\" content=\"Est. reading time\" \/>\n\t<meta name=\"twitter:data2\" content=\"1 minute\" \/>\n<script type=\"application\/ld+json\" class=\"yoast-schema-graph\">{\"@context\":\"https:\/\/schema.org\",\"@graph\":[{\"@type\":\"WebSite\",\"@id\":\"https:\/\/www.visit-ulcinj.com\/blog\/#website\",\"url\":\"https:\/\/www.visit-ulcinj.com\/blog\/\",\"name\":\"Lajme nga Ulqini\",\"description\":\"Lajme,Vijesti,Ulqini,Ulqin,Crna Gora,Mali i Zi\",\"potentialAction\":[{\"@type\":\"SearchAction\",\"target\":{\"@type\":\"EntryPoint\",\"urlTemplate\":\"https:\/\/www.visit-ulcinj.com\/blog\/?s={search_term_string}\"},\"query-input\":\"required name=search_term_string\"}],\"inLanguage\":\"en-US\"},{\"@type\":\"ImageObject\",\"inLanguage\":\"en-US\",\"@id\":\"https:\/\/www.visit-ulcinj.com\/blog\/2012\/01\/11\/milo-dukanovic-crna-gora-ne-duguje-albancima\/#primaryimage\",\"url\":\"https:\/\/www.visit-ulcinj.com\/blog\/wp-content\/uploads\/2012\/01\/Milo-Djukanovic.jpg\",\"contentUrl\":\"https:\/\/www.visit-ulcinj.com\/blog\/wp-content\/uploads\/2012\/01\/Milo-Djukanovic.jpg\",\"width\":\"625\",\"height\":\"423\"},{\"@type\":\"WebPage\",\"@id\":\"https:\/\/www.visit-ulcinj.com\/blog\/2012\/01\/11\/milo-dukanovic-crna-gora-ne-duguje-albancima\/#webpage\",\"url\":\"https:\/\/www.visit-ulcinj.com\/blog\/2012\/01\/11\/milo-dukanovic-crna-gora-ne-duguje-albancima\/\",\"name\":\"Milo \u0110ukanovi\u0107: Crna Gora ne duguje Albancima - Lajme nga Ulqini\",\"isPartOf\":{\"@id\":\"https:\/\/www.visit-ulcinj.com\/blog\/#website\"},\"primaryImageOfPage\":{\"@id\":\"https:\/\/www.visit-ulcinj.com\/blog\/2012\/01\/11\/milo-dukanovic-crna-gora-ne-duguje-albancima\/#primaryimage\"},\"datePublished\":\"2012-01-11T10:55:41+00:00\",\"dateModified\":\"2012-01-11T10:57:33+00:00\",\"author\":{\"@id\":\"https:\/\/www.visit-ulcinj.com\/blog\/#\/schema\/person\/dcab619c614d3038751c63bc2aadc06d\"},\"description\":\"Vlast u Crnoj Gori nije ostala du\u017ena Albancima u Crnoj Gori zbog podr\u0161ke na referendumu, jer u novoj dr\u017eavi ta manjina danas u\u017eiva sva prava, izjavio je\",\"breadcrumb\":{\"@id\":\"https:\/\/www.visit-ulcinj.com\/blog\/2012\/01\/11\/milo-dukanovic-crna-gora-ne-duguje-albancima\/#breadcrumb\"},\"inLanguage\":\"en-US\",\"potentialAction\":[{\"@type\":\"ReadAction\",\"target\":[\"https:\/\/www.visit-ulcinj.com\/blog\/2012\/01\/11\/milo-dukanovic-crna-gora-ne-duguje-albancima\/\"]}]},{\"@type\":\"BreadcrumbList\",\"@id\":\"https:\/\/www.visit-ulcinj.com\/blog\/2012\/01\/11\/milo-dukanovic-crna-gora-ne-duguje-albancima\/#breadcrumb\",\"itemListElement\":[{\"@type\":\"ListItem\",\"position\":1,\"name\":\"Milo \u0110ukanovi\u0107: Crna Gora ne duguje Albancima\"}]},{\"@type\":\"Person\",\"@id\":\"https:\/\/www.visit-ulcinj.com\/blog\/#\/schema\/person\/dcab619c614d3038751c63bc2aadc06d\",\"name\":\"ulqini\",\"sameAs\":[\"http:\/\/www.visit-ulcinj.com\"],\"url\":\"https:\/\/www.visit-ulcinj.com\/blog\/author\/admin\/\"}]}<\/script>\n<!-- \/ Yoast SEO plugin. -->","yoast_head_json":{"title":"Milo \u0110ukanovi\u0107: Crna Gora ne duguje Albancima - Lajme nga Ulqini","description":"Vlast u Crnoj Gori nije ostala du\u017ena Albancima u Crnoj Gori zbog podr\u0161ke na referendumu, jer u novoj dr\u017eavi ta manjina danas u\u017eiva sva prava, izjavio je","robots":{"index":"index","follow":"follow","max-snippet":"max-snippet:-1","max-image-preview":"max-image-preview:large","max-video-preview":"max-video-preview:-1"},"canonical":"https:\/\/www.visit-ulcinj.com\/blog\/2012\/01\/11\/milo-dukanovic-crna-gora-ne-duguje-albancima\/","og_locale":"en_US","og_type":"article","og_title":"Milo \u0110ukanovi\u0107: Crna Gora ne duguje Albancima - Lajme nga Ulqini","og_description":"Vlast u Crnoj Gori nije ostala du\u017ena Albancima u Crnoj Gori zbog podr\u0161ke na referendumu, jer u novoj dr\u017eavi ta manjina danas u\u017eiva sva prava, izjavio je","og_url":"https:\/\/www.visit-ulcinj.com\/blog\/2012\/01\/11\/milo-dukanovic-crna-gora-ne-duguje-albancima\/","og_site_name":"Lajme nga Ulqini","article_published_time":"2012-01-11T10:55:41+00:00","article_modified_time":"2012-01-11T10:57:33+00:00","og_image":[{"url":"http:\/\/www.visit-ulcinj.com\/blog\/wp-content\/uploads\/2012\/01\/Milo-Djukanovic.jpg"}],"twitter_misc":{"Written by":"ulqini","Est. reading time":"1 minute"},"schema":{"@context":"https:\/\/schema.org","@graph":[{"@type":"WebSite","@id":"https:\/\/www.visit-ulcinj.com\/blog\/#website","url":"https:\/\/www.visit-ulcinj.com\/blog\/","name":"Lajme nga Ulqini","description":"Lajme,Vijesti,Ulqini,Ulqin,Crna Gora,Mali i Zi","potentialAction":[{"@type":"SearchAction","target":{"@type":"EntryPoint","urlTemplate":"https:\/\/www.visit-ulcinj.com\/blog\/?s={search_term_string}"},"query-input":"required name=search_term_string"}],"inLanguage":"en-US"},{"@type":"ImageObject","inLanguage":"en-US","@id":"https:\/\/www.visit-ulcinj.com\/blog\/2012\/01\/11\/milo-dukanovic-crna-gora-ne-duguje-albancima\/#primaryimage","url":"https:\/\/www.visit-ulcinj.com\/blog\/wp-content\/uploads\/2012\/01\/Milo-Djukanovic.jpg","contentUrl":"https:\/\/www.visit-ulcinj.com\/blog\/wp-content\/uploads\/2012\/01\/Milo-Djukanovic.jpg","width":"625","height":"423"},{"@type":"WebPage","@id":"https:\/\/www.visit-ulcinj.com\/blog\/2012\/01\/11\/milo-dukanovic-crna-gora-ne-duguje-albancima\/#webpage","url":"https:\/\/www.visit-ulcinj.com\/blog\/2012\/01\/11\/milo-dukanovic-crna-gora-ne-duguje-albancima\/","name":"Milo \u0110ukanovi\u0107: Crna Gora ne duguje Albancima - Lajme nga Ulqini","isPartOf":{"@id":"https:\/\/www.visit-ulcinj.com\/blog\/#website"},"primaryImageOfPage":{"@id":"https:\/\/www.visit-ulcinj.com\/blog\/2012\/01\/11\/milo-dukanovic-crna-gora-ne-duguje-albancima\/#primaryimage"},"datePublished":"2012-01-11T10:55:41+00:00","dateModified":"2012-01-11T10:57:33+00:00","author":{"@id":"https:\/\/www.visit-ulcinj.com\/blog\/#\/schema\/person\/dcab619c614d3038751c63bc2aadc06d"},"description":"Vlast u Crnoj Gori nije ostala du\u017ena Albancima u Crnoj Gori zbog podr\u0161ke na referendumu, jer u novoj dr\u017eavi ta manjina danas u\u017eiva sva prava, izjavio je","breadcrumb":{"@id":"https:\/\/www.visit-ulcinj.com\/blog\/2012\/01\/11\/milo-dukanovic-crna-gora-ne-duguje-albancima\/#breadcrumb"},"inLanguage":"en-US","potentialAction":[{"@type":"ReadAction","target":["https:\/\/www.visit-ulcinj.com\/blog\/2012\/01\/11\/milo-dukanovic-crna-gora-ne-duguje-albancima\/"]}]},{"@type":"BreadcrumbList","@id":"https:\/\/www.visit-ulcinj.com\/blog\/2012\/01\/11\/milo-dukanovic-crna-gora-ne-duguje-albancima\/#breadcrumb","itemListElement":[{"@type":"ListItem","position":1,"name":"Milo \u0110ukanovi\u0107: Crna Gora ne duguje Albancima"}]},{"@type":"Person","@id":"https:\/\/www.visit-ulcinj.com\/blog\/#\/schema\/person\/dcab619c614d3038751c63bc2aadc06d","name":"ulqini","sameAs":["http:\/\/www.visit-ulcinj.com"],"url":"https:\/\/www.visit-ulcinj.com\/blog\/author\/admin\/"}]}},"jetpack_featured_media_url":"","jetpack_sharing_enabled":true,"jetpack_shortlink":"https:\/\/wp.me\/pe6lTn-ewU","_links":{"self":[{"href":"https:\/\/www.visit-ulcinj.com\/blog\/wp-json\/wp\/v2\/posts\/55856"}],"collection":[{"href":"https:\/\/www.visit-ulcinj.com\/blog\/wp-json\/wp\/v2\/posts"}],"about":[{"href":"https:\/\/www.visit-ulcinj.com\/blog\/wp-json\/wp\/v2\/types\/post"}],"author":[{"embeddable":true,"href":"https:\/\/www.visit-ulcinj.com\/blog\/wp-json\/wp\/v2\/users\/1"}],"replies":[{"embeddable":true,"href":"https:\/\/www.visit-ulcinj.com\/blog\/wp-json\/wp\/v2\/comments?post=55856"}],"version-history":[{"count":2,"href":"https:\/\/www.visit-ulcinj.com\/blog\/wp-json\/wp\/v2\/posts\/55856\/revisions"}],"predecessor-version":[{"id":55859,"href":"https:\/\/www.visit-ulcinj.com\/blog\/wp-json\/wp\/v2\/posts\/55856\/revisions\/55859"}],"wp:attachment":[{"href":"https:\/\/www.visit-ulcinj.com\/blog\/wp-json\/wp\/v2\/media?parent=55856"}],"wp:term":[{"taxonomy":"category","embeddable":true,"href":"https:\/\/www.visit-ulcinj.com\/blog\/wp-json\/wp\/v2\/categories?post=55856"},{"taxonomy":"post_tag","embeddable":true,"href":"https:\/\/www.visit-ulcinj.com\/blog\/wp-json\/wp\/v2\/tags?post=55856"}],"curies":[{"name":"wp","href":"https:\/\/api.w.org\/{rel}","templated":true}]}}