{"id":55860,"date":"2012-01-11T12:18:40","date_gmt":"2012-01-11T11:18:40","guid":{"rendered":"http:\/\/www.visit-ulcinj.com\/blog\/?p=55860"},"modified":"2012-01-11T18:35:09","modified_gmt":"2012-01-11T17:35:09","slug":"bjanka-prakljacic-solana-da-ostane-raj-za-ptice","status":"publish","type":"post","link":"https:\/\/www.visit-ulcinj.com\/blog\/2012\/01\/11\/bjanka-prakljacic-solana-da-ostane-raj-za-ptice\/","title":{"rendered":"Bjanka Praklja\u010di\u0107: Solana da ostane raj za ptice"},"content":{"rendered":"<p><a href=\"http:\/\/www.visit-ulcinj.com\/blog\/wp-content\/uploads\/2012\/01\/Bjanka-Prakljacic-_Flamingosi-ulcinjske-Solane.png\"><img loading=\"lazy\" class=\"alignleft size-full wp-image-55861\" title=\"Bjanka Prakljacic _Flamingosi ulcinjske Solane\" src=\"http:\/\/www.visit-ulcinj.com\/blog\/wp-content\/uploads\/2012\/01\/Bjanka-Prakljacic-_Flamingosi-ulcinjske-Solane.png\" alt=\"\" width=\"338\" height=\"423\" \/><\/a>Predstavnici Centra za za\u0161titu i prou\u010davanje ptica uputili su pismo premijeru Igoru Luk\u0161i\u0107u i dostavili publikacije i knjige o Solani, tra\u017ee\u0107i da preispita odluku da se to mjesto, kao jedno od najzna\u010dajnijih stani\u0161ta ptica na isto\u010dnom Jadranu, pretvori u turisti\u010dku zonu.<\/p>\n<p>\u201cPredali smo pismo sa \u017eeljama da se ulcinjaska Solana o\u010duva. Na\u0161a \u017eelja je da se Solana o\u010duva i ostane ornitolo\u0161ki rezervat, kakav je i bila, a na koji na\u010din to je za odgovorne osobe. Najidealnije je da se Solana o\u010duva onakva kakva jeste i treba imati u vidu da solana nije samo najzna\u010dajnije mjesto za ptice u Crnoj Gori, solana je od globalnog zna\u010daja i jedno od najbitnijih ta\u010daka tokom migracije ptica\u201c, kazala je Bjanka Praklja\u010di\u0107 iz Centra za za\u0161titu i prou\u010davanje ptica.<\/p>\n<p>Udru\u017eenje je pokrenulo i peticiju za za\u0161titu Solane koju je do sada potpisalo preko dvije I po hiljade ljudi.<\/p>\n<p>\u201c\u010cekamo do 2. februara, tada \u0107e peticija sa svim potpisima biti predata premijeru, i otvorena za javnost na uvid\u201c, kazala je Praklja\u010di\u0107.<br \/>\n<a href=\"http:\/\/www.visit-ulcinj.com\/blog\/wp-content\/uploads\/2012\/01\/Flamingosi-Ulcinjske-Solane.1.jpg\"><img loading=\"lazy\" class=\"alignleft  wp-image-55862\" title=\"Flamingosi Ulcinjske Solane.1\" src=\"http:\/\/www.visit-ulcinj.com\/blog\/wp-content\/uploads\/2012\/01\/Flamingosi-Ulcinjske-Solane.1.jpg\" alt=\"\" width=\"509\" height=\"340\" \/><\/a><\/p>\n<p>Praklja\u010di\u0107 je kazala da 50 odsto svjetske populacije ptica boravi na solani, i da se \u010desto de\u0161ava da ornitolozi tamo prona\u0111u i neku novu vrstu.<\/p>\n<p>\u201cNe govorimo samo o pticama koje se nalaze samo u Crnoj Gori, to nije mali broj ptica, to je kompletna migracija koja ide preko jadranskog mora, solana je jedno od najbitnijih ta\u010daka gdje ptice staju, odmaraju, gdje se hrane i zimuju\u201c, kazala je Praklja\u010di\u0107.<\/p>\n<p>Praklja\u010di\u0107 o\u010dekuje da Solana ostane fabrika soli i da ostane raj za ptice.<\/p>\n<p>&nbsp;<\/p>\n<p><a href=\"http:\/\/www.cafemontenegro.com\/index.php?group=22&amp;news=223084\" target=\"_blank\"><strong>Izvor\u00a0: CDM<\/strong><\/a><\/p>\n<p>\n\t\t<style type=\"text\/css\">\n\t\t\t#gallery-1 {\n\t\t\t\tmargin: auto;\n\t\t\t}\n\t\t\t#gallery-1 .gallery-item {\n\t\t\t\tfloat: left;\n\t\t\t\tmargin-top: 10px;\n\t\t\t\ttext-align: center;\n\t\t\t\twidth: 33%;\n\t\t\t}\n\t\t\t#gallery-1 img {\n\t\t\t\tborder: 2px solid #cfcfcf;\n\t\t\t}\n\t\t\t#gallery-1 .gallery-caption {\n\t\t\t\tmargin-left: 0;\n\t\t\t}\n\t\t\t\/* see gallery_shortcode() in wp-includes\/media.php *\/\n\t\t<\/style>\n\t\t<div id='gallery-1' class='gallery galleryid-55860 gallery-columns-3 gallery-size-thumbnail'><dl class='gallery-item'>\n\t\t\t<dt class='gallery-icon landscape'>\n\t\t\t\t<a href='https:\/\/www.visit-ulcinj.com\/blog\/wp-content\/uploads\/2012\/01\/Flamingosi-Ulcinjske-Solane.1.jpg'><img width=\"150\" height=\"150\" src=\"https:\/\/www.visit-ulcinj.com\/blog\/wp-content\/uploads\/2012\/01\/Flamingosi-Ulcinjske-Solane.1-150x150.jpg\" class=\"attachment-thumbnail size-thumbnail\" alt=\"\" loading=\"lazy\" \/><\/a>\n\t\t\t<\/dt><\/dl><dl class='gallery-item'>\n\t\t\t<dt class='gallery-icon landscape'>\n\t\t\t\t<a href='https:\/\/www.visit-ulcinj.com\/blog\/wp-content\/uploads\/2012\/01\/Flamingosi-Ulcinjske-Solane.jpg'><img width=\"150\" height=\"150\" src=\"https:\/\/www.visit-ulcinj.com\/blog\/wp-content\/uploads\/2012\/01\/Flamingosi-Ulcinjske-Solane-150x150.jpg\" class=\"attachment-thumbnail size-thumbnail\" alt=\"\" loading=\"lazy\" \/><\/a>\n\t\t\t<\/dt><\/dl>\n\t\t\t<br style='clear: both' \/>\n\t\t<\/div>\n<br \/>\n<!--YouTube Error: bad URL entered--><\/p>\n","protected":false},"excerpt":{"rendered":"<p>Predstavnici Centra za za\u0161titu i prou\u010davanje ptica uputili su pismo premijeru Igoru Luk\u0161i\u0107u i dostavili publikacije i knjige o Solani, tra\u017ee\u0107i da preispita odluku da se to mjesto, kao jedno od najzna\u010dajnijih stani\u0161ta ptica na isto\u010dnom Jadranu, pretvori u turisti\u010dku zonu. \u201cPredali smo pismo sa \u017eeljama da se ulcinjaska Solana o\u010duva. Na\u0161a \u017eelja je da [&hellip;]<\/p>\n","protected":false},"author":1,"featured_media":0,"comment_status":"open","ping_status":"closed","sticky":false,"template":"","format":"standard","meta":{"spay_email":"","jetpack_publicize_message":"","jetpack_is_tweetstorm":false,"jetpack_publicize_feature_enabled":true},"categories":[8337],"tags":[19,1968],"jetpack_publicize_connections":[],"yoast_head":"<!-- This site is optimized with the Yoast SEO plugin v19.1 - https:\/\/yoast.com\/wordpress\/plugins\/seo\/ -->\n<title>Bjanka Praklja\u010di\u0107: Solana da ostane raj za ptice - Lajme nga Ulqini<\/title>\n<meta name=\"description\" content=\"Predstavnici Centra za za\u0161titu i prou\u010davanje ptica uputili su pismo premijeru Igoru Luk\u0161i\u0107u i dostavili publikacije i knjige o Solani, tra\u017ee\u0107i da\" \/>\n<meta name=\"robots\" content=\"index, follow, max-snippet:-1, max-image-preview:large, max-video-preview:-1\" \/>\n<link rel=\"canonical\" href=\"https:\/\/www.visit-ulcinj.com\/blog\/2012\/01\/11\/bjanka-prakljacic-solana-da-ostane-raj-za-ptice\/\" \/>\n<meta property=\"og:locale\" content=\"en_US\" \/>\n<meta property=\"og:type\" content=\"article\" \/>\n<meta property=\"og:title\" content=\"Bjanka Praklja\u010di\u0107: Solana da ostane raj za ptice - Lajme nga Ulqini\" \/>\n<meta property=\"og:description\" content=\"Predstavnici Centra za za\u0161titu i prou\u010davanje ptica uputili su pismo premijeru Igoru Luk\u0161i\u0107u i dostavili publikacije i knjige o Solani, tra\u017ee\u0107i da\" \/>\n<meta property=\"og:url\" content=\"https:\/\/www.visit-ulcinj.com\/blog\/2012\/01\/11\/bjanka-prakljacic-solana-da-ostane-raj-za-ptice\/\" \/>\n<meta property=\"og:site_name\" content=\"Lajme nga Ulqini\" \/>\n<meta property=\"article:published_time\" content=\"2012-01-11T11:18:40+00:00\" \/>\n<meta property=\"article:modified_time\" content=\"2012-01-11T17:35:09+00:00\" \/>\n<meta property=\"og:image\" content=\"https:\/\/www.visit-ulcinj.com\/blog\/wp-content\/uploads\/2012\/01\/Bjanka-Prakljacic-_Flamingosi-ulcinjske-Solane-150x150.png\" \/>\n<meta name=\"twitter:label1\" content=\"Written by\" \/>\n\t<meta name=\"twitter:data1\" content=\"ulqini\" \/>\n\t<meta name=\"twitter:label2\" content=\"Est. reading time\" \/>\n\t<meta name=\"twitter:data2\" content=\"1 minute\" \/>\n<script type=\"application\/ld+json\" class=\"yoast-schema-graph\">{\"@context\":\"https:\/\/schema.org\",\"@graph\":[{\"@type\":\"WebSite\",\"@id\":\"https:\/\/www.visit-ulcinj.com\/blog\/#website\",\"url\":\"https:\/\/www.visit-ulcinj.com\/blog\/\",\"name\":\"Lajme nga Ulqini\",\"description\":\"Lajme,Vijesti,Ulqini,Ulqin,Crna Gora,Mali i Zi\",\"potentialAction\":[{\"@type\":\"SearchAction\",\"target\":{\"@type\":\"EntryPoint\",\"urlTemplate\":\"https:\/\/www.visit-ulcinj.com\/blog\/?s={search_term_string}\"},\"query-input\":\"required name=search_term_string\"}],\"inLanguage\":\"en-US\"},{\"@type\":\"ImageObject\",\"inLanguage\":\"en-US\",\"@id\":\"https:\/\/www.visit-ulcinj.com\/blog\/2012\/01\/11\/bjanka-prakljacic-solana-da-ostane-raj-za-ptice\/#primaryimage\",\"url\":\"http:\/\/www.visit-ulcinj.com\/blog\/wp-content\/uploads\/2012\/01\/Bjanka-Prakljacic-_Flamingosi-ulcinjske-Solane.png\",\"contentUrl\":\"http:\/\/www.visit-ulcinj.com\/blog\/wp-content\/uploads\/2012\/01\/Bjanka-Prakljacic-_Flamingosi-ulcinjske-Solane.png\"},{\"@type\":\"WebPage\",\"@id\":\"https:\/\/www.visit-ulcinj.com\/blog\/2012\/01\/11\/bjanka-prakljacic-solana-da-ostane-raj-za-ptice\/#webpage\",\"url\":\"https:\/\/www.visit-ulcinj.com\/blog\/2012\/01\/11\/bjanka-prakljacic-solana-da-ostane-raj-za-ptice\/\",\"name\":\"Bjanka Praklja\u010di\u0107: Solana da ostane raj za ptice - Lajme nga Ulqini\",\"isPartOf\":{\"@id\":\"https:\/\/www.visit-ulcinj.com\/blog\/#website\"},\"primaryImageOfPage\":{\"@id\":\"https:\/\/www.visit-ulcinj.com\/blog\/2012\/01\/11\/bjanka-prakljacic-solana-da-ostane-raj-za-ptice\/#primaryimage\"},\"datePublished\":\"2012-01-11T11:18:40+00:00\",\"dateModified\":\"2012-01-11T17:35:09+00:00\",\"author\":{\"@id\":\"https:\/\/www.visit-ulcinj.com\/blog\/#\/schema\/person\/dcab619c614d3038751c63bc2aadc06d\"},\"description\":\"Predstavnici Centra za za\u0161titu i prou\u010davanje ptica uputili su pismo premijeru Igoru Luk\u0161i\u0107u i dostavili publikacije i knjige o Solani, tra\u017ee\u0107i da\",\"breadcrumb\":{\"@id\":\"https:\/\/www.visit-ulcinj.com\/blog\/2012\/01\/11\/bjanka-prakljacic-solana-da-ostane-raj-za-ptice\/#breadcrumb\"},\"inLanguage\":\"en-US\",\"potentialAction\":[{\"@type\":\"ReadAction\",\"target\":[\"https:\/\/www.visit-ulcinj.com\/blog\/2012\/01\/11\/bjanka-prakljacic-solana-da-ostane-raj-za-ptice\/\"]}]},{\"@type\":\"BreadcrumbList\",\"@id\":\"https:\/\/www.visit-ulcinj.com\/blog\/2012\/01\/11\/bjanka-prakljacic-solana-da-ostane-raj-za-ptice\/#breadcrumb\",\"itemListElement\":[{\"@type\":\"ListItem\",\"position\":1,\"name\":\"Bjanka Praklja\u010di\u0107: Solana da ostane raj za ptice\"}]},{\"@type\":\"Person\",\"@id\":\"https:\/\/www.visit-ulcinj.com\/blog\/#\/schema\/person\/dcab619c614d3038751c63bc2aadc06d\",\"name\":\"ulqini\",\"sameAs\":[\"http:\/\/www.visit-ulcinj.com\"],\"url\":\"https:\/\/www.visit-ulcinj.com\/blog\/author\/admin\/\"}]}<\/script>\n<!-- \/ Yoast SEO plugin. -->","yoast_head_json":{"title":"Bjanka Praklja\u010di\u0107: Solana da ostane raj za ptice - Lajme nga Ulqini","description":"Predstavnici Centra za za\u0161titu i prou\u010davanje ptica uputili su pismo premijeru Igoru Luk\u0161i\u0107u i dostavili publikacije i knjige o Solani, tra\u017ee\u0107i da","robots":{"index":"index","follow":"follow","max-snippet":"max-snippet:-1","max-image-preview":"max-image-preview:large","max-video-preview":"max-video-preview:-1"},"canonical":"https:\/\/www.visit-ulcinj.com\/blog\/2012\/01\/11\/bjanka-prakljacic-solana-da-ostane-raj-za-ptice\/","og_locale":"en_US","og_type":"article","og_title":"Bjanka Praklja\u010di\u0107: Solana da ostane raj za ptice - Lajme nga Ulqini","og_description":"Predstavnici Centra za za\u0161titu i prou\u010davanje ptica uputili su pismo premijeru Igoru Luk\u0161i\u0107u i dostavili publikacije i knjige o Solani, tra\u017ee\u0107i da","og_url":"https:\/\/www.visit-ulcinj.com\/blog\/2012\/01\/11\/bjanka-prakljacic-solana-da-ostane-raj-za-ptice\/","og_site_name":"Lajme nga Ulqini","article_published_time":"2012-01-11T11:18:40+00:00","article_modified_time":"2012-01-11T17:35:09+00:00","og_image":[{"url":"https:\/\/www.visit-ulcinj.com\/blog\/wp-content\/uploads\/2012\/01\/Bjanka-Prakljacic-_Flamingosi-ulcinjske-Solane-150x150.png"}],"twitter_misc":{"Written by":"ulqini","Est. reading time":"1 minute"},"schema":{"@context":"https:\/\/schema.org","@graph":[{"@type":"WebSite","@id":"https:\/\/www.visit-ulcinj.com\/blog\/#website","url":"https:\/\/www.visit-ulcinj.com\/blog\/","name":"Lajme nga Ulqini","description":"Lajme,Vijesti,Ulqini,Ulqin,Crna Gora,Mali i Zi","potentialAction":[{"@type":"SearchAction","target":{"@type":"EntryPoint","urlTemplate":"https:\/\/www.visit-ulcinj.com\/blog\/?s={search_term_string}"},"query-input":"required name=search_term_string"}],"inLanguage":"en-US"},{"@type":"ImageObject","inLanguage":"en-US","@id":"https:\/\/www.visit-ulcinj.com\/blog\/2012\/01\/11\/bjanka-prakljacic-solana-da-ostane-raj-za-ptice\/#primaryimage","url":"http:\/\/www.visit-ulcinj.com\/blog\/wp-content\/uploads\/2012\/01\/Bjanka-Prakljacic-_Flamingosi-ulcinjske-Solane.png","contentUrl":"http:\/\/www.visit-ulcinj.com\/blog\/wp-content\/uploads\/2012\/01\/Bjanka-Prakljacic-_Flamingosi-ulcinjske-Solane.png"},{"@type":"WebPage","@id":"https:\/\/www.visit-ulcinj.com\/blog\/2012\/01\/11\/bjanka-prakljacic-solana-da-ostane-raj-za-ptice\/#webpage","url":"https:\/\/www.visit-ulcinj.com\/blog\/2012\/01\/11\/bjanka-prakljacic-solana-da-ostane-raj-za-ptice\/","name":"Bjanka Praklja\u010di\u0107: Solana da ostane raj za ptice - Lajme nga Ulqini","isPartOf":{"@id":"https:\/\/www.visit-ulcinj.com\/blog\/#website"},"primaryImageOfPage":{"@id":"https:\/\/www.visit-ulcinj.com\/blog\/2012\/01\/11\/bjanka-prakljacic-solana-da-ostane-raj-za-ptice\/#primaryimage"},"datePublished":"2012-01-11T11:18:40+00:00","dateModified":"2012-01-11T17:35:09+00:00","author":{"@id":"https:\/\/www.visit-ulcinj.com\/blog\/#\/schema\/person\/dcab619c614d3038751c63bc2aadc06d"},"description":"Predstavnici Centra za za\u0161titu i prou\u010davanje ptica uputili su pismo premijeru Igoru Luk\u0161i\u0107u i dostavili publikacije i knjige o Solani, tra\u017ee\u0107i da","breadcrumb":{"@id":"https:\/\/www.visit-ulcinj.com\/blog\/2012\/01\/11\/bjanka-prakljacic-solana-da-ostane-raj-za-ptice\/#breadcrumb"},"inLanguage":"en-US","potentialAction":[{"@type":"ReadAction","target":["https:\/\/www.visit-ulcinj.com\/blog\/2012\/01\/11\/bjanka-prakljacic-solana-da-ostane-raj-za-ptice\/"]}]},{"@type":"BreadcrumbList","@id":"https:\/\/www.visit-ulcinj.com\/blog\/2012\/01\/11\/bjanka-prakljacic-solana-da-ostane-raj-za-ptice\/#breadcrumb","itemListElement":[{"@type":"ListItem","position":1,"name":"Bjanka Praklja\u010di\u0107: Solana da ostane raj za ptice"}]},{"@type":"Person","@id":"https:\/\/www.visit-ulcinj.com\/blog\/#\/schema\/person\/dcab619c614d3038751c63bc2aadc06d","name":"ulqini","sameAs":["http:\/\/www.visit-ulcinj.com"],"url":"https:\/\/www.visit-ulcinj.com\/blog\/author\/admin\/"}]}},"jetpack_featured_media_url":"","jetpack_sharing_enabled":true,"jetpack_shortlink":"https:\/\/wp.me\/pe6lTn-ewY","_links":{"self":[{"href":"https:\/\/www.visit-ulcinj.com\/blog\/wp-json\/wp\/v2\/posts\/55860"}],"collection":[{"href":"https:\/\/www.visit-ulcinj.com\/blog\/wp-json\/wp\/v2\/posts"}],"about":[{"href":"https:\/\/www.visit-ulcinj.com\/blog\/wp-json\/wp\/v2\/types\/post"}],"author":[{"embeddable":true,"href":"https:\/\/www.visit-ulcinj.com\/blog\/wp-json\/wp\/v2\/users\/1"}],"replies":[{"embeddable":true,"href":"https:\/\/www.visit-ulcinj.com\/blog\/wp-json\/wp\/v2\/comments?post=55860"}],"version-history":[{"count":3,"href":"https:\/\/www.visit-ulcinj.com\/blog\/wp-json\/wp\/v2\/posts\/55860\/revisions"}],"predecessor-version":[{"id":55886,"href":"https:\/\/www.visit-ulcinj.com\/blog\/wp-json\/wp\/v2\/posts\/55860\/revisions\/55886"}],"wp:attachment":[{"href":"https:\/\/www.visit-ulcinj.com\/blog\/wp-json\/wp\/v2\/media?parent=55860"}],"wp:term":[{"taxonomy":"category","embeddable":true,"href":"https:\/\/www.visit-ulcinj.com\/blog\/wp-json\/wp\/v2\/categories?post=55860"},{"taxonomy":"post_tag","embeddable":true,"href":"https:\/\/www.visit-ulcinj.com\/blog\/wp-json\/wp\/v2\/tags?post=55860"}],"curies":[{"name":"wp","href":"https:\/\/api.w.org\/{rel}","templated":true}]}}