{"id":55868,"date":"2012-01-11T12:30:03","date_gmt":"2012-01-11T11:30:03","guid":{"rendered":"http:\/\/www.visit-ulcinj.com\/blog\/?p=55868"},"modified":"2012-01-11T12:30:03","modified_gmt":"2012-01-11T11:30:03","slug":"skrelja-albanski-jezik-nije-ravnopravan-sa-ostalim-jezicima","status":"publish","type":"post","link":"https:\/\/www.visit-ulcinj.com\/blog\/2012\/01\/11\/skrelja-albanski-jezik-nije-ravnopravan-sa-ostalim-jezicima\/","title":{"rendered":"\u0160krelja: Albanski jezik nije ravnopravan sa ostalim jezicima"},"content":{"rendered":"<p><a href=\"http:\/\/www.visit-ulcinj.com\/blog\/wp-content\/uploads\/2012\/01\/Poslanik-DPS-a-Luidj-Skrelja-Ulcinj.jpg\"><img loading=\"lazy\" class=\"alignleft  wp-image-55869\" title=\"Poslanik-DPS-a-Luidj-Skrelja-Ulcinj\" src=\"http:\/\/www.visit-ulcinj.com\/blog\/wp-content\/uploads\/2012\/01\/Poslanik-DPS-a-Luidj-Skrelja-Ulcinj.jpg\" alt=\"\" width=\"350\" height=\"450\" \/><\/a>\u010clan skup\u0161tinskog odbora za ustavna pitanja i zakonodavstvo iz redova DPS-a Lui\u0111 \u0160krelja smatra da inicijativa SDP-a za ocjenu ustavnosti op\u0161teg zakona o obrazovanju u kojoj se ocjenjuje da je neustavan \u010dlan u vezi jezika na kojem se izvodi nastava formalno-pravna ali i su\u0161tinski &#8211; u redu.<\/p>\n<p>\u0160krelja u izjavi za Antenu M ka\u017ee da je saglasan sa ocjenama SDP-a da odredbom \u010dlana 11 protivno ustavnim rje\u0161enjima srpski jezik izjedna\u010den sa crnogorskim dok su ostali jezici u slu\u017ebenoj upotrebi dovedeni u neravnopravan polo\u017eaj iako po Ustavu ne bi trebalo da je tako:<\/p>\n<p>-Smatram da je inicijativa SDP-a sasvim uredu. I sa formalno pravne strane i su\u0161tinski. \u010clan nije u skladu sa ustavom. To je moje mi\u0161ljenje. U tom slu\u010daju trebalo bi das e kompletna norma i Ustav prebaci u zakon i da se ne prave nikakvi izuzeci. Ja mislim da \u0107e Ustavni sud bez obzira kakva bila odluka ustavnog odbora bez politikanstva odrediti prema toj inicijativi- kazao je \u0160krelja.<\/p>\n<p><strong>Antena M<\/strong><\/p>\n<p><a href=\"http:\/\/www.portalanalitika.me\/drustvo\/vijesti\/47746-krelja-albanski-jezik-nije-ravnopravan-sa-ostalim-jezicima.html\" target=\"_blank\"><strong>Analitika &#8211; Informativni Portal<\/strong><\/a><\/p>\n","protected":false},"excerpt":{"rendered":"<p>\u010clan skup\u0161tinskog odbora za ustavna pitanja i zakonodavstvo iz redova DPS-a Lui\u0111 \u0160krelja smatra da inicijativa SDP-a za ocjenu ustavnosti op\u0161teg zakona o obrazovanju u kojoj se ocjenjuje da je neustavan \u010dlan u vezi jezika na kojem se izvodi nastava formalno-pravna ali i su\u0161tinski &#8211; u redu. \u0160krelja u izjavi za Antenu M ka\u017ee da [&hellip;]<\/p>\n","protected":false},"author":1,"featured_media":0,"comment_status":"open","ping_status":"closed","sticky":false,"template":"","format":"standard","meta":{"spay_email":"","jetpack_publicize_message":"","jetpack_is_tweetstorm":false,"jetpack_publicize_feature_enabled":true},"categories":[8337],"tags":[530,15269,19],"jetpack_publicize_connections":[],"yoast_head":"<!-- This site is optimized with the Yoast SEO plugin v19.1 - https:\/\/yoast.com\/wordpress\/plugins\/seo\/ -->\n<title>\u0160krelja: Albanski jezik nije ravnopravan sa ostalim jezicima - Lajme nga Ulqini<\/title>\n<meta name=\"description\" content=\"\u010clan skup\u0161tinskog odbora za ustavna pitanja i zakonodavstvo iz redova DPS-a Lui\u0111 \u0160krelja smatra da inicijativa SDP-a za ocjenu ustavnosti op\u0161teg zakona o\" \/>\n<meta name=\"robots\" content=\"index, follow, max-snippet:-1, max-image-preview:large, max-video-preview:-1\" \/>\n<link rel=\"canonical\" href=\"https:\/\/www.visit-ulcinj.com\/blog\/2012\/01\/11\/skrelja-albanski-jezik-nije-ravnopravan-sa-ostalim-jezicima\/\" \/>\n<meta property=\"og:locale\" content=\"en_US\" \/>\n<meta property=\"og:type\" content=\"article\" \/>\n<meta property=\"og:title\" content=\"\u0160krelja: Albanski jezik nije ravnopravan sa ostalim jezicima - Lajme nga Ulqini\" \/>\n<meta property=\"og:description\" content=\"\u010clan skup\u0161tinskog odbora za ustavna pitanja i zakonodavstvo iz redova DPS-a Lui\u0111 \u0160krelja smatra da inicijativa SDP-a za ocjenu ustavnosti op\u0161teg zakona o\" \/>\n<meta property=\"og:url\" content=\"https:\/\/www.visit-ulcinj.com\/blog\/2012\/01\/11\/skrelja-albanski-jezik-nije-ravnopravan-sa-ostalim-jezicima\/\" \/>\n<meta property=\"og:site_name\" content=\"Lajme nga Ulqini\" \/>\n<meta property=\"article:published_time\" content=\"2012-01-11T11:30:03+00:00\" \/>\n<meta property=\"og:image\" content=\"http:\/\/www.visit-ulcinj.com\/blog\/wp-content\/uploads\/2012\/01\/Poslanik-DPS-a-Luidj-Skrelja-Ulcinj.jpg\" \/>\n<meta name=\"twitter:label1\" content=\"Written by\" \/>\n\t<meta name=\"twitter:data1\" content=\"ulqini\" \/>\n\t<meta name=\"twitter:label2\" content=\"Est. reading time\" \/>\n\t<meta name=\"twitter:data2\" content=\"1 minute\" \/>\n<script type=\"application\/ld+json\" class=\"yoast-schema-graph\">{\"@context\":\"https:\/\/schema.org\",\"@graph\":[{\"@type\":\"WebSite\",\"@id\":\"https:\/\/www.visit-ulcinj.com\/blog\/#website\",\"url\":\"https:\/\/www.visit-ulcinj.com\/blog\/\",\"name\":\"Lajme nga Ulqini\",\"description\":\"Lajme,Vijesti,Ulqini,Ulqin,Crna Gora,Mali i Zi\",\"potentialAction\":[{\"@type\":\"SearchAction\",\"target\":{\"@type\":\"EntryPoint\",\"urlTemplate\":\"https:\/\/www.visit-ulcinj.com\/blog\/?s={search_term_string}\"},\"query-input\":\"required name=search_term_string\"}],\"inLanguage\":\"en-US\"},{\"@type\":\"ImageObject\",\"inLanguage\":\"en-US\",\"@id\":\"https:\/\/www.visit-ulcinj.com\/blog\/2012\/01\/11\/skrelja-albanski-jezik-nije-ravnopravan-sa-ostalim-jezicima\/#primaryimage\",\"url\":\"https:\/\/www.visit-ulcinj.com\/blog\/wp-content\/uploads\/2012\/01\/Poslanik-DPS-a-Luidj-Skrelja-Ulcinj.jpg\",\"contentUrl\":\"https:\/\/www.visit-ulcinj.com\/blog\/wp-content\/uploads\/2012\/01\/Poslanik-DPS-a-Luidj-Skrelja-Ulcinj.jpg\",\"width\":\"432\",\"height\":\"545\"},{\"@type\":\"WebPage\",\"@id\":\"https:\/\/www.visit-ulcinj.com\/blog\/2012\/01\/11\/skrelja-albanski-jezik-nije-ravnopravan-sa-ostalim-jezicima\/#webpage\",\"url\":\"https:\/\/www.visit-ulcinj.com\/blog\/2012\/01\/11\/skrelja-albanski-jezik-nije-ravnopravan-sa-ostalim-jezicima\/\",\"name\":\"\u0160krelja: Albanski jezik nije ravnopravan sa ostalim jezicima - Lajme nga Ulqini\",\"isPartOf\":{\"@id\":\"https:\/\/www.visit-ulcinj.com\/blog\/#website\"},\"primaryImageOfPage\":{\"@id\":\"https:\/\/www.visit-ulcinj.com\/blog\/2012\/01\/11\/skrelja-albanski-jezik-nije-ravnopravan-sa-ostalim-jezicima\/#primaryimage\"},\"datePublished\":\"2012-01-11T11:30:03+00:00\",\"dateModified\":\"2012-01-11T11:30:03+00:00\",\"author\":{\"@id\":\"https:\/\/www.visit-ulcinj.com\/blog\/#\/schema\/person\/dcab619c614d3038751c63bc2aadc06d\"},\"description\":\"\u010clan skup\u0161tinskog odbora za ustavna pitanja i zakonodavstvo iz redova DPS-a Lui\u0111 \u0160krelja smatra da inicijativa SDP-a za ocjenu ustavnosti op\u0161teg zakona o\",\"breadcrumb\":{\"@id\":\"https:\/\/www.visit-ulcinj.com\/blog\/2012\/01\/11\/skrelja-albanski-jezik-nije-ravnopravan-sa-ostalim-jezicima\/#breadcrumb\"},\"inLanguage\":\"en-US\",\"potentialAction\":[{\"@type\":\"ReadAction\",\"target\":[\"https:\/\/www.visit-ulcinj.com\/blog\/2012\/01\/11\/skrelja-albanski-jezik-nije-ravnopravan-sa-ostalim-jezicima\/\"]}]},{\"@type\":\"BreadcrumbList\",\"@id\":\"https:\/\/www.visit-ulcinj.com\/blog\/2012\/01\/11\/skrelja-albanski-jezik-nije-ravnopravan-sa-ostalim-jezicima\/#breadcrumb\",\"itemListElement\":[{\"@type\":\"ListItem\",\"position\":1,\"name\":\"\u0160krelja: Albanski jezik nije ravnopravan sa ostalim jezicima\"}]},{\"@type\":\"Person\",\"@id\":\"https:\/\/www.visit-ulcinj.com\/blog\/#\/schema\/person\/dcab619c614d3038751c63bc2aadc06d\",\"name\":\"ulqini\",\"sameAs\":[\"http:\/\/www.visit-ulcinj.com\"],\"url\":\"https:\/\/www.visit-ulcinj.com\/blog\/author\/admin\/\"}]}<\/script>\n<!-- \/ Yoast SEO plugin. -->","yoast_head_json":{"title":"\u0160krelja: Albanski jezik nije ravnopravan sa ostalim jezicima - Lajme nga Ulqini","description":"\u010clan skup\u0161tinskog odbora za ustavna pitanja i zakonodavstvo iz redova DPS-a Lui\u0111 \u0160krelja smatra da inicijativa SDP-a za ocjenu ustavnosti op\u0161teg zakona o","robots":{"index":"index","follow":"follow","max-snippet":"max-snippet:-1","max-image-preview":"max-image-preview:large","max-video-preview":"max-video-preview:-1"},"canonical":"https:\/\/www.visit-ulcinj.com\/blog\/2012\/01\/11\/skrelja-albanski-jezik-nije-ravnopravan-sa-ostalim-jezicima\/","og_locale":"en_US","og_type":"article","og_title":"\u0160krelja: Albanski jezik nije ravnopravan sa ostalim jezicima - Lajme nga Ulqini","og_description":"\u010clan skup\u0161tinskog odbora za ustavna pitanja i zakonodavstvo iz redova DPS-a Lui\u0111 \u0160krelja smatra da inicijativa SDP-a za ocjenu ustavnosti op\u0161teg zakona o","og_url":"https:\/\/www.visit-ulcinj.com\/blog\/2012\/01\/11\/skrelja-albanski-jezik-nije-ravnopravan-sa-ostalim-jezicima\/","og_site_name":"Lajme nga Ulqini","article_published_time":"2012-01-11T11:30:03+00:00","og_image":[{"url":"http:\/\/www.visit-ulcinj.com\/blog\/wp-content\/uploads\/2012\/01\/Poslanik-DPS-a-Luidj-Skrelja-Ulcinj.jpg"}],"twitter_misc":{"Written by":"ulqini","Est. reading time":"1 minute"},"schema":{"@context":"https:\/\/schema.org","@graph":[{"@type":"WebSite","@id":"https:\/\/www.visit-ulcinj.com\/blog\/#website","url":"https:\/\/www.visit-ulcinj.com\/blog\/","name":"Lajme nga Ulqini","description":"Lajme,Vijesti,Ulqini,Ulqin,Crna Gora,Mali i Zi","potentialAction":[{"@type":"SearchAction","target":{"@type":"EntryPoint","urlTemplate":"https:\/\/www.visit-ulcinj.com\/blog\/?s={search_term_string}"},"query-input":"required name=search_term_string"}],"inLanguage":"en-US"},{"@type":"ImageObject","inLanguage":"en-US","@id":"https:\/\/www.visit-ulcinj.com\/blog\/2012\/01\/11\/skrelja-albanski-jezik-nije-ravnopravan-sa-ostalim-jezicima\/#primaryimage","url":"https:\/\/www.visit-ulcinj.com\/blog\/wp-content\/uploads\/2012\/01\/Poslanik-DPS-a-Luidj-Skrelja-Ulcinj.jpg","contentUrl":"https:\/\/www.visit-ulcinj.com\/blog\/wp-content\/uploads\/2012\/01\/Poslanik-DPS-a-Luidj-Skrelja-Ulcinj.jpg","width":"432","height":"545"},{"@type":"WebPage","@id":"https:\/\/www.visit-ulcinj.com\/blog\/2012\/01\/11\/skrelja-albanski-jezik-nije-ravnopravan-sa-ostalim-jezicima\/#webpage","url":"https:\/\/www.visit-ulcinj.com\/blog\/2012\/01\/11\/skrelja-albanski-jezik-nije-ravnopravan-sa-ostalim-jezicima\/","name":"\u0160krelja: Albanski jezik nije ravnopravan sa ostalim jezicima - Lajme nga Ulqini","isPartOf":{"@id":"https:\/\/www.visit-ulcinj.com\/blog\/#website"},"primaryImageOfPage":{"@id":"https:\/\/www.visit-ulcinj.com\/blog\/2012\/01\/11\/skrelja-albanski-jezik-nije-ravnopravan-sa-ostalim-jezicima\/#primaryimage"},"datePublished":"2012-01-11T11:30:03+00:00","dateModified":"2012-01-11T11:30:03+00:00","author":{"@id":"https:\/\/www.visit-ulcinj.com\/blog\/#\/schema\/person\/dcab619c614d3038751c63bc2aadc06d"},"description":"\u010clan skup\u0161tinskog odbora za ustavna pitanja i zakonodavstvo iz redova DPS-a Lui\u0111 \u0160krelja smatra da inicijativa SDP-a za ocjenu ustavnosti op\u0161teg zakona o","breadcrumb":{"@id":"https:\/\/www.visit-ulcinj.com\/blog\/2012\/01\/11\/skrelja-albanski-jezik-nije-ravnopravan-sa-ostalim-jezicima\/#breadcrumb"},"inLanguage":"en-US","potentialAction":[{"@type":"ReadAction","target":["https:\/\/www.visit-ulcinj.com\/blog\/2012\/01\/11\/skrelja-albanski-jezik-nije-ravnopravan-sa-ostalim-jezicima\/"]}]},{"@type":"BreadcrumbList","@id":"https:\/\/www.visit-ulcinj.com\/blog\/2012\/01\/11\/skrelja-albanski-jezik-nije-ravnopravan-sa-ostalim-jezicima\/#breadcrumb","itemListElement":[{"@type":"ListItem","position":1,"name":"\u0160krelja: Albanski jezik nije ravnopravan sa ostalim jezicima"}]},{"@type":"Person","@id":"https:\/\/www.visit-ulcinj.com\/blog\/#\/schema\/person\/dcab619c614d3038751c63bc2aadc06d","name":"ulqini","sameAs":["http:\/\/www.visit-ulcinj.com"],"url":"https:\/\/www.visit-ulcinj.com\/blog\/author\/admin\/"}]}},"jetpack_featured_media_url":"","jetpack_sharing_enabled":true,"jetpack_shortlink":"https:\/\/wp.me\/pe6lTn-ex6","_links":{"self":[{"href":"https:\/\/www.visit-ulcinj.com\/blog\/wp-json\/wp\/v2\/posts\/55868"}],"collection":[{"href":"https:\/\/www.visit-ulcinj.com\/blog\/wp-json\/wp\/v2\/posts"}],"about":[{"href":"https:\/\/www.visit-ulcinj.com\/blog\/wp-json\/wp\/v2\/types\/post"}],"author":[{"embeddable":true,"href":"https:\/\/www.visit-ulcinj.com\/blog\/wp-json\/wp\/v2\/users\/1"}],"replies":[{"embeddable":true,"href":"https:\/\/www.visit-ulcinj.com\/blog\/wp-json\/wp\/v2\/comments?post=55868"}],"version-history":[{"count":1,"href":"https:\/\/www.visit-ulcinj.com\/blog\/wp-json\/wp\/v2\/posts\/55868\/revisions"}],"predecessor-version":[{"id":55870,"href":"https:\/\/www.visit-ulcinj.com\/blog\/wp-json\/wp\/v2\/posts\/55868\/revisions\/55870"}],"wp:attachment":[{"href":"https:\/\/www.visit-ulcinj.com\/blog\/wp-json\/wp\/v2\/media?parent=55868"}],"wp:term":[{"taxonomy":"category","embeddable":true,"href":"https:\/\/www.visit-ulcinj.com\/blog\/wp-json\/wp\/v2\/categories?post=55868"},{"taxonomy":"post_tag","embeddable":true,"href":"https:\/\/www.visit-ulcinj.com\/blog\/wp-json\/wp\/v2\/tags?post=55868"}],"curies":[{"name":"wp","href":"https:\/\/api.w.org\/{rel}","templated":true}]}}