{"id":55880,"date":"2012-01-11T18:13:24","date_gmt":"2012-01-11T17:13:24","guid":{"rendered":"http:\/\/www.visit-ulcinj.com\/blog\/?p=55880"},"modified":"2012-01-11T18:24:58","modified_gmt":"2012-01-11T17:24:58","slug":"wichtigster-zugvogelrastplatz-an-der-adria-ostkuste-soll-bauland-werdenrden","status":"publish","type":"post","link":"https:\/\/www.visit-ulcinj.com\/blog\/2012\/01\/11\/wichtigster-zugvogelrastplatz-an-der-adria-ostkuste-soll-bauland-werdenrden\/","title":{"rendered":"Wichtigster Zugvogelrastplatz an der Adria-Ostk\u00fcste soll Bauland werdenrden"},"content":{"rendered":"<p><strong><a href=\"http:\/\/www.visit-ulcinj.com\/blog\/wp-content\/uploads\/2012\/01\/Flamingos-in-der-saline-of-Ulcinj-Montenegro.jpg\"><img loading=\"lazy\" class=\"alignleft  wp-image-55882\" title=\"Flamingos in der saline of Ulcinj Montenegro\" src=\"http:\/\/www.visit-ulcinj.com\/blog\/wp-content\/uploads\/2012\/01\/Flamingos-in-der-saline-of-Ulcinj-Montenegro.jpg\" alt=\"\" width=\"508\" height=\"372\" \/><\/a>Saline Ulcinj soll am 16. Januar unter den Hammer kommen<\/strong><\/p>\n<p><strong> Pressemitteilung vom 10. Januar 2012<\/strong><br \/>\n<strong>Radolfzell.<\/strong>\u00a0Seit dem 16. Dezember 2011 l\u00e4uft der Count-down f\u00fcr den wichtigsten<a href=\"http:\/\/www.euronatur.org\/Adria-Zugroute-Adriatic-Flyway.1144.0.html\"><strong>Zugvogel-Rastplatz an der Adria-Ostk\u00fcste<\/strong><\/a>. Am 16. Januar 2012 soll die\u00a0<a href=\"http:\/\/www.euronatur.org\/Saline-Ulcinj.1161.0.html\"><strong>Saline von Ulcinj<\/strong><\/a>\u00a0in Montenegro f\u00fcr mindestens 257,8 Millionen Euro verkauft werden. Damit droht dem global bedeutenden Feuchtgebiet das Aus.<br \/>\n\u201eOhne die M\u00f6glichkeit zur Rast in der Saline Ulcinj w\u00fcrden viele\u00a0<a href=\"http:\/\/www.euronatur.org\/Vogelschutz-in-Europa.1096.0.html\"><strong>Zugv\u00f6gel<\/strong><\/a>, vor allem Kn\u00e4kenten, Sichelstrandl\u00e4ufer und D\u00fcnnschnabelbrachv\u00f6gel ihren bis zu 5.000 Kilometer langen Flug von Eurasien nach Afrika nicht \u00fcberleben. Es besteht derzeit die riesige Gefahr, dass dieses \u00f6kologische Kleinod skrupelloser Gesch\u00e4ftemacherei zum Opfer f\u00e4llt\u201c, sagt\u00a0<a href=\"http:\/\/www.euronatur.org\/Gabriel-Schwaderer.1251.0.html\"><strong>Gabriel Schwaderer<\/strong><\/a>, Gesch\u00e4ftsf\u00fchrer der europaweit t\u00e4tigen Naturschutzstiftung EuroNatur. Im Rahmen der Privatisierung des einstigen Staatsbetriebs im Jahr 2005 hat das Unternehmen Eurofond 75 Prozent des Salinenbetriebs f\u00fcr nur 800.000 Euro vom Staat Montenegro \u00fcbernommen. Dazu z\u00e4hlt auch das 14,5 Millionen Quadratmeter gro\u00dfe Salinengel\u00e4nde. Diese Fl\u00e4che entspricht ungef\u00e4hr 1.450 Fu\u00dfballfeldern. Seither bestimmt Eurofond, der vom Gesch\u00e4ftsmann Veselin Barovi\u0107 kontrolliert wird, die Geschicke der Saline.<br \/>\n<a href=\"http:\/\/www.visit-ulcinj.com\/blog\/wp-content\/uploads\/2012\/01\/Saline-of-Ulcinj-Montenegro-for-Sale.jpg\"><img loading=\"lazy\" class=\"alignleft  wp-image-55883\" title=\"Saline of Ulcinj Montenegro for Sale\" src=\"http:\/\/www.visit-ulcinj.com\/blog\/wp-content\/uploads\/2012\/01\/Saline-of-Ulcinj-Montenegro-for-Sale.jpg\" alt=\"\" width=\"508\" height=\"333\" \/><\/a><\/p>\n<p>Dass statt mit Salz heute mit dem Verkauf des Gel\u00e4ndes das gro\u00dfe Gesch\u00e4ft gemacht werden kann, basiert auf skandal\u00f6sen \u00c4nderungen der Vorlage des<a href=\"http:\/\/ozonniksic.files.wordpress.com\/2011\/05\/prostorni-plan-crne-gore-do-2020.pdf\" target=\"_blank\"><strong>Raumplans von Montenegro (2005 \u2013 2020)\u00a0<\/strong><\/a>im Jahr 2007. Gef\u00f6rdert wurde die Erstellung des Dokuments durch die Bundesregierung. An der Ausarbeitung waren Experten der Deutschen Gesellschaft f\u00fcr Internationale Zusammenarbeit (GIZ) beteiligt. Ziel der urspr\u00fcnglichen Version des Raumplans war es, Montenegro durch eine nachhaltige Entwicklung neue wirtschaftliche Perspektiven zu er\u00f6ffnen. Doch die Version, die zur Abstimmung in das Parlament gelangte, unterschied sich deutlich von der Fassung, die kurz zuvor auf ihre Umweltvertr\u00e4glichkeit gepr\u00fcft und in einer \u00f6ffentlichen Anh\u00f6rung pr\u00e4sentiert worden war: erstens wurde die Ausweisung neuer Schutzgebiete gestrichen. Dieser Finte fiel auch die Ausweisung der\u00a0<a href=\"http:\/\/www.euronatur.org\/Saline-Ulcinj.1161.0.html\"><strong>Saline Ulcinj<\/strong><\/a>\u00a0als Naturschutzgebiet zum Opfer. Zweitens wurde die Nutzung der Saline als Tourismusgebiet und drittens die Entwicklung neuer \u00dcbernachtungskapazit\u00e4ten auf der Fl\u00e4che der Saline vorgesehen. Damit wurde das global bedeutende Feuchtgebiet \u201eSaline Ulcinj\u201c zum potentiellen Bauland und der finanzielle Spekulationswert der Firma erh\u00f6hte sich um ein Vielfaches.<\/p>\n<p>\u201eAls Beitrittskandidat f\u00fcr die Europ\u00e4ische Union kann es sich Montenegro nicht leisten, ein zuk\u00fcnftiges Natura 2000-Gebiet zum Bauland zu erkl\u00e4ren. Noch immer stehen Hotels aus jugoslawischen Zeiten leer. Montenegro braucht nicht mehr Hotelbetten, sondern attraktive und gut gesch\u00fctzte Naturgebiete\u201c, sagt EuroNatur-Projektleiter\u00a0<a href=\"http:\/\/www.euronatur.org\/Martin-Schneider-Jacoby.1254.0.html\"><strong>Dr. Martin Schneider-Jacoby<\/strong><\/a>. EuroNatur unterst\u00fctzt die Petition der montenegrinischen Natur- und Umweltschutzverb\u00e4nde und fordert Premierminister Igor Luk\u0161i\u0107 dringend auf, die \u00c4nderungen im Raumplan zur\u00fcckzunehmen. Die Saline muss als wichtige Attraktion f\u00fcr den Tourismus und als bedeutendster Zugvogellandeplatz des Landes unter Naturschutz gestellt werden.<\/p>\n<p><strong>Hintergrundinformationen:<\/strong><\/p>\n<ul>\n<li>Die Saline Ulcinj ist die gr\u00f6\u00dfte Lagune Montenegros und wurde seit 1926 zur Salzgewinnung genutzt. Dadurch blieb sie als Feuchtgebiet erhalten, w\u00e4hrend die meisten anderen Gebiete trockengelegt und \u00fcberbaut wurden. Die Saline Ulcinj ist auch bekannt als Firma Solana \u201eBajo Sekuli\u0107\u201c, \u201eSolana Ulcinj\u201c oder \u201eUlcinj Salina\u201c.<\/li>\n<\/ul>\n<ul>\n<li>EuroNatur setzt sich seit 2003 f\u00fcr die Entwicklung der Saline Ulcinj als Vogelschutzgebiet und naturtouristische Attraktion an der<a href=\"http:\/\/www.euronatur.org\/Adria-Zugroute-Adriatic-Flyway.1144.0.html\"><strong>\u00a0Adria-Zugroute<\/strong><\/a>ein.\u00a0<a href=\"http:\/\/www.euronatur.org\/Saline-Ulcinj.1161.0.html\"><strong>Lesen Sie hier mehr.<\/strong><\/a><\/li>\n<\/ul>\n<ul>\n<li><a href=\"http:\/\/www.ipetitions.com\/petition\/protection-of-ulcinj-salina-eng\/\" target=\"_blank\"><strong>Bitte unterschreiben Sie hier die Petition der NGOs!<\/strong><\/a><\/li>\n<\/ul>\n<ul>\n<li>Die Petition zum Nachlesen auf Deutsch\u00a0<a title=\"TEXT, Petition Rettet die Saline Ulcinj Januar 2012, Petition_Rettet_die_Saline_Ulcinj_Januar_2012.pdf, 30 KB\" href=\"http:\/\/www.euronatur.org\/fileadmin\/docs\/Petitionen\/Petition_Rettet_die_Saline_Ulcinj_Januar_2012.pdf\"><strong>(pdf-Datei, 18 Kb)<\/strong><\/a><\/li>\n<\/ul>\n<ul>\n<li><a href=\"http:\/\/ozonniksic.files.wordpress.com\/2011\/05\/prostorni-plan-crne-gore-do-2020.pdf\" target=\"_blank\"><strong>Link zum Raumplan Montenegros (2005 \u2013 2020)<\/strong><\/a><\/li>\n<\/ul>\n<p><a href=\"http:\/\/ozonniksic.files.wordpress.com\/2011\/05\/prostorni-plan-crne-gore-do-2020.pdf\" target=\"_blank\"><strong><br \/>\n<\/strong><\/a><a href=\"http:\/\/ozonniksic.files.wordpress.com\/2011\/05\/prostorni-plan-crne-gore-do-2020.pdf\" target=\"_blank\"><strong><br \/>\n<\/strong><\/a><strong>F\u00fcr R\u00fcckfragen wenden Sie sich bitte an:<\/strong><\/p>\n<p>EuroNatur<\/p>\n<p>Konstanzer Str. 22<\/p>\n<p>78315 Radolfzell<\/p>\n<p>Tel.: 07732 &#8211; 92 72 10<\/p>\n<p>Fax: 07732 &#8211; 92 72 22<\/p>\n<p>E-Mail:\u00a0<strong>info@euronatur.org<\/strong><\/p>\n<p>Internet:\u00a0<a href=\"http:\/\/www.euronatur.org\/\" target=\"_blank\"><strong>www.euronatur.org<\/strong><\/a><\/p>\n<p>Ansprechpartner: Dr. Martin Schneider-Jacoby<br \/>\n<strong><a href=\"http:\/\/www.euronatur.org\/\">Euronatur<\/a><\/strong><br \/>\n<strong><a href=\"http:\/\/www.euronatur.org\/fileadmin\/docs\/Petitionen\/Petition_Rettet_die_Saline_Ulcinj_Januar_2012.pdf\"><br \/>\nPetition zur Rettung der Saline Ulcinj<br \/>\n<\/a><a href=\"http:\/\/ozonniksic.files.wordpress.com\/2011\/05\/prostorni-plan-crne-gore-do-2020.pdf\"><br \/>\nRaumplan Montenegro<\/a><\/strong><br \/>\n<!--YouTube Error: bad URL entered--><\/p>\n","protected":false},"excerpt":{"rendered":"<p>Saline Ulcinj soll am 16. Januar unter den Hammer kommen Pressemitteilung vom 10. Januar 2012 Radolfzell.\u00a0Seit dem 16. Dezember 2011 l\u00e4uft der Count-down f\u00fcr den wichtigstenZugvogel-Rastplatz an der Adria-Ostk\u00fcste. Am 16. Januar 2012 soll die\u00a0Saline von Ulcinj\u00a0in Montenegro f\u00fcr mindestens 257,8 Millionen Euro verkauft werden. Damit droht dem global bedeutenden Feuchtgebiet das Aus. \u201eOhne die [&hellip;]<\/p>\n","protected":false},"author":1,"featured_media":0,"comment_status":"open","ping_status":"closed","sticky":false,"template":"","format":"standard","meta":{"spay_email":"","jetpack_publicize_message":"","jetpack_is_tweetstorm":false,"jetpack_publicize_feature_enabled":true},"categories":[7],"tags":[19844,79,19],"jetpack_publicize_connections":[],"yoast_head":"<!-- This site is optimized with the Yoast SEO plugin v19.1 - https:\/\/yoast.com\/wordpress\/plugins\/seo\/ -->\n<title>Wichtigster Zugvogelrastplatz an der Adria-Ostk\u00fcste soll Bauland werdenrden - Lajme nga Ulqini<\/title>\n<meta name=\"description\" content=\"Saline Ulcinj soll am 16. Januar unter den Hammer kommen Pressemitteilung vom 10. Januar 2012 Radolfzell.\u00a0Seit dem 16. Dezember 2011 l\u00e4uft der Count-down\" \/>\n<meta name=\"robots\" content=\"index, follow, max-snippet:-1, max-image-preview:large, max-video-preview:-1\" \/>\n<link rel=\"canonical\" href=\"https:\/\/www.visit-ulcinj.com\/blog\/2012\/01\/11\/wichtigster-zugvogelrastplatz-an-der-adria-ostkuste-soll-bauland-werdenrden\/\" \/>\n<meta property=\"og:locale\" content=\"en_US\" \/>\n<meta property=\"og:type\" content=\"article\" \/>\n<meta property=\"og:title\" content=\"Wichtigster Zugvogelrastplatz an der Adria-Ostk\u00fcste soll Bauland werdenrden - Lajme nga Ulqini\" \/>\n<meta property=\"og:description\" content=\"Saline Ulcinj soll am 16. Januar unter den Hammer kommen Pressemitteilung vom 10. Januar 2012 Radolfzell.\u00a0Seit dem 16. Dezember 2011 l\u00e4uft der Count-down\" \/>\n<meta property=\"og:url\" content=\"https:\/\/www.visit-ulcinj.com\/blog\/2012\/01\/11\/wichtigster-zugvogelrastplatz-an-der-adria-ostkuste-soll-bauland-werdenrden\/\" \/>\n<meta property=\"og:site_name\" content=\"Lajme nga Ulqini\" \/>\n<meta property=\"article:published_time\" content=\"2012-01-11T17:13:24+00:00\" \/>\n<meta property=\"article:modified_time\" content=\"2012-01-11T17:24:58+00:00\" \/>\n<meta property=\"og:image\" content=\"http:\/\/www.visit-ulcinj.com\/blog\/wp-content\/uploads\/2012\/01\/Flamingos-in-der-saline-of-Ulcinj-Montenegro.jpg\" \/>\n<meta name=\"twitter:label1\" content=\"Written by\" \/>\n\t<meta name=\"twitter:data1\" content=\"ulqini\" \/>\n\t<meta name=\"twitter:label2\" content=\"Est. reading time\" \/>\n\t<meta name=\"twitter:data2\" content=\"3 minutes\" \/>\n<script type=\"application\/ld+json\" class=\"yoast-schema-graph\">{\"@context\":\"https:\/\/schema.org\",\"@graph\":[{\"@type\":\"WebSite\",\"@id\":\"https:\/\/www.visit-ulcinj.com\/blog\/#website\",\"url\":\"https:\/\/www.visit-ulcinj.com\/blog\/\",\"name\":\"Lajme nga Ulqini\",\"description\":\"Lajme,Vijesti,Ulqini,Ulqin,Crna Gora,Mali i Zi\",\"potentialAction\":[{\"@type\":\"SearchAction\",\"target\":{\"@type\":\"EntryPoint\",\"urlTemplate\":\"https:\/\/www.visit-ulcinj.com\/blog\/?s={search_term_string}\"},\"query-input\":\"required name=search_term_string\"}],\"inLanguage\":\"en-US\"},{\"@type\":\"ImageObject\",\"inLanguage\":\"en-US\",\"@id\":\"https:\/\/www.visit-ulcinj.com\/blog\/2012\/01\/11\/wichtigster-zugvogelrastplatz-an-der-adria-ostkuste-soll-bauland-werdenrden\/#primaryimage\",\"url\":\"https:\/\/www.visit-ulcinj.com\/blog\/wp-content\/uploads\/2012\/01\/Flamingos-in-der-saline-of-Ulcinj-Montenegro.jpg\",\"contentUrl\":\"https:\/\/www.visit-ulcinj.com\/blog\/wp-content\/uploads\/2012\/01\/Flamingos-in-der-saline-of-Ulcinj-Montenegro.jpg\",\"width\":\"1000\",\"height\":\"372\"},{\"@type\":\"WebPage\",\"@id\":\"https:\/\/www.visit-ulcinj.com\/blog\/2012\/01\/11\/wichtigster-zugvogelrastplatz-an-der-adria-ostkuste-soll-bauland-werdenrden\/#webpage\",\"url\":\"https:\/\/www.visit-ulcinj.com\/blog\/2012\/01\/11\/wichtigster-zugvogelrastplatz-an-der-adria-ostkuste-soll-bauland-werdenrden\/\",\"name\":\"Wichtigster Zugvogelrastplatz an der Adria-Ostk\u00fcste soll Bauland werdenrden - Lajme nga Ulqini\",\"isPartOf\":{\"@id\":\"https:\/\/www.visit-ulcinj.com\/blog\/#website\"},\"primaryImageOfPage\":{\"@id\":\"https:\/\/www.visit-ulcinj.com\/blog\/2012\/01\/11\/wichtigster-zugvogelrastplatz-an-der-adria-ostkuste-soll-bauland-werdenrden\/#primaryimage\"},\"datePublished\":\"2012-01-11T17:13:24+00:00\",\"dateModified\":\"2012-01-11T17:24:58+00:00\",\"author\":{\"@id\":\"https:\/\/www.visit-ulcinj.com\/blog\/#\/schema\/person\/dcab619c614d3038751c63bc2aadc06d\"},\"description\":\"Saline Ulcinj soll am 16. Januar unter den Hammer kommen Pressemitteilung vom 10. Januar 2012 Radolfzell.\u00a0Seit dem 16. Dezember 2011 l\u00e4uft der Count-down\",\"breadcrumb\":{\"@id\":\"https:\/\/www.visit-ulcinj.com\/blog\/2012\/01\/11\/wichtigster-zugvogelrastplatz-an-der-adria-ostkuste-soll-bauland-werdenrden\/#breadcrumb\"},\"inLanguage\":\"en-US\",\"potentialAction\":[{\"@type\":\"ReadAction\",\"target\":[\"https:\/\/www.visit-ulcinj.com\/blog\/2012\/01\/11\/wichtigster-zugvogelrastplatz-an-der-adria-ostkuste-soll-bauland-werdenrden\/\"]}]},{\"@type\":\"BreadcrumbList\",\"@id\":\"https:\/\/www.visit-ulcinj.com\/blog\/2012\/01\/11\/wichtigster-zugvogelrastplatz-an-der-adria-ostkuste-soll-bauland-werdenrden\/#breadcrumb\",\"itemListElement\":[{\"@type\":\"ListItem\",\"position\":1,\"name\":\"Wichtigster Zugvogelrastplatz an der Adria-Ostk\u00fcste soll Bauland werdenrden\"}]},{\"@type\":\"Person\",\"@id\":\"https:\/\/www.visit-ulcinj.com\/blog\/#\/schema\/person\/dcab619c614d3038751c63bc2aadc06d\",\"name\":\"ulqini\",\"sameAs\":[\"http:\/\/www.visit-ulcinj.com\"],\"url\":\"https:\/\/www.visit-ulcinj.com\/blog\/author\/admin\/\"}]}<\/script>\n<!-- \/ Yoast SEO plugin. -->","yoast_head_json":{"title":"Wichtigster Zugvogelrastplatz an der Adria-Ostk\u00fcste soll Bauland werdenrden - Lajme nga Ulqini","description":"Saline Ulcinj soll am 16. Januar unter den Hammer kommen Pressemitteilung vom 10. Januar 2012 Radolfzell.\u00a0Seit dem 16. Dezember 2011 l\u00e4uft der Count-down","robots":{"index":"index","follow":"follow","max-snippet":"max-snippet:-1","max-image-preview":"max-image-preview:large","max-video-preview":"max-video-preview:-1"},"canonical":"https:\/\/www.visit-ulcinj.com\/blog\/2012\/01\/11\/wichtigster-zugvogelrastplatz-an-der-adria-ostkuste-soll-bauland-werdenrden\/","og_locale":"en_US","og_type":"article","og_title":"Wichtigster Zugvogelrastplatz an der Adria-Ostk\u00fcste soll Bauland werdenrden - Lajme nga Ulqini","og_description":"Saline Ulcinj soll am 16. Januar unter den Hammer kommen Pressemitteilung vom 10. Januar 2012 Radolfzell.\u00a0Seit dem 16. Dezember 2011 l\u00e4uft der Count-down","og_url":"https:\/\/www.visit-ulcinj.com\/blog\/2012\/01\/11\/wichtigster-zugvogelrastplatz-an-der-adria-ostkuste-soll-bauland-werdenrden\/","og_site_name":"Lajme nga Ulqini","article_published_time":"2012-01-11T17:13:24+00:00","article_modified_time":"2012-01-11T17:24:58+00:00","og_image":[{"url":"http:\/\/www.visit-ulcinj.com\/blog\/wp-content\/uploads\/2012\/01\/Flamingos-in-der-saline-of-Ulcinj-Montenegro.jpg"}],"twitter_misc":{"Written by":"ulqini","Est. reading time":"3 minutes"},"schema":{"@context":"https:\/\/schema.org","@graph":[{"@type":"WebSite","@id":"https:\/\/www.visit-ulcinj.com\/blog\/#website","url":"https:\/\/www.visit-ulcinj.com\/blog\/","name":"Lajme nga Ulqini","description":"Lajme,Vijesti,Ulqini,Ulqin,Crna Gora,Mali i Zi","potentialAction":[{"@type":"SearchAction","target":{"@type":"EntryPoint","urlTemplate":"https:\/\/www.visit-ulcinj.com\/blog\/?s={search_term_string}"},"query-input":"required name=search_term_string"}],"inLanguage":"en-US"},{"@type":"ImageObject","inLanguage":"en-US","@id":"https:\/\/www.visit-ulcinj.com\/blog\/2012\/01\/11\/wichtigster-zugvogelrastplatz-an-der-adria-ostkuste-soll-bauland-werdenrden\/#primaryimage","url":"https:\/\/www.visit-ulcinj.com\/blog\/wp-content\/uploads\/2012\/01\/Flamingos-in-der-saline-of-Ulcinj-Montenegro.jpg","contentUrl":"https:\/\/www.visit-ulcinj.com\/blog\/wp-content\/uploads\/2012\/01\/Flamingos-in-der-saline-of-Ulcinj-Montenegro.jpg","width":"1000","height":"372"},{"@type":"WebPage","@id":"https:\/\/www.visit-ulcinj.com\/blog\/2012\/01\/11\/wichtigster-zugvogelrastplatz-an-der-adria-ostkuste-soll-bauland-werdenrden\/#webpage","url":"https:\/\/www.visit-ulcinj.com\/blog\/2012\/01\/11\/wichtigster-zugvogelrastplatz-an-der-adria-ostkuste-soll-bauland-werdenrden\/","name":"Wichtigster Zugvogelrastplatz an der Adria-Ostk\u00fcste soll Bauland werdenrden - Lajme nga Ulqini","isPartOf":{"@id":"https:\/\/www.visit-ulcinj.com\/blog\/#website"},"primaryImageOfPage":{"@id":"https:\/\/www.visit-ulcinj.com\/blog\/2012\/01\/11\/wichtigster-zugvogelrastplatz-an-der-adria-ostkuste-soll-bauland-werdenrden\/#primaryimage"},"datePublished":"2012-01-11T17:13:24+00:00","dateModified":"2012-01-11T17:24:58+00:00","author":{"@id":"https:\/\/www.visit-ulcinj.com\/blog\/#\/schema\/person\/dcab619c614d3038751c63bc2aadc06d"},"description":"Saline Ulcinj soll am 16. Januar unter den Hammer kommen Pressemitteilung vom 10. Januar 2012 Radolfzell.\u00a0Seit dem 16. Dezember 2011 l\u00e4uft der Count-down","breadcrumb":{"@id":"https:\/\/www.visit-ulcinj.com\/blog\/2012\/01\/11\/wichtigster-zugvogelrastplatz-an-der-adria-ostkuste-soll-bauland-werdenrden\/#breadcrumb"},"inLanguage":"en-US","potentialAction":[{"@type":"ReadAction","target":["https:\/\/www.visit-ulcinj.com\/blog\/2012\/01\/11\/wichtigster-zugvogelrastplatz-an-der-adria-ostkuste-soll-bauland-werdenrden\/"]}]},{"@type":"BreadcrumbList","@id":"https:\/\/www.visit-ulcinj.com\/blog\/2012\/01\/11\/wichtigster-zugvogelrastplatz-an-der-adria-ostkuste-soll-bauland-werdenrden\/#breadcrumb","itemListElement":[{"@type":"ListItem","position":1,"name":"Wichtigster Zugvogelrastplatz an der Adria-Ostk\u00fcste soll Bauland werdenrden"}]},{"@type":"Person","@id":"https:\/\/www.visit-ulcinj.com\/blog\/#\/schema\/person\/dcab619c614d3038751c63bc2aadc06d","name":"ulqini","sameAs":["http:\/\/www.visit-ulcinj.com"],"url":"https:\/\/www.visit-ulcinj.com\/blog\/author\/admin\/"}]}},"jetpack_featured_media_url":"","jetpack_sharing_enabled":true,"jetpack_shortlink":"https:\/\/wp.me\/pe6lTn-exi","_links":{"self":[{"href":"https:\/\/www.visit-ulcinj.com\/blog\/wp-json\/wp\/v2\/posts\/55880"}],"collection":[{"href":"https:\/\/www.visit-ulcinj.com\/blog\/wp-json\/wp\/v2\/posts"}],"about":[{"href":"https:\/\/www.visit-ulcinj.com\/blog\/wp-json\/wp\/v2\/types\/post"}],"author":[{"embeddable":true,"href":"https:\/\/www.visit-ulcinj.com\/blog\/wp-json\/wp\/v2\/users\/1"}],"replies":[{"embeddable":true,"href":"https:\/\/www.visit-ulcinj.com\/blog\/wp-json\/wp\/v2\/comments?post=55880"}],"version-history":[{"count":2,"href":"https:\/\/www.visit-ulcinj.com\/blog\/wp-json\/wp\/v2\/posts\/55880\/revisions"}],"predecessor-version":[{"id":55885,"href":"https:\/\/www.visit-ulcinj.com\/blog\/wp-json\/wp\/v2\/posts\/55880\/revisions\/55885"}],"wp:attachment":[{"href":"https:\/\/www.visit-ulcinj.com\/blog\/wp-json\/wp\/v2\/media?parent=55880"}],"wp:term":[{"taxonomy":"category","embeddable":true,"href":"https:\/\/www.visit-ulcinj.com\/blog\/wp-json\/wp\/v2\/categories?post=55880"},{"taxonomy":"post_tag","embeddable":true,"href":"https:\/\/www.visit-ulcinj.com\/blog\/wp-json\/wp\/v2\/tags?post=55880"}],"curies":[{"name":"wp","href":"https:\/\/api.w.org\/{rel}","templated":true}]}}