{"id":55888,"date":"2012-01-11T18:53:25","date_gmt":"2012-01-11T17:53:25","guid":{"rendered":"http:\/\/www.visit-ulcinj.com\/blog\/?p=55888"},"modified":"2012-01-24T22:18:18","modified_gmt":"2012-01-24T21:18:18","slug":"ministri-hoxhaj-kosova-e-mali-i-zi-kete-vit-shkembejne-ambasadoret","status":"publish","type":"post","link":"https:\/\/www.visit-ulcinj.com\/blog\/2012\/01\/11\/ministri-hoxhaj-kosova-e-mali-i-zi-kete-vit-shkembejne-ambasadoret\/","title":{"rendered":"Ministri Hoxhaj: Kosova e Mali i Zi k\u00ebt\u00eb vit shk\u00ebmbejn\u00eb ambasador\u00ebt"},"content":{"rendered":"<div id=\"attachment_55889\" style=\"width: 518px\" class=\"wp-caption alignleft\"><a href=\"http:\/\/www.visit-ulcinj.com\/blog\/wp-content\/uploads\/2012\/01\/Milan-Roqen_Enver-Hoxhaj.jpg\"><img aria-describedby=\"caption-attachment-55889\" loading=\"lazy\" class=\" wp-image-55889\" title=\"Milan Roqen_Enver Hoxhaj\" src=\"http:\/\/www.visit-ulcinj.com\/blog\/wp-content\/uploads\/2012\/01\/Milan-Roqen_Enver-Hoxhaj.jpg\" alt=\"\" width=\"508\" height=\"380\" \/><\/a><p id=\"caption-attachment-55889\" class=\"wp-caption-text\">Foto: VLADA.ME<\/p><\/div>\n<p><a title=\"FJALIMI I MINISTRIT HOXHAJ\" href=\"http:\/\/www.gov.me\/vijesti\/110960\/Ministar-Rocen-razgovarao-sa.html\" target=\"_blank\"><strong>FJALIMI I MISTRIT HOXHAJ<\/strong><\/a><\/p>\n<p>Hoxhaj t\u00eb m\u00ebrkur\u00ebn \u00ebsht\u00eb takuar me Presidentin e Malit t\u00eb Zi, Filip Vujanovic, Kryeministrin Igor Luksic dhe homologu Milan Rocen. Gjat\u00eb k\u00ebtyre takimeve \u00ebsht\u00eb konfirmuar vullneti i dyansh\u00ebm p\u00ebr hapjen e ambasadave t\u00eb dy shteteve n\u00eb Prishtin\u00eb dhe Podgoric\u00eb.<\/p>\n<p>Ministri kosovar ka njoftuar udh\u00ebheq\u00ebsit e Malit t\u00eb Zi edhe p\u00ebr Ligjin e miratuar n\u00eb Qeverin\u00eb e Kosov\u00ebs, i cili e p\u00ebrfshin\u00eb komunitetin malazez n\u00eb mesin e komuniteteve t\u00eb Kosov\u00ebs. Nd\u00ebrsa, \u00ebsht\u00eb siguruar nga udh\u00ebheq\u00ebsit e shtetit fqinj p\u00ebr integrimin plot\u00eb dhe avancimin e m\u00ebtutjesh\u00ebm t\u00eb shqiptar\u00ebve n\u00eb Mal t\u00eb Zi, n\u00eb t\u00eb gjitha nivelet institucionale t\u00eb shtetit, thuhet n\u00eb komunikat\u00ebn e MPJ-s\u00eb.<\/p>\n<p>\u201cUn\u00eb jam siguruar nga Presidenti, Kryeministri dhe Ministri i Pun\u00ebve t\u00eb Jashtme q\u00eb shqiptar\u00ebt q\u00eb jetojn\u00eb n\u00eb Mal t\u00eb Zi jan\u00eb t\u00eb integruar. Por, un\u00eb po ashtu jam siguruar q\u00eb shqiptar\u00ebt do t\u00eb jen\u00eb edhe m\u00eb mir\u00eb t\u00eb p\u00ebrfaq\u00ebsuar, si n\u00eb nivelin lokal edhe n\u00eb at\u00eb qendror\u201d, ka th\u00ebn\u00eb Hoxhaj.<\/p>\n<p>Telegrafi<\/p>\n","protected":false},"excerpt":{"rendered":"<p>FJALIMI I MISTRIT HOXHAJ Hoxhaj t\u00eb m\u00ebrkur\u00ebn \u00ebsht\u00eb takuar me Presidentin e Malit t\u00eb Zi, Filip Vujanovic, Kryeministrin Igor Luksic dhe homologu Milan Rocen. Gjat\u00eb k\u00ebtyre takimeve \u00ebsht\u00eb konfirmuar vullneti i dyansh\u00ebm p\u00ebr hapjen e ambasadave t\u00eb dy shteteve n\u00eb Prishtin\u00eb dhe Podgoric\u00eb. Ministri kosovar ka njoftuar udh\u00ebheq\u00ebsit e Malit t\u00eb Zi edhe p\u00ebr Ligjin [&hellip;]<\/p>\n","protected":false},"author":1,"featured_media":0,"comment_status":"open","ping_status":"closed","sticky":false,"template":"","format":"standard","meta":{"spay_email":"","jetpack_publicize_message":"","jetpack_is_tweetstorm":false,"jetpack_publicize_feature_enabled":true},"categories":[6],"tags":[64,49,95,4863],"jetpack_publicize_connections":[],"yoast_head":"<!-- This site is optimized with the Yoast SEO plugin v19.1 - https:\/\/yoast.com\/wordpress\/plugins\/seo\/ -->\n<title>Ministri Hoxhaj: Kosova e Mali i Zi k\u00ebt\u00eb vit shk\u00ebmbejn\u00eb ambasador\u00ebt - Lajme nga Ulqini<\/title>\n<meta name=\"description\" content=\"FJALIMI I MISTRIT HOXHAJ Hoxhaj t\u00eb m\u00ebrkur\u00ebn \u00ebsht\u00eb takuar me Presidentin e Malit t\u00eb Zi, Filip Vujanovic, Kryeministrin Igor Luksic dhe homologu Milan\" \/>\n<meta name=\"robots\" content=\"index, follow, max-snippet:-1, max-image-preview:large, max-video-preview:-1\" \/>\n<link rel=\"canonical\" href=\"https:\/\/www.visit-ulcinj.com\/blog\/2012\/01\/11\/ministri-hoxhaj-kosova-e-mali-i-zi-kete-vit-shkembejne-ambasadoret\/\" \/>\n<meta property=\"og:locale\" content=\"en_US\" \/>\n<meta property=\"og:type\" content=\"article\" \/>\n<meta property=\"og:title\" content=\"Ministri Hoxhaj: Kosova e Mali i Zi k\u00ebt\u00eb vit shk\u00ebmbejn\u00eb ambasador\u00ebt - Lajme nga Ulqini\" \/>\n<meta property=\"og:description\" content=\"FJALIMI I MISTRIT HOXHAJ Hoxhaj t\u00eb m\u00ebrkur\u00ebn \u00ebsht\u00eb takuar me Presidentin e Malit t\u00eb Zi, Filip Vujanovic, Kryeministrin Igor Luksic dhe homologu Milan\" \/>\n<meta property=\"og:url\" content=\"https:\/\/www.visit-ulcinj.com\/blog\/2012\/01\/11\/ministri-hoxhaj-kosova-e-mali-i-zi-kete-vit-shkembejne-ambasadoret\/\" \/>\n<meta property=\"og:site_name\" content=\"Lajme nga Ulqini\" \/>\n<meta property=\"article:published_time\" content=\"2012-01-11T17:53:25+00:00\" \/>\n<meta property=\"article:modified_time\" content=\"2012-01-24T21:18:18+00:00\" \/>\n<meta property=\"og:image\" content=\"http:\/\/www.visit-ulcinj.com\/blog\/wp-content\/uploads\/2012\/01\/Milan-Roqen_Enver-Hoxhaj.jpg\" \/>\n<meta name=\"twitter:label1\" content=\"Written by\" \/>\n\t<meta name=\"twitter:data1\" content=\"ulqini\" \/>\n\t<meta name=\"twitter:label2\" content=\"Est. reading time\" \/>\n\t<meta name=\"twitter:data2\" content=\"1 minute\" \/>\n<script type=\"application\/ld+json\" class=\"yoast-schema-graph\">{\"@context\":\"https:\/\/schema.org\",\"@graph\":[{\"@type\":\"WebSite\",\"@id\":\"https:\/\/www.visit-ulcinj.com\/blog\/#website\",\"url\":\"https:\/\/www.visit-ulcinj.com\/blog\/\",\"name\":\"Lajme nga Ulqini\",\"description\":\"Lajme,Vijesti,Ulqini,Ulqin,Crna Gora,Mali i Zi\",\"potentialAction\":[{\"@type\":\"SearchAction\",\"target\":{\"@type\":\"EntryPoint\",\"urlTemplate\":\"https:\/\/www.visit-ulcinj.com\/blog\/?s={search_term_string}\"},\"query-input\":\"required name=search_term_string\"}],\"inLanguage\":\"en-US\"},{\"@type\":\"ImageObject\",\"inLanguage\":\"en-US\",\"@id\":\"https:\/\/www.visit-ulcinj.com\/blog\/2012\/01\/11\/ministri-hoxhaj-kosova-e-mali-i-zi-kete-vit-shkembejne-ambasadoret\/#primaryimage\",\"url\":\"https:\/\/www.visit-ulcinj.com\/blog\/wp-content\/uploads\/2012\/01\/Milan-Roqen_Enver-Hoxhaj.jpg\",\"contentUrl\":\"https:\/\/www.visit-ulcinj.com\/blog\/wp-content\/uploads\/2012\/01\/Milan-Roqen_Enver-Hoxhaj.jpg\",\"width\":\"788\",\"height\":\"486\"},{\"@type\":\"WebPage\",\"@id\":\"https:\/\/www.visit-ulcinj.com\/blog\/2012\/01\/11\/ministri-hoxhaj-kosova-e-mali-i-zi-kete-vit-shkembejne-ambasadoret\/#webpage\",\"url\":\"https:\/\/www.visit-ulcinj.com\/blog\/2012\/01\/11\/ministri-hoxhaj-kosova-e-mali-i-zi-kete-vit-shkembejne-ambasadoret\/\",\"name\":\"Ministri Hoxhaj: Kosova e Mali i Zi k\u00ebt\u00eb vit shk\u00ebmbejn\u00eb ambasador\u00ebt - Lajme nga Ulqini\",\"isPartOf\":{\"@id\":\"https:\/\/www.visit-ulcinj.com\/blog\/#website\"},\"primaryImageOfPage\":{\"@id\":\"https:\/\/www.visit-ulcinj.com\/blog\/2012\/01\/11\/ministri-hoxhaj-kosova-e-mali-i-zi-kete-vit-shkembejne-ambasadoret\/#primaryimage\"},\"datePublished\":\"2012-01-11T17:53:25+00:00\",\"dateModified\":\"2012-01-24T21:18:18+00:00\",\"author\":{\"@id\":\"https:\/\/www.visit-ulcinj.com\/blog\/#\/schema\/person\/dcab619c614d3038751c63bc2aadc06d\"},\"description\":\"FJALIMI I MISTRIT HOXHAJ Hoxhaj t\u00eb m\u00ebrkur\u00ebn \u00ebsht\u00eb takuar me Presidentin e Malit t\u00eb Zi, Filip Vujanovic, Kryeministrin Igor Luksic dhe homologu Milan\",\"breadcrumb\":{\"@id\":\"https:\/\/www.visit-ulcinj.com\/blog\/2012\/01\/11\/ministri-hoxhaj-kosova-e-mali-i-zi-kete-vit-shkembejne-ambasadoret\/#breadcrumb\"},\"inLanguage\":\"en-US\",\"potentialAction\":[{\"@type\":\"ReadAction\",\"target\":[\"https:\/\/www.visit-ulcinj.com\/blog\/2012\/01\/11\/ministri-hoxhaj-kosova-e-mali-i-zi-kete-vit-shkembejne-ambasadoret\/\"]}]},{\"@type\":\"BreadcrumbList\",\"@id\":\"https:\/\/www.visit-ulcinj.com\/blog\/2012\/01\/11\/ministri-hoxhaj-kosova-e-mali-i-zi-kete-vit-shkembejne-ambasadoret\/#breadcrumb\",\"itemListElement\":[{\"@type\":\"ListItem\",\"position\":1,\"name\":\"Ministri Hoxhaj: Kosova e Mali i Zi k\u00ebt\u00eb vit shk\u00ebmbejn\u00eb ambasador\u00ebt\"}]},{\"@type\":\"Person\",\"@id\":\"https:\/\/www.visit-ulcinj.com\/blog\/#\/schema\/person\/dcab619c614d3038751c63bc2aadc06d\",\"name\":\"ulqini\",\"sameAs\":[\"http:\/\/www.visit-ulcinj.com\"],\"url\":\"https:\/\/www.visit-ulcinj.com\/blog\/author\/admin\/\"}]}<\/script>\n<!-- \/ Yoast SEO plugin. -->","yoast_head_json":{"title":"Ministri Hoxhaj: Kosova e Mali i Zi k\u00ebt\u00eb vit shk\u00ebmbejn\u00eb ambasador\u00ebt - Lajme nga Ulqini","description":"FJALIMI I MISTRIT HOXHAJ Hoxhaj t\u00eb m\u00ebrkur\u00ebn \u00ebsht\u00eb takuar me Presidentin e Malit t\u00eb Zi, Filip Vujanovic, Kryeministrin Igor Luksic dhe homologu Milan","robots":{"index":"index","follow":"follow","max-snippet":"max-snippet:-1","max-image-preview":"max-image-preview:large","max-video-preview":"max-video-preview:-1"},"canonical":"https:\/\/www.visit-ulcinj.com\/blog\/2012\/01\/11\/ministri-hoxhaj-kosova-e-mali-i-zi-kete-vit-shkembejne-ambasadoret\/","og_locale":"en_US","og_type":"article","og_title":"Ministri Hoxhaj: Kosova e Mali i Zi k\u00ebt\u00eb vit shk\u00ebmbejn\u00eb ambasador\u00ebt - Lajme nga Ulqini","og_description":"FJALIMI I MISTRIT HOXHAJ Hoxhaj t\u00eb m\u00ebrkur\u00ebn \u00ebsht\u00eb takuar me Presidentin e Malit t\u00eb Zi, Filip Vujanovic, Kryeministrin Igor Luksic dhe homologu Milan","og_url":"https:\/\/www.visit-ulcinj.com\/blog\/2012\/01\/11\/ministri-hoxhaj-kosova-e-mali-i-zi-kete-vit-shkembejne-ambasadoret\/","og_site_name":"Lajme nga Ulqini","article_published_time":"2012-01-11T17:53:25+00:00","article_modified_time":"2012-01-24T21:18:18+00:00","og_image":[{"url":"http:\/\/www.visit-ulcinj.com\/blog\/wp-content\/uploads\/2012\/01\/Milan-Roqen_Enver-Hoxhaj.jpg"}],"twitter_misc":{"Written by":"ulqini","Est. reading time":"1 minute"},"schema":{"@context":"https:\/\/schema.org","@graph":[{"@type":"WebSite","@id":"https:\/\/www.visit-ulcinj.com\/blog\/#website","url":"https:\/\/www.visit-ulcinj.com\/blog\/","name":"Lajme nga Ulqini","description":"Lajme,Vijesti,Ulqini,Ulqin,Crna Gora,Mali i Zi","potentialAction":[{"@type":"SearchAction","target":{"@type":"EntryPoint","urlTemplate":"https:\/\/www.visit-ulcinj.com\/blog\/?s={search_term_string}"},"query-input":"required name=search_term_string"}],"inLanguage":"en-US"},{"@type":"ImageObject","inLanguage":"en-US","@id":"https:\/\/www.visit-ulcinj.com\/blog\/2012\/01\/11\/ministri-hoxhaj-kosova-e-mali-i-zi-kete-vit-shkembejne-ambasadoret\/#primaryimage","url":"https:\/\/www.visit-ulcinj.com\/blog\/wp-content\/uploads\/2012\/01\/Milan-Roqen_Enver-Hoxhaj.jpg","contentUrl":"https:\/\/www.visit-ulcinj.com\/blog\/wp-content\/uploads\/2012\/01\/Milan-Roqen_Enver-Hoxhaj.jpg","width":"788","height":"486"},{"@type":"WebPage","@id":"https:\/\/www.visit-ulcinj.com\/blog\/2012\/01\/11\/ministri-hoxhaj-kosova-e-mali-i-zi-kete-vit-shkembejne-ambasadoret\/#webpage","url":"https:\/\/www.visit-ulcinj.com\/blog\/2012\/01\/11\/ministri-hoxhaj-kosova-e-mali-i-zi-kete-vit-shkembejne-ambasadoret\/","name":"Ministri Hoxhaj: Kosova e Mali i Zi k\u00ebt\u00eb vit shk\u00ebmbejn\u00eb ambasador\u00ebt - Lajme nga Ulqini","isPartOf":{"@id":"https:\/\/www.visit-ulcinj.com\/blog\/#website"},"primaryImageOfPage":{"@id":"https:\/\/www.visit-ulcinj.com\/blog\/2012\/01\/11\/ministri-hoxhaj-kosova-e-mali-i-zi-kete-vit-shkembejne-ambasadoret\/#primaryimage"},"datePublished":"2012-01-11T17:53:25+00:00","dateModified":"2012-01-24T21:18:18+00:00","author":{"@id":"https:\/\/www.visit-ulcinj.com\/blog\/#\/schema\/person\/dcab619c614d3038751c63bc2aadc06d"},"description":"FJALIMI I MISTRIT HOXHAJ Hoxhaj t\u00eb m\u00ebrkur\u00ebn \u00ebsht\u00eb takuar me Presidentin e Malit t\u00eb Zi, Filip Vujanovic, Kryeministrin Igor Luksic dhe homologu Milan","breadcrumb":{"@id":"https:\/\/www.visit-ulcinj.com\/blog\/2012\/01\/11\/ministri-hoxhaj-kosova-e-mali-i-zi-kete-vit-shkembejne-ambasadoret\/#breadcrumb"},"inLanguage":"en-US","potentialAction":[{"@type":"ReadAction","target":["https:\/\/www.visit-ulcinj.com\/blog\/2012\/01\/11\/ministri-hoxhaj-kosova-e-mali-i-zi-kete-vit-shkembejne-ambasadoret\/"]}]},{"@type":"BreadcrumbList","@id":"https:\/\/www.visit-ulcinj.com\/blog\/2012\/01\/11\/ministri-hoxhaj-kosova-e-mali-i-zi-kete-vit-shkembejne-ambasadoret\/#breadcrumb","itemListElement":[{"@type":"ListItem","position":1,"name":"Ministri Hoxhaj: Kosova e Mali i Zi k\u00ebt\u00eb vit shk\u00ebmbejn\u00eb ambasador\u00ebt"}]},{"@type":"Person","@id":"https:\/\/www.visit-ulcinj.com\/blog\/#\/schema\/person\/dcab619c614d3038751c63bc2aadc06d","name":"ulqini","sameAs":["http:\/\/www.visit-ulcinj.com"],"url":"https:\/\/www.visit-ulcinj.com\/blog\/author\/admin\/"}]}},"jetpack_featured_media_url":"","jetpack_sharing_enabled":true,"jetpack_shortlink":"https:\/\/wp.me\/pe6lTn-exq","_links":{"self":[{"href":"https:\/\/www.visit-ulcinj.com\/blog\/wp-json\/wp\/v2\/posts\/55888"}],"collection":[{"href":"https:\/\/www.visit-ulcinj.com\/blog\/wp-json\/wp\/v2\/posts"}],"about":[{"href":"https:\/\/www.visit-ulcinj.com\/blog\/wp-json\/wp\/v2\/types\/post"}],"author":[{"embeddable":true,"href":"https:\/\/www.visit-ulcinj.com\/blog\/wp-json\/wp\/v2\/users\/1"}],"replies":[{"embeddable":true,"href":"https:\/\/www.visit-ulcinj.com\/blog\/wp-json\/wp\/v2\/comments?post=55888"}],"version-history":[{"count":5,"href":"https:\/\/www.visit-ulcinj.com\/blog\/wp-json\/wp\/v2\/posts\/55888\/revisions"}],"predecessor-version":[{"id":56308,"href":"https:\/\/www.visit-ulcinj.com\/blog\/wp-json\/wp\/v2\/posts\/55888\/revisions\/56308"}],"wp:attachment":[{"href":"https:\/\/www.visit-ulcinj.com\/blog\/wp-json\/wp\/v2\/media?parent=55888"}],"wp:term":[{"taxonomy":"category","embeddable":true,"href":"https:\/\/www.visit-ulcinj.com\/blog\/wp-json\/wp\/v2\/categories?post=55888"},{"taxonomy":"post_tag","embeddable":true,"href":"https:\/\/www.visit-ulcinj.com\/blog\/wp-json\/wp\/v2\/tags?post=55888"}],"curies":[{"name":"wp","href":"https:\/\/api.w.org\/{rel}","templated":true}]}}