{"id":55894,"date":"2012-01-12T14:14:23","date_gmt":"2012-01-12T13:14:23","guid":{"rendered":"http:\/\/www.visit-ulcinj.com\/blog\/?p=55894"},"modified":"2012-01-16T18:25:50","modified_gmt":"2012-01-16T17:25:50","slug":"ne-kala-kisha-projekti-ideor","status":"publish","type":"post","link":"https:\/\/www.visit-ulcinj.com\/blog\/2012\/01\/12\/ne-kala-kisha-projekti-ideor\/","title":{"rendered":"N\u00eb Kala kisha &#8211; projekti ideor"},"content":{"rendered":"<p><a href=\"http:\/\/www.visit-ulcinj.com\/blog\/?attachment_id=55896\" rel=\"attachment wp-att-55896\"><img loading=\"lazy\" class=\"alignleft  wp-image-55896\" title=\"N\u00eb Kala kisha - projekti ideor\" src=\"http:\/\/www.visit-ulcinj.com\/blog\/wp-content\/uploads\/2012\/01\/N\u00eb-Kala-kisha-projekti-ideor.jpg\" alt=\"\" width=\"340\" height=\"440\" \/><\/a>Shoqata \u201cDon Gjon Buzuku\u201d ka publikuar n\u00eb revist\u00ebn \u201cBuzuku\u201d nr. 33 t\u00eb dat\u00ebs 2 shtator 2010, thirrjen nd\u00ebrkomb\u00ebtare p\u00ebr d\u00ebrgimin e ofertave p\u00ebr l\u00ebnd\u00ebn \u201cHartimi i projektit ideor p\u00ebr Kish\u00ebn katedrale t\u00eb Sh\u00ebn M\u00ebris\u00eb n\u00eb hyrjen e poshtme t\u00eb kalas\u00eb s\u00eb Ulqinit. Porosit\u00ebsi ka ofruar edhe k\u00ebto t\u00eb dh\u00ebna:<br \/>\nN\u00eb teren jan\u00eb ruajtur themelet e dy kishave: nj\u00ebra ka dimensionet 4 x 7 metra, me absid\u00eb gjysm\u00eb rrethore dhe supozohet se \u00ebsht\u00eb nd\u00ebrtuar n\u00eb mes t\u00eb viteve 813 \u2013 820. K\u00ebto themele gjend\u00ebn brenda themeleve t\u00eb kish\u00ebs tjet\u00ebr, me dimensione t\u00eb planimetris\u00eb 7,53 x 18,25 metra e cila po ashtu ka absid\u00eb gjysm\u00eb rrethore. N\u00eb baz\u00ebn e t\u00eb dh\u00ebnave historike kjo kish\u00eb \u00ebsht\u00eb nd\u00ebrtuar m\u00eb 1251. Hulumtimet jan\u00eb b\u00ebr\u00eb n\u00eb vitet 1897 dhe 1981. N\u00eb gravurat e vjetra shihet se kisha ka pasur kambanoren.<br \/>\nPorosit\u00ebsi ka siguruar:<br \/>\n1.Ekstraktin kadastral t\u00eb terrenit, 2.Ekstraktin e projektit urbanistik, 3.In\u00e7izimin e themeleve ekzis-tuese t\u00eb objektit dhe<br \/>\n4.Fotokopjen e fotos s\u00eb nj\u00eb gra-vure mesjetare.<br \/>\nAspekti historik dhe qasja projektit<br \/>\nDokumentet q\u00eb ka ofruar porosit\u00ebsi, vizita n\u00eb teren dhe bisedat e zhvilluara ishin pika fillestare p\u00ebr qasjen e k\u00ebsaj detyre projektuese. N\u00eb periudh\u00ebn e par\u00eb, t\u00eb hershme t\u00eb mesjet\u00ebs , kur ndodh procesi i formimit shqiptaro-arb\u00ebresh, t\u00eb dh\u00ebnat jan\u00eb t\u00eb pakta jo vet\u00ebm arkitekturore por edhe historike n\u00eb p\u00ebrgjith\u00ebsi. At\u00ebher\u00eb edhe u nd\u00ebrtua kisha e vog\u00ebl themelet e s\u00eb cil\u00ebs gjend\u00ebn brenda asaj t\u00eb madhes (shek.IX).<br \/>\nN\u00eb periudh\u00ebn e dyt\u00eb t\u00eb mesjet\u00ebs kur realizohet uniteti i popullsis\u00eb shqiptare m\u00eb shtrirje p\u00ebraf\u00ebrsisht t\u00eb nj\u00ebjta ashtu si \u00ebsht\u00eb sot, jan\u00eb t\u00eb shpeshta kishat nj\u00ebnefshe si kjo e jona, m\u00eb p\u00ebrmasa t\u00eb vogla, m\u00eb planimetri drejtk\u00ebndore dhe absid\u00eb gjysm\u00eb rrethore n\u00eb an\u00ebn lindore dhe m\u00eb hyrje n\u00eb an\u00ebn per\u00ebndimore.<br \/>\nPor, as p\u00ebr periudh\u00ebn e dyt\u00eb (shek XIII-IX) nuk ka t\u00eb dh\u00ebna t\u00eb mjaftueshme p\u00ebr gjendjen e objektit n\u00eb fjal\u00eb para rr\u00ebnimit.<br \/>\nNga studimet e ve\u00e7anta t\u00eb monu-menteve t\u00eb trash\u00ebguara nga kjo periudh\u00eb historike, hasim n\u00eb ndikime t\u00eb forta t\u00eb arkitektur\u00ebs per\u00ebndimore dhe t\u00eb kish\u00ebs katolike. Jan\u00eb t\u00eb shumta elementet arkitekturore romanike \u2013 gotike n\u00eb hap\u00ebsirat tona si dhe n\u00eb Dalmaci. Ashtu edhe kjo kish\u00eb ishte e punuar me mure guri t\u00eb lidhur me lla\u00e7 g\u00eblqereje q\u00eb shihet edhe prej pjes\u00ebve t\u00eb mbetura t\u00eb mureve e t\u00eb themeleve (fotot), n\u00eb pjes\u00ebt e jashtme rreshtat e gur\u00ebve t\u00eb latuar ishin me prirje horizontale; nga ajo q\u00eb ka mbetur prej kishave t\u00eb k\u00ebsaj kohe, shihet se shpatullat e dyerve, dritaret dhe qoshet e mureve, mjeshtri popullor i ka punuar me m\u00eb shum\u00eb kujdes, m\u00eb gur\u00eb t\u00eb latuar t\u00eb gjat\u00eb, q\u00eb mund\u00eb t\u00eb supozohet se edhe k\u00ebtu vlen ky rregull. Kisha ishte e mbuluar m\u00eb \u00e7ati druri dy uj\u00ebrash.<\/p>\n<p><a href=\"http:\/\/www.visit-ulcinj.com\/blog\/wp-content\/uploads\/2012\/01\/N\u00eb-Kala-kisha-projekti-ideor.1.jpg\"><img loading=\"lazy\" class=\"alignleft  wp-image-55897\" title=\"N\u00eb Kala kisha - projekti ideor.1\" src=\"http:\/\/www.visit-ulcinj.com\/blog\/wp-content\/uploads\/2012\/01\/N\u00eb-Kala-kisha-projekti-ideor.1.jpg\" alt=\"\" width=\"340\" height=\"440\" \/><\/a>Prej gravur\u00ebs mund\u00eb t\u00eb konstatohet se kambanorja fillimisht ka qen\u00eb e ve\u00e7uar prej objektit t\u00eb kish\u00ebs, dhe n\u00ebse mund ti besohet, at\u00ebher\u00eb kambanorja ka qen\u00eb e vendosur n\u00eb an\u00ebn veriore, pran\u00eb hyrjes n\u00eb kish\u00eb pik\u00ebrisht aty ku gjendet rruga tani. Edhe n\u00eb an\u00ebn jugore, po ashtu, nuk ka hap\u00ebsir\u00eb t\u00eb mjaftueshme p\u00ebr vendosjen e kambanores si t\u00eb ve\u00e7uar. Pra, situata e tanishme e truallit, vendosja e rrug\u00ebs aty ku \u00ebsht\u00eb, nuk premton hap\u00ebsir\u00ebn e duhur p\u00ebr nj\u00eb zgjedhje planimetrike t\u00eb kish\u00ebs e t\u00eb kambanores ashtu si \u00ebsht\u00eb n\u00eb gravur\u00eb.<br \/>\nPra, marr\u00eb parasysh kjo q\u00eb u tha nga ana e aspektit historik, n\u00eb nj\u00eb an\u00eb dhe n\u00eb an\u00ebn tjet\u00ebr, t\u00eb dh\u00ebnat q\u00eb ofron situata n\u00eb terren, ka b\u00ebr\u00eb q\u00eb gjat\u00eb hartimit t\u00eb projektit \u00ebsht\u00eb tentuar, sa m\u00eb shum\u00eb q\u00eb ka qen\u00eb e mundur q\u00eb t\u00eb mos ket\u00eb shmangie nga ve\u00e7orit\u00eb e nd\u00ebrtimit t\u00eb objekteve sakrale p\u00ebr sa i p\u00ebrket arkitektur\u00ebs s\u00eb asaj kohe n\u00eb k\u00ebto troje (n\u00eb materiale dhe n\u00eb form\u00eb).<br \/>\nP\u00ebr ket\u00eb arsye , \u00ebsht\u00eb p\u00ebrvet\u00ebsuar forma planimetrike nj\u00ebnefshe n\u00eb themelet ekzistuese duke iu shtuar kambanorja n\u00eb an\u00ebn per\u00ebndimore dhe duke rezultuar k\u00ebshtu nj\u00eb zgjedhje simetrike n\u00eb raport me boshtin gjat\u00ebsor t\u00eb objektit. Kjo zgjedhje duket e p\u00eblqyeshme edhe nga aspekti statik e sizmik, marr\u00eb parasysh zon\u00ebn n\u00eb t\u00eb cil\u00ebn gjendet qyteti, por edhe nga ana ekonomike, \u00ebsht\u00eb m\u00eb e favorshme.<\/p>\n<p><a href=\"http:\/\/www.visit-ulcinj.com\/blog\/wp-content\/uploads\/2012\/01\/N\u00eb-Kala-kisha-projekti-ideor.2.jpg\"><img loading=\"lazy\" class=\"alignleft  wp-image-55898\" title=\"N\u00eb Kala kisha - projekti ideor.2\" src=\"http:\/\/www.visit-ulcinj.com\/blog\/wp-content\/uploads\/2012\/01\/N\u00eb-Kala-kisha-projekti-ideor.2.jpg\" alt=\"\" width=\"340\" height=\"440\" \/><\/a>Nd\u00ebrtimi i mureve nga brenda dhe jasht\u00eb b\u00ebhet me gur\u00eb t\u00eb skuadruar n\u00eb forma t\u00eb zgjatura (mund\u00ebsisht). M\u00eb shum\u00eb holl\u00ebsi do t\u00eb jepen n\u00eb projektin kryesor (pilastrat, harqet, ngjyra e gurit, madh\u00ebsia etj.)<br \/>\nKisha do t\u00eb ket\u00eb p\u00ebrforcime konstruktive t\u00eb fshehura brenda mureve t\u00eb gurit (themeleve, breza horizontal dhe vertikal nga betonarmeja) t\u00eb dimensionuara sipas t\u00eb dh\u00ebnave gjeomekanike dhe sizmike.<br \/>\nDyshemeja e kish\u00ebs do t\u00eb jet\u00eb me pllaka guri. Lloji, forma, madh\u00ebsia e ngjyra e tyre do t\u00eb caktohet n\u00eb fazat e m\u00eb vonshme t\u00eb projektit, por insistohet q\u00eb vendi ku jan\u00eb themelet e kish\u00ebs s\u00eb vog\u00ebl t\u00eb dallohen nga sip\u00ebrfaqja tjet\u00ebr e dyshemes\u00eb. Dyshemeja e galeris\u00eb, korit dhe e niveleve t\u00eb kambanores \u00ebsht\u00eb me d\u00ebrrasa bungu m\u00eb trash\u00ebsi 5 cm t\u00eb vendosur mbi tra druri t\u00eb futura n\u00eb murin e gurit me dimensione dhe p\u00ebrpunim sipas projektit definitiv. Shkallet p\u00ebr galeri dhe kambanore t\u00eb punohen po ashtu nga druri i fort\u00eb sipas k\u00ebrkes\u00ebs s\u00eb projektuesit. \u00c7atia do t\u00eb jet\u00eb dyujore, nga konstruksioni i drurit, e dukshme e dimensionuar dhe e p\u00ebrpunuar n\u00eb t\u00ebr\u00ebsi sipas p\u00ebrshkrimit n\u00eb projektin kryesor. Mbulesa me tjegulla. Dyert dhe dritaret t\u00eb punohen prej druri i fort\u00eb ashtu si do t\u00eb jet\u00eb e precizuar n\u00eb projektin kryesor.<\/p>\n<p><strong> Projektuesi Gjon Kelmendi I.D.A<\/strong><\/p>\n<p><strong>Burimi: Buzuku.info<\/strong><\/p>\n","protected":false},"excerpt":{"rendered":"<p>Shoqata \u201cDon Gjon Buzuku\u201d ka publikuar n\u00eb revist\u00ebn \u201cBuzuku\u201d nr. 33 t\u00eb dat\u00ebs 2 shtator 2010, thirrjen nd\u00ebrkomb\u00ebtare p\u00ebr d\u00ebrgimin e ofertave p\u00ebr l\u00ebnd\u00ebn \u201cHartimi i projektit ideor p\u00ebr Kish\u00ebn katedrale t\u00eb Sh\u00ebn M\u00ebris\u00eb n\u00eb hyrjen e poshtme t\u00eb kalas\u00eb s\u00eb Ulqinit. Porosit\u00ebsi ka ofruar edhe k\u00ebto t\u00eb dh\u00ebna: N\u00eb teren jan\u00eb ruajtur themelet e [&hellip;]<\/p>\n","protected":false},"author":1,"featured_media":0,"comment_status":"open","ping_status":"closed","sticky":false,"template":"","format":"standard","meta":{"spay_email":"","jetpack_publicize_message":"","jetpack_is_tweetstorm":false,"jetpack_publicize_feature_enabled":true},"categories":[4,12],"tags":[212,17828,17834,18370,17811,17831,18362,14353,17808,14354,12340,17840,17839,18363,17835,17814,17810,17816,17071,17807,3516,14652,17837,17827,14358,222,17802,17812,17803,17820,17825,17817,17805,305,17823,309,310,17832,3506,17818,214,17680,14362,14363,18371,3507,17800,498,3500,115,14364,17799,3327,17841,17826,15213,18236,3512,17806,11648,18289,17838,95,17813,17804,15141,19495,17836,14366,79,17073,18294,118,18368,18369,19845,1653,1909,14367,17801,18360,17822,14368,14369,17824,14370,18291,2083,3231,14371,41,3617,3722,14372,17844,17821,18372,17830,17077,18295,14375,17833,17829,899,200,18,17819,17809,4265,14376],"jetpack_publicize_connections":[],"yoast_head":"<!-- This site is optimized with the Yoast SEO plugin v19.1 - https:\/\/yoast.com\/wordpress\/plugins\/seo\/ -->\n<title>N\u00eb Kala kisha - projekti ideor - Lajme nga Ulqini<\/title>\n<meta name=\"description\" content=\"Shoqata \u201cDon Gjon Buzuku\u201d ka publikuar n\u00eb revist\u00ebn \u201cBuzuku\u201d nr. 33 t\u00eb dat\u00ebs 2 shtator 2010, thirrjen nd\u00ebrkomb\u00ebtare p\u00ebr d\u00ebrgimin e ofertave p\u00ebr l\u00ebnd\u00ebn\" \/>\n<meta name=\"robots\" content=\"index, follow, max-snippet:-1, max-image-preview:large, max-video-preview:-1\" \/>\n<link rel=\"canonical\" href=\"https:\/\/www.visit-ulcinj.com\/blog\/2012\/01\/12\/ne-kala-kisha-projekti-ideor\/\" \/>\n<meta property=\"og:locale\" content=\"en_US\" \/>\n<meta property=\"og:type\" content=\"article\" \/>\n<meta property=\"og:title\" content=\"N\u00eb Kala kisha - projekti ideor - Lajme nga Ulqini\" \/>\n<meta property=\"og:description\" content=\"Shoqata \u201cDon Gjon Buzuku\u201d ka publikuar n\u00eb revist\u00ebn \u201cBuzuku\u201d nr. 33 t\u00eb dat\u00ebs 2 shtator 2010, thirrjen nd\u00ebrkomb\u00ebtare p\u00ebr d\u00ebrgimin e ofertave p\u00ebr l\u00ebnd\u00ebn\" \/>\n<meta property=\"og:url\" content=\"https:\/\/www.visit-ulcinj.com\/blog\/2012\/01\/12\/ne-kala-kisha-projekti-ideor\/\" \/>\n<meta property=\"og:site_name\" content=\"Lajme nga Ulqini\" \/>\n<meta property=\"article:published_time\" content=\"2012-01-12T13:14:23+00:00\" \/>\n<meta property=\"article:modified_time\" content=\"2012-01-16T17:25:50+00:00\" \/>\n<meta name=\"twitter:label1\" content=\"Written by\" \/>\n\t<meta name=\"twitter:data1\" content=\"ulqini\" \/>\n\t<meta name=\"twitter:label2\" content=\"Est. reading time\" \/>\n\t<meta name=\"twitter:data2\" content=\"5 minutes\" \/>\n<script type=\"application\/ld+json\" class=\"yoast-schema-graph\">{\"@context\":\"https:\/\/schema.org\",\"@graph\":[{\"@type\":\"WebSite\",\"@id\":\"https:\/\/www.visit-ulcinj.com\/blog\/#website\",\"url\":\"https:\/\/www.visit-ulcinj.com\/blog\/\",\"name\":\"Lajme nga Ulqini\",\"description\":\"Lajme,Vijesti,Ulqini,Ulqin,Crna Gora,Mali i Zi\",\"potentialAction\":[{\"@type\":\"SearchAction\",\"target\":{\"@type\":\"EntryPoint\",\"urlTemplate\":\"https:\/\/www.visit-ulcinj.com\/blog\/?s={search_term_string}\"},\"query-input\":\"required name=search_term_string\"}],\"inLanguage\":\"en-US\"},{\"@type\":\"WebPage\",\"@id\":\"https:\/\/www.visit-ulcinj.com\/blog\/2012\/01\/12\/ne-kala-kisha-projekti-ideor\/#webpage\",\"url\":\"https:\/\/www.visit-ulcinj.com\/blog\/2012\/01\/12\/ne-kala-kisha-projekti-ideor\/\",\"name\":\"N\u00eb Kala kisha - projekti ideor - Lajme nga Ulqini\",\"isPartOf\":{\"@id\":\"https:\/\/www.visit-ulcinj.com\/blog\/#website\"},\"datePublished\":\"2012-01-12T13:14:23+00:00\",\"dateModified\":\"2012-01-16T17:25:50+00:00\",\"author\":{\"@id\":\"https:\/\/www.visit-ulcinj.com\/blog\/#\/schema\/person\/dcab619c614d3038751c63bc2aadc06d\"},\"description\":\"Shoqata \u201cDon Gjon Buzuku\u201d ka publikuar n\u00eb revist\u00ebn \u201cBuzuku\u201d nr. 33 t\u00eb dat\u00ebs 2 shtator 2010, thirrjen nd\u00ebrkomb\u00ebtare p\u00ebr d\u00ebrgimin e ofertave p\u00ebr l\u00ebnd\u00ebn\",\"breadcrumb\":{\"@id\":\"https:\/\/www.visit-ulcinj.com\/blog\/2012\/01\/12\/ne-kala-kisha-projekti-ideor\/#breadcrumb\"},\"inLanguage\":\"en-US\",\"potentialAction\":[{\"@type\":\"ReadAction\",\"target\":[\"https:\/\/www.visit-ulcinj.com\/blog\/2012\/01\/12\/ne-kala-kisha-projekti-ideor\/\"]}]},{\"@type\":\"BreadcrumbList\",\"@id\":\"https:\/\/www.visit-ulcinj.com\/blog\/2012\/01\/12\/ne-kala-kisha-projekti-ideor\/#breadcrumb\",\"itemListElement\":[{\"@type\":\"ListItem\",\"position\":1,\"name\":\"N\u00eb Kala kisha &#8211; projekti ideor\"}]},{\"@type\":\"Person\",\"@id\":\"https:\/\/www.visit-ulcinj.com\/blog\/#\/schema\/person\/dcab619c614d3038751c63bc2aadc06d\",\"name\":\"ulqini\",\"sameAs\":[\"http:\/\/www.visit-ulcinj.com\"],\"url\":\"https:\/\/www.visit-ulcinj.com\/blog\/author\/admin\/\"}]}<\/script>\n<!-- \/ Yoast SEO plugin. -->","yoast_head_json":{"title":"N\u00eb Kala kisha - projekti ideor - Lajme nga Ulqini","description":"Shoqata \u201cDon Gjon Buzuku\u201d ka publikuar n\u00eb revist\u00ebn \u201cBuzuku\u201d nr. 33 t\u00eb dat\u00ebs 2 shtator 2010, thirrjen nd\u00ebrkomb\u00ebtare p\u00ebr d\u00ebrgimin e ofertave p\u00ebr l\u00ebnd\u00ebn","robots":{"index":"index","follow":"follow","max-snippet":"max-snippet:-1","max-image-preview":"max-image-preview:large","max-video-preview":"max-video-preview:-1"},"canonical":"https:\/\/www.visit-ulcinj.com\/blog\/2012\/01\/12\/ne-kala-kisha-projekti-ideor\/","og_locale":"en_US","og_type":"article","og_title":"N\u00eb Kala kisha - projekti ideor - Lajme nga Ulqini","og_description":"Shoqata \u201cDon Gjon Buzuku\u201d ka publikuar n\u00eb revist\u00ebn \u201cBuzuku\u201d nr. 33 t\u00eb dat\u00ebs 2 shtator 2010, thirrjen nd\u00ebrkomb\u00ebtare p\u00ebr d\u00ebrgimin e ofertave p\u00ebr l\u00ebnd\u00ebn","og_url":"https:\/\/www.visit-ulcinj.com\/blog\/2012\/01\/12\/ne-kala-kisha-projekti-ideor\/","og_site_name":"Lajme nga Ulqini","article_published_time":"2012-01-12T13:14:23+00:00","article_modified_time":"2012-01-16T17:25:50+00:00","twitter_misc":{"Written by":"ulqini","Est. reading time":"5 minutes"},"schema":{"@context":"https:\/\/schema.org","@graph":[{"@type":"WebSite","@id":"https:\/\/www.visit-ulcinj.com\/blog\/#website","url":"https:\/\/www.visit-ulcinj.com\/blog\/","name":"Lajme nga Ulqini","description":"Lajme,Vijesti,Ulqini,Ulqin,Crna Gora,Mali i Zi","potentialAction":[{"@type":"SearchAction","target":{"@type":"EntryPoint","urlTemplate":"https:\/\/www.visit-ulcinj.com\/blog\/?s={search_term_string}"},"query-input":"required name=search_term_string"}],"inLanguage":"en-US"},{"@type":"WebPage","@id":"https:\/\/www.visit-ulcinj.com\/blog\/2012\/01\/12\/ne-kala-kisha-projekti-ideor\/#webpage","url":"https:\/\/www.visit-ulcinj.com\/blog\/2012\/01\/12\/ne-kala-kisha-projekti-ideor\/","name":"N\u00eb Kala kisha - projekti ideor - Lajme nga Ulqini","isPartOf":{"@id":"https:\/\/www.visit-ulcinj.com\/blog\/#website"},"datePublished":"2012-01-12T13:14:23+00:00","dateModified":"2012-01-16T17:25:50+00:00","author":{"@id":"https:\/\/www.visit-ulcinj.com\/blog\/#\/schema\/person\/dcab619c614d3038751c63bc2aadc06d"},"description":"Shoqata \u201cDon Gjon Buzuku\u201d ka publikuar n\u00eb revist\u00ebn \u201cBuzuku\u201d nr. 33 t\u00eb dat\u00ebs 2 shtator 2010, thirrjen nd\u00ebrkomb\u00ebtare p\u00ebr d\u00ebrgimin e ofertave p\u00ebr l\u00ebnd\u00ebn","breadcrumb":{"@id":"https:\/\/www.visit-ulcinj.com\/blog\/2012\/01\/12\/ne-kala-kisha-projekti-ideor\/#breadcrumb"},"inLanguage":"en-US","potentialAction":[{"@type":"ReadAction","target":["https:\/\/www.visit-ulcinj.com\/blog\/2012\/01\/12\/ne-kala-kisha-projekti-ideor\/"]}]},{"@type":"BreadcrumbList","@id":"https:\/\/www.visit-ulcinj.com\/blog\/2012\/01\/12\/ne-kala-kisha-projekti-ideor\/#breadcrumb","itemListElement":[{"@type":"ListItem","position":1,"name":"N\u00eb Kala kisha &#8211; projekti ideor"}]},{"@type":"Person","@id":"https:\/\/www.visit-ulcinj.com\/blog\/#\/schema\/person\/dcab619c614d3038751c63bc2aadc06d","name":"ulqini","sameAs":["http:\/\/www.visit-ulcinj.com"],"url":"https:\/\/www.visit-ulcinj.com\/blog\/author\/admin\/"}]}},"jetpack_featured_media_url":"","jetpack_sharing_enabled":true,"jetpack_shortlink":"https:\/\/wp.me\/pe6lTn-exw","_links":{"self":[{"href":"https:\/\/www.visit-ulcinj.com\/blog\/wp-json\/wp\/v2\/posts\/55894"}],"collection":[{"href":"https:\/\/www.visit-ulcinj.com\/blog\/wp-json\/wp\/v2\/posts"}],"about":[{"href":"https:\/\/www.visit-ulcinj.com\/blog\/wp-json\/wp\/v2\/types\/post"}],"author":[{"embeddable":true,"href":"https:\/\/www.visit-ulcinj.com\/blog\/wp-json\/wp\/v2\/users\/1"}],"replies":[{"embeddable":true,"href":"https:\/\/www.visit-ulcinj.com\/blog\/wp-json\/wp\/v2\/comments?post=55894"}],"version-history":[{"count":7,"href":"https:\/\/www.visit-ulcinj.com\/blog\/wp-json\/wp\/v2\/posts\/55894\/revisions"}],"predecessor-version":[{"id":56059,"href":"https:\/\/www.visit-ulcinj.com\/blog\/wp-json\/wp\/v2\/posts\/55894\/revisions\/56059"}],"wp:attachment":[{"href":"https:\/\/www.visit-ulcinj.com\/blog\/wp-json\/wp\/v2\/media?parent=55894"}],"wp:term":[{"taxonomy":"category","embeddable":true,"href":"https:\/\/www.visit-ulcinj.com\/blog\/wp-json\/wp\/v2\/categories?post=55894"},{"taxonomy":"post_tag","embeddable":true,"href":"https:\/\/www.visit-ulcinj.com\/blog\/wp-json\/wp\/v2\/tags?post=55894"}],"curies":[{"name":"wp","href":"https:\/\/api.w.org\/{rel}","templated":true}]}}